{"id":121266,"date":"2023-01-10T05:20:23","date_gmt":"2023-01-10T05:20:23","guid":{"rendered":"http:\/\/scandinavia.life\/euroopa-korgeimate-magede-reisijuht\/"},"modified":"2024-03-09T19:44:23","modified_gmt":"2024-03-09T19:44:23","slug":"euroopa-korgeimate-magede-reisijuht","status":"publish","type":"post","link":"https:\/\/www.scandinavia.life\/et\/euroopa-korgeimate-magede-reisijuht\/","title":{"rendered":"Euroopa k\u00f5rgeimate m\u00e4gede reisijuht"},"content":{"rendered":"\n<p class=\"wp-block-paragraph\">Sadu aastaid on inimkond vaadanud k\u00f5rguvate m\u00e4gede poole ja soovinud nendele hiiglastele ronida. Sellel on palju p\u00f5hjusi, alates meie esivanematelt p\u00e4ritud p\u00f5hiinstinktist kuni p\u00f5nevuse ja sportliku ajani.<\/p>\n\n<p class=\"wp-block-paragraph\">Ja kuigi enamik inimesi unistab Kilimanjaro v\u00f5i Mount Everestile ronimisest, on <a href=\"https:\/\/en.wikipedia.org\/wiki\/List_of_highest_points_of_European_countries\">Euroopas<\/a> palju <a href=\"https:\/\/en.wikipedia.org\/wiki\/List_of_highest_points_of_European_countries\">k\u00f5rgeid m\u00e4gesid<\/a>, mis vaid kerjavad, et neid uurida ja neile ronida. Nii et selles artiklis k\u00e4sitleme Euroopa 10 k\u00f5rgeimat m\u00e4ge ning anname juhendi m\u00e4gede kohta, mida saab ronida.<\/p>\n\n<h2 class=\"wp-block-heading\"><a><\/a>Mont Blanc<\/h2>\n\n<p class=\"wp-block-paragraph\">See muljetavaldav m\u00e4gi asub nii Prantsusmaal kui ka Itaalias, t\u00e4psemalt Prantsuse Alpides, kus see ulatub 4810 meetri k\u00f5rgusele. See on ka Euroopa k\u00f5rgeim m\u00e4gi, mida on v\u00f5imalik ronida inimestele, kellel on vajalik f\u00fc\u00fcsiline vorm ja m\u00e4gironimisoskused.<\/p>\n\n<p class=\"wp-block-paragraph\">Mont Blanc on populaarne m\u00e4gi ronimiseks ja meelitab igal aastal tuhandeid k\u00fclastajaid. Siiski ei saa seda m\u00e4ge ronida ilma t\u00f5sise ettevalmistuseta ning enne seda on oluline omada asjakohaseid teadmisi, oskusi ja kogemusi.<\/p>\n\n<h2 class=\"wp-block-heading\"><a><\/a>Monte Rosa<\/h2>\n\n<p class=\"wp-block-paragraph\">Monte Rosa on Euroopa suuruselt teine k\u00f5rgeim m\u00e4gi, mis k\u00f5rgub 4634 meetrit \u00fcle merepinna.<\/p>\n\n<p class=\"wp-block-paragraph\">See asub \u0160veitsi Alpides, kus igal aastal k\u00e4ivad paljud inimesed, kes soovivad <a href=\"https:\/\/www.visitmonterosa.com\/en\/\">m\u00e4gedele ronida<\/a>, nautida kaunist \u00fcmbrust v\u00f5i osaleda suusatamises v\u00f5i lumelauas\u00f5idul.<\/p>\n\n<p class=\"wp-block-paragraph\">Monte Rosa tippu on mitu marsruuti, mille raskusaste varieerub m\u00f5\u00f5dukast kuni v\u00e4ga keeruliseks. Enamik inimesi, kes ronivad Monte Rosale, teevad seda koos m\u00e4gijuhi abiga, kes saab anda juhiseid, tuge ja turvavarustust.<\/p>\n\n<h2 class=\"wp-block-heading\"><a><\/a>Piz Bernina<\/h2>\n\n<p class=\"wp-block-paragraph\">Piz Bernina on \u0160veitsi Ida-Alpide k\u00f5rgeim tipp ja Graub\u00fcndeni kantoni k\u00f5rgeim m\u00e4gi. See asub Alpide Bernina m\u00e4estikus, \u0160veitsi ja Itaalia piiril.<\/p>\n\n<p class=\"wp-block-paragraph\">M\u00e4e k\u00f5rgus merepinnast on 4049 meetrit ja see on k\u00f5ige idapoolsem \u00fcle 4000 meetri k\u00f5rgune tipp Alpides. See on ka k\u00f5rgeim tipp Ida-Alpides, mis asub t\u00e4ielikult \u0160veitsis.<\/p>\n\n<p class=\"wp-block-paragraph\">M\u00e4gi on ka koduks mitmetele liustikele, sealhulgas Morteratschi liustikule, mis on suurim liustik Ida-Alpides. M\u00e4gi asub \u0160veitsi rahvuspargis, mis on kaitsealune ala, mis on koduks mitmesugusele taimestikule ja loomastikule.<\/p>\n\n<h2 class=\"wp-block-heading\"><a><\/a>Matterhorn<\/h2>\n\n<p class=\"wp-block-paragraph\">Matterhorn on m\u00e4gi Alpides, mis asub \u0160veitsi ja Itaalia piiril. See on \u00fcks k\u00f5rgeimaid ja tuntumaid tippusid Alpides, mille k\u00f5rgus merepinnast on 4478 meetrit. M\u00e4gi on osa Penni Alpide m\u00e4estikust ja kuulub Monte Rosa m\u00e4emassiivi.<\/p>\n\n<p class=\"wp-block-paragraph\">M\u00e4e erilise kuju t\u00f5ttu on Matterhornist saanud ka \u0160veitsi Alpide s\u00fcmbol, mis on isegi \u0160veitsi riigilipul. See on populaarne turismiatraktsioon ja on n\u00e4htav paljudest \u00fcmbruskonna osadest.<\/p>\n\n<h2 class=\"wp-block-heading\"><a><\/a>Grossglockner<\/h2>\n\n<p class=\"wp-block-paragraph\">Grossglocker on \u00fcks lihtsamaid ja k\u00f5rgeimaid m\u00e4gesid Euroopas ning oma 3798 meetri k\u00f5rgusega merepinnast ka k\u00f5rgeim m\u00e4gi Austrias, kus ta asub Tirooli l\u00e4hedal.<\/p>\n\n<p class=\"wp-block-paragraph\">See piirkond on tuntud oma uhkete seadete ja ka <a href=\"https:\/\/www.grossglockner.at\/gg\/en\/index\">k\u00f5rge alpitee<\/a> poolest, mis pakub erakordset s\u00f5itu neile, kes hindavad keerdk\u00e4ike m\u00e4gedes ja suurejoonelisi vaateid.<\/p>\n\n<p class=\"wp-block-paragraph\">Nagu mainitud, on Grossglocker m\u00e4gi, mis on hinnatud kui &#8220;mitte raske&#8221;, mis t\u00e4hendab, et see on suurep\u00e4rane koht, mida uurida algajatele ja keskastme ronijatele. K\u00f5ige tavalisem aeg aastas on suvekuudel, mil saab elu t\u00e4iel rinnal nautida.<\/p>\n\n<h2 class=\"wp-block-heading\"><a><\/a>Dufourspitze<\/h2>\n\n<p class=\"wp-block-paragraph\">Dufourspitze on 4634 meetri k\u00f5rgusega \u0160veitsi k\u00f5rgeim tipp ja Monte Rosa m\u00e4emassiivi teine k\u00f5rgeim tipp Dufouri tipu j\u00e4rel. See asub Pennini Alpides, \u0160veitsi ja Itaalia piiril.<\/p>\n\n<p class=\"wp-block-paragraph\">Dufourspitze on nime saanud Guillaume-Henri Dufouri, \u0160veitsi inseneri ja s\u00f5jav\u00e4eohvitseri j\u00e4rgi, kes m\u00e4ngis v\u00f5tmerolli \u0160veitsi Konf\u00f6deratsiooni loomisel. M\u00e4ele ronis esimest korda 1855. aastal \u0160veitsi ja Briti ronijate meeskond Edward Whymperi juhtimisel.<\/p>\n\n<h2 class=\"wp-block-heading\"><a><\/a>Dom<\/h2>\n\n<p class=\"wp-block-paragraph\">Dom on \u0160veitsi Graub\u00fcndeni kantoni k\u00f5rgeim m\u00e4gi ja Leponti Alpide k\u00f5rgeim m\u00e4gi. See asub Valais&#8217; kantonis, Zermatti linna l\u00e4hedal.<\/p>\n\n<p class=\"wp-block-paragraph\">See on massiivne tipp, mille k\u00f5rgus merepinnast on 4545 meetrit. M\u00e4gi asub \u0160veitsi rahvuspargis ja t\u00e4nu suhteliselt kergele ronimisele on sellest saanud m\u00e4gironijate seas v\u00e4ga populaarne sihtkoht.<\/p>\n\n<h2 class=\"wp-block-heading\"><a><\/a>Gunnbj\u00f8rn Fjeld<\/h2>\n\n<p class=\"wp-block-paragraph\">Kuigi see on \u00fcks l\u00fchimaid meie nimekirjas, on see juba oma asukoha t\u00f5ttu mainimist v\u00e4\u00e4rt, sest paljud inimesed j\u00e4tavad selle koha lihtsalt kahe silma vahele. See on tingitud sellest, et Gunnbj\u00f8rn Fjeld asub Gr\u00f6\u00f6nimaal ja on seega osa Taanist, kus teil on v\u00f5imalus kogeda ka <a href=\"http:\/\/scandinavia.life\/et\/kuidas-naha-pohjavalgust-napunaiteid-ja-nouandeid\/\">p\u00f5hjavalgust<\/a>.<\/p>\n\n<p class=\"wp-block-paragraph\">See on osa Watkini m\u00e4estikust Gr\u00f6\u00f6nimaa idak\u00fcljel, mis t\u00e4hendab, et see on Islandile l\u00e4hemal kui Gr\u00f6\u00f6nimaa pealinn Nuuk. M\u00e4e k\u00f5rgus on 3694 meetrit ja see asub \u00e4\u00e4rmuslikus kliimas, mis t\u00e4hendab, et m\u00e4ele ronimine n\u00f5uab t\u00f5siseid oskusi, kuid paljud inimesed on seda juba edukalt teinud.<\/p>\n\n<h2 class=\"wp-block-heading\"><a><\/a>Elbrus<\/h2>\n\n<p class=\"wp-block-paragraph\">Kuigi m\u00f5ned v\u00f5ivad v\u00e4ita, et Venemaa ei ole osa Euroopast, leidsime siiski, et see kuulub sellesse nimekirja. Kaukaasia m\u00e4estiku selles osas on palju k\u00f5rgeid m\u00e4gesid, mis h\u00f5lmavad mitmeid riike. Teised tipphetked, mida me v\u00f5ime siinkohal mainida, on Ushba ja Tetnuldi m\u00e4ed Gruusias.<\/p>\n\n<p class=\"wp-block-paragraph\">Elbrus t\u00f5useb muljetavaldavalt 5642 meetri k\u00f5rgusele merepinnast, mis teeb temast k\u00f5rgeima m\u00e4e selles nimekirjas. Nagu mainitud, asub see Venemaal ja seega on vaieldav, kas see on osa Euroopast v\u00f5i mitte.  <\/p>\n\n<p class=\"wp-block-paragraph\">Tippu j\u00f5udmiseks oleks vaja umbes 8-12 p\u00e4eva, et seda ohutult teha. Kogu ronimise pikkus t\u00e4hendab, et te k\u00f5nnite rohkem kui 60 miili, millest suurem osa toimub madalamal k\u00f5rgusel.<\/p>\n","protected":false},"excerpt":{"rendered":"<p>Sadu aastaid on inimkond vaadanud k\u00f5rguvate m\u00e4gede poole ja soovinud nendele hiiglastele ronida. Sellel on palju p\u00f5hjusi, alates meie esivanematelt p\u00e4ritud p\u00f5hiinstinktist kuni p\u00f5nevuse ja sportliku ajani. Ja kuigi enamik inimesi unistab Kilimanjaro v\u00f5i Mount Everestile ronimisest, on Euroopas palju k\u00f5rgeid m\u00e4gesid, mis vaid kerjavad, et neid uurida ja neile ronida. Nii et selles artiklis<\/p>\n","protected":false},"author":1,"featured_media":101423,"comment_status":"closed","ping_status":"closed","sticky":false,"template":"","format":"standard","meta":{"footnotes":""},"categories":[1580],"tags":[46136,46126],"class_list":["post-121266","post","type-post","status-publish","format-standard","has-post-thumbnail","hentry","category-inspiratsioon","tag-euroopa","tag-korgeimad-maed"],"_links":{"self":[{"href":"https:\/\/www.scandinavia.life\/et\/wp-json\/wp\/v2\/posts\/121266","targetHints":{"allow":["GET"]}}],"collection":[{"href":"https:\/\/www.scandinavia.life\/et\/wp-json\/wp\/v2\/posts"}],"about":[{"href":"https:\/\/www.scandinavia.life\/et\/wp-json\/wp\/v2\/types\/post"}],"author":[{"embeddable":true,"href":"https:\/\/www.scandinavia.life\/et\/wp-json\/wp\/v2\/users\/1"}],"replies":[{"embeddable":true,"href":"https:\/\/www.scandinavia.life\/et\/wp-json\/wp\/v2\/comments?post=121266"}],"version-history":[{"count":0,"href":"https:\/\/www.scandinavia.life\/et\/wp-json\/wp\/v2\/posts\/121266\/revisions"}],"wp:featuredmedia":[{"embeddable":true,"href":"https:\/\/www.scandinavia.life\/et\/wp-json\/wp\/v2\/media\/101423"}],"wp:attachment":[{"href":"https:\/\/www.scandinavia.life\/et\/wp-json\/wp\/v2\/media?parent=121266"}],"wp:term":[{"taxonomy":"category","embeddable":true,"href":"https:\/\/www.scandinavia.life\/et\/wp-json\/wp\/v2\/categories?post=121266"},{"taxonomy":"post_tag","embeddable":true,"href":"https:\/\/www.scandinavia.life\/et\/wp-json\/wp\/v2\/tags?post=121266"}],"curies":[{"name":"wp","href":"https:\/\/api.w.org\/{rel}","templated":true}]}}