{"id":25130,"date":"2020-07-08T23:53:18","date_gmt":"2020-07-08T23:53:18","guid":{"rendered":"http:\/\/scandinavia.life\/skandinaavia-stereotuupide-murdmine\/"},"modified":"2024-07-31T13:44:45","modified_gmt":"2024-07-31T13:44:45","slug":"skandinaavia-stereotuupide-murdmine","status":"publish","type":"post","link":"https:\/\/www.scandinavia.life\/et\/skandinaavia-stereotuupide-murdmine\/","title":{"rendered":"Skandinaavia stereot\u00fc\u00fcpide murdmine"},"content":{"rendered":"\n<p class=\"wp-block-paragraph\">Skandinaavia stereot\u00fc\u00fcpe on palju ja t\u00e4na murrame m\u00f5ned k\u00f5ige levinumad. Me ei ole enam<a href=\"http:\/\/scandinavia.life\/et\/viikingilaevade-muuseum\/\"> viikingid<\/a> paljud inimesed seostavad meid endiselt, samuti pole meil j\u00e4\u00e4karusid t\u00e4navatel jalutamas. Vaatame, millised me skandinaavlased tegelikult oleme. <\/p>\n\n<h2 class=\"wp-block-heading\"><strong>Mitte k\u00f5ik meist ei ole siniste silmadega blondid:<\/strong><\/h2>\n\n<p class=\"wp-block-paragraph\">Vaata, ma saan aru. Siin on \u00fcsna tavaline blondide juuste ja siniste silmadega, kuid kaugeltki mitte k\u00f5igil. Tegelikult on pruun siin p\u00f5him\u00f5tteliselt sama tavaline. Samuti<a href=\"https:\/\/ourworldindata.org\/human-height\"> me k\u00f5ik pole eriti pikad<\/a> . M\u00f5ni meist on pikk, m\u00f5ni l\u00fchike. T\u00e4pselt nagu \u00fclej\u00e4\u00e4nud maailm. Muidugi, me v\u00f5ime olla keskmiselt natuke pikemad kui paljudes maailma piirkondades, kuid see ei t\u00e4henda, et te ei saaks olla l\u00fchike skandinaavlane!<br\/><\/p>\n\n<h2 class=\"wp-block-heading\"><strong>J\u00e4\u00e4karusid pole<\/strong> &#8230;<\/h2>\n\n<p class=\"wp-block-paragraph\">T\u00f5siselt, kust see tuleb? Minu teada pole Skandinaavias kunagi j\u00e4\u00e4karusid olnud, isegi mitte P\u00f5hja -Norras ega Rootsis. Muidugi, meil on k\u00fclmad talved ja kindlasti on meil normaalsed karud, kuid meil pole \u00fchtegi j\u00e4\u00e4karu! Ainus osa Skandinaavias, kus j\u00e4\u00e4karu v\u00f5ib n\u00e4ha v\u00e4ljaspool loomaaeda, asub<a href=\"http:\/\/scandinavia.life\/et\/svalbard-arktika-kogemus\/\"> Svalbard<\/a> (tegelikult osa Norrast). Kus on Svalbard, v\u00f5ite k\u00fcsida? See on saar Norra p\u00f5hjarannikust umbes 500 miili p\u00f5hja pool. P\u00f5him\u00f5tteliselt, kui soovite n\u00e4ha j\u00e4\u00e4karusid, peate kas loomaaia eest maksma v\u00f5i reisima t\u00f5esti kaugele p\u00f5hja. <\/p>\n\n<h2 class=\"wp-block-heading\"><strong>Meil on suved<\/strong> &#8230;<\/h2>\n\n<p class=\"wp-block-paragraph\">Kogu Skandinaavias on tegelikult suvi<a href=\"https:\/\/www.pandotrip.com\/top-10-things-to-see-and-do-during-scandinavian-summer-29185\/\"> paar kuud aastas<\/a>. Muidugi, meil on k\u00fclmad talved, aga ka v\u00e4ga soojad suved. Tegelikult aitavad soojad ja eredad suved meil \u00fcle saada k\u00fclmadest ja pimedatest talvedest. Kui reisite Skandinaavia p\u00f5hjaossa, n\u00e4ete midagi nimega &#8220;midnattssol&#8221;. See t\u00e4hendab kesk\u00f6\u00f6d ja on t\u00e4pselt see, p\u00e4ike kesk\u00f6\u00f6l. P\u00e4ike ei loo kunagi, see on s\u00e4rav 24 tundi \u00f6\u00f6p\u00e4evas. Seevastu p\u00e4ike ei t\u00f5use kunagi talvel., \u00d6\u00f6p\u00e4evaringselt on pime. <\/p>\n\n<p class=\"wp-block-paragraph\">Aga miks me saame need toredad suved nii kaugel p\u00f5hjas? Millegi nimega \u201cGulfstream\u201d. See toob l\u00f5unast sooja vett ja \u00f5hku ning annab meile aastaringselt \u00fcsna pehme kliima. Ilma selleta oleks siin kiiresti k\u00fclm, nii et oleme t\u00f5esti \u00f5nnelikud, et see olemas on. <\/p>\n\n<h2 class=\"wp-block-heading\"><strong>Me ei karda teisi inimesi<\/strong> &#8230;<\/h2>\n\n<p class=\"wp-block-paragraph\">Muidugi, me kuulame ukse taga, et v\u00e4ltida trepil kellegagi kohtumist. Muidugi seisame bussi oodates m\u00f5ne meetri kaugusel. Muidugi, me ei r\u00e4\u00e4gi kunagi \u00fchistranspordis. Olgu, v\u00f5ib -olla me kardame teisi inimesi. Samas v\u00f5ime olla t\u00f5eliselt avatud juba tuttavate inimestega. \u00d5htus\u00f6\u00f6gid, eriti suvel, on normaalsed. P\u00e4rast t\u00f6\u00f6d on trend, mis t\u00f5epoolest k\u00f6idab. <br\/><\/p>\n\n<p class=\"wp-block-paragraph\">Niisiis, mis on meie probleem? Kas oleme avatud<a href=\"https:\/\/www.vox.com\/science-and-health\/2017\/1\/28\/14425658\/fear-of-refugees-explained\"> v\u00f5i kardame \u00fcksteist<\/a> ? Me ei karda inimesi, vaid v\u00f5\u00f5raid. K\u00f5ndides \u00fcles ja r\u00e4\u00e4kides t\u00e4iesti v\u00f5\u00f5ra inimesega, on see k\u00f5ige hirmsam, mida v\u00f5ime ette kujutada. Me r\u00e4\u00e4gime tuttavate inimestega, mitte inimestega, keda me ei tunne. Kuidas me siis uute inimestega tuttavaks saame? Mul pole ausalt \u00f6eldes aimugi. <\/p>\n\n<h2 class=\"wp-block-heading\"><strong>Me armastame j\u00e4rjekordi<\/strong><\/h2>\n\n<p class=\"wp-block-paragraph\">Siin on stereot\u00fc\u00fcp, mida pole vaja murda, sest see on t\u00f5si. Kogu Skandinaavias leiate j\u00e4rjekorrad. Huvitav asi &#8211; keegi ei astu j\u00e4rjekorrast kunagi m\u00f6\u00f6da . Kunagi. Siiski v\u00f5ib hajutatud j\u00e4rjekord olla, me k\u00f5ik teame selles t\u00e4pselt, kes on meie taga ja kes on meie ees. Kui tulete Skandinaaviasse, siis \u00f5ppige parem korralikult j\u00e4rjekorda seadma.<br\/><br\/><\/p>\n","protected":false},"excerpt":{"rendered":"<p>Skandinaavia stereot\u00fc\u00fcpe on palju ja t\u00e4na murrame m\u00f5ned k\u00f5ige levinumad. Me ei ole enam viikingid paljud inimesed seostavad meid endiselt, samuti pole meil j\u00e4\u00e4karusid t\u00e4navatel jalutamas. Vaatame, millised me skandinaavlased tegelikult oleme. Mitte k\u00f5ik meist ei ole siniste silmadega blondid: Vaata, ma saan aru. Siin on \u00fcsna tavaline blondide juuste ja siniste silmadega, kuid kaugeltki<\/p>\n","protected":false},"author":1,"featured_media":14969,"comment_status":"closed","ping_status":"closed","sticky":false,"template":"","format":"standard","meta":{"footnotes":""},"categories":[1580,2093],"tags":[14505,14546,14490,14562,3644,14524,1984],"class_list":["post-25130","post","type-post","status-publish","format-standard","has-post-thumbnail","hentry","category-inspiratsioon","category-vaatamisvaarsused-skandinaavias","tag-aastaajad","tag-fauna-et","tag-ilm","tag-inimesed","tag-kultuur","tag-loomad","tag-viikingid"],"_links":{"self":[{"href":"https:\/\/www.scandinavia.life\/et\/wp-json\/wp\/v2\/posts\/25130","targetHints":{"allow":["GET"]}}],"collection":[{"href":"https:\/\/www.scandinavia.life\/et\/wp-json\/wp\/v2\/posts"}],"about":[{"href":"https:\/\/www.scandinavia.life\/et\/wp-json\/wp\/v2\/types\/post"}],"author":[{"embeddable":true,"href":"https:\/\/www.scandinavia.life\/et\/wp-json\/wp\/v2\/users\/1"}],"replies":[{"embeddable":true,"href":"https:\/\/www.scandinavia.life\/et\/wp-json\/wp\/v2\/comments?post=25130"}],"version-history":[{"count":1,"href":"https:\/\/www.scandinavia.life\/et\/wp-json\/wp\/v2\/posts\/25130\/revisions"}],"predecessor-version":[{"id":143793,"href":"https:\/\/www.scandinavia.life\/et\/wp-json\/wp\/v2\/posts\/25130\/revisions\/143793"}],"wp:featuredmedia":[{"embeddable":true,"href":"https:\/\/www.scandinavia.life\/et\/wp-json\/wp\/v2\/media\/14969"}],"wp:attachment":[{"href":"https:\/\/www.scandinavia.life\/et\/wp-json\/wp\/v2\/media?parent=25130"}],"wp:term":[{"taxonomy":"category","embeddable":true,"href":"https:\/\/www.scandinavia.life\/et\/wp-json\/wp\/v2\/categories?post=25130"},{"taxonomy":"post_tag","embeddable":true,"href":"https:\/\/www.scandinavia.life\/et\/wp-json\/wp\/v2\/tags?post=25130"}],"curies":[{"name":"wp","href":"https:\/\/api.w.org\/{rel}","templated":true}]}}