{"id":28795,"date":"2021-07-04T10:10:25","date_gmt":"2021-07-04T10:10:25","guid":{"rendered":"http:\/\/scandinavia.life\/globaalin-lapsen-kasvattaminen\/"},"modified":"2025-07-01T07:17:13","modified_gmt":"2025-07-01T07:17:13","slug":"globaalin-lapsen-kasvattaminen","status":"publish","type":"post","link":"https:\/\/www.scandinavia.life\/fi\/globaalin-lapsen-kasvattaminen\/","title":{"rendered":"Globaalin lapsen kasvattaminen"},"content":{"rendered":"\n<p class=\"wp-block-paragraph\">Nyky\u00e4\u00e4n, kun globalisaatio ja yh\u00e4 useammat kansainv\u00e4liset ty\u00f6paikat ottavat vastaan ihmisi\u00e4 eri puolilta maailmaa, <a href=\"http:\/\/scandinavia.life\/fi\/muutto-naimisiin-skandinaviaan\/\">lapsista, jotka muuttavat vanhempiensa<\/a> luo t\u00e4llaisten k\u00e4ytt\u00f6\u00f6nottojen aikana, tulee globaaleja lapsia. N\u00e4m\u00e4 ovat lapsia, jotka ovat el\u00e4neet osan el\u00e4m\u00e4st\u00e4\u00e4n erilaisissa sosio-kulttuurisissa olosuhteissa. Heill\u00e4 ei ole puhdasta kasvatusta ja he ovat hankkineet sosiaalistamispaikkoja asuinpaikoillaan.<\/p>\n\n<figure class=\"wp-block-image size-large\"><img loading=\"lazy\" decoding=\"async\" width=\"1024\" height=\"535\" src=\"https:\/\/scandinavia.life\/wp-content\/uploads\/2021\/07\/fam-1024x535.jpeg\" alt=\"\" class=\"wp-image-18183\" srcset=\"https:\/\/www.scandinavia.life\/wp-content\/uploads\/2021\/07\/fam-1024x535.jpeg 1024w, https:\/\/www.scandinavia.life\/wp-content\/uploads\/2021\/07\/fam-300x157.jpeg 300w, https:\/\/www.scandinavia.life\/wp-content\/uploads\/2021\/07\/fam-768x401.jpeg 768w, https:\/\/www.scandinavia.life\/wp-content\/uploads\/2021\/07\/fam-1536x802.jpeg 1536w, https:\/\/www.scandinavia.life\/wp-content\/uploads\/2021\/07\/fam.jpeg 1920w\" sizes=\"auto, (max-width: 1024px) 100vw, 1024px\" \/><\/figure>\n\n<p class=\"wp-block-paragraph\">Kaikkien pit\u00e4isi olla korkea aika siirty\u00e4 tavanomaisesta esittelyst\u00e4 sen perusteella, mist\u00e4 he j\u00e4ljitt\u00e4v\u00e4t syntyper\u00e4ns\u00e4, mihin he todella osallistuvat. Elvis Presley laulaa, ett\u00e4 \u201dkoti on siell\u00e4, miss\u00e4 syd\u00e4n on\u201d. Joten ei pit\u00e4isi olla mit\u00e4\u00e4n syyt\u00e4 yritt\u00e4\u00e4 yritt\u00e4\u00e4 kiinnitt\u00e4\u00e4 lapsia profiiliin sen perusteella, miss\u00e4 vanhemmat ovat syntyneet.<\/p>\n\n<p class=\"wp-block-paragraph\">Otetaan esimerkiksi suurl\u00e4hettil\u00e4iden, yritysjohtajien lapset ja monet muut, jotka joutuvat siet\u00e4m\u00e4\u00e4n vanhempiensa siirtoa joka toinen kerta. Vaikka koko perheen kanssa liikkuminen on haasteellista, useimmat ihmiset tekev\u00e4t sen rakkaudesta saada heid\u00e4t l\u00e4helle.<\/p>\n\n<h2 class=\"wp-block-heading\">Maailmanlaajuisten lasten ainutlaatuisuus<\/h2>\n\n<p class=\"wp-block-paragraph\">Tavallisesti lasten el\u00e4m\u00e4 ja kasvatus riippuvat suurelta osin ymp\u00e4rist\u00f6st\u00e4, jossa he asuvat. Esimerkiksi on olemassa kulttuureja, joissa vanhemmat hallitsevat t\u00e4ysin lastensa el\u00e4m\u00e4\u00e4, kun taas toiset edist\u00e4v\u00e4t k\u00e4yt\u00e4nn\u00f6nl\u00e4heist\u00e4 vanhemmuutta.<\/p>\n\n<p class=\"wp-block-paragraph\">Globaali lapsi on lapsi, joka luultavasti on asunut paikoissa, joissa vanhemmuuden odotukset ovat \u00e4\u00e4rimm\u00e4isi\u00e4. N\u00e4iden lasten luonne ja k\u00e4ytt\u00e4ytymismallit ovat cocktail kaikista n\u00e4ist\u00e4 kokemuksista. Niinp\u00e4 globaaleilla lapsilla voi olla sekalainen persoonallisuus ja luonne, joka on suurelta osin per\u00e4isin heid\u00e4n erilaisista kokemuksistaan.<\/p>\n\n<p class=\"wp-block-paragraph\">Maailmanlaajuiset lapset ovat esimerkiksi syntyneet Afrikassa, kasvaneet Euroopassa, asuneet pian Yhdysvalloissa ja asuvat nyt Australiassa. Siksi he ovat eritt\u00e4in alttiita eiv\u00e4tk\u00e4 yksinkertaisesti sopeudu tilanteeseen sellaisina kuin ne ovat. T\u00e4llaiset lapset eiv\u00e4t ole vain tietoisempia, vaan my\u00f6s tietoisempia ja uteliaampia.<\/p>\n\n<p class=\"wp-block-paragraph\">Maailmanlaajuiset lapset ovat kokeilleet monia tilanteita, kulttuureja, ruokia, koulutusta, yst\u00e4vyyssuhteita ja kaikenlaista tavaraa niin paljon, ett\u00e4 he tiet\u00e4v\u00e4t paljon. Lapset eiv\u00e4t siksi odota suurta vanhempien valvontaa tai sit\u00e4, ett\u00e4 heid\u00e4t hoidetaan mukautumaan siihen, mit\u00e4 vanhemmat haluavat.<\/p>\n\n<h2 class=\"wp-block-heading\">Maailman kansalaisen lapsen el\u00e4m\u00e4<\/h2>\n\n<p class=\"wp-block-paragraph\">Kuten kuka tahansa psykologi sanoo, lapsen aivot ovat usein enemm\u00e4n kuin uusi tyhj\u00e4 kirja. Vasta ajan my\u00f6t\u00e4 tieto ja kokemukset alkavat muokata heid\u00e4n el\u00e4m\u00e4\u00e4ns\u00e4. T\u00e4m\u00e4 tarkoittaa sit\u00e4, ett\u00e4 lapsi, jonka vanhemmat liikkuvat jatkuvasti, ei saa tarpeeksi aikaa uuden ymp\u00e4rist\u00f6n oppimiseen.<\/p>\n\n<p class=\"wp-block-paragraph\">Vaikka globaali kansalainen lapsi on enemm\u00e4n alttiina eri kulttuureille ja ilmeisesti niin informoitu, on haaste, ett\u00e4 heid\u00e4n mielens\u00e4 ei ole ratkaistu. Ongelma voi pahentua entisest\u00e4\u00e4n, kun vanhemmat vaativat, ett\u00e4 t\u00e4llaisten lasten on edelleen noudatettava tiukasti kotimaista kulttuuriaan my\u00f6s ulkomailla.<\/p>\n\n<figure class=\"wp-block-image size-large\"><img loading=\"lazy\" decoding=\"async\" width=\"1024\" height=\"683\" src=\"https:\/\/scandinavia.life\/wp-content\/uploads\/2021\/07\/child-1024x683.jpeg\" alt=\"\" class=\"wp-image-18199\" srcset=\"https:\/\/www.scandinavia.life\/wp-content\/uploads\/2021\/07\/child-1024x683.jpeg 1024w, https:\/\/www.scandinavia.life\/wp-content\/uploads\/2021\/07\/child-300x200.jpeg 300w, https:\/\/www.scandinavia.life\/wp-content\/uploads\/2021\/07\/child-768x512.jpeg 768w, https:\/\/www.scandinavia.life\/wp-content\/uploads\/2021\/07\/child-1536x1024.jpeg 1536w, https:\/\/www.scandinavia.life\/wp-content\/uploads\/2021\/07\/child.jpeg 1920w\" sizes=\"auto, (max-width: 1024px) 100vw, 1024px\" \/><\/figure>\n\n<p class=\"wp-block-paragraph\">Oman kulttuurin ja el\u00e4m\u00e4ntavan noudattaminen on tietysti hyv\u00e4 asia, mutta vaatimalla aina maasta toiseen muuttavia lapsia rangaistaan heist\u00e4 riippumattomista syist\u00e4. Globaalilla lapsella on useita kykyj\u00e4, jotka perustuvat erilaisiin kokemuksiin, jotka on saatu jokaisesta perheen asuinpaikasta.<\/p>\n\n<h2 class=\"wp-block-heading\">Globaalin lapsen hoitaminen<\/h2>\n\n<p class=\"wp-block-paragraph\">A<a href=\"https:\/\/nobackhome.com\/tips-for-raising-a-global-child\/\"> globaali lapsi<\/a> t\u00e4n\u00e4\u00e4n on enemm\u00e4n tietoa oikeuksista ja velvollisuuksista kuin koskaan ennen. Esimerkiksi et vain k\u00e4ske sellaista lasta tekem\u00e4\u00e4n jotain sen hyv\u00e4ksi. H\u00e4pe\u00e4m\u00e4t\u00f6n mutta tyytym\u00e4t\u00f6n, he kysyv\u00e4t sinulta, miksi todella haluat heid\u00e4n k\u00e4ytt\u00e4ytyv\u00e4n tietyll\u00e4 tavalla etk\u00e4 toisella tavalla.<\/p>\n\n<p class=\"wp-block-paragraph\">Yhteiskunnat eroavat suuresti siit\u00e4, miten lapsia kohdellaan. Joissakin tapauksissa lapset kritisoivat avoimesti vanhempia h\u00e4peilem\u00e4tt\u00e4, mutta toiset antavat vanhempien johtaa esityksen kokonaan. Joten lapsi, joka on syntynyt konservatiivisessa yhteiskunnassa ja kasvanut liberaalissa, on ilmeisesti haaste k\u00e4sitell\u00e4.<\/p>\n\n<figure class=\"wp-block-image size-large\"><img loading=\"lazy\" decoding=\"async\" width=\"1024\" height=\"683\" src=\"https:\/\/scandinavia.life\/wp-content\/uploads\/2021\/07\/kids-1024x683.jpeg\" alt=\"\" class=\"wp-image-18215\" srcset=\"https:\/\/www.scandinavia.life\/wp-content\/uploads\/2021\/07\/kids-1024x683.jpeg 1024w, https:\/\/www.scandinavia.life\/wp-content\/uploads\/2021\/07\/kids-300x200.jpeg 300w, https:\/\/www.scandinavia.life\/wp-content\/uploads\/2021\/07\/kids-768x512.jpeg 768w, https:\/\/www.scandinavia.life\/wp-content\/uploads\/2021\/07\/kids-1536x1024.jpeg 1536w, https:\/\/www.scandinavia.life\/wp-content\/uploads\/2021\/07\/kids.jpeg 1920w\" sizes=\"auto, (max-width: 1024px) 100vw, 1024px\" \/><\/figure>\n\n<p class=\"wp-block-paragraph\">Koska lapset oppivat enimm\u00e4kseen ymp\u00e4rist\u00f6st\u00e4\u00e4n, ik\u00e4toverinsa kertovat heille, mit\u00e4 he voivat tehd\u00e4 ja mit\u00e4 eiv\u00e4t. Ja luota minuun, lapset yhdist\u00e4v\u00e4t enemm\u00e4n kesken\u00e4\u00e4n kuin sinuun, vanhempaan. Joten t\u00e4llaisen lapsen kasvattaminen vaatii yht\u00e4 varovaisuutta.<\/p>\n\n<p class=\"wp-block-paragraph\">Globaalin lapsen vanhempana se auttaa sinua olemaan liberaalimpi mutta vaatimaton. Anna lasten kasvaa vapaasti, sin\u00e4 vain ohjaat heit\u00e4. The vinkkej\u00e4 globaalin lapsen kasvattamiseen ovat eritt\u00e4in k\u00e4tevi\u00e4.<\/p>\n\n<h2 class=\"wp-block-heading\">Maailmanlaajuisten lasten tulevaisuus<\/h2>\n\n<p class=\"wp-block-paragraph\">Edut kasvattaa globaaleja lapsia voi olla niin valtava. Todenn\u00e4k\u00f6isesti ne voisivat olla ihmel\u00e4\u00e4ke rajoittaville sosiaalisille epiteeteille, jotka j\u00e4tt\u00e4v\u00e4t huomiotta ihmiset sen perusteella, mist\u00e4 he ovat kotoisin. Tarkkaan ottaen globaalit lapset tiet\u00e4v\u00e4t niin paljon monista asioista, jotka antavat heille mahdollisuuden muuttaa maailmaa sitoutumatta rajoihin tai rajoihin.<\/p>\n\n<p class=\"wp-block-paragraph\">Eri ymp\u00e4rist\u00f6iss\u00e4 kasvatetuista lapsista tulee monitaitoisempia, l\u00e4htevi\u00e4 ja valmiita selviytym\u00e4\u00e4n haasteista tullessaan. Vaikka heill\u00e4 ei ole erityist\u00e4 identiteetti\u00e4 siit\u00e4, miss\u00e4 heid\u00e4n on kutsuttava kotiin, he omaksuvat kaikkialla todellisena kotinaan.<\/p>\n\n<h2 class=\"wp-block-heading\">Globaalien lasten omaksuminen<\/h2>\n\n<p class=\"wp-block-paragraph\">Vaikka jotkut suljetut yhteiskunnat saattavat silti <a href=\"http:\/\/scandinavia.life\/fi\/romantiikka-ja-laheisyys-vierailijana\/\">j\u00e4tt\u00e4\u00e4 huomioimatta ihonv\u00e4risi\u00e4 ihmisi\u00e4, useimmat uskonnolliset yhteydet ja niin edelleen<\/a> hyv\u00e4ksyv\u00e4t globaaleja lapsia pelk\u00e4st\u00e4\u00e4n heid\u00e4n luonteensa sis\u00e4ll\u00f6n perusteella. Monet ihmiset tekev\u00e4t virheen kysyess\u00e4\u00e4n lapsilta huolimattomasti, mist\u00e4 he tulevat, mik\u00e4 on inhottavaa. Esimerkiksi vain siksi, ett\u00e4 olet musta valkoisessa maassa, luokanopettaja kysyy, mist\u00e4 maasta tulet.<\/p>\n\n<p class=\"wp-block-paragraph\">Jokaisen ihmisen on hyv\u00e4 normalisoitua hyv\u00e4ksym\u00e4ll\u00e4 se tosiasia, ett\u00e4 globaalit lapset uskovat, ett\u00e4 kotipaikka on miss\u00e4 tahansa tietyll\u00e4 hetkell\u00e4. Esimerkiksi Tanskassa mustasta vanhemmasta syntynyt lapsi asuu sitten Ruotsissa, ei tied\u00e4, kumpaa n\u00e4ist\u00e4 kutsua kotiin. He sanovat vain olevansa Ruotsista, t\u00e4m\u00e4 johtuu siit\u00e4, ett\u00e4 he asuvat siell\u00e4.<\/p>\n\n<p class=\"wp-block-paragraph\">Se on takaisku globalisaation hengelle, jos jollakin on ennakkoedellytys siit\u00e4, mihin ihmiset soittavat kotiin. Koti on ihanteellinen paikka, jossa joku asuu. Maailmanlaajuiset lapset eiv\u00e4t v\u00e4ltt\u00e4m\u00e4tt\u00e4 ole sekavan identiteetin ihmisi\u00e4, vaan monimuotoisuuden ilmentym\u00e4. Itse asiassa t\u00e4llaiset lapset antavat ainutlaatuisen cocktailin siit\u00e4, kuinka ihmiset ovat yhteydess\u00e4 toisiinsa riippumatta mielikuvituksellisista rajoista.<\/p>\n","protected":false},"excerpt":{"rendered":"<p>Nyky\u00e4\u00e4n, kun globalisaatio ja yh\u00e4 useammat kansainv\u00e4liset ty\u00f6paikat ottavat vastaan ihmisi\u00e4 eri puolilta maailmaa, lapsista, jotka muuttavat vanhempiensa luo t\u00e4llaisten k\u00e4ytt\u00f6\u00f6nottojen aikana, tulee globaaleja lapsia. N\u00e4m\u00e4 ovat lapsia, jotka ovat el\u00e4neet osan el\u00e4m\u00e4st\u00e4\u00e4n erilaisissa sosio-kulttuurisissa olosuhteissa. Heill\u00e4 ei ole puhdasta kasvatusta ja he ovat hankkineet sosiaalistamispaikkoja asuinpaikoillaan. Kaikkien pit\u00e4isi olla korkea aika siirty\u00e4 tavanomaisesta esittelyst\u00e4<\/p>\n","protected":false},"author":1,"featured_media":18167,"comment_status":"closed","ping_status":"closed","sticky":false,"template":"","format":"standard","meta":{"footnotes":""},"categories":[1507,1592,2134,3285,2144],"tags":[],"class_list":["post-28795","post","type-post","status-publish","format-standard","has-post-thumbnail","hentry","category-elaminen","category-inspiraatio","category-liikkuva","category-matkustaa","category-tyo"],"_links":{"self":[{"href":"https:\/\/www.scandinavia.life\/fi\/wp-json\/wp\/v2\/posts\/28795","targetHints":{"allow":["GET"]}}],"collection":[{"href":"https:\/\/www.scandinavia.life\/fi\/wp-json\/wp\/v2\/posts"}],"about":[{"href":"https:\/\/www.scandinavia.life\/fi\/wp-json\/wp\/v2\/types\/post"}],"author":[{"embeddable":true,"href":"https:\/\/www.scandinavia.life\/fi\/wp-json\/wp\/v2\/users\/1"}],"replies":[{"embeddable":true,"href":"https:\/\/www.scandinavia.life\/fi\/wp-json\/wp\/v2\/comments?post=28795"}],"version-history":[{"count":2,"href":"https:\/\/www.scandinavia.life\/fi\/wp-json\/wp\/v2\/posts\/28795\/revisions"}],"predecessor-version":[{"id":153615,"href":"https:\/\/www.scandinavia.life\/fi\/wp-json\/wp\/v2\/posts\/28795\/revisions\/153615"}],"wp:featuredmedia":[{"embeddable":true,"href":"https:\/\/www.scandinavia.life\/fi\/wp-json\/wp\/v2\/media\/18167"}],"wp:attachment":[{"href":"https:\/\/www.scandinavia.life\/fi\/wp-json\/wp\/v2\/media?parent=28795"}],"wp:term":[{"taxonomy":"category","embeddable":true,"href":"https:\/\/www.scandinavia.life\/fi\/wp-json\/wp\/v2\/categories?post=28795"},{"taxonomy":"post_tag","embeddable":true,"href":"https:\/\/www.scandinavia.life\/fi\/wp-json\/wp\/v2\/tags?post=28795"}],"curies":[{"name":"wp","href":"https:\/\/api.w.org\/{rel}","templated":true}]}}