{"id":20855,"date":"2021-08-15T21:46:32","date_gmt":"2021-08-15T21:46:32","guid":{"rendered":"http:\/\/scandinavia.life\/faire-face-a-la-discrimination-en-tant-quimmigrant-et-y-faire-face\/"},"modified":"2024-07-31T14:49:48","modified_gmt":"2024-07-31T14:49:48","slug":"faire-face-a-la-discrimination-en-tant-quimmigrant-et-y-faire-face","status":"publish","type":"post","link":"https:\/\/www.scandinavia.life\/fr\/faire-face-a-la-discrimination-en-tant-quimmigrant-et-y-faire-face\/","title":{"rendered":"Faire face \u00e0 la discrimination en tant qu&rsquo;immigr\u00e9"},"content":{"rendered":"\n<p class=\"wp-block-paragraph\">Vous envisagez de voyager et de vivre \u00e0 l&rsquo;\u00e9tranger ? La r\u00e9flexion sur la possibilit\u00e9 de se sentir et d&rsquo;\u00eatre effectivement discrimin\u00e9 devrait alors \u00eatre une priorit\u00e9 absolue. Les premi\u00e8res exp\u00e9riences dans le nouveau pays peuvent varier d&rsquo;une personne \u00e0 l&rsquo;autre. Le <a href=\"http:\/\/scandinavia.life\/fr\/premieres-experiences-darrivee-au-danemark\/\">d\u00e9m\u00e9nagement et l&rsquo;arriv\u00e9e dans le pays d&rsquo;accueil<\/a> sont toujours empreints d&rsquo;\u00e9motions contradictoires.  <\/p>\n\n<p class=\"wp-block-paragraph\">Il est vraiment utile de savoir que l&rsquo;on peut faire l&rsquo;objet d&rsquo;une discrimination afin de commencer \u00e0 se pr\u00e9parer psychologiquement \u00e0 la meilleure fa\u00e7on de g\u00e9rer de telles situations sans perdre pied.<\/p>\n\n<p class=\"wp-block-paragraph\">En fait, certains pays du monde sont des zones interdites aux \u00e9trangers parce qu&rsquo;ils sont connus pour autoriser la <a href=\"https:\/\/www.frontiersin.org\/articles\/10.3389\/fsoc.2019.00032\/full\">discimination des immigrants&#8230;. bien que<\/a>certains immigrants t\u00e9m\u00e9raires continuent de tenter leur chance pour s&rsquo;y installer. Je suppose que vous n&rsquo;\u00eates pas le genre de personne t\u00e9m\u00e9raire qui prend des risques inconsid\u00e9r\u00e9s.<\/p>\n\n<p class=\"wp-block-paragraph\">Je vous le dis, la douleur de la discrimination dans un pays \u00e9tranger peut \u00eatre pire que le manque de produits de premi\u00e8re n\u00e9cessit\u00e9.<\/p>\n\n<p class=\"wp-block-paragraph\">Le sentiment d&rsquo;\u00eatre victime de discrimination en tant qu&rsquo;immigr\u00e9 est encore pire dans les situations o\u00f9 l&rsquo;on immigre na\u00efvement sans conna\u00eetre les formes de discrimination qui existent dans le pays de destination, pour finir par souffrir de d\u00e9tresse psychologique, de d\u00e9pression ou d&rsquo;une lutte pour l&rsquo;appartenance.<\/p>\n\n<figure class=\"wp-block-gallery columns-1 is-cropped wp-block-gallery-1 is-layout-flex wp-block-gallery-is-layout-flex\"><ul class=\"blocks-gallery-grid\"><li class=\"blocks-gallery-item\"><figure><img loading=\"lazy\" decoding=\"async\" width=\"1024\" height=\"640\" src=\"https:\/\/scandinavia.life\/wp-content\/uploads\/2021\/08\/rights-1024x640.jpeg\" alt=\"\" data-id=\"4833\" data-full-url=\"http:\/\/scandinavia.life\/wp-content\/uploads\/2021\/08\/rights.jpeg\" data-link=\"http:\/\/scandinavia.life\/?attachment_id=4833#main\" class=\"wp-image-4833\" srcset=\"https:\/\/www.scandinavia.life\/wp-content\/uploads\/2021\/08\/rights-1024x640.jpeg 1024w, https:\/\/www.scandinavia.life\/wp-content\/uploads\/2021\/08\/rights-300x188.jpeg 300w, https:\/\/www.scandinavia.life\/wp-content\/uploads\/2021\/08\/rights-768x480.jpeg 768w, https:\/\/www.scandinavia.life\/wp-content\/uploads\/2021\/08\/rights-1536x960.jpeg 1536w, https:\/\/www.scandinavia.life\/wp-content\/uploads\/2021\/08\/rights.jpeg 1920w\" sizes=\"auto, (max-width: 1024px) 100vw, 1024px\" \/><\/figure><\/li><\/ul><\/figure>\n\n<h2 class=\"wp-block-heading\">Signification de la discrimination \u00e0 l&rsquo;\u00e9gard des immigr\u00e9s<\/h2>\n\n<p class=\"wp-block-paragraph\">Lorsque quelqu&rsquo;un dit qu&rsquo;il a \u00e9t\u00e9 victime d&rsquo;une forme ou d&rsquo;une autre de discrimination, on pense rapidement au racisme, \u00e0 la s\u00e9gr\u00e9gation, etc. S&rsquo;il s&rsquo;agit l\u00e0 aussi de formes aggrav\u00e9es de discrimination, la plupart des immigr\u00e9s sont confront\u00e9s \u00e0 des formes cach\u00e9es.<\/p>\n\n<p class=\"wp-block-paragraph\">Oui, la <a href=\"https:\/\/migrationobservatory.ox.ac.uk\/resources\/briefings\/migrants-and-discrimination-in-the-uk\/\">discrimination \u00e0 l&rsquo;\u00e9gard des immigr\u00e9s<\/a> peut prendre la forme d&rsquo;un refus d&rsquo;entrer dans une bo\u00eete de nuit malgr\u00e9 le paiement d&rsquo;un billet, parce que les gens comme vous ne sont pas autoris\u00e9s \u00e0 y entrer. Vous ne pouvez pas imaginer la rage, la col\u00e8re, le d\u00e9sarroi qui se manifestent dans de telles situations.  <\/p>\n\n<p class=\"wp-block-paragraph\">Il existe des cas o\u00f9 des enfants d&rsquo;immigr\u00e9s ont fait l&rsquo;objet d&rsquo;un profilage. Leurs amis sont autoris\u00e9s \u00e0 entrer dans certaines bo\u00eetes de nuit, mais ils sont refoul\u00e9s. Les personnes qui g\u00e8rent ces espaces publics donnent parfois des raisons moins convaincantes pour dissimuler une discrimination pure et simple.  <\/p>\n\n<p class=\"wp-block-paragraph\">Il n&rsquo;y a pas de d\u00e9claration plus ennuyeuse et plus effrayante \u00e0 entendre que \u00ab\u00a0vous n&rsquo;avez pas le droit d&rsquo;entrer ici\u00a0\u00bb.<\/p>\n\n<p class=\"wp-block-paragraph\">D&rsquo;un point de vue moins agressif, la discrimination peut se manifester lorsque des camarades de classe d&rsquo;un groupe social particulier refusent tout simplement de vous inclure dans une discussion de groupe. M\u00eame si vous manifestez votre int\u00e9r\u00eat et qu&rsquo;ils vous acceptent, ils peuvent continuer \u00e0 ignorer vos contributions.<\/p>\n\n<p class=\"wp-block-paragraph\">Il est possible d&rsquo;\u00e9carter ces traitements malveillants pour se rendre compte plus tard que ces personnes vous disaient silencieusement \u00ab\u00a0casse-toi\u00a0\u00bb, \u00ab\u00a0tu n&rsquo;es pas \u00e0 ta place\u00a0\u00bb. Je ne parle pas uniquement de la discrimination raciale, car m\u00eame entre personnes de la m\u00eame race, d&rsquo;autres formes de discrimination subsistent.<\/p>\n\n<figure class=\"wp-block-gallery columns-1 is-cropped wp-block-gallery-2 is-layout-flex wp-block-gallery-is-layout-flex\"><ul class=\"blocks-gallery-grid\"><li class=\"blocks-gallery-item\"><figure><img loading=\"lazy\" decoding=\"async\" width=\"1024\" height=\"1024\" src=\"https:\/\/scandinavia.life\/wp-content\/uploads\/2021\/08\/race-1-1024x1024.jpeg\" alt=\"\" data-id=\"4860\" data-full-url=\"http:\/\/scandinavia.life\/wp-content\/uploads\/2021\/08\/race-1.jpeg\" data-link=\"http:\/\/scandinavia.life\/?attachment_id=4860#main\" class=\"wp-image-4860\" srcset=\"https:\/\/www.scandinavia.life\/wp-content\/uploads\/2021\/08\/race-1-1024x1024.jpeg 1024w, https:\/\/www.scandinavia.life\/wp-content\/uploads\/2021\/08\/race-1-300x300.jpeg 300w, https:\/\/www.scandinavia.life\/wp-content\/uploads\/2021\/08\/race-1-150x150.jpeg 150w, https:\/\/www.scandinavia.life\/wp-content\/uploads\/2021\/08\/race-1-768x768.jpeg 768w, https:\/\/www.scandinavia.life\/wp-content\/uploads\/2021\/08\/race-1-1536x1536.jpeg 1536w, https:\/\/www.scandinavia.life\/wp-content\/uploads\/2021\/08\/race-1-24x24.jpeg 24w, https:\/\/www.scandinavia.life\/wp-content\/uploads\/2021\/08\/race-1-48x48.jpeg 48w, https:\/\/www.scandinavia.life\/wp-content\/uploads\/2021\/08\/race-1-96x96.jpeg 96w, https:\/\/www.scandinavia.life\/wp-content\/uploads\/2021\/08\/race-1.jpeg 1920w\" sizes=\"auto, (max-width: 1024px) 100vw, 1024px\" \/><\/figure><\/li><\/ul><\/figure>\n\n<h2 class=\"wp-block-heading\">Formes probables de discrimination \u00e0 l&rsquo;encontre des immigr\u00e9s<\/h2>\n\n<p class=\"wp-block-paragraph\">En tant qu&rsquo;immigr\u00e9, il existe de nombreuses fa\u00e7ons d&rsquo;\u00eatre discrimin\u00e9 ou de se sentir discrimin\u00e9. La mani\u00e8re dont les personnes discernent et r\u00e9alisent que ce qu&rsquo;elles subissent est en fait une discrimination varie en fonction de leur sensibilit\u00e9 ou de leur conscience.<\/p>\n\n<p class=\"wp-block-paragraph\">Aujourd&rsquo;hui, la discrimination agressive n&rsquo;est plus pratiqu\u00e9e dans la plupart des pays, mais il existe encore des aspects tr\u00e8s pertinents qui ont persist\u00e9 au fil du temps. Dans le pass\u00e9, quelqu&rsquo;un crachait sur le visage d&rsquo;un autre ou lui disait ouvertement qu&rsquo;il n&rsquo;\u00e9tait pas le bienvenu dans certains espaces. Aujourd&rsquo;hui, le cas est un peu diff\u00e9rent.<\/p>\n\n<p class=\"wp-block-paragraph\">Les formes de discrimination auxquelles un \u00e9tranger peut \u00eatre confront\u00e9 d\u00e9pendent de l&rsquo;espace dans lequel il se trouve et de ce qu&rsquo;il fait.  <\/p>\n\n<p class=\"wp-block-paragraph\">Pour les \u00e9tudiants immigr\u00e9s, les coll\u00e8gues peuvent \u00eatre lents \u00e0 les int\u00e9grer dans leurs \u00e9quipes, critiquer continuellement leur prononciation, qualifier constamment leurs contributions d&rsquo;inf\u00e9rieures, \u00e9viter de les \u00e9couter ou tout simplement les mettre \u00e0 l&rsquo;\u00e9cart.<\/p>\n\n<figure class=\"wp-block-gallery columns-1 is-cropped wp-block-gallery-3 is-layout-flex wp-block-gallery-is-layout-flex\"><ul class=\"blocks-gallery-grid\"><li class=\"blocks-gallery-item\"><figure><img loading=\"lazy\" decoding=\"async\" width=\"1024\" height=\"819\" src=\"https:\/\/scandinavia.life\/wp-content\/uploads\/2021\/08\/equal-1024x819.jpeg\" alt=\"\" data-id=\"4842\" data-full-url=\"http:\/\/scandinavia.life\/wp-content\/uploads\/2021\/08\/equal.jpeg\" data-link=\"http:\/\/scandinavia.life\/?attachment_id=4842#main\" class=\"wp-image-4842\" srcset=\"https:\/\/www.scandinavia.life\/wp-content\/uploads\/2021\/08\/equal-1024x819.jpeg 1024w, https:\/\/www.scandinavia.life\/wp-content\/uploads\/2021\/08\/equal-300x240.jpeg 300w, https:\/\/www.scandinavia.life\/wp-content\/uploads\/2021\/08\/equal-768x614.jpeg 768w, https:\/\/www.scandinavia.life\/wp-content\/uploads\/2021\/08\/equal-1536x1229.jpeg 1536w, https:\/\/www.scandinavia.life\/wp-content\/uploads\/2021\/08\/equal.jpeg 1920w\" sizes=\"auto, (max-width: 1024px) 100vw, 1024px\" \/><\/figure><\/li><\/ul><\/figure>\n\n<p class=\"wp-block-paragraph\">Dans certains cas, il y a aussi des commentaires qui rabaissent le statut d&rsquo;un pasteur en fonction de son origine. Par exemple, le simple fait qu&rsquo;une personne porte un hijab, une longue barbe et ait l&rsquo;air d&rsquo;un musulman est rapidement associ\u00e9 au terrorisme.  <\/p>\n\n<p class=\"wp-block-paragraph\">Souvent, les personnes qui pratiquent la discrimination sous toutes ses formes font des d\u00e9clarations g\u00e9n\u00e9rales comme \u00ab\u00a0les musulmans sont des terroristes\u00a0\u00bb, \u00ab\u00a0les Africains sont des imb\u00e9ciles\u00a0\u00bb, \u00ab\u00a0les Blancs sont des racistes\u00a0\u00bb. &#8230;.vous vous rendrez compte que ces sentiments regroupent les gens de mani\u00e8re absurde et qu&rsquo;ils appliquent cette classification \u00e0 tout le monde.<\/p>\n\n<p class=\"wp-block-paragraph\">Dans les espaces publics tels que les supermarch\u00e9s, les clubs et les restaurants, certaines personnes pr\u00e9f\u00e8rent s&rsquo;asseoir loin de vous. Encore une fois, ils peuvent avoir des expressions faciales qui montrent le d\u00e9dain et le manque de respect qu&rsquo;ils ont pour vous alors qu&rsquo;ils vous voient pour la premi\u00e8re fois.<\/p>\n\n<h2 class=\"wp-block-heading\">Qui pratique la discrimination \u00e0 l&rsquo;\u00e9gard des immigr\u00e9s ?<\/h2>\n\n<p class=\"wp-block-paragraph\">Quiconque envisage de s&rsquo;installer dans un nouveau pays doit savoir qu&rsquo;il n&rsquo;y a pas forc\u00e9ment un seul groupe de personnes qui pratique la discrimination. Il peut s&rsquo;agir d&rsquo;hommes, de femmes, de personnes \u00e2g\u00e9es, d&rsquo;enfants, de citoyens ordinaires, d&rsquo;autorit\u00e9s publiques, etc.<\/p>\n\n<p class=\"wp-block-paragraph\">Il vous faudra peut-\u00eatre du temps pour vous rendre compte que vous avez affaire \u00e0 un cas de discrimination. De nos jours, les personnes qui s&rsquo;acharnent \u00e0 poursuivre la discrimination \u00e0 l&rsquo;\u00e9gard des immigr\u00e9s le cachent de telle sorte qu&rsquo;elles peuvent appara\u00eetre comme gentilles, mais pas vraiment.<\/p>\n\n<p class=\"wp-block-paragraph\">Dans la plupart des cas, ce sont des personnes peu fr\u00e9quent\u00e9es, \u00e2g\u00e9es, peu \u00e9duqu\u00e9es ou sociopathes qui pratiquent la discrimination \u00e0 l&rsquo;\u00e9gard des immigr\u00e9s et y sont favorables. Comme tout le monde en conviendra, le monde a chang\u00e9 et les gens sont mieux inform\u00e9s des v\u00e9rit\u00e9s concernant pratiquement tous les pays du monde.<\/p>\n\n<p class=\"wp-block-paragraph\">Les jeunes, tr\u00e8s instruits et qui ont beaucoup voyag\u00e9, ont eu l&rsquo;occasion d&rsquo;interagir avec des personnes de tous les coins du monde ou de visiter des lieux. Cela leur a permis de prendre conscience des st\u00e9r\u00e9otypes qui, dans la plupart des cas, favorisent la discrimination, et de les surmonter.<\/p>\n\n<p class=\"wp-block-paragraph\">\u00c0 tout moment, soyez donc attentif et vigilant aux cat\u00e9gories de personnes susceptibles de vous discriminer ouvertement ou secr\u00e8tement. Lorsque vous \u00eates plus conscient, il est plus facile de faire face \u00e0 l&rsquo;exp\u00e9rience sans \u00eatre n\u00e9cessairement submerg\u00e9.<\/p>\n\n<h2 class=\"wp-block-heading\">S&rsquo;opposer \u00e0 la discrimination<\/h2>\n\n<p class=\"wp-block-paragraph\">Que l&rsquo;on soit blanc, noir, musulman, chr\u00e9tien, grand, noir, rouge ou autre, la discrimination peut survenir au moment le plus inattendu et de la mani\u00e8re la plus improbable.  <\/p>\n\n<p class=\"wp-block-paragraph\">Vous n&rsquo;imaginez peut-\u00eatre pas la r\u00e9alit\u00e9 d&rsquo;une discrimination en tant qu&rsquo;immigr\u00e9 par la communaut\u00e9 d&rsquo;accueil jusqu&rsquo;\u00e0 ce que cela vous arrive.<\/p>\n\n<p class=\"wp-block-paragraph\">Avant de vous rendre dans une destination, prenez le temps de vous renseigner sur les <a href=\"https:\/\/www.enar-eu.org\/Racism-plays-a-key-role-in-migrants-exclusion-and-violations-of-rights-in-the\">formes de discrimination <\/a>auxquelles vous pourriez \u00eatre confront\u00e9(e) \u00e0 votre arriv\u00e9e et par la suite. Certaines personnes tentent d&rsquo;ignorer la n\u00e9cessit\u00e9 de prendre conscience de la discrimination \u00e0 l&rsquo;\u00e9gard des immigr\u00e9s jusqu&rsquo;\u00e0 ce qu&rsquo;elles arrivent \u00e0 destination et sombrent dans la d\u00e9pression. Il faut donc \u00eatre proactif et avoir une longueur d&rsquo;avance.<\/p>\n\n<figure class=\"wp-block-gallery columns-1 is-cropped wp-block-gallery-4 is-layout-flex wp-block-gallery-is-layout-flex\"><ul class=\"blocks-gallery-grid\"><li class=\"blocks-gallery-item\"><figure><img loading=\"lazy\" decoding=\"async\" width=\"1024\" height=\"511\" src=\"https:\/\/scandinavia.life\/wp-content\/uploads\/2021\/08\/race-1024x511.jpeg\" alt=\"\" data-id=\"4851\" data-full-url=\"http:\/\/scandinavia.life\/wp-content\/uploads\/2021\/08\/race.jpeg\" data-link=\"http:\/\/scandinavia.life\/?attachment_id=4851#main\" class=\"wp-image-4851\" srcset=\"https:\/\/www.scandinavia.life\/wp-content\/uploads\/2021\/08\/race-1024x511.jpeg 1024w, https:\/\/www.scandinavia.life\/wp-content\/uploads\/2021\/08\/race-300x150.jpeg 300w, https:\/\/www.scandinavia.life\/wp-content\/uploads\/2021\/08\/race-768x384.jpeg 768w, https:\/\/www.scandinavia.life\/wp-content\/uploads\/2021\/08\/race-1536x767.jpeg 1536w, https:\/\/www.scandinavia.life\/wp-content\/uploads\/2021\/08\/race.jpeg 1920w\" sizes=\"auto, (max-width: 1024px) 100vw, 1024px\" \/><\/figure><\/li><\/ul><\/figure>\n\n<p class=\"wp-block-paragraph\">La mani\u00e8re de r\u00e9agir \u00e0 la discrimination d\u00e9pend de la forme de la discrimination : agressive ou subtile. Dans le cas d&rsquo;une situation ouverte et embarrassante, vous ne pouvez pas vous retenir, mais vous devez aussi vous prot\u00e9ger.  <\/p>\n\n<p class=\"wp-block-paragraph\">Il ne faut pas n\u00e9cessairement \u00eatre violent, mais direct et vigilant. Si la situation doit \u00eatre port\u00e9e devant les autorit\u00e9s comp\u00e9tentes, prenez des preuves, c&rsquo;est-\u00e0-dire des images film\u00e9es par une cam\u00e9ra, des enregistrements audio et des photos (surtout en cas de discrimination agressive ou d&rsquo;agression).<\/p>\n\n<h2 class=\"wp-block-heading\">Suis-je victime de discrimination ou d&rsquo;autre chose ?<\/h2>\n\n<p class=\"wp-block-paragraph\">En tant qu&rsquo;immigr\u00e9, vous vous rendrez vite compte que certaines discriminations ne sont pas n\u00e9cessairement dues \u00e0 votre mauvais caract\u00e8re. Certaines des personnes avec lesquelles vous interagissez sont simplement ignorantes ou ont interagi avec des personnes qui vous ressemblent ou qui viennent du m\u00eame endroit que vous.<\/p>\n\n<p class=\"wp-block-paragraph\">Les personnes \u00e0 l&rsquo;esprit \u00e9troit auront tendance \u00e0 supposer que vous ressemblez aux personnes avec lesquelles elles ont d\u00e9j\u00e0 eu des contacts. Au fond de l&rsquo;esprit, il y a une cat\u00e9gorisation instinctive des personnes comme vous. Leur esprit est d\u00e9j\u00e0 bloqu\u00e9 et ne laisse aucune chance \u00e0 la possibilit\u00e9 que vous soyez unique.  <\/p>\n\n<p class=\"wp-block-paragraph\">V\u00e9rifiez et \u00e9valuez ce qui motive r\u00e9ellement la discrimination et r\u00e9agissez de mani\u00e8re appropri\u00e9e si n\u00e9cessaire. Parfois, il n&rsquo;est pas utile de discuter avec les personnes qui pratiquent la discrimination, mais dans certains cas, il suffit de prendre le temps de les \u00e9duquer. Lorsque vous les \u00e9duquez et que vous faites preuve d&rsquo;un caract\u00e8re unique, ils se rendent vite compte qu&rsquo;ils avaient tort de toute fa\u00e7on.<\/p>\n\n<h2 class=\"wp-block-heading\">Moyens de traiter la discrimination \u00e0 l&rsquo;\u00e9gard des immigr\u00e9s<\/h2>\n\n<p class=\"wp-block-paragraph\">Pour \u00e9viter de tomber dans le pi\u00e8ge de la d\u00e9pression et de la victimisation, essayez de faire tout ou partie des choses suivantes. Votre s\u00e9jour dans un pays \u00e9tranger peut s&rsquo;av\u00e9rer magiquement int\u00e9ressant, m\u00eame si les gens vous discriminent.<\/p>\n\n<ul class=\"wp-block-list\"><li>Soyez authentique et ne vous forcez pas \u00e0 appartenir \u00e0 un groupe. Bient\u00f4t, ils se rendront compte de la valeur de votre individualit\u00e9 et commenceront \u00e0 appr\u00e9cier la diversit\u00e9.<\/li><li>Apprenez \u00e0 ignorer certains aspects de la discrimination parce que certaines personnes ont \u00e9t\u00e9 socialis\u00e9es pour avoir une certaine id\u00e9e des gens comme vous.<\/li><li>Si on leur en donne la possibilit\u00e9, ils ne se lancent pas dans la vendetta, mais affichent au contraire une personnalit\u00e9 unique qui les fait se sentir \u00e0 la fois ignorants, stupides et idiots.<\/li><li>Ne soyez pas inutilement sentimental et pointilleux. Certaines personnes se contentent de se plaindre de discriminations qui peuvent s&rsquo;av\u00e9rer n&rsquo;\u00eatre que le fruit de leur imagination.<\/li><li>\u00catre moins critique et plus expressif<\/li><\/ul>\n","protected":false},"excerpt":{"rendered":"<p>Vous envisagez de voyager et de vivre \u00e0 l&rsquo;\u00e9tranger ? La r\u00e9flexion sur la possibilit\u00e9 de se sentir et d&rsquo;\u00eatre effectivement discrimin\u00e9 devrait alors \u00eatre une priorit\u00e9 absolue. Les premi\u00e8res exp\u00e9riences dans le nouveau pays peuvent varier d&rsquo;une personne \u00e0 l&rsquo;autre. Le d\u00e9m\u00e9nagement et l&rsquo;arriv\u00e9e dans le pays d&rsquo;accueil sont toujours empreints d&rsquo;\u00e9motions contradictoires. Il<\/p>\n","protected":false},"author":1,"featured_media":18796,"comment_status":"closed","ping_status":"closed","sticky":false,"template":"","format":"standard","meta":{"footnotes":""},"categories":[2706,2308,3290],"tags":[3343,3345,3344],"class_list":["post-20855","post","type-post","status-publish","format-standard","has-post-thumbnail","hentry","category-etudier","category-non-classifiee","category-voyage","tag-discrimination-fr","tag-discrimination-des-immigrants","tag-racisme-fr"],"_links":{"self":[{"href":"https:\/\/www.scandinavia.life\/fr\/wp-json\/wp\/v2\/posts\/20855","targetHints":{"allow":["GET"]}}],"collection":[{"href":"https:\/\/www.scandinavia.life\/fr\/wp-json\/wp\/v2\/posts"}],"about":[{"href":"https:\/\/www.scandinavia.life\/fr\/wp-json\/wp\/v2\/types\/post"}],"author":[{"embeddable":true,"href":"https:\/\/www.scandinavia.life\/fr\/wp-json\/wp\/v2\/users\/1"}],"replies":[{"embeddable":true,"href":"https:\/\/www.scandinavia.life\/fr\/wp-json\/wp\/v2\/comments?post=20855"}],"version-history":[{"count":6,"href":"https:\/\/www.scandinavia.life\/fr\/wp-json\/wp\/v2\/posts\/20855\/revisions"}],"predecessor-version":[{"id":146642,"href":"https:\/\/www.scandinavia.life\/fr\/wp-json\/wp\/v2\/posts\/20855\/revisions\/146642"}],"wp:featuredmedia":[{"embeddable":true,"href":"https:\/\/www.scandinavia.life\/fr\/wp-json\/wp\/v2\/media\/18796"}],"wp:attachment":[{"href":"https:\/\/www.scandinavia.life\/fr\/wp-json\/wp\/v2\/media?parent=20855"}],"wp:term":[{"taxonomy":"category","embeddable":true,"href":"https:\/\/www.scandinavia.life\/fr\/wp-json\/wp\/v2\/categories?post=20855"},{"taxonomy":"post_tag","embeddable":true,"href":"https:\/\/www.scandinavia.life\/fr\/wp-json\/wp\/v2\/tags?post=20855"}],"curies":[{"name":"wp","href":"https:\/\/api.w.org\/{rel}","templated":true}]}}