{"id":118054,"date":"2024-01-08T09:36:42","date_gmt":"2024-01-08T09:36:42","guid":{"rendered":"http:\/\/scandinavia.life\/figyelemre-melto-ahogy-ii-margrethe-dan-kiralyno-lemondott\/"},"modified":"2025-07-09T21:29:36","modified_gmt":"2025-07-09T21:29:36","slug":"figyelemre-melto-ahogy-ii-margrethe-dan-kiralyno-lemondott","status":"publish","type":"post","link":"https:\/\/www.scandinavia.life\/hu\/figyelemre-melto-ahogy-ii-margrethe-dan-kiralyno-lemondott\/","title":{"rendered":"Figyelemre m\u00e9lt\u00f3, ahogy II. Margrethe d\u00e1n kir\u00e1lyn\u0151 lemondott"},"content":{"rendered":"<p>Mik\u00f6zben D\u00e1nia elb\u00facs\u00fazott a 2023-as \u00e9vt\u0151l, \u00e9s bevezette a 2024-es \u00e9vet, valami l\u00e1tv\u00e1nyos dolog t\u00f6rt\u00e9nt. 52 \u00e9v ut\u00e1n a d\u00e1n uralkod\u00f3 \u00e9l\u00e9n II. Margrethe kir\u00e1lyn\u0151 bejelentette, hogy hamarosan lemond a tr\u00f3nr\u00f3l. Ezzel a l\u00e9p\u00e9ssel legid\u0151sebb fia, Frederik tr\u00f3n\u00f6r\u00f6k\u00f6s k\u00e9sz\u00fcl \u00e1tvenni a hatalmat.<\/p>\n<figure class=\"wp-block-image size-large\"><img loading=\"lazy\" decoding=\"async\" width=\"1024\" height=\"683\" src=\"https:\/\/scandinavia.life\/wp-content\/uploads\/2024\/01\/joseph-aeeCkvDBBm4-unsplash-1024x683.jpg\" alt=\"\" class=\"wp-image-115779\" srcset=\"https:\/\/www.scandinavia.life\/wp-content\/uploads\/2024\/01\/joseph-aeeCkvDBBm4-unsplash-1024x683.jpg 1024w, https:\/\/www.scandinavia.life\/wp-content\/uploads\/2024\/01\/joseph-aeeCkvDBBm4-unsplash-300x200.jpg 300w, https:\/\/www.scandinavia.life\/wp-content\/uploads\/2024\/01\/joseph-aeeCkvDBBm4-unsplash-768x512.jpg 768w, https:\/\/www.scandinavia.life\/wp-content\/uploads\/2024\/01\/joseph-aeeCkvDBBm4-unsplash-1536x1024.jpg 1536w, https:\/\/www.scandinavia.life\/wp-content\/uploads\/2024\/01\/joseph-aeeCkvDBBm4-unsplash-2048x1365.jpg 2048w\" sizes=\"auto, (max-width: 1024px) 100vw, 1024px\" \/><\/figure>\n<p>Izgalmas lehet, hogy az \u00f6sszes skandin\u00e1v orsz\u00e1g m\u00e9g mindig megtartja a monarchi\u00e1t, mik\u00f6zben a vil\u00e1g t\u00e1volodik t\u0151le. An\u00e9lk\u00fcl, hogy ez a cikk politikai \u00e9s korm\u00e1nyzati szempontb\u00f3l m\u00e9lyebben belemenne, fontos tudni, hogy D\u00e1nia alkotm\u00e1nyos monarchiak\u00e9nt m\u0171k\u00f6dik, ahol a hagyom\u00e1nyok \u00e9s a t\u00f6rt\u00e9nelem jelent\u0151s szerepet j\u00e1tszanak.<\/p>\n<h2 class=\"wp-block-heading\"><strong>A kir\u00e1lyn\u0151 vagy \u0151fels\u00e9ge a kir\u00e1ly helye a d\u00e1n t\u00e1rsadalomban<\/strong><\/h2>\n<p>Sokan vonz\u00f3nak tal\u00e1lj\u00e1k D\u00e1ni\u00e1t a viszonylagos politikai nyugalma miatt. Ritk\u00e1n tapasztalunk dr\u00e1mai esem\u00e9nyeket, amikor v\u00e1laszt\u00e1sokr\u00f3l van sz\u00f3. Ez tal\u00e1n \u00f6sszef\u00fcgg a d\u00e1n korm\u00e1nyz\u00e1s fel\u00e9p\u00edt\u00e9s\u00e9vel \u00e9s a t\u00e1rsadalmi norm\u00e1kkal, amelyek a tolerancia \u00e9s a visszafogotts\u00e1g kult\u00far\u00e1j\u00e1t hirdetik.<\/p>\n<p>A d\u00e1n kir\u00e1lyn\u0151, vagy m\u00e1s n\u00e9ven az uralkod\u00f3 feje, ceremoni\u00e1lis hatalommal rendelkezik, ami azt jelenti, hogy m\u00edg m\u00e1s v\u00e1laszt\u00e1si \u00e9s politikai folyamatok zajlanak, \u0151 ratifik\u00e1lja azokat. M\u00e1s sz\u00f3val, a kir\u00e1lyn\u0151 szerepe hasonl\u00edt a vall\u00e1si tev\u00e9kenys\u00e9geket v\u00e9gz\u0151 papok\u00e9hoz &#8211; \u0151 hiteles\u00edti a folyamatokat.<\/p>\n<p>Tudnia kell, hogy a d\u00e1nok mennyire v\u00e9dik \u00e9s tisztelik a kir\u00e1lyn\u0151t. Minden \u00faj\u00e9v est\u00e9j\u00e9n az emberek \u00f6sszegy\u0171lnek, hogy meghallgass\u00e1k a palot\u00e1b\u00f3l \u00e9rkez\u0151 \u00fczenetet. Ez is mutatja, mennyire fontos sz\u00e1mukra a monarchia.<\/p>\n<p>Tal\u00e1n \u00e9rdekesnek tal\u00e1lja majd, ha <a href=\"https:\/\/www.kongehuset.dk\/en\/\">itt<\/a> megismeri a D\u00e1n Monarchia (kongehuset) finomabb r\u00e9szleteit. M\u00e9g ha II. Margrethe kir\u00e1lyn\u0151 le is b\u00facs\u00fazik a d\u00e1n monarchi\u00e1t\u00f3l, hivatali ideje tov\u00e1bbra is rekordot d\u00f6nt. A t\u00e1rsadalom rem\u00e9li, hogy <strong><em>Frederik tr\u00f3n\u00f6r\u00f6k\u00f6s<\/em><\/strong> hasonl\u00f3an j\u00f3l ir\u00e1ny\u00edtja majd az orsz\u00e1got.<\/p>\n<h2 class=\"wp-block-heading\"><strong>A d\u00e1n uralkod\u00f3k list\u00e1ja a k\u00f6zelm\u00faltban<\/strong><\/h2>\n<p>Ha D\u00e1ni\u00e1ban \u00e9l, vagy tervez bel\u00e9pni az orsz\u00e1gba, izgatottan v\u00e1rhatja, hogy megismerje a d\u00e1n t\u00f6rt\u00e9nelem k\u00fcl\u00f6nb\u00f6z\u0151 aspektusait. A sok dokumentumfilm \u00e9s ki\u00e1ll\u00edt\u00e1s a m\u00fazeumokban nagyszer\u0171 lehet\u0151s\u00e9get k\u00edn\u00e1l a felfedez\u00e9sre.<\/p>\n<p>D\u00e1nia hossz\u00fa t\u00f6rt\u00e9nelme, amely t\u00f6bb mint 1200 \u00e9ve m\u0171k\u00f6d\u0151 monarchi\u00e1t \u00f6lel fel, sok \u00e9rdekess\u00e9get tartogat. A d\u00e1n uralkod\u00f3k t\u00f6rt\u00e9net\u00e9nek \u00e1ttekint\u00e9se sor\u00e1n l\u00e1thatjuk, hogy az orsz\u00e1g a t\u00f6rt\u00e9nelem folyam\u00e1n sok kih\u00edv\u00e1ssal n\u00e9zett szembe, de v\u00e9g\u00fcl mindig siker\u00fclt harm\u00f3ni\u00e1t tal\u00e1lniuk.<\/p>\n<p>Ha igaz\u00e1n meg akarja ismerni a d\u00e1n politikai t\u00f6rt\u00e9nelmet, bele\u00e9rtve a monarchi\u00e1t \u00e9s annak fejl\u0151d\u00e9s\u00e9t, l\u00e1togasson el egy m\u00fazeumba. A k\u00f6nnyebb \u00e1ttekinthet\u0151s\u00e9g \u00e9rdek\u00e9ben az al\u00e1bbi list\u00e1ban bemutatjuk a Schleswig-Holstein-Sonderburg-Gl\u00fccksburg-h\u00e1z tagjait, amelyb\u0151l II. Margit kir\u00e1lyn\u00e9 sz\u00e1rmazik:<\/p>\n<ul>\n<li><em>II. Margrethe kir\u00e1lyn\u0151<\/em><\/li>\n<li><em>Frigyes kir\u00e1ly IX.<\/em><\/li>\n<li><em>Christian X-Christian Carl Frederik Alber kir\u00e1ly<\/em><\/li>\n<li><em>Frederik VIII-Christian Frederik Vilhelm Carl kir\u00e1ly<\/em><\/li>\n<li><em>IX. Kereszt\u00e9ny kir\u00e1ly<\/em><\/li>\n<\/ul>\n<h2 class=\"wp-block-heading\"><strong>A d\u00e1n kir\u00e1lyi csal\u00e1d figyelemre m\u00e9lt\u00f3 egyedis\u00e9ge<\/strong><\/h2>\n<p>A kir\u00e1lyi csal\u00e1d eml\u00edt\u00e9se szinte mindenkinek a finom dolgok \u00e9s az exkluz\u00edv \u00e9let jut esz\u00e9be. A t\u00f6rt\u00e9nelmi feljegyz\u00e9sekb\u0151l tudjuk, hogy a kir\u00e1lyi csal\u00e1dok gyakran \u00e9lnek f\u00e9ny\u0171z\u0151 \u00e9letet, de a d\u00e1n kir\u00e1lyi csal\u00e1d nem t\u0171nik elz\u00e1rk\u00f3z\u00f3nak. A csal\u00e1dtagok ma is h\u00e9tk\u00f6znapi \u00e9letet \u00e9lnek, v\u00e1s\u00e1rolnak \u00e9s ig\u00e9nybe veszik a k\u00f6zint\u00e9zm\u00e9nyeket, mint b\u00e1rki m\u00e1s.<\/p>\n<p>Amikor teh\u00e1t a palota k\u00f6rny\u00e9k\u00e9n j\u00e1rsz, lehet, hogy \u00e9szreveszed II. Margit kir\u00e1lyn\u0151t vagy csal\u00e1dtagj\u00e1t, amint \u00e9pp a megszokott \u00e9letm\u00f3djukat folytatj\u00e1k. Ez az al\u00e1zat \u00e9s a szolg\u00e1latk\u00e9sz vezet\u00e9s nagyszer\u0171 szimb\u00f3lumak\u00e9nt szolg\u00e1l, amely a Janteloven elveit t\u00fckr\u00f6zi a d\u00e1n t\u00e1rsadalomban, bele\u00e9rtve a monarchi\u00e1t is.<\/p>\n<h2 class=\"wp-block-heading\"><strong>V\u00e9gs\u0151 \u00e9rt\u00e9kel\u00e9s<\/strong><\/h2>\n<p>A 2024-es \u00faj esztend\u0151 nemcsak lehet\u0151s\u00e9get adott a d\u00e1n t\u00e1rsadalomnak a meg\u00fajul\u00e1sra, hanem egy kis sz\u00fcnetet is a <strong>II.<\/strong> Margit kir\u00e1lyn\u0151 uralkod\u00e1sa alatt. Mik\u00f6zben az emberek a mindennapi \u00e9let\u00fcket \u00e9lik, rem\u00e9nykednek \u00e9s v\u00e1rj\u00e1k, hogy Frederik tr\u00f3n\u00f6r\u00f6k\u00f6s szil\u00e1rdan fog uralkodni, \u00e9s folytatni fogja a b\u00e9k\u00e9t, amely eddig is megvolt. Ha \u00d6n is szeretne extra j\u00f6vedelemforr\u00e1sokat tal\u00e1lni D\u00e1nia ter\u00fclet\u00e9n, \u00e9rdemes elolvasni az <a href=\"https:\/\/scandinavia.life\/ways-to-make-extra-money-in-denmark\">izgalmas m\u00f3dokat, ahogyan az emberek extra p\u00e9nzt keresnek D\u00e1nia ter\u00fclet\u00e9n<\/a>.<\/p>\n<p>Ha t\u00f6bbet szeretne megtudni a skandin\u00e1v orsz\u00e1gokr\u00f3l, akkor n\u00e9zze meg a <a href=\"https:\/\/scandinavia.life\/hints-tips-scandinavia\">tippeket \u00e9s tr\u00fckk\u00f6ket Skandin\u00e1via ter\u00fclet\u00e9n<\/a> is.<\/p>\n","protected":false},"excerpt":{"rendered":"<p>Mik\u00f6zben D\u00e1nia elb\u00facs\u00fazott a 2023-as \u00e9vt\u0151l, \u00e9s bevezette a 2024-es \u00e9vet, valami l\u00e1tv\u00e1nyos dolog t\u00f6rt\u00e9nt. 52 \u00e9v ut\u00e1n a d\u00e1n uralkod\u00f3 \u00e9l\u00e9n II. Margrethe kir\u00e1lyn\u0151 bejelentette, hogy hamarosan lemond a tr\u00f3nr\u00f3l. Ezzel a l\u00e9p\u00e9ssel legid\u0151sebb fia, Frederik tr\u00f3n\u00f6r\u00f6k\u00f6s k\u00e9sz\u00fcl \u00e1tvenni a hatalmat. Izgalmas lehet, hogy az \u00f6sszes skandin\u00e1v orsz\u00e1g m\u00e9g mindig megtartja a monarchi\u00e1t, mik\u00f6zben<\/p>\n","protected":false},"author":1,"featured_media":115765,"comment_status":"closed","ping_status":"closed","sticky":false,"template":"","format":"standard","meta":{"footnotes":""},"categories":[24754],"tags":[28622,43661,41077,43621,41067,43639,43702,43686],"class_list":["post-118054","post","type-post","status-publish","format-standard","has-post-thumbnail","hentry","category-dania-hu","tag-amalienborg-palota","tag-christian-x-kiraly","tag-dan-kiralyi-csalad","tag-frederik-tronorokos","tag-ii-margrethe-kiralyno","tag-ix-frigyes-kiraly","tag-ix-kereszteny-kiraly","tag-viii-frigyes-kiraly"],"_links":{"self":[{"href":"https:\/\/www.scandinavia.life\/hu\/wp-json\/wp\/v2\/posts\/118054","targetHints":{"allow":["GET"]}}],"collection":[{"href":"https:\/\/www.scandinavia.life\/hu\/wp-json\/wp\/v2\/posts"}],"about":[{"href":"https:\/\/www.scandinavia.life\/hu\/wp-json\/wp\/v2\/types\/post"}],"author":[{"embeddable":true,"href":"https:\/\/www.scandinavia.life\/hu\/wp-json\/wp\/v2\/users\/1"}],"replies":[{"embeddable":true,"href":"https:\/\/www.scandinavia.life\/hu\/wp-json\/wp\/v2\/comments?post=118054"}],"version-history":[{"count":1,"href":"https:\/\/www.scandinavia.life\/hu\/wp-json\/wp\/v2\/posts\/118054\/revisions"}],"predecessor-version":[{"id":155103,"href":"https:\/\/www.scandinavia.life\/hu\/wp-json\/wp\/v2\/posts\/118054\/revisions\/155103"}],"wp:featuredmedia":[{"embeddable":true,"href":"https:\/\/www.scandinavia.life\/hu\/wp-json\/wp\/v2\/media\/115765"}],"wp:attachment":[{"href":"https:\/\/www.scandinavia.life\/hu\/wp-json\/wp\/v2\/media?parent=118054"}],"wp:term":[{"taxonomy":"category","embeddable":true,"href":"https:\/\/www.scandinavia.life\/hu\/wp-json\/wp\/v2\/categories?post=118054"},{"taxonomy":"post_tag","embeddable":true,"href":"https:\/\/www.scandinavia.life\/hu\/wp-json\/wp\/v2\/tags?post=118054"}],"curies":[{"name":"wp","href":"https:\/\/api.w.org\/{rel}","templated":true}]}}