{"id":118953,"date":"2023-04-29T11:08:39","date_gmt":"2023-04-29T11:08:39","guid":{"rendered":"http:\/\/scandinavia.life\/landmark-nykobing-falster-sygehus-minden-egeszsegugyi-ellatasert-egy-hatalmas-teto-alatt\/"},"modified":"2025-07-01T19:17:33","modified_gmt":"2025-07-01T19:17:33","slug":"landmark-nykobing-falster-sygehus-minden-egeszsegugyi-ellatasert-egy-hatalmas-teto-alatt","status":"publish","type":"post","link":"https:\/\/www.scandinavia.life\/hu\/landmark-nykobing-falster-sygehus-minden-egeszsegugyi-ellatasert-egy-hatalmas-teto-alatt\/","title":{"rendered":"Landmark Nyk\u00f8bing Falster Sygehus minden eg\u00e9szs\u00e9g\u00fcgyi ell\u00e1t\u00e1s\u00e9rt egy hatalmas tet\u0151 alatt"},"content":{"rendered":"\n<p class=\"wp-block-paragraph\">Az egyik ter\u00fclet, amelyet D\u00e1nia nagyszer\u0171 c\u00e9lpontk\u00e9nt nyer meg azok sz\u00e1m\u00e1ra, akik k\u00fclf\u00f6ld\u00f6n szeretn\u00e9nek \u00faj \u00e9letet kezdeni, az a fejlett \u00e9s \u00e9rz\u00e9keny <a href=\"http:\/\/scandinavia.life\/hu\/dan-egeszsegugyi-rendszer\/\">\n  <strong>\n    <em>eg\u00e9szs\u00e9g\u00fcgyi rendszer<\/em>\n  <\/strong>\n<\/a>. A k\u00f6zeg\u00e9szs\u00e9g\u00fcgyi rendszer val\u00f3j\u00e1ban \u00fagy van kialak\u00edtva, hogy z\u00f6kken\u0151mentesen igazodjon a t\u00e1rsadalom v\u00e1ltoz\u00f3 ig\u00e9nyeihez. M\u00e1r az els\u0151 sz\u00f3ra r\u00e1j\u00f6n, hogy a betegell\u00e1t\u00e1s, a j\u00e1r\u00f3beteg-ell\u00e1t\u00e1s \u00e9s a s\u00fcrg\u0151ss\u00e9gi ell\u00e1t\u00e1s is a kiv\u00e1l\u00f3s\u00e1g egyed\u00fcl\u00e1ll\u00f3 m\u00f3don t\u00f6rt\u00e9nik. \u00c9s, Nyk\u00f8bing Falster Sygehus, csak\u00fagy, mint a <strong>\n  <em>Regionshospitalet G\u00f8dstrup<\/em>\n<\/strong> \u00e9s a <strong>\n  <em>Vejle Sygehus, t\u00f6bbek k\u00f6z\u00f6tt<\/em>\n<\/strong> k\u00e9pviselik azt a magas rangot, amelyet D\u00e1nia az eg\u00e9szs\u00e9g\u00fcgyi ell\u00e1t\u00e1s ter\u00e9n \u00e9lvez.  <\/p>\n\n<p class=\"wp-block-paragraph\">Az els\u0151 dokumentumok k\u00f6z\u00f6tt, amelyeket a d\u00e1niai lak\u00f3hely bejelent\u00e9se ut\u00e1n r\u00f6vid id\u0151n bel\u00fcl megkapunk, szerepel a s\u00e1rga k\u00e1rtya, m\u00e1s n\u00e9ven a k\u00f6zeg\u00e9szs\u00e9g\u00fcgyi k\u00e1rtya. Ez a dokumentum szabadk\u00e1rty\u00e1t ad \u00d6nnek, hogy ne csak a kijel\u00f6lt kezel\u0151orvos\u00e1t keresse fel, hanem a region\u00e1lis k\u00f3rh\u00e1zakban, p\u00e9ld\u00e1ul a Nyk\u00f8bing Falster Sygehusban is kapjon beutal\u00f3t.  <\/p>\n\n<h2 class=\"wp-block-heading\"><strong>D\u00e1nia mindent megtesz a legjobb eg\u00e9szs\u00e9g\u00fcgyi szolg\u00e1ltat\u00e1s ny\u00fajt\u00e1sa \u00e9rdek\u00e9ben<\/strong><\/h2>\n\n<p class=\"wp-block-paragraph\">Az \u00e9let minden ter\u00fclet\u00e9n az eg\u00e9szs\u00e9g a legfontosabb, ez\u00e9rt van sz\u00fcks\u00e9g arra, hogy az eg\u00e9szs\u00e9get \u00e1lland\u00f3 ellen\u0151rz\u00e9s alatt tartsuk. \u00c9ppen ez\u00e9rt D\u00e1nia nagyra \u00e9rt\u00e9keli polg\u00e1rai \u00e9s az orsz\u00e1g minden m\u00e1s j\u00f3hiszem\u0171 lakosa eg\u00e9szs\u00e9g\u00e9t. Az orsz\u00e1g egyre ink\u00e1bb fejl\u0151d\u0151 k\u00f6zeg\u00e9szs\u00e9g\u00fcgyi rendszerrel rendelkezik, amelyet az egyetemes ell\u00e1t\u00e1s biztos\u00edt. M\u00e1s fejlettnek tekintett orsz\u00e1gokkal, p\u00e9ld\u00e1ul az Amerikai Egyes\u00fclt \u00c1llamokkal ellent\u00e9tben, ahol az eg\u00e9szs\u00e9g\u00fcgyi ell\u00e1t\u00e1sban mutatkoz\u00f3 egyenl\u0151tlens\u00e9gek megoldhatatlannak bizonyultak, D\u00e1nia egyenl\u0151 \u00e9s t\u00f6bbnyire ingyenes eg\u00e9szs\u00e9g\u00fcgyi ell\u00e1t\u00e1st biztos\u00edt.  <\/p>\n\n<figure class=\"wp-block-image size-large\"><img loading=\"lazy\" decoding=\"async\" width=\"1024\" height=\"680\" src=\"https:\/\/scandinavia.life\/wp-content\/uploads\/2023\/04\/martha-dominguez-de-gouveia-KF-h9HMxRKg-unsplash-1024x680.jpg\" alt=\"\" class=\"wp-image-109608\" srcset=\"https:\/\/www.scandinavia.life\/wp-content\/uploads\/2023\/04\/martha-dominguez-de-gouveia-KF-h9HMxRKg-unsplash-1024x680.jpg 1024w, https:\/\/www.scandinavia.life\/wp-content\/uploads\/2023\/04\/martha-dominguez-de-gouveia-KF-h9HMxRKg-unsplash-300x199.jpg 300w, https:\/\/www.scandinavia.life\/wp-content\/uploads\/2023\/04\/martha-dominguez-de-gouveia-KF-h9HMxRKg-unsplash-768x510.jpg 768w, https:\/\/www.scandinavia.life\/wp-content\/uploads\/2023\/04\/martha-dominguez-de-gouveia-KF-h9HMxRKg-unsplash-1536x1020.jpg 1536w, https:\/\/www.scandinavia.life\/wp-content\/uploads\/2023\/04\/martha-dominguez-de-gouveia-KF-h9HMxRKg-unsplash-2048x1360.jpg 2048w\" sizes=\"auto, (max-width: 1024px) 100vw, 1024px\" \/><\/figure>\n\n<p class=\"wp-block-paragraph\">Nyk\u00f8bing F. Sygehus egy\u00e9rtelm\u0171en t\u00fckr\u00f6zi D\u00e1nia h\u00edrnev\u00e9t az \u00e9letmin\u0151s\u00e9g biztos\u00edt\u00e1s\u00e1r\u00f3l. Ahhoz, hogy egy orsz\u00e1g a legjobb eg\u00e9szs\u00e9g\u00fcgyi ell\u00e1t\u00e1st ny\u00fajthassa polg\u00e1rainak, biztos\u00edtania kell, hogy az eg\u00e9szs\u00e9g\u00fcgyi infrastrukt\u00fara t\u00f6k\u00e9letes legyen. A d\u00e1n eg\u00e9szs\u00e9g\u00fcgyi \u00e1gazat teljes m\u00e9rt\u00e9kben tele van minden sz\u00fcks\u00e9ges er\u0151forr\u00e1ssal \u00e9s felszerel\u00e9ssel, hogy mindenki eg\u00e9szs\u00e9g\u00e9r\u0151l gondoskodjon.  <\/p>\n\n<p class=\"wp-block-paragraph\">A k\u00f3rh\u00e1z t\u00f6k\u00e9letesen meghat\u00e1rozza, hogy mit is csin\u00e1l az eg\u00e9szs\u00e9g\u00fcgyi \u00e1gazat D\u00e1ni\u00e1ban. Tal\u00e1lhat\u00f3 <strong>\n  <em>Nykobing Falster<\/em>\n<\/strong> a Zealand r\u00e9gi\u00f3ban tal\u00e1lhat\u00f3, a k\u00f3rh\u00e1z egyike a 4 s\u00fcrg\u0151ss\u00e9gi k\u00f3rh\u00e1znak, amely az akut betegs\u00e9gek gyors kezel\u00e9s\u00e9re specializ\u00e1l\u00f3dott. Ha Koppenh\u00e1ga \u00e9szaki r\u00e9sz\u00e9n, Koppenh\u00e1ga v\u00e1ros\u00e1nak \u00e9szaki r\u00e9szei mellett <strong>\n  <em>Guldborg Sund<\/em>\n<\/strong> k\u00f6nnyen megtal\u00e1lhatja a Nyk\u00f8bing F. Sygehus k\u00f3rh\u00e1zat. A k\u00f3rh\u00e1zban a kutat\u00e1snak a k\u00f3rh\u00e1z valamennyi oszt\u00e1ly\u00e1n kiemelt jelent\u0151s\u00e9get tulajdon\u00edtanak.  <\/p>\n\n<h2 class=\"wp-block-heading\"><strong>T\u00e9nyek a Nyk\u00f8bing F. Sygehus k\u00f3rh\u00e1zr\u00f3l<\/strong><\/h2>\n\n<p class=\"wp-block-paragraph\">A Nyk\u00f8bing F. Sygehus k\u00f3rh\u00e1z nemcsak azzal b\u00fcszk\u00e9lkedhet, hogy a legjobban k\u00e9pzett orvosokkal rendelkezik, hanem azzal is, hogy h\u0171v\u00f6s k\u00f6rnyezetet biztos\u00edt a gy\u00f3gyul\u00e1shoz. A p\u00e1ciensnek m\u00e1r a kezdetekt\u0151l fogva az a benyom\u00e1sa, hogy b\u00e1rmilyen eg\u00e9szs\u00e9g\u00fcgyi probl\u00e9m\u00e1ja is legyen, azt sikeresen kezelik.<\/p>\n\n<p class=\"wp-block-paragraph\">Ha \u00d6n egyszer m\u00e1r megbetegedett, akkor meg\u00e9rti, hogy a k\u00f3rh\u00e1z fel\u00e9p\u00edt\u00e9s\u00e9b\u0151l, a higi\u00e9ni\u00e1b\u00f3l \u00e9s a recepci\u00f3b\u00f3l sz\u00e1rmaz\u00f3 kezdeti benyom\u00e1sok milyen nagym\u00e9rt\u00e9kben befoly\u00e1solj\u00e1k az eg\u00e9szs\u00e9gmeg\u0151rz\u00e9s \u00e9lm\u00e9ny\u00e9t. Ha a nagyobb z\u00e9landi r\u00e9gi\u00f3ban megbetegszik, a Nyk\u00f8bing F. Sygehus a legjobb ell\u00e1t\u00e1st ny\u00fajt\u00f3 els\u0151 sz\u00e1m\u00fa kapcsolattart\u00e1si pont.  <\/p>\n\n<h3 class=\"wp-block-heading\"><strong><em>S\u00fcrg\u0151ss\u00e9gi, akut betegs\u00e9gek \u00e9s m\u0171t\u00e9tek<\/em><\/strong><\/h3>\n\n<p class=\"wp-block-paragraph\">A s\u00fcrg\u0151ss\u00e9gi ell\u00e1t\u00e1s, az akut betegs\u00e9gek \u00e9s a rendk\u00edv\u00fcl fejlett seb\u00e9szeti beavatkoz\u00e1sok eset\u00e9ben a k\u00f3rh\u00e1z \u00e9jjel-nappal dolgozik, hogy a legjobbat ny\u00fajtsa. Ha sz\u00edvbetegs\u00e9gben szenved\u0151 p\u00e1ciense van, vagy gyomor-, m\u00e1j-, vese-, t\u00fcd\u0151-, \u00e9s v\u00e9rr\u00f6g\u00f6kkel kapcsolatos eg\u00e9szs\u00e9g\u00fcgyi probl\u00e9m\u00e1i vannak, akkor ide hozhatja \u0151ket, \u00e9s nagyszer\u0171 eredm\u00e9nyeket \u00e9rhet el.  <\/p>\n\n<h3 class=\"wp-block-heading\"><strong><em>Sz\u00fcl\u00e9s el\u0151tti \u00e9s sz\u00fcl\u00e9szeti ell\u00e1t\u00e1s<\/em><\/strong><\/h3>\n\n<p class=\"wp-block-paragraph\">A Nyk\u00f8bing Falster Sygehus k\u00f3rh\u00e1z boldog p\u00e1rk\u00e9nt v\u00e1rja az eg\u00e9sz terhess\u00e9g \u00e9lm\u00e9ny\u00e9t, \u00e9s z\u00f6kken\u0151mentes folyamatot biztos\u00edt az \u00d6n sz\u00e1m\u00e1ra. Ez az\u00e9rt van \u00edgy, mert minden n\u0151i betegs\u00e9get j\u00f3l kezelnek, bele\u00e9rtve a terhess\u00e9get \u00e9s a sz\u00fcl\u00e9st is. A j\u00f3l \u00f6sszehangolt \u00e9s felszerelt sz\u00fcl\u00e9sseg\u00edt\u00e9s \u00e9s sz\u00fcl\u00e9szeti ell\u00e1t\u00e1s r\u00e9v\u00e9n az \u00d6n els\u0151 \u00f6r\u00f6mcsemet\u00e9je biztons\u00e1gosan megsz\u00fclethet a Nyk\u00f8bing F. Sygehus k\u00f3rh\u00e1zban.<\/p>\n\n<figure class=\"wp-block-image size-large\"><img loading=\"lazy\" decoding=\"async\" width=\"1024\" height=\"574\" src=\"https:\/\/scandinavia.life\/wp-content\/uploads\/2023\/04\/david-veksler-7KqvW3hfas8-unsplash-1024x574.jpg\" alt=\"\" class=\"wp-image-109656\" srcset=\"https:\/\/www.scandinavia.life\/wp-content\/uploads\/2023\/04\/david-veksler-7KqvW3hfas8-unsplash-1024x574.jpg 1024w, https:\/\/www.scandinavia.life\/wp-content\/uploads\/2023\/04\/david-veksler-7KqvW3hfas8-unsplash-300x168.jpg 300w, https:\/\/www.scandinavia.life\/wp-content\/uploads\/2023\/04\/david-veksler-7KqvW3hfas8-unsplash-768x431.jpg 768w, https:\/\/www.scandinavia.life\/wp-content\/uploads\/2023\/04\/david-veksler-7KqvW3hfas8-unsplash-1536x862.jpg 1536w, https:\/\/www.scandinavia.life\/wp-content\/uploads\/2023\/04\/david-veksler-7KqvW3hfas8-unsplash-2048x1149.jpg 2048w\" sizes=\"auto, (max-width: 1024px) 100vw, 1024px\" \/><\/figure>\n\n<p class=\"wp-block-paragraph\">\u00d6n is hozz\u00e1f\u00e9rhet a rutinszer\u0171en nyaki hajt\u00e1s \u00e9s a szkennel\u00e9s mellett m\u00e1s betegs\u00e9gek a has. A d\u00e1niai egyetemes ell\u00e1t\u00e1s megl\u00e9te miatt nem kell agg\u00f3dnia, mivel a Nyk\u00f8bing F. Sygehus k\u00f3rh\u00e1z a serd\u00fcl\u0151kori \u00e9s gyermekkori betegs\u00e9gekkel is foglalkozik. K\u00e9rj\u00fck, csatlakozzon a k\u00f3rh\u00e1z f\u00fcl-orr-g\u00e9g\u00e9szeti ambulanci\u00e1j\u00e1hoz, hogy r\u00e9szt vehessen az interdiszciplin\u00e1ris vizsg\u00e1laton \u00e9s kezel\u00e9sen.<\/p>\n\n<h2 class=\"wp-block-heading\"><strong>Vonzer\u0151 a nem beteg l\u00e1togat\u00f3k sz\u00e1m\u00e1ra is  <\/strong><\/h2>\n\n<p class=\"wp-block-paragraph\">Nincs kevesebb, ami a k\u00f3rh\u00e1zi projektekkel foglalkoz\u00f3 glob\u00e1lis \u00e9p\u00edt\u00e9szek professzionalizmus\u00e1b\u00f3l \u00e9s t\u00f6k\u00e9letess\u00e9g\u00e9b\u0151l sz\u00e1rmazna. A C.F. Moller \u00e9p\u00edt\u00e9szekb\u0151l \u00e9s eg\u00e9szs\u00e9g\u00fcgyi tervez\u0151kb\u0151l \u00e1ll\u00f3 csapata gondoskodott arr\u00f3l, hogy az \u00fcgyfelek minden \u00f6sszetett kih\u00edv\u00e1sra megold\u00e1st tal\u00e1ljanak. A Nyk\u00f8bing F. Sygehus k\u00f3rh\u00e1z eg\u00e9szs\u00e9g\u00fcgyi \u00e9p\u00edt\u00e9szekb\u0151l, tervez\u0151kb\u0151l \u00e9s tan\u00e1csad\u00f3kb\u00f3l \u00e1ll\u00f3 csapattal rendelkezik, akik magas fok\u00fa szak\u00e9rtelemmel rendelkeznek az \u00f6sszes \u00e9rintett elj\u00e1r\u00e1sban.  <\/p>\n\n<p class=\"wp-block-paragraph\">Els\u0151sorban a felhaszn\u00e1l\u00f3 bevon\u00e1sa \u00e9s a projekttervez\u00e9s a v\u00e9grehajt\u00e1sig \u00e9s a v\u00e9gs\u0151 sorsol\u00e1sig. Ez biztosan egy eg\u00e9szs\u00e9g\u00fcgyi \u00e9p\u00edt\u00e9sz a k\u00f6zj\u00f3\u00e9rt, \u00edgy az eg\u00e9szs\u00e9ges emberek l\u00e1togat\u00e1s\u00e1nak egyik f\u0151 oka. Egy nagyszer\u0171 \u00e9p\u00edt\u00e9sznek a gy\u00f3gy\u00edt\u00f3 \u00e9p\u00edt\u00e9szetre vonatkoz\u00f3 ismeretei a bizony\u00edt\u00e9kokon alapul\u00f3 tervez\u00e9sen kereszt\u00fcl alapozz\u00e1k meg az eg\u00e9szs\u00e9g\u00fcgyi \u00e9p\u00edtkez\u00e9st. Ilyen er\u0151fesz\u00edt\u00e9sekkel a beteg ig\u00e9nyeit a lehet\u0151 legjobban kiel\u00e9g\u00edtj\u00fck. A hozz\u00e1tartoz\u00f3k bevon\u00e1sa is j\u00f3l t\u00e1mogatott, ugyan\u00fagy, ahogyan minden alkalmazott sz\u00e1m\u00e1ra optim\u00e1lis munkak\u00f6r\u00fclm\u00e9nyeket biztos\u00edtunk.<\/p>\n\n<h2 class=\"wp-block-heading\"><strong>A k\u00f3rh\u00e1z bels\u0151 ter\u00e9nek ter\u00e1pi\u00e1s \u00e9p\u00edt\u00e9szeti kialak\u00edt\u00e1sa<\/strong><\/h2>\n\n<p class=\"wp-block-paragraph\">Nem k\u00e9ts\u00e9ges, hogy a C.F. Moller Architects arra v\u00e1llalkozott, hogy ne legyen annyi el\u00e1rasztott k\u00f3rh\u00e1z, hanem ink\u00e1bb n\u00e9h\u00e1ny nagy k\u00f3rh\u00e1z. A technol\u00f3giai fejl\u0151d\u00e9s \u00e9s a k\u00e9rd\u00e9sekkel kapcsolatos er\u0151forr\u00e1sok j\u00e1tszott\u00e1k a f\u0151szerepet egy ilyen fejleszt\u00e9s elind\u00edt\u00e1s\u00e1ban.  <\/p>\n\n<p class=\"wp-block-paragraph\">Az orvosi berendez\u00e9sekbe val\u00f3 beruh\u00e1z\u00e1s el\u0151seg\u00edtette a k\u00f6zpontos\u00edtott kezel\u00e9st \u00e9s a k\u00f3rh\u00e1zban integr\u00e1lt kutat\u00e1si \u00e9s k\u00e9pz\u00e9si k\u00f6zpontok sz\u00fcks\u00e9gess\u00e9g\u00e9t. A Nyk\u00f8bing F. Sygehus k\u00f3rh\u00e1z belt\u00e9ri strukt\u00far\u00e1ja egyszer\u0171en csak egy olyan f\u00f3kuszt alkot, amely a fent eml\u00edtett koncepci\u00f3kat mag\u00e1ba foglalja.  <\/p>\n\n<p class=\"wp-block-paragraph\">Egy k\u00e9zzelfoghat\u00f3 \u00e9s biztons\u00e1gos logisztikai folyamaton kereszt\u00fcl a k\u00f3rh\u00e1z belt\u00e9ri strukt\u00far\u00e1ja meghat\u00e1rozza a betegk\u00f6zpont\u00fa ell\u00e1t\u00e1st. Ez azonban kritikusan a betegek k\u00f3rh\u00e1zi tapasztalataikon alapulna.<\/p>\n\n<figure class=\"wp-block-image size-large\"><img loading=\"lazy\" decoding=\"async\" width=\"1024\" height=\"640\" src=\"https:\/\/scandinavia.life\/wp-content\/uploads\/2023\/04\/adhy-savala-zbpgmGe27p8-unsplash-1024x640.jpg\" alt=\"\" class=\"wp-image-109632\" srcset=\"https:\/\/www.scandinavia.life\/wp-content\/uploads\/2023\/04\/adhy-savala-zbpgmGe27p8-unsplash-1024x640.jpg 1024w, https:\/\/www.scandinavia.life\/wp-content\/uploads\/2023\/04\/adhy-savala-zbpgmGe27p8-unsplash-300x188.jpg 300w, https:\/\/www.scandinavia.life\/wp-content\/uploads\/2023\/04\/adhy-savala-zbpgmGe27p8-unsplash-768x480.jpg 768w, https:\/\/www.scandinavia.life\/wp-content\/uploads\/2023\/04\/adhy-savala-zbpgmGe27p8-unsplash-1536x961.jpg 1536w, https:\/\/www.scandinavia.life\/wp-content\/uploads\/2023\/04\/adhy-savala-zbpgmGe27p8-unsplash-2048x1281.jpg 2048w\" sizes=\"auto, (max-width: 1024px) 100vw, 1024px\" \/><\/figure>\n\n<p class=\"wp-block-paragraph\">A k\u00f3rh\u00e1z \u00e9p\u00fclete egyszer\u0171 elrendez\u00e9s\u0171, teljesen egyszer\u0171. A szerkezet egyszer\u0171bb egys\u00e9gekb\u0151l \u00e1ll, mivel az \u00e9p\u00edt\u00e9szet a sz\u00e9lesebb potenci\u00e1l \u00e9s \u00e9rt\u00e9k el\u0151\u00e1ll\u00edt\u00e1s\u00e1ra \u00f6sszpontos\u00edt.<\/p>\n\n<p class=\"wp-block-paragraph\">A nagy k\u00f3rh\u00e1z j\u00f3l jellemzi az er\u0151s k\u00f6z\u00f6ss\u00e9gi szellemre \u00e9p\u00fcl\u0151 t\u00e1rsadalmi j\u00f3l\u00e9tet. Egy csod\u00e1latos, de bar\u00e1ts\u00e1gos k\u00f6rnyezetben a C.F. Molar Architects egy olyan teret hozott l\u00e9tre, ahol a mindennapi, j\u00f3l meghat\u00e1rozott t\u00e9rbeli elj\u00e1r\u00e1sok a Nyk\u00f8bing F. Sygehus k\u00f3rh\u00e1zban kombin\u00e1l\u00f3dnak. Nos, az \u00e1talak\u00edt\u00e1s egy hat\u00e9kony \u00e9s j\u00f3l bev\u00e1lt logisztikai rendszerbe ker\u00fcl, amely egy k\u00f6zponti teret sz\u00e1ll\u00edt.<\/p>\n\n<h2 class=\"wp-block-heading\"><strong>Gy\u00f3gy\u00edt\u00f3 \u00e9s sz\u00e9p \u00e9p\u00edt\u00e9szeti alkot\u00e1s<\/strong><\/h2>\n\n<p class=\"wp-block-paragraph\">A kezdem\u00e9nyez\u00e9s c\u00e9lja az volt, hogy olyan fenntarthat\u00f3 tervez\u00e9si c\u00e9lt t\u0171zz\u00fcnk ki, amely teljes m\u00e9rt\u00e9kben el\u0151seg\u00edti az integr\u00e1lt emberis\u00e9g \u00e9p\u00edt\u00e9s\u00e9t. A Nyk\u00f8bing F. Sygehus k\u00f3rh\u00e1zat nem csak t\u00f6bb megold\u00e1st k\u00edn\u00e1l, hanem \u00fagy tervezt\u00e9k, hogy a betegekre \u00e9s az ell\u00e1tottakra \u00f6sszpontos\u00edthasson. Ez\u00e9rt nem a fenntarthat\u00f3 technol\u00f3gi\u00e1k ki\u00e1ll\u00edt\u00e1si k\u00f6zpontja. Az \u00edgy l\u00e9trej\u00f6v\u0151 esem\u00e9ny sor\u00e1n a kulcsfontoss\u00e1g\u00fa \u00e9rt\u00e9keket elker\u00fcl\u0151 elemeket egy integr\u00e1lt tervez\u00e9si elj\u00e1r\u00e1s seg\u00edts\u00e9g\u00e9vel rangsorolt\u00e1k.  <\/p>\n\n<p class=\"wp-block-paragraph\">A hatalmas \u00e9p\u00edt\u00e9szeti alkot\u00e1s egyszer\u0171en egy fenntarthat\u00f3 \u00e9p\u00fclet, ha azt akarjuk meghat\u00e1rozni, hogy mit is jelent a fenntarthat\u00f3s\u00e1g. A m\u0171szaki \u00e9s \u00e9p\u00edt\u00e9szeti min\u0151s\u00e9g, valamint a funkcionalit\u00e1s \u00e9s a rugalmass\u00e1g a legfontosabb param\u00e9terek. Mindezek egyforma k\u00f6rnyezeti, p\u00e9nz\u00fcgyi \u00e9s t\u00e1rsadalmi fenntarthat\u00f3s\u00e1gi h\u00e1tt\u00e9rrel l\u00e9teznek. A Nyk\u00f8bing Falster Sygehus k\u00f3rh\u00e1z \u00e9p\u00fclete egyszer\u0171en energiatakar\u00e9kos \u00e9s fenntarthat\u00f3 \u00e9p\u00fclet.  <\/p>\n","protected":false},"excerpt":{"rendered":"<p>Az egyik ter\u00fclet, amelyet D\u00e1nia nagyszer\u0171 c\u00e9lpontk\u00e9nt nyer meg azok sz\u00e1m\u00e1ra, akik k\u00fclf\u00f6ld\u00f6n szeretn\u00e9nek \u00faj \u00e9letet kezdeni, az a fejlett \u00e9s \u00e9rz\u00e9keny eg\u00e9szs\u00e9g\u00fcgyi rendszer . A k\u00f6zeg\u00e9szs\u00e9g\u00fcgyi rendszer val\u00f3j\u00e1ban \u00fagy van kialak\u00edtva, hogy z\u00f6kken\u0151mentesen igazodjon a t\u00e1rsadalom v\u00e1ltoz\u00f3 ig\u00e9nyeihez. M\u00e1r az els\u0151 sz\u00f3ra r\u00e1j\u00f6n, hogy a betegell\u00e1t\u00e1s, a j\u00e1r\u00f3beteg-ell\u00e1t\u00e1s \u00e9s a s\u00fcrg\u0151ss\u00e9gi ell\u00e1t\u00e1s is a<\/p>\n","protected":false},"author":1,"featured_media":109594,"comment_status":"closed","ping_status":"closed","sticky":false,"template":"","format":"standard","meta":{"footnotes":""},"categories":[24754,24705],"tags":[44763,44760,44725,44738,44753],"class_list":["post-118953","post","type-post","status-publish","format-standard","has-post-thumbnail","hentry","category-dania-hu","category-egeszseg","tag-guldborg-sund-hu","tag-nykobing-f-sygehus-hu","tag-nykobing-falster-sygehus-hu","tag-regionshospitalet-godstrup-hu","tag-vejle-sygehus-hu"],"_links":{"self":[{"href":"https:\/\/www.scandinavia.life\/hu\/wp-json\/wp\/v2\/posts\/118953","targetHints":{"allow":["GET"]}}],"collection":[{"href":"https:\/\/www.scandinavia.life\/hu\/wp-json\/wp\/v2\/posts"}],"about":[{"href":"https:\/\/www.scandinavia.life\/hu\/wp-json\/wp\/v2\/types\/post"}],"author":[{"embeddable":true,"href":"https:\/\/www.scandinavia.life\/hu\/wp-json\/wp\/v2\/users\/1"}],"replies":[{"embeddable":true,"href":"https:\/\/www.scandinavia.life\/hu\/wp-json\/wp\/v2\/comments?post=118953"}],"version-history":[{"count":4,"href":"https:\/\/www.scandinavia.life\/hu\/wp-json\/wp\/v2\/posts\/118953\/revisions"}],"predecessor-version":[{"id":154338,"href":"https:\/\/www.scandinavia.life\/hu\/wp-json\/wp\/v2\/posts\/118953\/revisions\/154338"}],"wp:featuredmedia":[{"embeddable":true,"href":"https:\/\/www.scandinavia.life\/hu\/wp-json\/wp\/v2\/media\/109594"}],"wp:attachment":[{"href":"https:\/\/www.scandinavia.life\/hu\/wp-json\/wp\/v2\/media?parent=118953"}],"wp:term":[{"taxonomy":"category","embeddable":true,"href":"https:\/\/www.scandinavia.life\/hu\/wp-json\/wp\/v2\/categories?post=118953"},{"taxonomy":"post_tag","embeddable":true,"href":"https:\/\/www.scandinavia.life\/hu\/wp-json\/wp\/v2\/tags?post=118953"}],"curies":[{"name":"wp","href":"https:\/\/api.w.org\/{rel}","templated":true}]}}