{"id":120673,"date":"2023-03-31T18:13:32","date_gmt":"2023-03-31T18:13:32","guid":{"rendered":"http:\/\/scandinavia.life\/skandinaviaba-utazo-utasok-utasbiztositasa\/"},"modified":"2024-03-09T19:24:33","modified_gmt":"2024-03-09T19:24:33","slug":"skandinaviaba-utazo-utasok-utasbiztositasa","status":"publish","type":"post","link":"https:\/\/www.scandinavia.life\/hu\/skandinaviaba-utazo-utasok-utasbiztositasa\/","title":{"rendered":"Skandin\u00e1vi\u00e1ba utaz\u00f3 utasok utasbiztos\u00edt\u00e1sa"},"content":{"rendered":"\n<p class=\"wp-block-paragraph\">Az emberek nap mint nap sokf\u00e9le okb\u00f3l utaznak a skandin\u00e1v orsz\u00e1gokba. Val\u00f3sz\u00edn\u0171leg ismer olyan bar\u00e1tot, rokont vagy ismer\u0151st, aki a k\u00f6zelm\u00faltban D\u00e1ni\u00e1ba, Norv\u00e9gi\u00e1ba vagy Sv\u00e9dorsz\u00e1gba utazott? Ez a h\u00e1rom orsz\u00e1g alkotja a nagyobb Skandin\u00e1vi\u00e1t, \u00e9s egy\u00fcttesen a legjobbak a glob\u00e1lis boldogs\u00e1gindexben. B\u00e1r ezekben az orsz\u00e1gokban sz\u00e9ls\u0151s\u00e9ges t\u00e9l van, mindig van mire feln\u00e9zni, \u00e9s ez megmagyar\u00e1zza, mi\u00e9rt mernek a b\u00e1trak \u00e1ttelep\u00fclni \u00e9s ott \u00e9lni, vagy csak r\u00f6vid t\u00e1v\u00fa turista v\u00edzummal utazni.  <\/p>\n\n<p class=\"wp-block-paragraph\">Ha \u00d6n lesz a szerencs\u00e9s, \u00e9s b\u00e1rmelyik orsz\u00e1gban megkapja a tart\u00f3zkod\u00e1si enged\u00e9lyt, csak azt kell tudnia, hogy a <a href=\"http:\/\/scandinavia.life\/hu\/a-sved-egeszsegugyi-rendszer\/\">k\u00f6zeg\u00e9szs\u00e9g\u00fcgyi<\/a> biztos\u00edt\u00e1s\u00e1t azonnal nyilv\u00e1ntart\u00e1sba veszik, \u00e9s a tart\u00f3zkod\u00e1si okm\u00e1nyai meg\u00e9rkez\u00e9skor k\u00e9szen \u00e1llnak. A r\u00f6vid t\u00e1v\u00fa tart\u00f3zkod\u00e1sra jogos\u00edt\u00f3 v\u00edzummal rendelkez\u0151k helyzete n\u00e9mileg m\u00e1s, mivel nekik mag\u00e1n\u00faton \u00e1tfog\u00f3 eg\u00e9szs\u00e9gbiztos\u00edt\u00e1st kell k\u00f6tni\u00fck, amely a tart\u00f3zkod\u00e1s idej\u00e9re kiterjed. De az eg\u00e9szs\u00e9gbiztos\u00edt\u00e1s mellett az embernek az\u00e9rt is sz\u00fcks\u00e9ge van utasbiztos\u00edt\u00e1sra, mert az anyagi biztons\u00e1got ny\u00fajt az utaz\u00e1s sor\u00e1n tapasztalt v\u00e1ratlan kellemetlens\u00e9gek eset\u00e9n.  <\/p>\n\n<h2 class=\"wp-block-heading\"><strong>Az utasbiztos\u00edt\u00e1s Skandin\u00e1vi\u00e1ba l\u00e1togatva lehet\u0151v\u00e9 teszi, hogy \u00e9lvezze az utaz\u00e1st \u00e9s kevesebbet agg\u00f3djon.<\/strong><\/h2>\n\n<p class=\"wp-block-paragraph\">K\u00e9ts\u00e9gtelen, hogy Skandin\u00e1via rendelkezik a legjobb helyekkel, amelyeket minden kalandv\u00e1gy\u00f3 sz\u00edvesen megl\u00e1togatna. A term\u00e9szet<a href=\"https:\/\/nordic-expat.com\/the-experience-of-a-road-trip-across-the-nordics\/\">, a t\u00f6rt\u00e9nelem, a kult\u00fara \u00e9s m\u00e9g a modernit\u00e1s is<\/a>, minden orsz\u00e1g k\u00edn\u00e1l valamit, \u00e9s \u00edg\u00e9retes eml\u00e9keket szerezhet. Lehet\u0151s\u00e9g van arra, hogy csak egy l\u00e1togat\u00e1st tervezzen ebbe a r\u00e9gi\u00f3ba, \u00e9s \u00e9lvezze sz\u00e9ps\u00e9g\u00e9t.  <\/p>\n\n<p class=\"wp-block-paragraph\">Ha a kalandok a legjobb m\u00f3dja a tanul\u00e1snak, ahogyan a lelkes utaz\u00f3k mondj\u00e1k, akkor a skandin\u00e1viai vend\u00e9gesked\u00e9s rengeteg tanuls\u00e1ggal szolg\u00e1l. A r\u00e9gi\u00f3 \u00e1ltal\u00e1ban biztons\u00e1gos a l\u00e1togat\u00f3k sz\u00e1m\u00e1ra, mivel ritk\u00e1n jelentenek be s\u00falyos b\u0171ncselekm\u00e9nyeket. Ugyanakkor id\u0151r\u0151l id\u0151re el\u0151fordulhatnak olyan kock\u00e1zatok, mint a j\u00e1ratok t\u00f6rl\u00e9se, poggy\u00e1szveszt\u00e9s, k\u00e9s\u00e9sek az \u00fatvonalon \u00e9s hasonl\u00f3 dolgok. Itt j\u00f6n j\u00f3l az utasbiztos\u00edt\u00e1s; legal\u00e1bbis azok, akik m\u00e1r voltak ilyen helyzetben, t\u00fal j\u00f3l ismerik a frusztr\u00e1ci\u00f3t.  <\/p>\n\n<h2 class=\"wp-block-heading\"><strong>Nincs id\u0151 a lehets\u00e9ges kock\u00e1zatok figyelmen k\u00edv\u00fcl hagy\u00e1s\u00e1ra<\/strong><\/h2>\n\n<p class=\"wp-block-paragraph\">\u00c1ltal\u00e1ban a Skandin\u00e1vi\u00e1ba l\u00e1togat\u00f3knak, ak\u00e1r turistak\u00e9nt, ak\u00e1r m\u00e1s \u00fczleti c\u00e9lb\u00f3l \u00e9rkeznek, korl\u00e1tozott id\u0151 \u00e1ll rendelkez\u00e9s\u00fckre, hogy sok mindent megtehessenek. Ez\u00e9rt az id\u0151 mindig kulcsfontoss\u00e1g\u00fa, \u00e9s a v\u00e1ratlan, ak\u00e1r t\u00f6bb \u00f3r\u00e1s vagy ak\u00e1r egynapos k\u00e9s\u00e9sek teljes k\u00e1oszba sodorj\u00e1k a terveit.  <\/p>\n\n<p class=\"wp-block-paragraph\">Term\u00e9szetesen az utaz\u00e1si irod\u00e1k \u00e9s a l\u00e9git\u00e1rsas\u00e1gok mindig rendelkeznek visszat\u00e9r\u00edt\u00e9si politik\u00e1val vagy k\u00f6vetel\u00e9sekkel az utaz\u00f3k \u00e1ltal a tranzit sor\u00e1n tapasztalt kellemetlens\u00e9gek eset\u00e9n, \u00edgy a megval\u00f3s\u00edt\u00e1s id\u0151be telik. P\u00e9ld\u00e1ul egy k\u00f6vetel\u00e9s <em>\n  <strong>j\u00e1ratt\u00f6rl\u00e9s<\/strong>\n<\/em> vagy k\u00e9s\u00e9s eset\u00e9n ak\u00e1r 72 \u00f3r\u00e1t is ig\u00e9nybe vehet. N\u00e9ha az alternat\u00edv j\u00e1ratra val\u00f3 \u00e1tfoglal\u00e1s magas d\u00edjakkal j\u00e1rhat, amelyek zsebb\u0151l val\u00f3 kifizet\u00e9se megterhel\u0151 lehet.  <\/p>\n\n<figure class=\"wp-block-image size-large\"><img loading=\"lazy\" decoding=\"async\" width=\"1024\" height=\"683\" src=\"https:\/\/scandinavia.life\/wp-content\/uploads\/2023\/03\/john-mcarthur-PrdNTrIrG8w-unsplash-1024x683.jpg\" alt=\"\" class=\"wp-image-108182\" srcset=\"https:\/\/www.scandinavia.life\/wp-content\/uploads\/2023\/03\/john-mcarthur-PrdNTrIrG8w-unsplash-1024x683.jpg 1024w, https:\/\/www.scandinavia.life\/wp-content\/uploads\/2023\/03\/john-mcarthur-PrdNTrIrG8w-unsplash-300x200.jpg 300w, https:\/\/www.scandinavia.life\/wp-content\/uploads\/2023\/03\/john-mcarthur-PrdNTrIrG8w-unsplash-768x512.jpg 768w, https:\/\/www.scandinavia.life\/wp-content\/uploads\/2023\/03\/john-mcarthur-PrdNTrIrG8w-unsplash-1536x1024.jpg 1536w, https:\/\/www.scandinavia.life\/wp-content\/uploads\/2023\/03\/john-mcarthur-PrdNTrIrG8w-unsplash-2048x1365.jpg 2048w\" sizes=\"auto, (max-width: 1024px) 100vw, 1024px\" \/><\/figure>\n\n<p class=\"wp-block-paragraph\">N\u00e9h\u00e1ny sz\u00f3val, ha valaki r\u00f6vid skandin\u00e1viai tart\u00f3zkod\u00e1sra utaz\u00e1si biztos\u00edt\u00e1st k\u00f6t, megk\u00edm\u00e9li mag\u00e1t az aggodalmakt\u00f3l, \u00e9s hagyja, hogy kiz\u00e1r\u00f3lag az \u00e9lvezetre \u00e9s a pihen\u00e9sre \u00f6sszpontos\u00edtson. Senki sem sp\u00f3rol \u00e9s tervez nyaral\u00e1st egy olyan \u00fati c\u00e9lba, mint Skandin\u00e1via, csak az\u00e9rt, hogy minden egyes pillanatot azzal t\u00f6lts\u00f6n, hogy agg\u00f3djon, mi t\u00f6rt\u00e9nne, ha az utaz\u00e1s sor\u00e1n kellemetlens\u00e9gek ad\u00f3dn\u00e1nak.  <\/p>\n\n<h2 class=\"wp-block-heading\"><strong>Az utasbiztos\u00edt\u00e1s k\u00e9nyelmet \u00e9s kiel\u00e9g\u00edt\u0151 biztons\u00e1g\u00e9rzetet ny\u00fajt \u00d6nnek.  <\/strong><\/h2>\n\n<p class=\"wp-block-paragraph\">B\u00e1rki, aki utazott m\u00e1r, k\u00fcl\u00f6n\u00f6sen a haz\u00e1j\u00e1n k\u00edv\u00fclre, meg\u00e9rtheti, hogy az ilyen utaz\u00e1sok kih\u00edv\u00e1sokkal j\u00e1rhatnak. \u00c1ltal\u00e1ban senki sem szeretne kellemetlens\u00e9get szenvedni, amikor egy fant\u00e1ziad\u00fas utaz\u00e1son vesz r\u00e9szt. Igen, sok minden, ami egy utaz\u00e1s sor\u00e1n t\u00f6rt\u00e9nhet vel\u00fcnk, nyilv\u00e1nval\u00f3an nem rajtunk m\u00falik, de legal\u00e1bb a megfelel\u0151 utasbiztos\u00edt\u00e1ssal elker\u00fclhet\u0151 az ezeket k\u00eds\u00e9r\u0151 p\u00e9nz\u00fcgyi stressz.  <\/p>\n\n<p class=\"wp-block-paragraph\">A r\u00f6vid t\u00e1v\u00fa schengeni v\u00edzummal Skandin\u00e1vi\u00e1ba t\u00f6rt\u00e9n\u0151 utaz\u00e1si tervek r\u00e9szek\u00e9nt mindig sz\u00fcks\u00e9g van biztos\u00edt\u00e1sra. Ez a biztos\u00edt\u00e1s az \u00d6n biztons\u00e1gak\u00e9nt m\u0171k\u00f6dik olyan eshet\u0151s\u00e9gek eset\u00e9n, amelyek annyi p\u00e9nzt tenn\u00e9nek ki, ha zsebb\u0151l fizetn\u00e9nek. De aki igaz\u00e1n \u00e9lvezni szeretn\u00e9 a skandin\u00e1viai tart\u00f3zkod\u00e1st, annak t\u00f6bbet kellene tennie ann\u00e1l, mint amit az utaz\u00e1si k\u00f6vetelm\u00e9nyek megk\u00f6vetelnek. A Skandin\u00e1vi\u00e1ba l\u00e1togat\u00f3 utaz\u00e1si biztos\u00edt\u00e1s csak egy alapcsomag, de akkor az egyes utaz\u00f3knak kell kiv\u00e1lasztaniuk egy olyan csomagot, amely jobban gondoskodik a v\u00e9lt vesztes\u00e9gekr\u0151l, ha b\u00e1rmi t\u00f6rt\u00e9nik, amikor odakint van.<\/p>\n\n<p class=\"wp-block-paragraph\">Egy j\u00f3l csomagolt utasbiztos\u00edt\u00e1s <a href=\"https:\/\/www.routesnorth.com\/travel-insurance\/\">garant\u00e1lja a nagy biztons\u00e1got<\/a> arra az esetre, ha az utaz\u00e1s nem a tervezettnek megfelel\u0151en alakulna. P\u00e9ld\u00e1ul egy balesetb\u0151l, lop\u00e1sb\u00f3l vagy m\u00e1s szerencs\u00e9tlens\u00e9gb\u0151l ered\u0151 tapasztalat eset\u00e9n egy utasbiztos\u00edt\u00e1s gyorsan talpra \u00e1ll\u00edtja \u00d6nt.<\/p>\n\n<h2 class=\"wp-block-heading\"><strong>Utaz\u00e1si biztos\u00edt\u00e1s a skandin\u00e1viai utaz\u00e1shoz  <\/strong><\/h2>\n\n<p class=\"wp-block-paragraph\">Ma m\u00e1r minden\u00fctt vannak utaz\u00e1si biztos\u00edt\u00e1si irod\u00e1k \u00e9s szolg\u00e1ltat\u00f3k. De mint sz\u00fcks\u00e9ges, b\u00e1rki, aki biztos\u00edt\u00e1si fedezetet, k\u00fcl\u00f6n\u00f6sen utasbiztos\u00edt\u00e1st k\u00f6t, dupl\u00e1n biztosnak kell lennie abban, hogy a kiv\u00e1lasztott szolg\u00e1ltat\u00f3 val\u00f3ban megb\u00edzhat\u00f3. Nem kell annyit k\u00fczdenie, hogy megtudja, melyik szolg\u00e1ltat\u00f3 megb\u00edzhat\u00f3, \u00e9s melyik nem. A k\u00fcl\u00f6nb\u00f6z\u0151 m\u00e9diumokban megjelen\u0151 nyilv\u00e1nos inform\u00e1ci\u00f3k mindig megb\u00edzhat\u00f3 nyomot adhatnak.  <\/p>\n\n<p class=\"wp-block-paragraph\">A legt\u00f6bb esetben \u00e9rv\u00e9nyes utasbiztos\u00edt\u00e1ssal kell rendelkeznie, miel\u0151tt a k\u00f6vetkez\u0151 okm\u00e1nyt ki\u00e1ll\u00edtan\u00e1k \u00d6nnek <em>\n  <strong>schengeni v\u00edzumot<\/strong>\n<\/em>. Mindezek azonban att\u00f3l f\u00fcgg\u0151en v\u00e1ltoznak, hogy milyen \u00e1llampolg\u00e1rs\u00e1ggal rendelkezik, \u00e9s milyen \u00e1llampolg\u00e1rs\u00e1got tud igazolni. Ez\u00e9rt a legt\u00f6bb ember \u00fagy d\u00f6nt, hogy a saj\u00e1t orsz\u00e1g\u00e1ban m\u0171k\u00f6d\u0151 biztos\u00edt\u00f3t\u00f3l k\u00f6t utasbiztos\u00edt\u00e1st. Ezzel a d\u00f6nt\u00e9ssel nincs semmi baj, de egy m\u00e1sik t\u00f6k\u00e9letes alternat\u00edva az lenne, ha kapcsolatba l\u00e9pne a skandin\u00e1viai utaz\u00e1si biztos\u00edt\u00f3kkal, t\u00e1j\u00e9koztatn\u00e1 \u0151ket a k\u00f6zelg\u0151 utaz\u00e1sr\u00f3l, majd megk\u00e9rn\u00e9 \u0151ket, hogy adj\u00e1k ki \u00d6nnek a sz\u00fcks\u00e9ges biztos\u00edt\u00e1si fedezetet.<\/p>\n\n<figure class=\"wp-block-image size-large\"><img loading=\"lazy\" decoding=\"async\" width=\"1024\" height=\"683\" src=\"https:\/\/scandinavia.life\/wp-content\/uploads\/2023\/03\/jeshoots-com-mSESwdMZr-A-unsplash-1-1024x683.jpg\" alt=\"\" class=\"wp-image-108206\" srcset=\"https:\/\/www.scandinavia.life\/wp-content\/uploads\/2023\/03\/jeshoots-com-mSESwdMZr-A-unsplash-1-1024x683.jpg 1024w, https:\/\/www.scandinavia.life\/wp-content\/uploads\/2023\/03\/jeshoots-com-mSESwdMZr-A-unsplash-1-300x200.jpg 300w, https:\/\/www.scandinavia.life\/wp-content\/uploads\/2023\/03\/jeshoots-com-mSESwdMZr-A-unsplash-1-768x512.jpg 768w, https:\/\/www.scandinavia.life\/wp-content\/uploads\/2023\/03\/jeshoots-com-mSESwdMZr-A-unsplash-1-1536x1024.jpg 1536w, https:\/\/www.scandinavia.life\/wp-content\/uploads\/2023\/03\/jeshoots-com-mSESwdMZr-A-unsplash-1-2048x1365.jpg 2048w\" sizes=\"auto, (max-width: 1024px) 100vw, 1024px\" \/><\/figure>\n\n<p class=\"wp-block-paragraph\">Egyes utaz\u00f3k fontol\u00f3ra veszik, hogy k\u00f6zvetlen\u00fcl Skandin\u00e1vi\u00e1b\u00f3l k\u00f6tnek utasbiztos\u00edt\u00e1st, miel\u0151tt elutazn\u00e1nak, mert az nagyon dr\u00e1ga. Ez\u00e9rt ink\u00e1bb otthonr\u00f3l v\u00e1s\u00e1rolnak olcs\u00f3bb lehet\u0151s\u00e9geket. De nem tudja, hogy itt a biztos\u00edt\u00f3 bizalma \u00e9s megb\u00edzhat\u00f3s\u00e1gi szintje sz\u00e1m\u00edt? Ha az otthoni \u00fcgyn\u00f6ks\u00e9ge k\u00e9zn\u00e9l lesz, ha k\u00e1rig\u00e9nyek mer\u00fclnek fel, az sz\u00e9p \u00e9s j\u00f3, de a skandin\u00e1viai utaz\u00e1si biztos\u00edt\u00e1si \u00fcgyn\u00f6ks\u00e9gek mindig is bizony\u00edtott\u00e1k megb\u00edzhat\u00f3s\u00e1gukat, amikor a k\u00e9ts\u00e9gbeesett id\u0151k el\u00e9rik a biztos\u00edtottakat.  <\/p>\n\n<h2 class=\"wp-block-heading\"><strong>Skandin\u00e1vi\u00e1ba utazva utasbiztos\u00edt\u00e1sra van sz\u00fcks\u00e9ge<\/strong><\/h2>\n\n<h3 class=\"wp-block-heading\"><em>Fedezi az orvosi sz\u00e1ml\u00e1kat utaz\u00e1skor  <\/em><\/h3>\n\n<p class=\"wp-block-paragraph\">Nem titok, hogy a skandin\u00e1v orsz\u00e1gok Eur\u00f3pa legdr\u00e1g\u00e1bb orsz\u00e1gai, \u00e9s az \u0151 eg\u00e9szs\u00e9g\u00fcgyi rendszer\u00fck semmik\u00e9ppen sem lesz m\u00e1sk\u00e9pp. Igen, az orvosi ell\u00e1t\u00e1s Skandin\u00e1vi\u00e1ban tov\u00e1bbra is magas sz\u00ednvonal\u00fa. A modern k\u00f3rh\u00e1zi k\u00f6rnyezetben biztosan \u00e9lvezheti a kiv\u00e1l\u00f3 l\u00e9tes\u00edtm\u00e9nyeket \u00e9s berendez\u00e9seket. Ez m\u00e9g Skandin\u00e1via legeldugottabb ter\u00fcletein is \u00edgy van.  <\/p>\n\n<p class=\"wp-block-paragraph\"><a href=\"https:\/\/ec.europa.eu\/social\/main.jsp?catId=559\">Eur\u00f3pai Eg\u00e9szs\u00e9gbiztos\u00edt\u00e1si K\u00e1rtya <\/a>(TAJ-k\u00e1rtya) n\u00e9lk\u00fcl szinte lehetetlen lesz ingyenes orvosi ell\u00e1t\u00e1shoz jutni, am\u00edg az \u00e9szaki orsz\u00e1gokban tart\u00f3zkodik. Pontosan ez az egyik oka annak, hogy mi\u00e9rt van sz\u00fcks\u00e9ge olyan utasbiztos\u00edt\u00e1sra, amely az orvosi fedezetet csomagban foglalja \u00f6ssze.  <\/p>\n\n<p class=\"wp-block-paragraph\">M\u00e9g ha az eg\u00e9szs\u00e9ged t\u00f6k\u00e9letesen rendben is van, el\u00e9g egy rossz esem\u00e9ny, \u00e9s minden elsz\u00e1ll. Ez k\u00fcl\u00f6n\u00f6sen akkor biztos, amikor a vadreg\u00e9nyes t\u00e1jakat \u00e9lvezed, \u00e9s amikor a legsz\u00f3rakoztat\u00f3bb tev\u00e9kenys\u00e9geket keresed, amelyeket ez a r\u00e9gi\u00f3 k\u00edn\u00e1l neked. Nem kell azonban mindig t\u00far\u00e1zni \u00e9s t\u00far\u00e1zni, hogy bajba ker\u00fclj\u00f6n, mert az \u00e9szaki r\u00e9gi\u00f3ban m\u00e9g aut\u00f3balesetek is el\u0151fordulnak. Teh\u00e1t nagyon biztons\u00e1gban van az utasbiztos\u00edt\u00e1ssal, de csak arr\u00f3l kell gondoskodnia, hogy az <a href=\"https:\/\/www.routesnorth.com\/travel-insurance\/why-you-need-travel-insurance-for-a-trip-to-norway\/\">orvosi fedezetet<\/a> is tartalmazzon.<\/p>\n\n<h3 class=\"wp-block-heading\"><em>Fedezet az utaz\u00e1s sor\u00e1n elveszett t\u00e1rgyakra<\/em><\/h3>\n\n<p class=\"wp-block-paragraph\">Az eg\u00e9szs\u00e9g\u00fcgyi ell\u00e1t\u00e1son k\u00edv\u00fcl rengeteg m\u00e1s dolog is van, amire el\u00e9g fontos, hogy legyen fedezet. Annak ellen\u00e9re, hogy az \u00e9szaki orsz\u00e1gok egyike a nagyon biztons\u00e1gos helyeknek, m\u00e9g mindig el\u0151fordulhatnak olyan minim\u00e1lis esetek, amikor valaki elvesz\u00edtheti a t\u00e1rgyait. A skandin\u00e1v nagyv\u00e1rosokban uralkod\u00f3 kavarod\u00e1sban k\u00f6nnyen elvesz\u00edtheti szem\u00e9lyes t\u00e1rgyait, p\u00e9ld\u00e1ul telefonj\u00e1t, p\u00e9nzt\u00e1rc\u00e1j\u00e1t vagy m\u00e1s fontos dolgait. Mind\u00f6ssze annyit kell tennie, hogy megragadja az utasbiztos\u00edt\u00e1s\u00e1t, \u00e9s meggy\u0151z\u0151dj\u00f6n arr\u00f3l, hogy az minden mag\u00e1val vitt t\u00e1rgyra kiterjed.<\/p>\n\n<h3 class=\"wp-block-heading\"><em>Fedezze az utaz\u00e1sok t\u00f6rl\u00e9s\u00e9t \u00e9s k\u00e9s\u00e9s\u00e9t<\/em><\/h3>\n\n<p class=\"wp-block-paragraph\">Vannak olyan k\u00f6r\u00fclm\u00e9nyek, amelyek az \u00d6n befoly\u00e1s\u00e1n k\u00edv\u00fcl esnek, \u00e9s amelyek a rep\u00fcl\u0151jegy, az utaz\u00e1s vagy a t\u00far\u00e1k t\u00f6rl\u00e9s\u00e9hez vezethetnek. Teh\u00e1t amint lefoglalja skandin\u00e1viai \u00fatj\u00e1t, gondoskodjon arr\u00f3l, hogy m\u00e1r meg legyen az utasbiztos\u00edt\u00e1sa. Ez seg\u00edt fedezni az utaz\u00e1s el\u0151tt bek\u00f6vetkez\u0151 esetleges lemond\u00e1sokat, \u00e9s visszak\u00f6vetelheti a p\u00e9nz\u00e9nek nagy r\u00e9sz\u00e9t vagy legal\u00e1bbis egy r\u00e9sz\u00e9t.  <\/p>\n\n<p class=\"wp-block-paragraph\">Ugyanakkor az utaz\u00e1s k\u00e9s\u00e9se eset\u00e9n az ember val\u00f3sz\u00edn\u0171leg a rep\u00fcl\u0151t\u00e9ren ragad. Egy tisztess\u00e9ges utasbiztos\u00edt\u00e1s fedezi az \u00e9tkez\u00e9st \u00e9s m\u00e9g a telefonh\u00edv\u00e1sokat is ilyenkor. Ugyan\u00edgy k\u00e1rt\u00e9r\u00edt\u00e9seket kell ig\u00e9nybe venni a val\u00f3di k\u00e9s\u00e9sek \u00e9s a j\u00e1ratok lek\u00e9s\u00e9se eset\u00e9n is.<\/p>\n\n<h2 class=\"wp-block-heading\"><strong>Megfontoland\u00f3 szempontok a skandin\u00e1viai utasbiztos\u00edt\u00e1s megk\u00f6t\u00e9sekor  <\/strong><\/h2>\n\n<ul class=\"wp-block-list\">\n<li>Olvassa el a biztos\u00edt\u00e1si aj\u00e1nlat\/csomag minden egyes r\u00e9szlet\u00e9t.<\/li>\n\n\n\n<li>Biztos\u00edtani kell, hogy szem\u00e9lyes t\u00e1rgyai teljes \u00e9rt\u00e9k\u00fckben biztos\u00edtva legyenek.  <\/li>\n\n\n\n<li>V\u00e1lasszon ink\u00e1bb \u00fczleti utasbiztos\u00edt\u00e1st, mert nagyszer\u0171 el\u0151ny\u00f6kkel j\u00e1r.<\/li>\n\n\n\n<li>Fontolja meg egy \u00e9ves biztos\u00edt\u00e1s v\u00e1s\u00e1rl\u00e1s\u00e1t egy gyakran utaz\u00f3 sz\u00e1m\u00e1ra az \u00e9v sor\u00e1n<\/li>\n\n\n\n<li>K\u00fcl\u00f6n\u00f6sen Norv\u00e9gi\u00e1ba \u00e9rkezve \u00e9rdemes t\u00e1j\u00e9koz\u00f3dni a t\u00e9li sportokra vonatkoz\u00f3 kiz\u00e1r\u00e1sokr\u00f3l.  <\/li>\n\n\n\n<li>Ellen\u0151rizze a kiz\u00e1rt ter\u00fcleteket<\/li>\n\n\n\n<li>Tekintse meg az alacsony \u00f6nr\u00e9szt k\u00edn\u00e1l\u00f3 t\u00e1rsas\u00e1gokat  <\/li>\n<\/ul>\n\n<h2 class=\"wp-block-heading\"><strong>P\u00e9ld\u00e1k az utasbiztos\u00edt\u00e1sra Skandin\u00e1vi\u00e1ban<\/strong><\/h2>\n\n<p class=\"wp-block-paragraph\">Vil\u00e1g Nom\u00e1dok  <\/p>\n\n<p class=\"wp-block-paragraph\">Heritage Biztos\u00edt\u00f3 T\u00e1rsas\u00e1g<\/p>\n\n<p class=\"wp-block-paragraph\">CHUBB utasbiztos\u00edt\u00e1s<\/p>\n","protected":false},"excerpt":{"rendered":"<p>Az emberek nap mint nap sokf\u00e9le okb\u00f3l utaznak a skandin\u00e1v orsz\u00e1gokba. Val\u00f3sz\u00edn\u0171leg ismer olyan bar\u00e1tot, rokont vagy ismer\u0151st, aki a k\u00f6zelm\u00faltban D\u00e1ni\u00e1ba, Norv\u00e9gi\u00e1ba vagy Sv\u00e9dorsz\u00e1gba utazott? Ez a h\u00e1rom orsz\u00e1g alkotja a nagyobb Skandin\u00e1vi\u00e1t, \u00e9s egy\u00fcttesen a legjobbak a glob\u00e1lis boldogs\u00e1gindexben. B\u00e1r ezekben az orsz\u00e1gokban sz\u00e9ls\u0151s\u00e9ges t\u00e9l van, mindig van mire feln\u00e9zni, \u00e9s ez megmagyar\u00e1zza,<\/p>\n","protected":false},"author":1,"featured_media":108168,"comment_status":"closed","ping_status":"closed","sticky":false,"template":"","format":"standard","meta":{"footnotes":""},"categories":[24223],"tags":[],"class_list":["post-120673","post","type-post","status-publish","format-standard","has-post-thumbnail","hentry","category-uncategorized-hu"],"_links":{"self":[{"href":"https:\/\/www.scandinavia.life\/hu\/wp-json\/wp\/v2\/posts\/120673","targetHints":{"allow":["GET"]}}],"collection":[{"href":"https:\/\/www.scandinavia.life\/hu\/wp-json\/wp\/v2\/posts"}],"about":[{"href":"https:\/\/www.scandinavia.life\/hu\/wp-json\/wp\/v2\/types\/post"}],"author":[{"embeddable":true,"href":"https:\/\/www.scandinavia.life\/hu\/wp-json\/wp\/v2\/users\/1"}],"replies":[{"embeddable":true,"href":"https:\/\/www.scandinavia.life\/hu\/wp-json\/wp\/v2\/comments?post=120673"}],"version-history":[{"count":0,"href":"https:\/\/www.scandinavia.life\/hu\/wp-json\/wp\/v2\/posts\/120673\/revisions"}],"wp:featuredmedia":[{"embeddable":true,"href":"https:\/\/www.scandinavia.life\/hu\/wp-json\/wp\/v2\/media\/108168"}],"wp:attachment":[{"href":"https:\/\/www.scandinavia.life\/hu\/wp-json\/wp\/v2\/media?parent=120673"}],"wp:term":[{"taxonomy":"category","embeddable":true,"href":"https:\/\/www.scandinavia.life\/hu\/wp-json\/wp\/v2\/categories?post=120673"},{"taxonomy":"post_tag","embeddable":true,"href":"https:\/\/www.scandinavia.life\/hu\/wp-json\/wp\/v2\/tags?post=120673"}],"curies":[{"name":"wp","href":"https:\/\/api.w.org\/{rel}","templated":true}]}}