{"id":123541,"date":"2023-03-18T10:30:29","date_gmt":"2023-03-18T10:30:29","guid":{"rendered":"http:\/\/scandinavia.life\/a-legtobb-skandinaviai-expatrians-elso-kozos-munkahelye\/"},"modified":"2024-03-09T20:25:04","modified_gmt":"2024-03-09T20:25:04","slug":"a-legtobb-skandinaviai-expatrians-elso-kozos-munkahelye","status":"publish","type":"post","link":"https:\/\/www.scandinavia.life\/hu\/a-legtobb-skandinaviai-expatrians-elso-kozos-munkahelye\/","title":{"rendered":"A legt\u00f6bb skandin\u00e1viai expatri\u00e1ns els\u0151 k\u00f6z\u00f6s munkahelye"},"content":{"rendered":"\n<p class=\"wp-block-paragraph\">Az emberek a vil\u00e1g minden t\u00e1j\u00e1r\u00f3l v\u00e1gynak arra, hogy Skandin\u00e1vi\u00e1ba utazzanak \u00e9s megtapasztalj\u00e1k, m\u00e9g ink\u00e1bb az\u00e9rt, mert Skandin\u00e1vi\u00e1t b\u00e9k\u00e9s, t\u00e1rsadalmilag stabil \u00e9s boldog r\u00e9gi\u00f3nak tartj\u00e1k. Val\u00f3ban sokan, akik \u00e1lland\u00f3 tart\u00f3zkod\u00e1si enged\u00e9lyt vagy ak\u00e1r \u00e1llampolg\u00e1rs\u00e1got kapnak Norv\u00e9gi\u00e1ban, Sv\u00e9dorsz\u00e1gban, Finnorsz\u00e1gban vagy D\u00e1ni\u00e1ban, tan\u00fas\u00edthatj\u00e1k, hogy a j\u00f3l\u00e9t\u00fck jobb lett. De ahhoz, hogy t\u00f6k\u00e9letesen megtapasztalhassa ezt a nagys\u00e1got, egy expatnak meg kell n\u00e9znie a legt\u00f6bb expat sz\u00e1m\u00e1ra el\u00e9rhet\u0151 \u00e1ll\u00e1sokat a r\u00e9gi\u00f3ban, \u00e9s azonnal munk\u00e1ba kell \u00e1llnia.  <\/p>\n\n<p class=\"wp-block-paragraph\">Az izgalmas munkakult\u00fara \u00e9s a Skandin\u00e1vi\u00e1ban b\u00e1rmilyen munkak\u00f6rben meg\u00e9lhet\u00e9st biztos\u00edt\u00f3 b\u00e9rsz\u00ednvonal megk\u00f6nny\u00edti a kezd\u0151 expatri\u00e1nsok sz\u00e1m\u00e1ra a sz\u00e1ml\u00e1k kifizet\u00e9s\u00e9t, \u00e9s viszonylag boldogok maradnak. Abban azonban mindannyian egyet\u00e9rthet\u00fcnk, hogy egy \u00faj munkaer\u0151piacra val\u00f3 bel\u00e9p\u00e9s, ahol az orsz\u00e1goknak saj\u00e1t nyelv\u00fck van, nagyon megterhel\u0151 lehet. Hacsak nem magasan k\u00e9pzett \u00e9s tapasztalt szakemberk\u00e9nt \u00e9rkezik Skandin\u00e1vi\u00e1ba, nem lesz olyan k\u00f6nny\u0171 k\u00f6zvetlen\u00fcl eljutni \u00e1lmai munkahely\u00e9re. K\u00e9rdez\u0151sk\u00f6dj\u00f6n, \u00e9s az \u0151szinte ismer\u0151s\u00f6k vagy bar\u00e1tok el fogj\u00e1k mondani, hogy milyen munk\u00e1kkal kezdt\u00e9k.<\/p>\n\n<figure class=\"wp-block-image size-large\"><img loading=\"lazy\" decoding=\"async\" width=\"1024\" height=\"683\" src=\"http:\/\/scandinavia.life\/wp-content\/uploads\/2023\/03\/tim-mossholder-xDwEa2kaeJA-unsplash-1024x683.jpg\" alt=\"\" class=\"wp-image-104424\" srcset=\"https:\/\/www.scandinavia.life\/wp-content\/uploads\/2023\/03\/tim-mossholder-xDwEa2kaeJA-unsplash-1024x683.jpg 1024w, https:\/\/www.scandinavia.life\/wp-content\/uploads\/2023\/03\/tim-mossholder-xDwEa2kaeJA-unsplash-300x200.jpg 300w, https:\/\/www.scandinavia.life\/wp-content\/uploads\/2023\/03\/tim-mossholder-xDwEa2kaeJA-unsplash-768x512.jpg 768w, https:\/\/www.scandinavia.life\/wp-content\/uploads\/2023\/03\/tim-mossholder-xDwEa2kaeJA-unsplash-1536x1024.jpg 1536w, https:\/\/www.scandinavia.life\/wp-content\/uploads\/2023\/03\/tim-mossholder-xDwEa2kaeJA-unsplash-2048x1365.jpg 2048w\" sizes=\"auto, (max-width: 1024px) 100vw, 1024px\" \/><figcaption class=\"wp-element-caption\"><strong><em>Szezon\u00e1lis bogy\u00f3szed\u0151 \u00e1ll\u00e1sok<\/em><\/strong><\/figcaption><\/figure>\n\n<p class=\"wp-block-paragraph\">Term\u00e9szetesen azok, akiknek vannak rokonaik Skandin\u00e1vi\u00e1ban, vagy van idej\u00fck arra, hogy a r\u00e9gi\u00f3ba tervezett k\u00f6lt\u00f6z\u00e9s\u00fck el\u0151tt sokat tudjanak, tudj\u00e1k, milyen k\u00e9szs\u00e9geken kell dolgozniuk el\u0151tte. Lehet, hogy \u00d6n p\u00e9ld\u00e1ul p\u00e9nzt\u00e1ros egy boltban, p\u00e9nzt\u00e1ros egy bankban, adminisztr\u00e1tor egy v\u00e1llalatn\u00e1l, de azt\u00e1n Skandin\u00e1vi\u00e1ba \u00e9rkezve r\u00e1j\u00f6n, hogy ezeket a munkak\u00f6r\u00f6ket nem kaphatja meg ilyen k\u00f6zvetlen\u00fcl. Lehet, hogy sz\u00fcks\u00e9ged van valamilyen kieg\u00e9sz\u00edt\u0151 k\u00e9pz\u00e9sre, tanonck\u00e9pz\u00e9sre vagy tov\u00e1bbk\u00e9pz\u00e9sre. Emellett azok a munk\u00e1k, amelyek folyamatos \u00e9s rendszeres interakci\u00f3t ig\u00e9nyelnek a helyiekkel, azt jelentik, hogy expatak\u00e9nt a nyelvtanul\u00e1s elengedhetetlen.  <\/p>\n\n<h2 class=\"wp-block-heading\"><strong>A Skandin\u00e1vi\u00e1ban val\u00f3 munkav\u00e1llal\u00e1s ir\u00e1nti \u00e9rezhet\u0151 v\u00e1gy<\/strong><\/h2>\n\n<p class=\"wp-block-paragraph\">Egy olyan vil\u00e1gban, ahol az orsz\u00e1gok, m\u00e9g a fejlett orsz\u00e1gok is, mint p\u00e9ld\u00e1ul az Amerikai Egyes\u00fclt \u00c1llamok, azzal k\u00fczdenek, hogy tisztess\u00e9ges munkahelyeket teremtsenek a helyiek sz\u00e1m\u00e1ra, sokan nem b\u00e1nj\u00e1k, ha \u00e1t kell utazniuk, hogy z\u00f6ldebb legel\u0151ket keressenek Skandin\u00e1vi\u00e1ban. A skandin\u00e1v orsz\u00e1gokkal kapcsolatban elmondhat\u00f3, hogy a regisztr\u00e1lt n\u00e9pess\u00e9g\u00fck viszonylag stabil, \u00e9s csak elhanyagolhat\u00f3 m\u00e9rt\u00e9k\u0171 az illeg\u00e1lis bev\u00e1ndorl\u00e1s. Ez azt jelenti, hogy az orsz\u00e1goknak siker\u00fcl j\u00f3 munkahelyeket teremteni\u00fck \u00e9s fenntartaniuk minden leg\u00e1lis lakos sz\u00e1m\u00e1ra, valamint szaftos fizet\u00e9seket alkudoznak ki a munkaad\u00f3kkal. A Skandin\u00e1vi\u00e1ban b\u00e1rmely ipar\u00e1gban alkalmazott k\u00fclf\u00f6ldi munkav\u00e1llal\u00f3 biztos lehet abban, hogy j\u00f3l\u00e9te garant\u00e1lt, \u00e9s kizs\u00e1km\u00e1nyol\u00e1sra nem ker\u00fclhet sor.  <\/p>\n\n<p class=\"wp-block-paragraph\">K\u00e9rdezzen meg b\u00e1rmelyik fejl\u0151d\u0151 orsz\u00e1gban \u00e9l\u0151 fiatalembert arr\u00f3l, hogy milyen gondolatai lenn\u00e9nek arr\u00f3l, hogy Skandin\u00e1vi\u00e1ba k\u00f6lt\u00f6zz\u00f6n \u00e9s ott kezdjen el dolgozni. \u00c9szre fogja venni, hogy k\u00e9szs\u00e9gesen \u00f6sszepakoln\u00e1k a holmijukat, \u00e9s kil\u00e9pn\u00e9nek, hogy ott \u00faj \u00e9letet kezdjenek. Val\u00f3j\u00e1ban nagyon sok olyan eset volt, amikor embereket csemp\u00e9sztek csak az\u00e9rt, hogy Skandin\u00e1vi\u00e1ba j\u00f6jjenek. De hacsak nem vagy leg\u00e1lis bev\u00e1ndorl\u00f3 Skandin\u00e1vi\u00e1ban, \u00e1lom lenne ott munk\u00e1t v\u00e1rni.  <\/p>\n\n<h2 class=\"wp-block-heading\"><strong>Munkahely \u00e9s munkak\u00f6r\u00fclm\u00e9nyek Skandin\u00e1vi\u00e1ban<\/strong><\/h2>\n\n<p class=\"wp-block-paragraph\">Skandin\u00e1vi\u00e1ban a biztons\u00e1g \u00e9s a v\u00e9delem szempontjai egy fokkal magasabbak. Minden munkav\u00e1llal\u00f3 sz\u00e1m\u00e1ra a munk\u00e1ltat\u00f3 fizeti a biztos\u00edt\u00e1st, \u00e9s egy kiz\u00e1r\u00f3lag a munkahelyi biztons\u00e1ggal foglalkoz\u00f3 r\u00e9szleget m\u0171k\u00f6dtetnek. Ez\u00e9rt semmi sem jobb ann\u00e1l, mint amikor a munkahelyi s\u00e9r\u00fcl\u00e9s eset\u00e9n ki kell \u00fcr\u00edtenie a p\u00e9nzt\u00e1rc\u00e1j\u00e1t, vagy a gy\u00f3gyul\u00e1s sor\u00e1n teljesen elvesz\u00edti a j\u00f6vedelm\u00e9t. Ez a helyzet a munkahelyeken D\u00e1ni\u00e1ban, Finnorsz\u00e1gban, Izlandon, Norv\u00e9gi\u00e1ban \u00e9s Sv\u00e9dorsz\u00e1gban.  <\/p>\n\n<p class=\"wp-block-paragraph\">\u00c9des hab a tort\u00e1n, hogy versenyk\u00e9pes fizet\u00e9st is kap, f\u00fcggetlen\u00fcl att\u00f3l, hogy milyen munk\u00e1t v\u00e9gez. Val\u00f3j\u00e1ban minden j\u00f3l v\u00e9gzett munk\u00e1\u00e9rt tisztess\u00e9ges fizet\u00e9st kap. Teh\u00e1t, ak\u00e1r egy egyszer\u0171 munk\u00e1val kezdj\u00fck, ak\u00e1r szerencs\u00e9sen k\u00f6zvetlen\u00fcl egy szakmai \u00e1ll\u00e1st kapunk, a skandin\u00e1viai <a href=\"http:\/\/scandinavia.life\/hu\/gyors-lepesek-a-bevandorloi-allas-megszerzesehez\/\"> k\u00fclf\u00f6ldi karrier<\/a> nem s\u00e9tagalopp. Miel\u0151tt megtudn\u00e1, hogy milyen \u00e1ll\u00e1sokat kaphat Skandin\u00e1vi\u00e1ban, fontos, hogy tiszt\u00e1ban legyen azzal, hogy mi a jelent\u0151s\u00e9ge annak, hogy ezekben az orsz\u00e1gokban van munk\u00e1ja.  <\/p>\n\n<h2 class=\"wp-block-heading\"><strong>A munka, a munka \u00e9s a munkav\u00e1llal\u00f3k nagyrabecs\u00fcl\u00e9se Skandin\u00e1vi\u00e1ban<\/strong><\/h2>\n\n<p class=\"wp-block-paragraph\">A munkahelyi el\u00e9gedetts\u00e9g \u00e9s boldogs\u00e1g olyan fontos szempontok, amelyeket minden skandin\u00e1v munk\u00e1ltat\u00f3 igyekszik fenntartani. A munk\u00e1ltat\u00f3k mindent megtesznek az\u00e9rt, hogy a munkav\u00e1llal\u00f3k, b\u00e1rmit is tesznek, a munkahely szerves r\u00e9sz\u00e9nek \u00e9rezz\u00e9k magukat. P\u00e9ld\u00e1ul olyan jutalmaz\u00e1si rendszerekkel \u00e9s aj\u00e1nd\u00e9koz\u00e1ssal rendelkeznek, amelyek teljes m\u00e9rt\u00e9kben motiv\u00e1lj\u00e1k a munkav\u00e1llal\u00f3kat, \u00e9s a c\u00e9ggel val\u00f3 azonosul\u00e1sra \u00f6szt\u00f6nzik \u0151ket. K\u00fcl\u00f6nleges napokon, p\u00e9ld\u00e1ul sz\u00fclet\u00e9snapokon, munka\u00e9vfordul\u00f3kon, \u00e9v v\u00e9g\u00e9n vagy helyi hagyom\u00e1nyok szerint aj\u00e1nd\u00e9kokat osztogatnak \u00e9s s\u00fctem\u00e9nyeket v\u00e1gnak, amelyek egy\u00fcttesen tartj\u00e1k meg a munkav\u00e1llal\u00f3knak a munkahely\u00fckh\u00f6z val\u00f3 ragaszkod\u00e1s\u00e1t.  <\/p>\n\n<figure class=\"wp-block-image size-large\"><img loading=\"lazy\" decoding=\"async\" width=\"683\" height=\"1024\" src=\"http:\/\/scandinavia.life\/wp-content\/uploads\/2023\/03\/remy-gieling-KP6XQIEjjPA-unsplash-683x1024.jpg\" alt=\"\" class=\"wp-image-104400\" srcset=\"https:\/\/www.scandinavia.life\/wp-content\/uploads\/2023\/03\/remy-gieling-KP6XQIEjjPA-unsplash-683x1024.jpg 683w, https:\/\/www.scandinavia.life\/wp-content\/uploads\/2023\/03\/remy-gieling-KP6XQIEjjPA-unsplash-200x300.jpg 200w, https:\/\/www.scandinavia.life\/wp-content\/uploads\/2023\/03\/remy-gieling-KP6XQIEjjPA-unsplash-768x1151.jpg 768w, https:\/\/www.scandinavia.life\/wp-content\/uploads\/2023\/03\/remy-gieling-KP6XQIEjjPA-unsplash-1025x1536.jpg 1025w, https:\/\/www.scandinavia.life\/wp-content\/uploads\/2023\/03\/remy-gieling-KP6XQIEjjPA-unsplash-1367x2048.jpg 1367w, https:\/\/www.scandinavia.life\/wp-content\/uploads\/2023\/03\/remy-gieling-KP6XQIEjjPA-unsplash-scaled.jpg 1709w\" sizes=\"auto, (max-width: 683px) 100vw, 683px\" \/><figcaption class=\"wp-element-caption\"><em><strong>Kem\u00e9nyen \u0151rl\u0151dnek a skandin\u00e1viai gy\u00e1rt\u00f3soron a k\u00fclf\u00f6ldiek<\/strong><\/em><\/figcaption><\/figure>\n\n<p class=\"wp-block-paragraph\">\u0150szint\u00e9n sz\u00f3lva, a Skandin\u00e1vi\u00e1t meghat\u00e1roz\u00f3, dokument\u00e1lt boldogs\u00e1gban val\u00f3 r\u00e9szesed\u00e9s legjobb m\u00f3dja a kem\u00e9ny munka. Azok, akik tiszt\u00e1ban vannak a skandin\u00e1viai, k\u00fcl\u00f6n\u00f6sen a sv\u00e9d \u00e9s d\u00e1n meg\u00e9lhet\u00e9si k\u00f6lts\u00e9gek jelent\u0151s m\u00e9rt\u00e9k\u0171 emelked\u00e9s\u00e9vel, t\u00fals\u00e1gosan is j\u00f3l tudj\u00e1k, hogy egy munkahely nem biztos, hogy elegend\u0151. Igen, ez lehet\u0151v\u00e9 teszi, hogy fizesse a sz\u00e1ml\u00e1kat, \u00e9s marad egy kis fenntart\u00e1si k\u00f6lts\u00e9g, de ahhoz, hogy a luxus extra \u00edz\u00e9t, egy nyaral\u00e1st itt \u00e9s egy partit ott, egy extra munka v\u00e1llal\u00e1sa t\u00f6k\u00e9letes v\u00e1laszt\u00e1ss\u00e1 v\u00e1lik.  <\/p>\n\n<p class=\"wp-block-paragraph\">Munk\u00e1val \u00e9s elfogadhat\u00f3 j\u00f6vedelemmel a t\u00f6k\u00e9letes szabads\u00e1g \u00e9rz\u00e9s\u00e9t nyeri el. Nincs helye a lustas\u00e1gnak \u00e9s annak, hogy a j\u00f3l\u00e9tet v\u00e1rjuk az \u00e9gb\u0151l, mint ahogyan a manna \u00e9s a f\u00fcrj esett az izraelit\u00e1knak. Minden biztos\u00edt\u00e9k, amit minden expatri\u00e1ltnak mag\u00e1val kell vinnie, ha Skandin\u00e1vi\u00e1ba k\u00f6lt\u00f6zik, az az, hogy nagyon sok munkahely \u00e1ll rendelkez\u00e9sre. Nem sz\u00e1m\u00edthatsz arra, hogy megkapod az \u00e1lommunk\u00e1t, vagy azt, amelyik megfelel a k\u00e9pzetts\u00e9gednek. Ak\u00e1r diplom\u00e1s, ak\u00e1r haz\u00e1ja szakembere, rugalmasnak kell lennie, \u00e9s meg kell ragadnia a rendelkez\u00e9sre \u00e1ll\u00f3 lehet\u0151s\u00e9geket. Ha \u00f6sszebar\u00e1tkozol azokkal, akik m\u00e1r ott vannak, tal\u00e1n el\u00e9g \u0151szint\u00e9k lesznek ahhoz, hogy elmondj\u00e1k, hogy \u0151k is ilyen m\u00e9lyr\u0151l indultak, \u00e9s id\u0151vel felemelkedtek.  <\/p>\n\n<h2 class=\"wp-block-heading\">A Skandin\u00e1vi\u00e1n k\u00edv\u00fcli eur\u00f3paiaknak is el kell kezdeni\u00fck valahonnan.<\/h2>\n\n<p class=\"wp-block-paragraph\">Mostanra val\u00f3sz\u00edn\u0171leg m\u00e1r \u00d6n is tudja, hogy Skandin\u00e1via mint r\u00e9gi\u00f3 az Eur\u00f3pai Uni\u00f3 \u00e9s az eur\u00f3pai gazdas\u00e1gi \u00f6vezet r\u00e9sze, amely nagyj\u00e1b\u00f3l 26 orsz\u00e1got foglal mag\u00e1ban. A Skandin\u00e1vi\u00e1n k\u00edv\u00fcli uni\u00f3s orsz\u00e1gok \u00e1llampolg\u00e1rai is hasonl\u00f3 sorsra jutnak, ha karriert akarnak \u00e9p\u00edteni. Nagyon nagy sz\u00fcks\u00e9g van a t\u00fcrelemre \u00e9s a kitart\u00e1sra, am\u00edg jobb lehet\u0151s\u00e9gek nem ad\u00f3dnak. A t\u00fcrelmetlen emberek \u00fagy d\u00f6nthetnek, hogy elhagyj\u00e1k az orsz\u00e1got, vagy a szomsz\u00e9dos orsz\u00e1gokba k\u00f6lt\u00f6znek.  <\/p>\n\n<p class=\"wp-block-paragraph\">A nap v\u00e9g\u00e9n, ami a legfontosabb, az a k\u00e9pess\u00e9g, hogy eleget tegyen a sz\u00e1ml\u00e1knak \u00e9s fenntartsa az \u00e9letet, mik\u00f6zben szimpatikus munkalehet\u0151s\u00e9geket keres. Tudja, hogy Skandin\u00e1vi\u00e1ban l\u00e9nyeg\u00e9ben minden\u00e9rt fizetni kell, amit haszn\u00e1l. Mivel nincs egy f\u00e9l koron\u00e1d vagy egy eur\u00f3d sem, a buszsof\u0151r nem visz el a k\u00edv\u00e1nt c\u00e9l\u00e1llom\u00e1sra. Emellett a sz\u00e1ml\u00e1kat az elv\u00e1rt \u00fctemez\u00e9s szerint kell kifizetnie. Amikor a sz\u00e1ml\u00e1kr\u00f3l besz\u00e9lek, ne feledje, hogy \u00f6n\u00f6k egy <a href=\"https:\/\/en.wikipedia.org\/wiki\/Developed_country\">fejlett<\/a> r\u00e9gi\u00f3ban vannak. Olyan k\u00f6zm\u0171vekre lesz sz\u00fcks\u00e9ge, mint a f\u0171t\u00e9s, a v\u00edz, a szem\u00e9tsz\u00e1ll\u00edt\u00e1s \u00e9s a villany bizonyos \u00e1ron. Ha nincs munk\u00e1ja, akkor p\u00e9nz\u00fcgyi zavarokba ker\u00fclhet.  <\/p>\n\n<h2 class=\"wp-block-heading\"><strong>A legt\u00f6bb k\u00fclf\u00f6ldi munkav\u00e1llal\u00f3 Skandin\u00e1vi\u00e1ban kezd el dolgozni  <\/strong><\/h2>\n\n<p class=\"wp-block-paragraph\">Az egyik szab\u00e1ly, amelyet be kell tartania a skandin\u00e1viai \u00e1ll\u00e1skeres\u00e9s sor\u00e1n, az, hogy nem szabad t\u00fals\u00e1gosan v\u00e1logat\u00f3snak lennie. B\u00e1rmennyire is a <a href=\"http:\/\/scandinavia.life\/hu\/hogyan-lehet-munkat-talalni-skandinaviaban\/#more-3543\">megfelel\u0151 munkahelyek megtal\u00e1l\u00e1s\u00e1ra<\/a> kell \u00f6sszpontos\u00edtanod, tudnod kell, hogy az \u00e9leted a null\u00e1r\u00f3l indul. A skandin\u00e1v orsz\u00e1gokban a munkahelyek jellege t\u00f6bb\u00e9-kev\u00e9sb\u00e9 hasonl\u00f3. K\u00fcl\u00f6nb\u00f6z\u0151 munkak\u00f6r\u00f6kben dolgozhatsz majd, t\u00f6bbek k\u00f6z\u00f6tt szakk\u00e9pzett, szakk\u00e9pzetlen \u00e9s f\u00e9lig szakk\u00e9pzett munkak\u00f6r\u00f6kben.  <\/p>\n\n<h3 class=\"wp-block-heading\"><em><strong>Szakmai munk\u00e1k<\/strong><\/em><\/h3>\n\n<p class=\"wp-block-paragraph\">Ha szakmai ismeretekkel rendelkezik, akkor val\u00f3sz\u00edn\u0171leg profi \u00e1ll\u00e1st is kap Skandin\u00e1vi\u00e1ban. A legdinamikusabb szakmai \u00e1ll\u00e1sok, amelyek vonz\u00f3ak lehetnek egy k\u00fclf\u00f6ldi munkav\u00e1llal\u00f3 sz\u00e1m\u00e1ra, a m\u00e9rn\u00f6ki, a tan\u00e1ri, az informatikai, az orvosi, a k\u00f6zeg\u00e9szs\u00e9g\u00fcgyi, az \u00e9p\u00edt\u0151ipari, az \u00e1pol\u00f3i, az \u00e9lelmiszeripari, a tenger\u00e9szeti \u00e9s a mez\u0151gazdas\u00e1gi munkak\u00f6r\u00f6k. Egy olyan orsz\u00e1g, mint Sv\u00e9dorsz\u00e1g, \u00e9vente k\u00f6zz\u00e9teszi a <a href=\"https:\/\/www.internations.org\/sweden-expats\/guide\/working\">hi\u00e1nyszakm\u00e1k list\u00e1j\u00e1t<\/a>, amelyeket szakemberekkel kell bet\u00f6lteni. A Sv\u00e9dorsz\u00e1gba k\u00f6lt\u00f6zni sz\u00e1nd\u00e9koz\u00f3 k\u00fclf\u00f6ldieknek \u00e9rdemes a list\u00e1n agyalniuk, hogy ellen\u0151rizhess\u00e9k, megfelelnek-e a szakmai munkak\u00f6r\u00f6knek. Egy dolgot tudnia kell, hogy az ezen a list\u00e1n szerepl\u0151 \u00e1ll\u00e1sok \u00e1ltal\u00e1ban nagyon keresettek k\u00fclf\u00f6ldik\u00e9nt; a beiratkoz\u00e1shoz m\u00e9g sv\u00e9d nyelvtud\u00e1sra sincs sz\u00fcks\u00e9g.  <\/p>\n\n<h3 class=\"wp-block-heading\"><em><strong>Szezon\u00e1lis seg\u00e9dmunk\u00e1k<\/strong><\/em><\/h3>\n\n<p class=\"wp-block-paragraph\">Szezon\u00e1lis, szakk\u00e9pzetlen munk\u00e1t is v\u00e1llalhatsz. Itt a sz\u00e1ll\u00edtm\u00e1nyoz\u00e1s, a mez\u0151gazdas\u00e1g vagy a fuvaroz\u00e1s ter\u00fclet\u00e9n tal\u00e1lhat munk\u00e1t. J\u00f3 h\u00edr, hogy ny\u00e1ron a legt\u00f6bb skandin\u00e1v orsz\u00e1gban nagy a turist\u00e1k sz\u00e1ma. Ha el\u00e9g szerencs\u00e9s vagy, akkor ez id\u0151 alatt a vend\u00e9gl\u00e1t\u00f3iparban tal\u00e1lsz munk\u00e1t.  <\/p>\n\n<h3 class=\"wp-block-heading\"><em><strong>F\u00e9lig k\u00e9pzett munkahelyek<\/strong><\/em><\/h3>\n\n<p class=\"wp-block-paragraph\">R\u00e9szmunkaid\u0151s \u00e1ll\u00e1sokat is tal\u00e1lhat, ha f\u00e9lk\u00e9sz \u00e1ll\u00e1sokat keres. Itt k\u00fcl\u00f6n\u00f6sen a bolti elad\u00f3i, postai k\u00e9zbes\u00edt\u0151i vagy takar\u00edt\u00f3i munkak\u00f6rben lehet munk\u00e1t tal\u00e1lni.<\/p>\n\n<figure class=\"wp-block-image size-large\"><img loading=\"lazy\" decoding=\"async\" width=\"1024\" height=\"683\" src=\"http:\/\/scandinavia.life\/wp-content\/uploads\/2023\/03\/gil-ribeiro-3hO8igCybds-unsplash-1024x683.jpg\" alt=\"\" class=\"wp-image-104352\" srcset=\"https:\/\/www.scandinavia.life\/wp-content\/uploads\/2023\/03\/gil-ribeiro-3hO8igCybds-unsplash-1024x683.jpg 1024w, https:\/\/www.scandinavia.life\/wp-content\/uploads\/2023\/03\/gil-ribeiro-3hO8igCybds-unsplash-300x200.jpg 300w, https:\/\/www.scandinavia.life\/wp-content\/uploads\/2023\/03\/gil-ribeiro-3hO8igCybds-unsplash-768x512.jpg 768w, https:\/\/www.scandinavia.life\/wp-content\/uploads\/2023\/03\/gil-ribeiro-3hO8igCybds-unsplash-1536x1024.jpg 1536w, https:\/\/www.scandinavia.life\/wp-content\/uploads\/2023\/03\/gil-ribeiro-3hO8igCybds-unsplash-2048x1365.jpg 2048w\" sizes=\"auto, (max-width: 1024px) 100vw, 1024px\" \/><figcaption class=\"wp-element-caption\"><em><strong>Egy k\u00fclf\u00f6ldi, aki takar\u00edt\u00f3i munk\u00e1k r\u00e9v\u00e9n pr\u00f3b\u00e1l megvetni a l\u00e1b\u00e1t Skandin\u00e1vi\u00e1ban<\/strong><\/em><\/figcaption><\/figure>\n\n<h3 class=\"wp-block-heading\"><strong><em>\u00d6nfoglalkoztat\u00e1s Skandin\u00e1vi\u00e1ban  <\/em><\/strong><\/h3>\n\n<p class=\"wp-block-paragraph\">Ha el\u00e9g stabil vagy, akkor Skandin\u00e1vi\u00e1ban is elhelyezkedhetsz. Egy olyan orsz\u00e1gban, mint Norv\u00e9gia, az \u00f6nfoglalkoztat\u00e1s a megfelel\u0151 <a href=\"https:\/\/www.internations.org\/norway-expats\/guide\/working\">szakmunk\u00e1sv\u00edzummal<\/a> lehets\u00e9ges. El\u0151sz\u00f6r is, bizonyos krit\u00e9riumokat kell teljes\u00edtenie ahhoz, hogy \u00f6nfoglalkoztat\u00f3v\u00e1 v\u00e1lhasson, p\u00e9ld\u00e1ul bizonyos oktat\u00e1si k\u00f6vetelm\u00e9nyeket kell teljes\u00edtenie. Ez nem el\u00e9g, r\u00e9szletes \u00fczleti tervre van sz\u00fcks\u00e9ged, \u00e9s a szervezetednek \u00e9vente meghat\u00e1rozott mennyis\u00e9g\u0171 nyeres\u00e9get kell termelnie. Az \u00f6n\u00e1ll\u00f3 v\u00e1llalkoz\u00f3i tev\u00e9kenys\u00e9g lehet egy\u00e9ni v\u00e1llalkoz\u00e1s, korl\u00e1tolt felel\u0151ss\u00e9g\u0171 t\u00e1rsas\u00e1g vagy k\u00f6zkereseti t\u00e1rsas\u00e1g.<\/p>\n\n<h2 class=\"wp-block-heading\"><strong>Tippek a skandin\u00e1viai \u00e1ll\u00e1skeres\u00e9shez <\/strong><\/h2>\n\n<p class=\"wp-block-paragraph\">Egy dologr\u00f3l biztos\u00edthatom \u00d6nt, mint expat, hogy a skandin\u00e1v r\u00e9gi\u00f3kban soha nem fog hi\u00e1nyozni valami, amit csin\u00e1lhat. Mindig van egy kis apr\u00f3s\u00e1g minden ember sz\u00e1m\u00e1ra. Ennek ellen\u00e9re van egy lovas vagy n\u0151je ennek az elk\u00e9pzel\u00e9snek. M\u00e9g miel\u0151tt elkezden\u00e9 a keres\u00e9st, az ilyen \u00e1ll\u00e1sok diszkrimin\u00e1l\u00e1sa k\u00f6zvetlen m\u00f3dja annak, hogy elvesz\u00edtse \u0151ket. Azok a munk\u00e1k, amelyeket a t\u00e1rsadalom gyakran elutas\u00edtott, mint amelyeket csak a kudarcosok v\u00e9geznek, mint a taxiz\u00e1s, a takar\u00edt\u00e1s, a mosogat\u00e1s vagy a szupermarketekben val\u00f3 kiszolg\u00e1l\u00e1s, szerepelnek a ma m\u00e1r tanult emberek list\u00e1j\u00e1n. m\u00e9g a fejlett orsz\u00e1gokban is.<\/p>\n\n<p class=\"wp-block-paragraph\">Ennek megeml\u00edt\u00e9s\u00e9nek legf\u0151bb sz\u00e1nd\u00e9ka az, hogy sz\u00e1mos munkahely, bele\u00e9rtve a fizikai munk\u00e1t ig\u00e9nyl\u0151 munkahelyeket is, bizonyos m\u00e9rt\u00e9kig automatiz\u00e1lt. Ez egyszer\u0171en azt mutatja, hogy nem fog sok energi\u00e1t pazarolni a kezel\u00e9s\u00e9re. Tov\u00e1bb\u00e1, az \u00d6n eg\u00e9szs\u00e9ge \u00e9s biztons\u00e1ga a legfontosabb, mivel ezek t\u00fckr\u00f6zik az \u00d6n vagyon\u00e1t.<\/p>\n","protected":false},"excerpt":{"rendered":"<p>Az emberek a vil\u00e1g minden t\u00e1j\u00e1r\u00f3l v\u00e1gynak arra, hogy Skandin\u00e1vi\u00e1ba utazzanak \u00e9s megtapasztalj\u00e1k, m\u00e9g ink\u00e1bb az\u00e9rt, mert Skandin\u00e1vi\u00e1t b\u00e9k\u00e9s, t\u00e1rsadalmilag stabil \u00e9s boldog r\u00e9gi\u00f3nak tartj\u00e1k. Val\u00f3ban sokan, akik \u00e1lland\u00f3 tart\u00f3zkod\u00e1si enged\u00e9lyt vagy ak\u00e1r \u00e1llampolg\u00e1rs\u00e1got kapnak Norv\u00e9gi\u00e1ban, Sv\u00e9dorsz\u00e1gban, Finnorsz\u00e1gban vagy D\u00e1ni\u00e1ban, tan\u00fas\u00edthatj\u00e1k, hogy a j\u00f3l\u00e9t\u00fck jobb lett. De ahhoz, hogy t\u00f6k\u00e9letesen megtapasztalhassa ezt a nagys\u00e1got, egy<\/p>\n","protected":false},"author":1,"featured_media":104386,"comment_status":"closed","ping_status":"closed","sticky":false,"template":"","format":"standard","meta":{"footnotes":""},"categories":[24537],"tags":[],"class_list":["post-123541","post","type-post","status-publish","format-standard","has-post-thumbnail","hentry","category-az-eszaki"],"_links":{"self":[{"href":"https:\/\/www.scandinavia.life\/hu\/wp-json\/wp\/v2\/posts\/123541","targetHints":{"allow":["GET"]}}],"collection":[{"href":"https:\/\/www.scandinavia.life\/hu\/wp-json\/wp\/v2\/posts"}],"about":[{"href":"https:\/\/www.scandinavia.life\/hu\/wp-json\/wp\/v2\/types\/post"}],"author":[{"embeddable":true,"href":"https:\/\/www.scandinavia.life\/hu\/wp-json\/wp\/v2\/users\/1"}],"replies":[{"embeddable":true,"href":"https:\/\/www.scandinavia.life\/hu\/wp-json\/wp\/v2\/comments?post=123541"}],"version-history":[{"count":0,"href":"https:\/\/www.scandinavia.life\/hu\/wp-json\/wp\/v2\/posts\/123541\/revisions"}],"wp:featuredmedia":[{"embeddable":true,"href":"https:\/\/www.scandinavia.life\/hu\/wp-json\/wp\/v2\/media\/104386"}],"wp:attachment":[{"href":"https:\/\/www.scandinavia.life\/hu\/wp-json\/wp\/v2\/media?parent=123541"}],"wp:term":[{"taxonomy":"category","embeddable":true,"href":"https:\/\/www.scandinavia.life\/hu\/wp-json\/wp\/v2\/categories?post=123541"},{"taxonomy":"post_tag","embeddable":true,"href":"https:\/\/www.scandinavia.life\/hu\/wp-json\/wp\/v2\/tags?post=123541"}],"curies":[{"name":"wp","href":"https:\/\/api.w.org\/{rel}","templated":true}]}}