{"id":30103,"date":"2021-09-13T10:51:12","date_gmt":"2021-09-13T10:51:12","guid":{"rendered":"http:\/\/scandinavia.life\/hires-norvegok\/"},"modified":"2024-07-31T15:58:17","modified_gmt":"2024-07-31T15:58:17","slug":"hires-norvegok","status":"publish","type":"post","link":"https:\/\/www.scandinavia.life\/hu\/hires-norvegok\/","title":{"rendered":"H\u00edres norv\u00e9gok"},"content":{"rendered":"\n<p class=\"wp-block-paragraph\">A h\u00edres norv\u00e9gok olyan emberek k\u00fcl\u00f6nleges csoportja, akik egyik vagy m\u00e1sik m\u00f3don valami kiemelked\u0151t tettek. Cselekv\u00e9s\u00fckkel Norv\u00e9gia vagyonokat szerzett vagy h\u00edrnevet szerzett. Puszta munk\u00e1jukkal felemelt\u00e9k az orsz\u00e1g rangj\u00e1t a nemzetek k\u00f6z\u00f6ss\u00e9g\u00e9ben. <\/p>\n\n<p class=\"wp-block-paragraph\">Ahogy a politol\u00f3gusok vitatkozn\u00e1nak, ezek az emberek f\u00e1rads\u00e1gos munk\u00e1val, \u00fatt\u00f6r\u0151 kezdem\u00e9nyez\u00e9sekkel vagy p\u00e1ratlan innov\u00e1ci\u00f3kkal hozt\u00e1k el a nevet Norv\u00e9gi\u00e1ba.<\/p>\n\n<p class=\"wp-block-paragraph\">Ak\u00e1rcsak a legt\u00f6bb orsz\u00e1gban, ahol a h\u0151s\u00f6k k\u00f6nnyen \u00e9let\u00fck v\u00e9g\u00e9n nem kapj\u00e1k meg a vir\u00e1gukat, ezek k\u00f6z\u00fcl n\u00e9h\u00e1ny<a href=\"https:\/\/www.thefamouspeople.com\/norway.php\"> h\u00edres norv\u00e9gok<\/a> lehet, hogy nem lett let\u00f6ltve. De a h\u00edres norv\u00e9gok &#8211; ak\u00e1r elfogj\u00e1k, ak\u00e1r nem &#8211; tov\u00e1bbra is ki\u00e1llnak a hozz\u00e1j\u00e1rul\u00e1suk\u00e9rt.<\/p>\n\n<h2 class=\"wp-block-heading\">Dolgok, amelyek h\u00edress\u00e9 tehetnek valakit Norv\u00e9gi\u00e1ban<\/h2>\n\n<p class=\"wp-block-paragraph\">Norv\u00e9gia egy kis orsz\u00e1g, amely \u00c9szak -Eur\u00f3p\u00e1ban rejt\u0151zik, n\u00e9pszer\u0171 a hideg \u00e9ghajlat\u00e1r\u00f3l, fest\u0151i t\u00e1j\u00e1r\u00f3l \u00e9s k\u00e9k szem\u0171 lakoss\u00e1g\u00e1r\u00f3l. <\/p>\n\n<p class=\"wp-block-paragraph\">Norv\u00e9gia k\u00f6rnyezet\u00e9n \u00e9s kult\u00far\u00e1j\u00e1n k\u00edv\u00fcl vannak olyan f\u00e9rfiak \u00e9s n\u0151k, akik kis vagy nagy m\u00f3djukkal megemelt\u00e9k Norv\u00e9gia termet\u00e9t. Az \u00f6v\u00e9kben<a href=\"http:\/\/scandinavia.life\/hu\/allasszerzes-norvegiaban\/\"> szakm\u00e1k vagy \u00e1ll\u00e1sok Norv\u00e9gi\u00e1ban<\/a> , ezek az emberek kiv\u00edvt\u00e1k rangos st\u00e1tuszukat az orsz\u00e1g t\u00f6rt\u00e9net\u00e9ben. <\/p>\n\n<p class=\"wp-block-paragraph\">Norv\u00e9gi\u00e1ban minden nagy hozz\u00e1j\u00e1rul\u00e1st elismernek, amit valaki a saj\u00e1t ter\u00fclet\u00e9n tesz. Egy szem\u00e9lynek csak meg kell mutatnia azt az egyed\u00fcl\u00e1ll\u00f3 k\u00e9pess\u00e9g\u00e9t, hogy felkeltse a sz\u00e9lesebb nyilv\u00e1noss\u00e1g figyelm\u00e9t. Teh\u00e1t az orsz\u00e1g h\u00edres emberei k\u00f6z\u00f6tt vannak nagyszer\u0171 politikusok, kutat\u00f3k, sportol\u00f3k, k\u00f6zgazd\u00e1szok, m\u0171v\u00e9szet \u00e9s zene, dr\u00e1ma\u00edr\u00f3k, modellek, vikingek, technikusok \u00e9s m\u00e9g sokan m\u00e1sok.<\/p>\n\n<p class=\"wp-block-paragraph\">Ez\u00e9rt a l\u00e9nyeg az, hogy a h\u00edres norv\u00e9gok k\u00f6z\u00e9 tartoznak azok az emberek, akik valami rendk\u00edv\u00fcli cselekedettel szerezt\u00e9k h\u00edrnev\u00fcket. Elfogults\u00e1g n\u00e9lk\u00fcl \u00e9rdemes csak n\u00e9h\u00e1nyat eml\u00edteni a sok h\u00edres norv\u00e9g k\u00f6z\u00fcl. <\/p>\n\n<p class=\"wp-block-paragraph\">Mondanom sem kell, hogy Norv\u00e9gia nagyj\u00e1b\u00f3l a rejtett h\u0151s\u00f6k orsz\u00e1gai k\u00f6z\u00e9 tartozik. A h\u00edres norv\u00e9gok nemcsak itthon szerezt\u00e9k h\u00edrnev\u00fcket, hanem a glob\u00e1lis t\u00e9rhez val\u00f3 hozz\u00e1j\u00e1rul\u00e1suk r\u00e9v\u00e9n is.<\/p>\n\n<h2 class=\"wp-block-heading\">N\u00e9h\u00e1ny h\u00edres norv\u00e9g<\/h2>\n\n<p class=\"wp-block-paragraph\">Itt csak egy tipp a j\u00e9ghegyek list\u00e1j\u00e1r\u00f3l, akiknek a neve gyorsan elmes\u00e9li Norv\u00e9gi\u00e1nak. Ezek azok az emberek, akiknek neve botr\u00e1ny a rivaldaf\u00e9nyben<meta charset=\"utf-8\"\/> kiv\u00e9teles munk\u00e1iknak k\u00f6sz\u00f6nhet\u0151en. l\u00e9nyeg\u00e9ben ezeknek az embereknek a nevei k\u00fcl\u00f6nb\u00f6znek att\u00f3l, hogy nem csup\u00e1n norv\u00e9gok, hanem kiv\u00e9teles munk\u00e1ik is a saj\u00e1t ter\u00fclet\u00fck\u00f6n.<\/p>\n\n<p class=\"wp-block-paragraph\">Term\u00e9szetesen az, hogy h\u00edres, nem felt\u00e9tlen\u00fcl jelenti azt, hogy az egy\u00e9neknek nem voltak alacsony buktat\u00f3ik. De b\u00e1rmilyen kritikus szempontb\u00f3l is megvan a hely\u00fck az orsz\u00e1g eml\u00e9kezet\u00e9ben; m\u00falt \u00e9s jelen.<\/p>\n\n<h2 class=\"wp-block-heading\">Petter Solberg<\/h2>\n\n<p class=\"wp-block-paragraph\">Solberg Norv\u00e9gi\u00e1ban \u00e9s m\u00e1sutt semmif\u00e9le komoly eredm\u00e9nyt nem el\u00e9r\u0151 ember.<a href=\"https:\/\/www.pettersolberg.com\/\"> Petter Solberg\u00e9t<\/a> a szafari rally k\u00e9szs\u00e9gek fel\u00fclm\u00falhatatlanok Norv\u00e9gi\u00e1ban sz\u00fcrk\u00fcleti \u00e9vei alatt. Ezenk\u00edv\u00fcl rally cross versenyz\u0151 volt, aki mindig leny\u0171g\u00f6zte a n\u00e9z\u0151ket \u00e9s leny\u0171g\u00f6zte a remek man\u0151verez\u00e9si k\u00e9pess\u00e9geinek bemutat\u00e1s\u00e1t a val\u00f3sz\u00edn\u0171tlen terepen.<\/p>\n\n<p class=\"wp-block-paragraph\">\u00c9rdekes, hogy Solberg nem kezdte nagy karrierj\u00e9t. Az eg\u00e9sz \u00fagy kezd\u0151d\u00f6tt, hogy puszta tetsz\u00e9s \u00e9s \u00e9rdekl\u0151d\u00e9s t\u00e1mad a j\u00e1t\u00e9kg\u00e9peken val\u00f3 versenyz\u00e9s ir\u00e1nt t\u00e1vir\u00e1ny\u00edt\u00f3k seg\u00edts\u00e9g\u00e9vel. Id\u0151vel k\u00f6vette a csal\u00e1di versenyz\u00e9si k\u00e9szs\u00e9geket, \u00e9s felfel\u00e9 igyekezett, hogy nagyszer\u0171 rally pil\u00f3ta legyen.<\/p>\n\n<p class=\"wp-block-paragraph\">Nem sokkal azut\u00e1n, hogy Solberg belevetette mag\u00e1t a raliversenyz\u00e9sbe, k\u00e9pess\u00e9gei mind nemzeti, mind glob\u00e1lis elismer\u00e9st szereztek. 1998 elej\u00e9n Solberg rallyszakm\u00e1ja a szakmai versenyekre val\u00f3 bel\u00e9p\u00e9ssel tet\u0151z\u00f6tt. Alapvet\u0151 rally -k\u00e9szs\u00e9gei elismer\u00e9sek\u00e9nt 1999 -ben a Ford gy\u00e1ri csapata al\u00e1\u00edrta, nem sokkal az 1998 -as rali -vil\u00e1gbajnoki deb\u00fct\u00e1l\u00e1sa ut\u00e1n.<\/p>\n\n<figure class=\"wp-block-image size-large\"><img loading=\"lazy\" decoding=\"async\" width=\"1024\" height=\"683\" src=\"https:\/\/scandinavia.life\/wp-content\/uploads\/2021\/09\/famous-3-1024x683.jpeg\" alt=\"\" class=\"wp-image-30193\" srcset=\"https:\/\/www.scandinavia.life\/wp-content\/uploads\/2021\/09\/famous-3-1024x683.jpeg 1024w, https:\/\/www.scandinavia.life\/wp-content\/uploads\/2021\/09\/famous-3-300x200.jpeg 300w, https:\/\/www.scandinavia.life\/wp-content\/uploads\/2021\/09\/famous-3-768x512.jpeg 768w, https:\/\/www.scandinavia.life\/wp-content\/uploads\/2021\/09\/famous-3-1536x1024.jpeg 1536w, https:\/\/www.scandinavia.life\/wp-content\/uploads\/2021\/09\/famous-3-2048x1365.jpeg 2048w\" sizes=\"auto, (max-width: 1024px) 100vw, 1024px\" \/><figcaption>Jellemz\u0151 a Solberg in Action -re<\/figcaption><\/figure>\n\n<p class=\"wp-block-paragraph\">B\u00e1r ma Solberg nem a legjobb pil\u00f3ta, Solberg tov\u00e1bbra is profi m\u00f3don versenyez. Az\u00f3ta sz\u00e1mos brav\u00fart nyert vil\u00e1gbajnoks\u00e1gokon \u00e9s m\u00e1s esem\u00e9nyeken.<\/p>\n\n<h2 class=\"wp-block-heading\">Fridtjof Nansen<\/h2>\n\n<p class=\"wp-block-paragraph\">Nansen \u00fatt\u00f6r\u0151 j\u00e9gkorcsoly\u00e1z\u00f3k\u00e9nt megy a t\u00f6rt\u00e9nelembe. Igen, l\u00e1tod azokat a j\u00e9gf\u00f6dte hegyeket \u00e9s v\u00f6lgyeket, Norv\u00e9gia fjordjait, amelyek felfedez\u00e9s\u00e9hez olyan mer\u00e9szek kellenek, mint Nansen. A felfedez\u00e9ssel j\u00e1r\u00f3 adrenalin nem a gyenge sz\u00edv\u0171eknek val\u00f3, \u00e9s Nansen \u00e9ppen ebben a k\u00fcl\u00f6nleges kateg\u00f3ri\u00e1ban bizonyult.<\/p>\n\n<p class=\"wp-block-paragraph\">1861 -t\u0151l 1930 -ig<a href=\"https:\/\/www.britannica.com\/biography\/Fridtjof-Nansen\"> Fridtjof Nansen<\/a> bebizony\u00edtotta a vil\u00e1gnak, hogy a j\u00e9gsapk\u00e1k \u00e1tj\u00e1rhat\u00f3k, mint minden k\u00f6z\u00f6ns\u00e9ges f\u00f6ld, kiv\u00e9ve azt a t\u00e9nyt, hogy mer\u00e9szekre volt sz\u00fcks\u00e9ge. Szak\u00e9rt\u0151 s\u00edel\u0151k\u00e9nt \u00e9s j\u00e9gkorcsoly\u00e1z\u00f3k\u00e9nt Nansen vezette az els\u0151 csapatot, amely 1888-ban \u00e1tl\u00e9pte Gr\u00f6nlandot.<\/p>\n\n<p class=\"wp-block-paragraph\">Mintha nem lenne el\u00e9g az \u00e1tkel\u0151 Gr\u00f6nland vezet\u00e9se, Nansen nekil\u00e1tott a Fram sarki haj\u00f3 megtervez\u00e9s\u00e9nek. \u00c9lete folyam\u00e1n a f\u00e9rfi diplomat\u00e1v\u00e1 \u00e9s humanit\u00e1riuss\u00e1 v\u00e1lt, val\u00f3ban nagy teljes\u00edtm\u00e9ny.<\/p>\n\n<h2 class=\"wp-block-heading\">Henrik Ibsen<\/h2>\n\n<p class=\"wp-block-paragraph\">Henrik Ibsen\u2026 \u00f3, hogyan is kezdj\u00fck le\u00edrni ennek a nagyszer\u0171 embernek a hozz\u00e1j\u00e1rul\u00e1s\u00e1t, amely h\u00edrn\u00e9vre k\u00e9sztette? Ok\u00e9, mondjuk azt, hogy Ibsen nagy dr\u00e1ma\u00edr\u00f3 \u00e9s k\u00f6lt\u0151 volt, akinek m\u0171veit a mai napig nagyra \u00e9rt\u00e9kelik.<\/p>\n\n<p class=\"wp-block-paragraph\">Hab\u00e1r<a href=\"https:\/\/www.biography.com\/writer\/henrik-ibsen\"> Henrik Ibsen<\/a> munk\u00e1j\u00e1t 1828-1906 k\u00f6z\u00f6tt v\u00e9gezte, tov\u00e1bbra is magasan a legbefoly\u00e1sosabb \u00e9s legkiemelked\u0151bb eur\u00f3pai dr\u00e1ma\u00edr\u00f3k k\u00f6z\u00f6tt szerepel. Val\u00f3j\u00e1ban \u0151 is a vil\u00e1g egyik vezet\u0151 sz\u00edn\u00e9sze, Shakespeare m\u00f6g\u00f6tt.<\/p>\n\n<p class=\"wp-block-paragraph\">Teh\u00e1t mi az, ami pontosan Ibsent nemzetk\u00f6zi h\u00edrn\u00e9vre emeli? Annyian vannak, n\u00e9h\u00e1nyan val\u00f3sz\u00edn\u0171leg a polcodon vannak, de te nem tudod. <\/p>\n\n<p class=\"wp-block-paragraph\">Ibsen munk\u00e1i k\u00f6z\u00e9 tartozik t\u00f6bbek k\u00f6z\u00f6tt az Emberek ellens\u00e9ge, a cs\u00e1sz\u00e1r \u00e9s a galileai, az A Doll&#8217;s House, a Hedda Gabler \u00e9s a When We Dead Awaken. Ibsen m\u0171vei a mai napig form\u00e1lj\u00e1k a kreat\u00edv \u00edr\u00e1s szf\u00e9r\u00e1j\u00e1t. Ibsen teh\u00e1t m\u00e9g mindig \u00e9l k\u00f6z\u00f6tt\u00fcnk, b\u00e1r id\u0151tlen munk\u00e1i vannak.<\/p>\n\n<p class=\"wp-block-paragraph\">Hozz egy m\u0171v\u00e9szt, Ibsen nyilv\u00e1nval\u00f3an r\u00e9szt vett az olvas\u00f3k fant\u00e1zi\u00e1j\u00e1nak kiterjeszt\u00e9s\u00e9ben, a t\u00e1rsadalmak piszk\u00e1l\u00e1s\u00e1ban \u00e9s a megd\u00f6bbent\u0151 status qu\u00f3ban. Munk\u00e1i eredm\u00e9nyek\u00e9nt Ibsen id\u0151nk\u00e9nt k\u00fcrt\u00f6ket z\u00e1rt konzervat\u00edv idealist\u00e1kkal.<\/p>\n\n<figure class=\"wp-block-gallery columns-1 is-cropped wp-block-gallery-1 is-layout-flex wp-block-gallery-is-layout-flex\"><ul class=\"blocks-gallery-grid\"><li class=\"blocks-gallery-item\"><figure><img loading=\"lazy\" decoding=\"async\" width=\"1024\" height=\"683\" src=\"https:\/\/scandinavia.life\/wp-content\/uploads\/2021\/09\/famous-2-1024x683.jpeg\" alt=\"\" data-id=\"5831\" data-full-url=\"http:\/\/scandinavia.life\/wp-content\/uploads\/2021\/09\/famous-2-scaled.jpeg\" data-link=\"http:\/\/scandinavia.life\/?attachment_id=5831#main\" class=\"wp-image-30192\" srcset=\"https:\/\/www.scandinavia.life\/wp-content\/uploads\/2021\/09\/famous-2-1024x683.jpeg 1024w, https:\/\/www.scandinavia.life\/wp-content\/uploads\/2021\/09\/famous-2-300x200.jpeg 300w, https:\/\/www.scandinavia.life\/wp-content\/uploads\/2021\/09\/famous-2-768x512.jpeg 768w, https:\/\/www.scandinavia.life\/wp-content\/uploads\/2021\/09\/famous-2-1536x1024.jpeg 1536w, https:\/\/www.scandinavia.life\/wp-content\/uploads\/2021\/09\/famous-2-2048x1365.jpeg 2048w\" sizes=\"auto, (max-width: 1024px) 100vw, 1024px\" \/><figcaption class=\"blocks-gallery-item__caption\">Henrik Ibsen \u00edr\u00e1sai \u00e9s sz\u00edndarabjai ma is ugyanolyan aktu\u00e1lisak, mint az \u0151 idej\u00e9ben; sok sz\u00ednpadon szerepelt<\/figcaption><\/figure><\/li><\/ul><\/figure>\n\n<p class=\"wp-block-paragraph\">Ibsen n\u00e9melyik\u00e9t az eur\u00f3pai sz\u00ednh\u00e1z hagyom\u00e1nyos erk\u00f6lcs\u00e9t s\u00e9rt\u0151nek tartott\u00e1k. Ennek ellen\u00e9re zavartalan maradt, \u00e9s tov\u00e1bbra is v\u00e1laszolt a kort\u00e1rs t\u00e1rsadalom f\u00e1tyla felvon\u00e1s\u00e1nak nemes m\u0171v\u00e9szi felh\u00edv\u00e1s\u00e1ra.<\/p>\n\n<h2 class=\"wp-block-heading\">Ole Gunnar Solskj\u00e6r<\/h2>\n\n<p class=\"wp-block-paragraph\">Ole Gunnar, a labdar\u00fag\u00f3 \u00e9s az edz\u0151. Legink\u00e1bb Ole n\u00e9ven ismerik a labdar\u00fag\u00e1s vil\u00e1g\u00e1ban, \u00e9s a neve val\u00f3sz\u00edn\u0171leg h\u00e1ztart\u00e1si n\u00e9v a j\u00e1t\u00e9k szerelmeseinek k\u00f6r\u00e9ben. 1973 -t\u00f3l mostan\u00e1ig Ole Gunnar k\u00fcl\u00f6nb\u00f6z\u0151 m\u00e9rk\u0151z\u00e9seken, klubokban \u00e9s kapacit\u00e1sokon volt jelen a k\u00e9perny\u0151n.<\/p>\n\n<p class=\"wp-block-paragraph\">Ole labdar\u00fag\u00f3 karrierj\u00e9t Norv\u00e9gi\u00e1ban kezdte a Clausnengen \u00e9s a Molde FK klubban. A l\u00e1tv\u00e1nyos terepj\u00e1t\u00e9k\u00e1nak k\u00f6sz\u00f6nhet\u0151en Gunnart a Manchester United szerz\u0151dtette 1996 -ban. V\u00e9g\u00fcl a Premier League -ben, a Bajnokok Lig\u00e1j\u00e1ban \u00e9s az FA -kup\u00e1kban szerepelt \u00e9s c\u00edmeket szerzett. <\/p>\n\n<p class=\"wp-block-paragraph\">Ma, amikor bekapcsolja a szupersportj\u00e1t \u00e9s annak Manchester\u00e9t a p\u00e1ly\u00e1n, akkor<a href=\"https:\/\/www.manutd.com\/en\/players-and-staff\/detail\/ole-gunnar-solskjaer\"> Ole Gunnar<\/a> ott is van. Jelenleg a Manchester United menedzsere.<\/p>\n\n<figure class=\"wp-block-gallery columns-1 is-cropped wp-block-gallery-2 is-layout-flex wp-block-gallery-is-layout-flex\"><ul class=\"blocks-gallery-grid\"><li class=\"blocks-gallery-item\"><figure><img loading=\"lazy\" decoding=\"async\" width=\"683\" height=\"1024\" src=\"https:\/\/scandinavia.life\/wp-content\/uploads\/2021\/09\/famous-1-683x1024.jpeg\" alt=\"\" data-id=\"5821\" data-full-url=\"http:\/\/scandinavia.life\/wp-content\/uploads\/2021\/09\/famous-1-scaled.jpeg\" data-link=\"http:\/\/scandinavia.life\/?attachment_id=5821#main\" class=\"wp-image-30191\" srcset=\"https:\/\/www.scandinavia.life\/wp-content\/uploads\/2021\/09\/famous-1-683x1024.jpeg 683w, https:\/\/www.scandinavia.life\/wp-content\/uploads\/2021\/09\/famous-1-200x300.jpeg 200w, https:\/\/www.scandinavia.life\/wp-content\/uploads\/2021\/09\/famous-1-768x1152.jpeg 768w, https:\/\/www.scandinavia.life\/wp-content\/uploads\/2021\/09\/famous-1-1024x1536.jpeg 1024w, https:\/\/www.scandinavia.life\/wp-content\/uploads\/2021\/09\/famous-1-1365x2048.jpeg 1365w, https:\/\/www.scandinavia.life\/wp-content\/uploads\/2021\/09\/famous-1-scaled.jpeg 1707w\" sizes=\"auto, (max-width: 683px) 100vw, 683px\" \/><figcaption class=\"blocks-gallery-item__caption\">Amikor Manchester United lesz,<meta charset=\"utf-8\"\/> Ole Gunnar Solskj\u00e6r az az ember, akit le kell gy\u0151zni<\/figcaption><\/figure><\/li><\/ul><\/figure>\n\n<h2 class=\"wp-block-heading\">Edvard Grieg<\/h2>\n\n<p class=\"wp-block-paragraph\">Edvard Grieg val\u00f3sz\u00edn\u0171leg felid\u00e9zi azt a felfog\u00e1st, hogy b\u00e1rmit is tesz\u00fcnk, azt nagy szenved\u00e9llyel \u00e9s odaad\u00e1ssal kell tenni. M\u0171vei nemzed\u00e9k\u00e9t Luther King id\u00e9zi; <\/p>\n\n<p class=\"wp-block-paragraph\">\u201eHa az embert utcasepr\u0151nek h\u00edvj\u00e1k, akkor is \u00fagy kell s\u00f6p\u00f6rnie az utc\u00e1kat, ahogy Michelangelo festette, vagy Beethoven zen\u00e9t kompon\u00e1lt, vagy Shakespeare verseket \u00edrt. Olyan j\u00f3l kell s\u00f6p\u00f6rnie az utc\u00e1kat, hogy az \u00e9g \u00e9s a f\u00f6ld minden serege meg\u00e1lljon, \u00e9s azt mondja: \u201eItt \u00e9lt egy nagy utcasepr\u0151, aki j\u00f3l v\u00e9gezte a dolg\u00e1t.\u201d<\/p>\n\n<p class=\"wp-block-paragraph\">Edvard nagyszer\u0171 zongoram\u0171v\u00e9sz volt, aki 1843 \u00e9s 1907 k\u00f6z\u00f6tt sz\u00f3rakoztatta a vil\u00e1got. Otthon\u00e1ban<a href=\"http:\/\/scandinavia.life\/hu\/bergen-expat-guide\/\"> Bergen v\u00e1rosa<\/a> , Edvard Grieg t\u00f6bb volt, mint egy csal\u00e1di n\u00e9v, hanem elismert szem\u00e9lyis\u00e9g fiatalok \u00e9s id\u0151sek k\u00f6r\u00e9ben. M\u0171vei a mai napig \u0151rzik eml\u00e9k\u00e9t.<\/p>\n\n<h2 class=\"wp-block-heading\">Ane Brun<\/h2>\n\n<p class=\"wp-block-paragraph\">Brun az \u00e9nekesn\u0151 \u00e9s dalszerz\u0151 az, akit nevezhet. Val\u00f3sz\u00edn\u0171leg \u00e9lvezte a zen\u00e9j\u00e9t an\u00e9lk\u00fcl, hogy ismern\u00e9 az er\u0151s \u00e9nek m\u00f6g\u00f6tt \u00e1ll\u00f3 szem\u00e9lyt, amely sz\u00f3rakoztatja az embert, m\u00e9g akkor is, ha nem tudja kiv\u00e1lasztani a szavakat. Molde -b\u00f3l sz\u00e1rmazik,<a href=\"https:\/\/www.last.fm\/music\/Ane+Brun\"> Ane Brun<\/a> boldogs\u00e1got \u00e9s sz\u00f3rakoz\u00e1st hozott sz\u00e1munkra a h\u00e1z k\u00e9nyelm\u00e9ben.<\/p>\n\n<p class=\"wp-block-paragraph\">Nagy befoly\u00e1ssal \u00e9s hat\u00e1ssal volt r\u00e1<a href=\"http:\/\/scandinavia.life\/hu\/tromso-expat-gyors-utmutato\/\"> Skandin\u00e1v zene<\/a> ; nem besz\u00e9lve nemzetk\u00f6zi zenei elismer\u00e9seir\u0151l. 2003 -t\u00f3l Brunnak nyolc albuma van a nev\u00e9hez f\u0171z\u0151d\u0151 p\u00e1lc\u00e1j\u00e1n, amely minden kontinensen koncertezik.<\/p>\n\n<p class=\"wp-block-paragraph\">Brun nemcsak pozit\u00edv kritik\u00e1kat kapott a zen\u00e9j\u00e9r\u0151l, hanem jel\u00f6l\u00e9seket is kapott \u00e9s jel\u00f6l\u00e9seket is nyert. P\u00e9ld\u00e1ul megnyerte a norv\u00e9g Spellemanpris -t. B\u00e1r jelenleg Stockholmban \u00e9l, Brun tov\u00e1bbra is saj\u00e1t zenei kiad\u00f3ja alatt \u00edr \u00e9s k\u00e9sz\u00edt zen\u00e9t.<\/p>\n\n<figure class=\"wp-block-gallery columns-1 is-cropped wp-block-gallery-3 is-layout-flex wp-block-gallery-is-layout-flex\"><ul class=\"blocks-gallery-grid\"><li class=\"blocks-gallery-item\"><figure><img loading=\"lazy\" decoding=\"async\" width=\"1024\" height=\"1024\" src=\"https:\/\/scandinavia.life\/wp-content\/uploads\/2021\/09\/famous-1024x1024.jpeg\" alt=\"\" data-id=\"5811\" data-full-url=\"http:\/\/scandinavia.life\/wp-content\/uploads\/2021\/09\/famous.jpeg\" data-link=\"http:\/\/scandinavia.life\/?attachment_id=5811#main\" class=\"wp-image-30190\" srcset=\"https:\/\/www.scandinavia.life\/wp-content\/uploads\/2021\/09\/famous-1024x1024.jpeg 1024w, https:\/\/www.scandinavia.life\/wp-content\/uploads\/2021\/09\/famous-300x300.jpeg 300w, https:\/\/www.scandinavia.life\/wp-content\/uploads\/2021\/09\/famous-150x150.jpeg 150w, https:\/\/www.scandinavia.life\/wp-content\/uploads\/2021\/09\/famous-768x768.jpeg 768w, https:\/\/www.scandinavia.life\/wp-content\/uploads\/2021\/09\/famous-1536x1536.jpeg 1536w, https:\/\/www.scandinavia.life\/wp-content\/uploads\/2021\/09\/famous-24x24.jpeg 24w, https:\/\/www.scandinavia.life\/wp-content\/uploads\/2021\/09\/famous-48x48.jpeg 48w, https:\/\/www.scandinavia.life\/wp-content\/uploads\/2021\/09\/famous-96x96.jpeg 96w, https:\/\/www.scandinavia.life\/wp-content\/uploads\/2021\/09\/famous.jpeg 1920w\" sizes=\"auto, (max-width: 1024px) 100vw, 1024px\" \/><figcaption class=\"blocks-gallery-item__caption\">Ane Brun remek zenei remekm\u0171v\u00e9vel sz\u00f3rakoztat minket<\/figcaption><\/figure><\/li><\/ul><\/figure>\n\n<h2 class=\"wp-block-heading\">Tanuls\u00e1gok a h\u00edres norv\u00e9gokt\u00f3l<\/h2>\n\n<p class=\"wp-block-paragraph\">Mint nyilv\u00e1nval\u00f3, az \u00f6sszes eml\u00edtett norv\u00e9g csak n\u00e9h\u00e1ny h\u00edres k\u00f6z\u00f6tt van. B\u00e1r k\u00fcl\u00f6nb\u00f6z\u0151 r\u00e9sekb\u0151l \u00e9s szakm\u00e1kb\u00f3l sz\u00e1rmaznak, \u00edgy vagy \u00fagy tettek egy -k\u00e9t olyan dolgot, amely elismer\u00e9st v\u00e1ltott ki.<\/p>\n\n<p class=\"wp-block-paragraph\">Teh\u00e1t a l\u00e9nyeg az<a href=\"https:\/\/www.lifehack.org\/356298\/7-simple-ways-famous-one-year\"> a h\u00edress\u00e9 v\u00e1l\u00e1s \u00fatja<\/a> lehet\u0151s\u00e9g mindenki sz\u00e1m\u00e1ra. B\u00e1rmit tesz valaki, mindig \u0151szint\u00e9n \u00e9s szenved\u00e9llyel kell tennie. Kint mindig figyel valaki. Az \u00fat buktat\u00f3i csak az \u00f6njav\u00edt\u00e1sra \u00e9s a f\u00f3kuszra vonatkozhatnak. Ahogy a Nike c\u00e9g mondja: \u201eCsak tedd\u201d.<\/p>\n","protected":false},"excerpt":{"rendered":"<p>A h\u00edres norv\u00e9gok olyan emberek k\u00fcl\u00f6nleges csoportja, akik egyik vagy m\u00e1sik m\u00f3don valami kiemelked\u0151t tettek. Cselekv\u00e9s\u00fckkel Norv\u00e9gia vagyonokat szerzett vagy h\u00edrnevet szerzett. Puszta munk\u00e1jukkal felemelt\u00e9k az orsz\u00e1g rangj\u00e1t a nemzetek k\u00f6z\u00f6ss\u00e9g\u00e9ben. Ahogy a politol\u00f3gusok vitatkozn\u00e1nak, ezek az emberek f\u00e1rads\u00e1gos munk\u00e1val, \u00fatt\u00f6r\u0151 kezdem\u00e9nyez\u00e9sekkel vagy p\u00e1ratlan innov\u00e1ci\u00f3kkal hozt\u00e1k el a nevet Norv\u00e9gi\u00e1ba. Ak\u00e1rcsak a legt\u00f6bb orsz\u00e1gban, ahol<\/p>\n","protected":false},"author":1,"featured_media":30194,"comment_status":"closed","ping_status":"closed","sticky":false,"template":"","format":"standard","meta":{"footnotes":""},"categories":[24385],"tags":[24400,24434,24435],"class_list":["post-30103","post","type-post","status-publish","format-standard","has-post-thumbnail","hentry","category-norvegia","tag-dolgozo","tag-hires","tag-norveg-enekesek"],"_links":{"self":[{"href":"https:\/\/www.scandinavia.life\/hu\/wp-json\/wp\/v2\/posts\/30103","targetHints":{"allow":["GET"]}}],"collection":[{"href":"https:\/\/www.scandinavia.life\/hu\/wp-json\/wp\/v2\/posts"}],"about":[{"href":"https:\/\/www.scandinavia.life\/hu\/wp-json\/wp\/v2\/types\/post"}],"author":[{"embeddable":true,"href":"https:\/\/www.scandinavia.life\/hu\/wp-json\/wp\/v2\/users\/1"}],"replies":[{"embeddable":true,"href":"https:\/\/www.scandinavia.life\/hu\/wp-json\/wp\/v2\/comments?post=30103"}],"version-history":[{"count":1,"href":"https:\/\/www.scandinavia.life\/hu\/wp-json\/wp\/v2\/posts\/30103\/revisions"}],"predecessor-version":[{"id":147974,"href":"https:\/\/www.scandinavia.life\/hu\/wp-json\/wp\/v2\/posts\/30103\/revisions\/147974"}],"wp:featuredmedia":[{"embeddable":true,"href":"https:\/\/www.scandinavia.life\/hu\/wp-json\/wp\/v2\/media\/30194"}],"wp:attachment":[{"href":"https:\/\/www.scandinavia.life\/hu\/wp-json\/wp\/v2\/media?parent=30103"}],"wp:term":[{"taxonomy":"category","embeddable":true,"href":"https:\/\/www.scandinavia.life\/hu\/wp-json\/wp\/v2\/categories?post=30103"},{"taxonomy":"post_tag","embeddable":true,"href":"https:\/\/www.scandinavia.life\/hu\/wp-json\/wp\/v2\/tags?post=30103"}],"curies":[{"name":"wp","href":"https:\/\/api.w.org\/{rel}","templated":true}]}}