{"id":30812,"date":"2020-08-16T17:10:21","date_gmt":"2020-08-16T17:10:21","guid":{"rendered":"http:\/\/scandinavia.life\/minden-amit-a-skandinav-kriptovalutarol-tudni-kell\/"},"modified":"2024-07-31T14:59:27","modified_gmt":"2024-07-31T14:59:27","slug":"minden-amit-a-skandinav-kriptovalutarol-tudni-kell","status":"publish","type":"post","link":"https:\/\/www.scandinavia.life\/hu\/minden-amit-a-skandinav-kriptovalutarol-tudni-kell\/","title":{"rendered":"Minden, amit a kriptop\u00e9nzr\u0151l tudni kell Skandin\u00e1vi\u00e1ban"},"content":{"rendered":"\n<p class=\"wp-block-paragraph\">A kriptop\u00e9nz \u00e1tvette az uralmat a vil\u00e1g felett. A <a href=\"https:\/\/kryptovaluta.info\/en\">kriptop\u00e9nzek<\/a> el\u0151nyei sz\u00e1mosak, a nagyobb stabilit\u00e1st\u00f3l kezdve a p\u00e9nz feletti jobb ellen\u0151rz\u00e9sig.  <\/p>\n\n<p class=\"wp-block-paragraph\">A hagyom\u00e1nyos valut\u00e1kt\u00f3l elt\u00e9r\u0151en a kriptovalut\u00e1k nincsenek kit\u00e9ve politikai hat\u00e1soknak \u00e9s m\u00e1s hasonl\u00f3 t\u00e9nyez\u0151knek. A kriptovalut\u00e1k n\u00e9pszer\u0171s\u00e9g\u00e9nek n\u00f6veked\u00e9s\u00e9vel ezek az \u00e9rm\u00e9k a vil\u00e1g k\u00fcl\u00f6nb\u00f6z\u0151 r\u00e9szeire is eljutottak.  <\/p>\n\n<p class=\"wp-block-paragraph\">Skandin\u00e1via nem kiv\u00e9tel. Ebben a bejegyz\u00e9sben a skandin\u00e1v nemzetek kriptop\u00e9nzt\u00e1raira fogunk \u00f6sszpontos\u00edtani. Olvasson tov\u00e1bb, hogy t\u00f6bbet megtudjon.<\/p>\n\n<h2 class=\"wp-block-heading\">Kriptovaluta <strong>Norv\u00e9gi\u00e1ban<\/strong><\/h2>\n\n<p class=\"wp-block-paragraph\">Ak\u00e1r hiszi, ak\u00e1r nem, az eur\u00f3pai orsz\u00e1gok \u00e1llampolg\u00e1rai k\u00f6z\u00fcl a norv\u00e9gok a legoptimist\u00e1bbak a kriptovalut\u00e1kkal kapcsolatban. Egy kutat\u00e1s szerint a norv\u00e9gok 73%-a \u00fagy v\u00e9li, hogy a kripto 10 \u00e9v m\u00falva is l\u00e9tezni fog. Azonban nem gondolj\u00e1k, hogy ez felt\u00e9tlen\u00fcl a <a href=\"http:\/\/scandinavia.life\/hu\/mit-lehet-bitcoinnal-vasarolni\/\">Bitcoin<\/a> lesz. Az \u00f6sszehasonl\u00edt\u00e1s kedv\u00e9\u00e9rt: az Egyes\u00fclt Kir\u00e1lys\u00e1g polg\u00e1rainak csak 57%-a osztotta ezt a n\u00e9zetet.  <\/p>\n\n<p class=\"wp-block-paragraph\">B\u00e1r szokatlannak t\u0171nhet, hogy Norv\u00e9gia f\u0171zi a legnagyobb rem\u00e9nyeket a kriptovalut\u00e1khoz, ez a kinyilatkoztat\u00e1s sokkal \u00e9sszer\u0171bb, mint gondoln\u00e1nk.  <\/p>\n\n<p class=\"wp-block-paragraph\">Tudja, a skandin\u00e1v orsz\u00e1gok j\u00f3l ismertek a technol\u00f3giai adapt\u00e1ci\u00f3 magas ar\u00e1ny\u00e1r\u00f3l. Szenved\u00e9lyesen szeretik a technol\u00f3gi\u00e1t, a startupokat \u00e9s az \u00faj \u00f6tleteket, amelyek ezeket a t\u00e1rsadalmakat olyan fejlett\u00e9 teszik.<\/p>\n\n<h2 class=\"wp-block-heading\">M\u00e1r most nagyon n\u00e9pszer\u0171  <\/h2>\n\n<p class=\"wp-block-paragraph\">Sok norv\u00e9g m\u00e1r rendelkezik kriptovalut\u00e1val, \u00e9s a norv\u00e9gok fele m\u00e1r haszn\u00e1lta azt tranzakci\u00f3kra \u00e9s egy\u00e9b nem spekulat\u00edv c\u00e9lokra.<\/p>\n\n<p class=\"wp-block-paragraph\">A norv\u00e9gok nagy rem\u00e9nyei ellen\u00e9re a kriptovalut\u00e1knak nem volt mindig k\u00f6nny\u0171 dolguk ebben az orsz\u00e1gban. A norv\u00e9g p\u00e9nz\u00fcgyi fel\u00fcgyeleti hat\u00f3s\u00e1g 2013-ban figyelmeztet\u00e9st adott ki a kriptovalut\u00e1k ellen. Ugyanezt tett\u00e9k 2018-ban is. Mindk\u00e9t figyelmeztet\u00e9s az Eur\u00f3pai Fel\u00fcgyeleti Hat\u00f3s\u00e1g figyelmeztet\u00e9seinek eredm\u00e9nyek\u00e9nt \u00e9rkezett. A probl\u00e9ma mindk\u00e9t alkalommal az volt, hogy ezek a digit\u00e1lis eszk\u00f6z\u00f6k \u00e1ll\u00edt\u00f3lagosan kock\u00e1zatosak.  <\/p>\n\n<p class=\"wp-block-paragraph\">B\u00e1r a norv\u00e9g k\u00f6zponti bank m\u00e9g mindig nem ismeri el a kriptovalut\u00e1kat, nem tiltja meg a munkat\u00e1rsainak, hogy birtokoljanak vagy befektessenek ezekbe. B\u00e1r a kriptovalut\u00e1k nincsenek betiltva Norv\u00e9gi\u00e1ban, \u00e9s nincsenek is szigor\u00faan szab\u00e1lyozva, a korm\u00e1ny m\u00e9gis igyekszik szemmel tartani \u0151ket.<\/p>\n\n<h2 class=\"wp-block-heading\">A kriptop\u00e9nzre kivetett ad\u00f3k Norv\u00e9gi\u00e1ban<\/h2>\n\n<p class=\"wp-block-paragraph\">Az ad\u00f3fizet\u00e9s tekintet\u00e9ben Norv\u00e9gia a bitcoinokat t\u0151k\u00e9s vagyont\u00e1rgyk\u00e9nt kezeli. Ha teh\u00e1t \u00d6n Bitcoin-t birtokol, akkor azt be kell jelentenie az illet\u00e9kes hat\u00f3s\u00e1goknak, k\u00f6zz\u00e9 kell tennie a birtok\u00e1ban l\u00e9v\u0151 \u00f6sszeget, \u00e9s meg kell adnia, hogy havonta mekkora \u00f6sszeget keres keresked\u00e9ssel.<\/p>\n\n<p class=\"wp-block-paragraph\">Abban a rem\u00e9nyben, hogy kripto-bar\u00e1t orsz\u00e1gg\u00e1 v\u00e1lik, Norv\u00e9gia t\u00f6rv\u00e9nyt hozott, amely mentes\u00edti a kriptovalut\u00e1kat a h\u00e9a al\u00f3l.<\/p>\n\n<p class=\"wp-block-paragraph\">Ha a norv\u00e9giai kriptovalut\u00e1kr\u00f3l besz\u00e9l\u00fcnk, lehetetlen nem megeml\u00edteni a Liberstadot. Liberstad egy mag\u00e1nv\u00e1ros Norv\u00e9gi\u00e1ban. Ezt az intelligens v\u00e1rost az teszi egyediv\u00e9, hogy a City Coin <a href=\"https:\/\/www.smartcitiesworld.net\/news\/news\/norways-first-private-city-adopts-city-coin-3851\">kriptop\u00e9nzt fogadta el<\/a> egyed\u00fcli fizet\u0151eszk\u00f6zk\u00e9nt a v\u00e1rosi szolg\u00e1ltat\u00e1sok \u00e9s a dolgoz\u00f3k b\u00e9r\u00e9nek kifizet\u00e9s\u00e9re.  <\/p>\n\n<h2 class=\"wp-block-heading\">Kriptovaluta <strong>Sv\u00e9dorsz\u00e1gban<\/strong><\/h2>\n\n<p class=\"wp-block-paragraph\">A <a href=\"http:\/\/scandinavia.life\/hu\/munka-es-kereset-online\/\">kriptop\u00e9nzek<\/a> adapt\u00e1ci\u00f3j\u00e1t tekintve Sv\u00e9dorsz\u00e1g hasonl\u00f3an \u00e1ll a r\u00e9gi\u00f3 m\u00e1s orsz\u00e1gaihoz. Most azonban azon dolgoznak, hogy egy l\u00e9p\u00e9ssel tov\u00e1bb menjenek saj\u00e1t kriptop\u00e9nz\u00fckkel.  <\/p>\n\n<p class=\"wp-block-paragraph\">A Riksbank, a sv\u00e9d k\u00f6zponti bank bejelentette, hogy egy\u00e9ves k\u00eds\u00e9rleti projektet ind\u00edt <a href=\"https:\/\/www.technologyreview.com\/2020\/02\/20\/906146\/sweden-riksbank-ekrona-blockchain\/\">E-Krona n\u00e9ven<\/a>, amely a sv\u00e9d valuta digit\u00e1lis v\u00e1ltozata. A c\u00e9l egy \u00e1llamilag t\u00e1mogatott digit\u00e1lis valuta l\u00e9trehoz\u00e1sa volt, amely hasonl\u00f3 szerepet t\u00f6lthetne be, mint ma a k\u00e9szp\u00e9nz. Mindez a k\u00e9szp\u00e9nzmentes t\u00e1rsadalom megteremt\u00e9s\u00e9re ir\u00e1nyul\u00f3 t\u00f6rekv\u00e9s, amely Sv\u00e9dorsz\u00e1gban n\u00e9pszer\u0171 elk\u00e9pzel\u00e9s.<\/p>\n\n<p class=\"wp-block-paragraph\">Ami a jogalkot\u00e1si aspektust illeti, Sv\u00e9dorsz\u00e1gban nincs k\u00fcl\u00f6n szab\u00e1lyoz\u00e1s a kriptovalut\u00e1kkal kapcsolatban.  <\/p>\n\n<p class=\"wp-block-paragraph\">Ennek ellen\u00e9re k\u00fcl\u00f6nb\u00f6z\u0151 \u00fcgyn\u00f6ks\u00e9gek jelent\u00e9seket, nyilatkozatokat \u00e9s el\u0151zetes \u00edt\u00e9leteket adtak ki arr\u00f3l, hogyan \u00e9rtelmezik a kriptovalut\u00e1kat \u00e9s azok kapcsolat\u00e1t a skandin\u00e1v orsz\u00e1g t\u00f6rv\u00e9nyeivel.<\/p>\n\n<h2 class=\"wp-block-heading\">A kriptop\u00e9nzre kivetett ad\u00f3k Sv\u00e9dorsz\u00e1gban<\/h2>\n\n<p class=\"wp-block-paragraph\">Mivel a Bitcoinnal val\u00f3 keresked\u00e9s p\u00e9nz\u00fcgyi szolg\u00e1ltat\u00e1snak min\u0151s\u00fcl, a sv\u00e9d p\u00e9nz\u00fcgyi fel\u00fcgyelet \u00fagy d\u00f6nt\u00f6tt, hogy a Bitcoinnal val\u00f3 keresked\u00e9s a fel\u00fcgyelete al\u00e1 tartozik.  <\/p>\n\n<p class=\"wp-block-paragraph\">Ak\u00e1rcsak Norv\u00e9gi\u00e1ban, ha Sv\u00e9dorsz\u00e1gban is bitcoinokkal kereskedik, akkor a tev\u00e9kenys\u00e9g\u00e9t be kell jelentenie, \u00e9s ennek megfelel\u0151en kell ad\u00f3t fizetnie.  <\/p>\n\n<p class=\"wp-block-paragraph\">Egy m\u00e1sik hasonl\u00f3s\u00e1g Norv\u00e9gia \u00e9s Sv\u00e9dorsz\u00e1g k\u00f6z\u00f6tt ebben a tekintetben a hozz\u00e1adott\u00e9rt\u00e9k-ad\u00f3 al\u00f3li mentess\u00e9g. A kriptop\u00e9nzek h\u00e9amentess\u00e9g\u00e9nek j\u00f6v\u0151je Sv\u00e9dorsz\u00e1gban kiss\u00e9 hom\u00e1lyos.  <\/p>\n\n<p class=\"wp-block-paragraph\">A sv\u00e9d k\u00f6zponti bank t\u00f6bbsz\u00f6r is kifejtette, hogy a Bitcoin kock\u00e1zatos, \u00e9s nem tartozik a korm\u00e1ny kompenz\u00e1ci\u00f3s politik\u00e1j\u00e1nak hat\u00e1lya al\u00e1.<\/p>\n\n<h2 class=\"wp-block-heading\">Kriptovaluta <strong>Finnorsz\u00e1gban<\/strong><\/h2>\n\n<p class=\"wp-block-paragraph\">B\u00e1r technikailag nem skandin\u00e1v orsz\u00e1g, de ink\u00e1bb \u00e9szaki orsz\u00e1g, m\u00e9gis hasznos, ha a kriptovalut\u00e1val foglalkozunk Finnorsz\u00e1gban. Mint sok m\u00e1s orsz\u00e1g a t\u00e9rs\u00e9gben, vagy \u00e1ltal\u00e1ban v\u00e9ve vil\u00e1gszerte, Finnorsz\u00e1gban sincs olyan konkr\u00e9t szab\u00e1lylista, amely els\u0151sorban a kriptovalut\u00e1kra \u00f6sszpontos\u00edtana.  <\/p>\n\n<p class=\"wp-block-paragraph\">Ennek ellen\u00e9re az orsz\u00e1g p\u00e9nz\u00fcgyi szab\u00e1lyoz\u00f3 szerve figyelmeztette a nyilv\u00e1noss\u00e1got az ezen eszk\u00f6z\u00f6kkel j\u00e1r\u00f3 lehets\u00e9ges kock\u00e1zatokra. A figyelmeztet\u00e9sek ellen\u00e9re a kriptovalut\u00e1k m\u00e9g mindig n\u00e9pszer\u0171ek ebben az orsz\u00e1gban.  <\/p>\n\n<h2 class=\"wp-block-heading\">A kriptop\u00e9nzre vonatkoz\u00f3 ad\u00f3jogszab\u00e1lyok Finnorsz\u00e1gban<\/h2>\n\n<p class=\"wp-block-paragraph\">B\u00e1r a finn parlamentben nincs a kriptovalut\u00e1kr\u00f3l sz\u00f3l\u00f3 jogszab\u00e1ly, egy dolog azonban sim\u00e1n megy, m\u00e9gpedig az ad\u00f3beszed\u00e9s. Tudja, ha egy m\u00e1sik p\u00e9nznembe utalj\u00e1k \u00e1t, akkor a t\u0151kenyeres\u00e9g ad\u00f3ztat\u00e1s\u00e1ra vonatkoz\u00f3 szab\u00e1lyok \u00e9rv\u00e9nyesek. Ha a valut\u00e1t \u00e1ruk vagy szolg\u00e1ltat\u00e1sok kifizet\u00e9s\u00e9re haszn\u00e1lj\u00e1k, akkor azt keresked\u00e9sk\u00e9nt kezelik, \u00e9s az ebb\u0151l ered\u0151 \u00e9rt\u00e9kn\u00f6veked\u00e9s ad\u00f3k\u00f6teles.  <\/p>\n\n<h2 class=\"wp-block-heading\">Kriptop\u00e9nz <strong>D\u00e1ni\u00e1ban<\/strong> &#8211; m\u00e9g nincs szab\u00e1lyoz\u00e1s<\/h2>\n\n<p class=\"wp-block-paragraph\">Szomsz\u00e9daihoz hasonl\u00f3an D\u00e1nia sem rendelkezik k\u00fcl\u00f6n t\u00f6rv\u00e9nyekkel a kriptop\u00e9nzek szab\u00e1lyoz\u00e1s\u00e1ra. Ez nem akad\u00e1lyozta meg a korm\u00e1nyzathoz kapcsol\u00f3d\u00f3 \u00fcgyn\u00f6ks\u00e9geket abban, hogy nyilatkozatokat adjanak ki ezekr\u0151l a digit\u00e1lis eszk\u00f6z\u00f6kr\u0151l.  <\/p>\n\n<p class=\"wp-block-paragraph\">A d\u00e1n p\u00e9nz\u00fcgyi fel\u00fcgyeleti hat\u00f3s\u00e1g p\u00e9ld\u00e1ul kijelentette, hogy a Bitcoin nem sz\u00e1m\u00edt valut\u00e1nak, \u00e9s hogy ez a hivatal nem fogja szab\u00e1lyozni.<\/p>\n\n<p class=\"wp-block-paragraph\">B\u00e1r az \u00fcgyn\u00f6ks\u00e9gek nem igaz\u00e1n tekintik a Bitcoint valut\u00e1nak, ennek oka nem az, hogy nem hajland\u00f3ak elfogadni \u0151ket.  <\/p>\n\n<p class=\"wp-block-paragraph\">Az itteni t\u00f6rv\u00e9nyek &#8211; sok m\u00e1s orsz\u00e1ghoz hasonl\u00f3an &#8211; nem sz\u00e1moltak a kriptop\u00e9nzek kock\u00e1zat\u00e1val, ez\u00e9rt az ott eml\u00edtett szab\u00e1lyok nem vonatkozhatnak az \u00faj digit\u00e1lis eszk\u00f6z\u00f6kre.  <\/p>\n\n<p class=\"wp-block-paragraph\">D\u00e1nia azonban v\u00e9lhet\u0151en kripto-bar\u00e1t, \u00e9s a kriptovalut\u00e1k nagy n\u00e9pszer\u0171s\u00e9gnek \u00f6rvendenek ott.  <\/p>\n\n<p class=\"wp-block-paragraph\">M\u00e1s nemzetekhez hasonl\u00f3an D\u00e1ni\u00e1ban is be kell jelentenie a kereskedelmet \u00e9s az abb\u00f3l sz\u00e1rmaz\u00f3 nyeres\u00e9get. A kriptofizet\u00e9sek h\u00e9amentess\u00e9get \u00e9lveznek.  <\/p>\n\n<h2 class=\"wp-block-heading\"><strong>K\u00f6vetkeztet\u00e9s<\/strong><\/h2>\n\n<p class=\"wp-block-paragraph\">A skandin\u00e1v orsz\u00e1gok kripto-bar\u00e1tnak sz\u00e1m\u00edtanak, k\u00fcl\u00f6n\u00f6sen Norv\u00e9gia, ahol az emberek nagy rem\u00e9nyeket f\u0171znek ezekhez a digit\u00e1lis eszk\u00f6z\u00f6kh\u00f6z.  <\/p>\n\n<p class=\"wp-block-paragraph\">B\u00e1r jelenleg egyetlen t\u00f6rv\u00e9ny sem foglalkozik kiz\u00e1r\u00f3lag a kriptovalut\u00e1kkal, ez v\u00e1rhat\u00f3an v\u00e1ltozni fog, ahogy ezek a digit\u00e1lis eszk\u00f6z\u00f6k egyre n\u00e9pszer\u0171bb\u00e9 v\u00e1lnak.  <\/p>\n\n<p class=\"wp-block-paragraph\">Annak ellen\u00e9re, hogy nincs erre vonatkoz\u00f3 jogszab\u00e1ly, m\u00e9g mindig elv\u00e1rj\u00e1k, hogy fizessen ad\u00f3t \u00e9s tegye k\u00f6zz\u00e9 a kereskedelmi adatait.  <\/p>\n","protected":false},"excerpt":{"rendered":"<p>A kriptop\u00e9nz \u00e1tvette az uralmat a vil\u00e1g felett. A kriptop\u00e9nzek el\u0151nyei sz\u00e1mosak, a nagyobb stabilit\u00e1st\u00f3l kezdve a p\u00e9nz feletti jobb ellen\u0151rz\u00e9sig. A hagyom\u00e1nyos valut\u00e1kt\u00f3l elt\u00e9r\u0151en a kriptovalut\u00e1k nincsenek kit\u00e9ve politikai hat\u00e1soknak \u00e9s m\u00e1s hasonl\u00f3 t\u00e9nyez\u0151knek. A kriptovalut\u00e1k n\u00e9pszer\u0171s\u00e9g\u00e9nek n\u00f6veked\u00e9s\u00e9vel ezek az \u00e9rm\u00e9k a vil\u00e1g k\u00fcl\u00f6nb\u00f6z\u0151 r\u00e9szeire is eljutottak. Skandin\u00e1via nem kiv\u00e9tel. Ebben a bejegyz\u00e9sben a<\/p>\n","protected":false},"author":1,"featured_media":30898,"comment_status":"closed","ping_status":"closed","sticky":false,"template":"","format":"standard","meta":{"footnotes":""},"categories":[24581,24472],"tags":[24596,24590,24606,24584,24600,24616,24611],"class_list":["post-30812","post","type-post","status-publish","format-standard","has-post-thumbnail","hentry","category-banki-tevekenyseg","category-elo","tag-afa","tag-bitcoin-hu","tag-e-korona","tag-kriptovaluta-hu","tag-liberstad-hu","tag-torveny","tag-varosi-erme"],"_links":{"self":[{"href":"https:\/\/www.scandinavia.life\/hu\/wp-json\/wp\/v2\/posts\/30812","targetHints":{"allow":["GET"]}}],"collection":[{"href":"https:\/\/www.scandinavia.life\/hu\/wp-json\/wp\/v2\/posts"}],"about":[{"href":"https:\/\/www.scandinavia.life\/hu\/wp-json\/wp\/v2\/types\/post"}],"author":[{"embeddable":true,"href":"https:\/\/www.scandinavia.life\/hu\/wp-json\/wp\/v2\/users\/1"}],"replies":[{"embeddable":true,"href":"https:\/\/www.scandinavia.life\/hu\/wp-json\/wp\/v2\/comments?post=30812"}],"version-history":[{"count":3,"href":"https:\/\/www.scandinavia.life\/hu\/wp-json\/wp\/v2\/posts\/30812\/revisions"}],"predecessor-version":[{"id":147183,"href":"https:\/\/www.scandinavia.life\/hu\/wp-json\/wp\/v2\/posts\/30812\/revisions\/147183"}],"wp:featuredmedia":[{"embeddable":true,"href":"https:\/\/www.scandinavia.life\/hu\/wp-json\/wp\/v2\/media\/30898"}],"wp:attachment":[{"href":"https:\/\/www.scandinavia.life\/hu\/wp-json\/wp\/v2\/media?parent=30812"}],"wp:term":[{"taxonomy":"category","embeddable":true,"href":"https:\/\/www.scandinavia.life\/hu\/wp-json\/wp\/v2\/categories?post=30812"},{"taxonomy":"post_tag","embeddable":true,"href":"https:\/\/www.scandinavia.life\/hu\/wp-json\/wp\/v2\/tags?post=30812"}],"curies":[{"name":"wp","href":"https:\/\/api.w.org\/{rel}","templated":true}]}}