{"id":31782,"date":"2021-08-15T20:51:24","date_gmt":"2021-08-15T20:51:24","guid":{"rendered":"http:\/\/scandinavia.life\/norvegiaban-dolgozik\/"},"modified":"2025-07-01T07:34:48","modified_gmt":"2025-07-01T07:34:48","slug":"norvegiaban-dolgozik","status":"publish","type":"post","link":"https:\/\/www.scandinavia.life\/hu\/norvegiaban-dolgozik\/","title":{"rendered":"Munka Norv\u00e9gi\u00e1ban"},"content":{"rendered":"\n<p class=\"wp-block-paragraph\">A Norv\u00e9gi\u00e1ban val\u00f3 munka \u00e1lom lehet mindenki sz\u00e1m\u00e1ra, aki munkahelyi el\u00e9gedetts\u00e9gre v\u00e1gyik. <a href=\"http:\/\/scandinavia.life\/hu\/allasszerzes-norvegiaban\/\">A Norv\u00e9gi\u00e1ban dolgoz\u00f3k besz\u00e1mol\u00f3i<\/a> szerint nagyszer\u0171 a karrier\u00e9p\u00edt\u00e9s is. Teh\u00e1t, ha v\u00e9letlen\u00fcl megkapod a lehet\u0151s\u00e9get, hogy Norv\u00e9gi\u00e1ban \u00e9lj \u00e9s dolgozz, az egy nagy jackpot.  <\/p>\n\n<p class=\"wp-block-paragraph\">Norv\u00e9gia olyan orsz\u00e1g, amely mindenkinek j\u00f3 munkajogi v\u00e9delmet \u00e9s vonz\u00f3 fizet\u00e9seket k\u00edn\u00e1l. Mind\u00f6ssze annyit kell tennie annak, aki Norv\u00e9gi\u00e1ba k\u00f6lt\u00f6zik, hogy elk\u00f6telezetten v\u00e1llalja a hivat\u00e1st, elk\u00f6telezett legyen, \u00e9s val\u00f3ban hozz\u00e1j\u00e1ruljon a saj\u00e1t r\u00e9sz\u00e9hez.<\/p>\n\n<h2 class=\"wp-block-heading\">T\u00e9nyellen\u0151rz\u00e9s a norv\u00e9giai munk\u00e1r\u00f3l<\/h2>\n\n<p class=\"wp-block-paragraph\">Sokan a sz\u00e9ls\u0151s\u00e9ges id\u0151j\u00e1r\u00e1si viszonyokt\u00f3l val\u00f3 f\u00e9lelem miatt nem keresnek munk\u00e1t Norv\u00e9gi\u00e1ban. De az \u00e9letben nem k\u00f6nny\u0171 mindent \u00fagy megkapni, ahogyan az embernek sz\u00fcks\u00e9ge van r\u00e1. Legal\u00e1bbis ez egy egyens\u00falyoz\u00e1s, ahol ha az el\u0151ny\u00f6k meghaladj\u00e1k a kock\u00e1zatokat, akkor \u00e9rdemes belev\u00e1gni&#8230;<\/p>\n\n<p class=\"wp-block-paragraph\">  A legkevesebb, hogy m\u00e9rlegelje a Norv\u00e9gi\u00e1ba k\u00f6lt\u00f6z\u00e9s \u00e1ltal k\u00edn\u00e1lt lehet\u0151s\u00e9geket. Norv\u00e9gi\u00e1ban p\u00e9ld\u00e1ul sz\u00e9ls\u0151s\u00e9ges az id\u0151j\u00e1r\u00e1s, ez igaz, de mindig lehet valami meleg ruh\u00e1t viselni.  <\/p>\n\n<p class=\"wp-block-paragraph\">M\u00e1sr\u00e9szt, ahol jelenleg dolgozik, ott a munk\u00e1val val\u00f3 el\u00e9gedetts\u00e9g t\u00fal alacsony, a b\u00e9rek nem kiel\u00e9g\u00edt\u0151ek, a munkav\u00e9delem pedig nagyon alacsony. Az ilyen megfontol\u00e1sok miatt \u00e9rdemes Norv\u00e9gi\u00e1ba k\u00f6lt\u00f6zni.  <\/p>\n\n<p class=\"wp-block-paragraph\">Ami Norv\u00e9gi\u00e1t a munk\u00e1t keres\u0151 k\u00fclf\u00f6ldi \u00e1llampolg\u00e1rok sz\u00e1m\u00e1ra az az, hogy olyan munk\u00e1t v\u00e1llalsz, amelyet szeretsz, szemben azzal, hogy csak a fizet\u00e9sre koncentr\u00e1lsz.  <\/p>\n\n<p class=\"wp-block-paragraph\">A norv\u00e9g gazdas\u00e1g szerkezete olyan, hogy b\u00e1rki, aki k\u00e9pes \u00e9s hajland\u00f3 r\u00e9szt venni a munkaer\u0151piacon, megkapja a lehet\u0151s\u00e9get \u00e9s a megfelel\u0151 meg\u00e9lhet\u00e9st.  <\/p>\n\n<p class=\"wp-block-paragraph\">V\u00e9gs\u0151 soron egy ilyen kedvez\u0151 munkak\u00f6rnyezet megk\u00f6nny\u00edti minden munkav\u00e1llal\u00f3 sz\u00e1m\u00e1ra, hogy val\u00f3ban a szenved\u00e9lyeiknek \u00e9s \u00e9rdekl\u0151d\u00e9si k\u00f6r\u00fcknek \u00e9ljenek, \u00e9s produkt\u00edvabb\u00e1 v\u00e1ljanak a munkahely\u00fck\u00f6n.  <\/p>\n\n<figure class=\"wp-block-gallery columns-1 is-cropped wp-block-gallery-1 is-layout-flex wp-block-gallery-is-layout-flex\"><ul class=\"blocks-gallery-grid\"><li class=\"blocks-gallery-item\"><figure><img loading=\"lazy\" decoding=\"async\" width=\"1024\" height=\"683\" src=\"https:\/\/scandinavia.life\/wp-content\/uploads\/2021\/08\/work-1024x683.jpeg\" alt=\"\" data-id=\"4785\" data-full-url=\"http:\/\/scandinavia.life\/wp-content\/uploads\/2021\/08\/work-scaled.jpeg\" data-link=\"http:\/\/scandinavia.life\/?attachment_id=4785#main\" class=\"wp-image-4785\" srcset=\"https:\/\/www.scandinavia.life\/wp-content\/uploads\/2021\/08\/work-1024x683.jpeg 1024w, https:\/\/www.scandinavia.life\/wp-content\/uploads\/2021\/08\/work-300x200.jpeg 300w, https:\/\/www.scandinavia.life\/wp-content\/uploads\/2021\/08\/work-768x512.jpeg 768w, https:\/\/www.scandinavia.life\/wp-content\/uploads\/2021\/08\/work-1536x1024.jpeg 1536w, https:\/\/www.scandinavia.life\/wp-content\/uploads\/2021\/08\/work-2048x1365.jpeg 2048w\" sizes=\"auto, (max-width: 1024px) 100vw, 1024px\" \/><figcaption class=\"blocks-gallery-item__caption\">Munkahelyi el\u00e9gedetts\u00e9g Norv\u00e9gi\u00e1ban<\/figcaption><\/figure><\/li><\/ul><\/figure>\n\n<h2 class=\"wp-block-heading\">Mi\u00e9rt kell Norv\u00e9gi\u00e1ban dolgoznia  <\/h2>\n\n<p class=\"wp-block-paragraph\">Aki m\u00e9g nem j\u00e1rt Norv\u00e9gi\u00e1ban, annak tal\u00e1n legink\u00e1bb a sz\u00e9ls\u0151s\u00e9ges id\u0151j\u00e1r\u00e1s \u00e9s a vir\u00e1gz\u00f3 k\u0151olaj\u00e1gazat a legismertebb az orsz\u00e1gr\u00f3l. <a href=\"http:\/\/scandinavia.life\/hu\/oslo-gyors-utmutato-az-expatoknak\/\">Oslo<\/a>, <a href=\"http:\/\/scandinavia.life\/hu\/a-gyonyoru-bergen-varos\/\">Bergen<\/a> \u00e9s <a href=\"http:\/\/scandinavia.life\/hu\/trondheim-az-erosek-es-gyumolcsozok-otthona\/\">Trondheim<\/a> v\u00e1rosai val\u00f3sz\u00edn\u0171leg a legismertebbek az orsz\u00e1gban.  <\/p>\n\n<p class=\"wp-block-paragraph\">Olyan \u00e9rdekes lenne k\u00fclf\u00f6ldik\u00e9nt <a href=\"http:\/\/scandinavia.life\/hu\/norvegiaba-koltozes\/\">Norv\u00e9gi\u00e1ba mer\u00e9szkedni, \u00e9s felfedezni az orsz\u00e1got a hallottakon t\u00fal<\/a>. Menjen el Norv\u00e9gi\u00e1ba, \u00e9s n\u00e9zze meg, hogy az \u00e9let minden ter\u00fclet\u00e9r\u0151l \u00e9s a vil\u00e1g minden t\u00e1j\u00e1r\u00f3l \u00e9rkez\u0151 elk\u00f6telezett munk\u00e1sok minden hajnalban munk\u00e1ra \u00e9brednek, \u00e9s este mosolyg\u00f3s arccal t\u00e9rnek haza, miut\u00e1n elv\u00e9gezt\u00e9k a nekik tetsz\u0151 munk\u00e1t.  <\/p>\n\n<p class=\"wp-block-paragraph\">Ha \u00fajonnan \u00e9rkezik Norv\u00e9gi\u00e1ba, \u00e9s k\u00fcl\u00f6n\u00f6sen a munka ir\u00e1nt \u00e9rdekl\u0151dik, soha nem fog hi\u00e1nyozni, hogy mit csin\u00e1ljon az orsz\u00e1gban, mivel a rendk\u00edv\u00fcl soksz\u00edn\u0171 gazdas\u00e1g mindenkinek k\u00edn\u00e1l valamit.  <\/p>\n\n<p class=\"wp-block-paragraph\">Az orsz\u00e1g gazdas\u00e1ga vir\u00e1gzik, \u00e9s nagyon alacsony a munkan\u00e9lk\u00fclis\u00e9g. Ez az alacsony munkan\u00e9lk\u00fclis\u00e9g \u00f6nmag\u00e1ban is azt mutatja, hogy Norv\u00e9gi\u00e1ban nem fogsz t\u00e9tlen\u00fcl t\u00e9tlenkedni, ha egyszer Norv\u00e9gi\u00e1ban leszel.  <\/p>\n\n<p class=\"wp-block-paragraph\">B\u00e1r a norv\u00e9g nyelv megfelel\u0151 szint\u0171 ismerete j\u00f3 kezdet egy \u00fajonnan \u00e9rkezett sz\u00e1m\u00e1ra, nem felt\u00e9tlen\u00fcl sz\u00fcks\u00e9ges ahhoz, hogy megvethesse a l\u00e1b\u00e1t a munkaer\u0151piacon.  <\/p>\n\n<p class=\"wp-block-paragraph\">Norv\u00e9gi\u00e1ban j\u00f3l besz\u00e9lik az angolt, ami azt jelenti, hogy valahogy el fogsz tudni igazodni az orsz\u00e1gban.  <\/p>\n\n<figure class=\"wp-block-image size-large\"><img loading=\"lazy\" decoding=\"async\" width=\"1024\" height=\"683\" src=\"https:\/\/scandinavia.life\/wp-content\/uploads\/2021\/08\/employ-1024x683.jpeg\" alt=\"\" class=\"wp-image-4794\" srcset=\"https:\/\/www.scandinavia.life\/wp-content\/uploads\/2021\/08\/employ-1024x683.jpeg 1024w, https:\/\/www.scandinavia.life\/wp-content\/uploads\/2021\/08\/employ-300x200.jpeg 300w, https:\/\/www.scandinavia.life\/wp-content\/uploads\/2021\/08\/employ-768x512.jpeg 768w, https:\/\/www.scandinavia.life\/wp-content\/uploads\/2021\/08\/employ-1536x1024.jpeg 1536w, https:\/\/www.scandinavia.life\/wp-content\/uploads\/2021\/08\/employ-2048x1365.jpeg 2048w\" sizes=\"auto, (max-width: 1024px) 100vw, 1024px\" \/><figcaption>Csapatban dolgozni<\/figcaption><\/figure>\n\n<p class=\"wp-block-paragraph\">A j\u00f3 \u00f3rab\u00e9rek \u00e9s a t\u00f6bb munkahely v\u00e1llal\u00e1s\u00e1nak lehet\u0151s\u00e9ge miatt Norv\u00e9gia hat\u00e1rtalan lehet\u0151s\u00e9geket nyit a munk\u00e1soszt\u00e1ly sz\u00e1m\u00e1ra, hogy kihaszn\u00e1lja akt\u00edv \u00e9veiket. Lehet\u0151s\u00e9g van arra, hogy kor\u00e1n megkeresse a p\u00e9nz\u00e9t, nyugd\u00edjba vonuljon, \u00e9s alacsony aktivit\u00e1s\u00fa feladatokat v\u00e9gezzen.  <\/p>\n\n<h2 class=\"wp-block-heading\">Munkav\u00e9delem Norv\u00e9gi\u00e1ban<\/h2>\n\n<p class=\"wp-block-paragraph\"><a href=\"https:\/\/www.udi.no\/en\/want-to-apply\/work-immigration\/\"> Norv\u00e9gi\u00e1ban<\/a> akt\u00edv \u00e9s er\u0151s<a href=\"https:\/\/www.udi.no\/en\/want-to-apply\/work-immigration\/\"> munkav\u00e9delem<\/a> van, ami azt jelenti, hogy a munk\u00e1ltat\u00f3 egyetlen alkalommal sem pr\u00f3b\u00e1lja meg kicsalni az \u00d6n nehezen megkeresett p\u00e9nz\u00e9t, vagy manipul\u00e1lni a jogait.  <\/p>\n\n<p class=\"wp-block-paragraph\">Megtakar\u00edt\u00e1sai a munka\u00e9vek alatt j\u00f3l v\u00e9dettek lesznek, \u00edgy amikor v\u00e9g\u00fcl nyugd\u00edjba vonul, lesz mib\u0151l meg\u00e9lnie. Minden, a j\u00f6vedelm\u00e9b\u0151l levont \u00f6sszeget a megfelel\u0151 id\u0151ben, k\u00e9sedelem n\u00e9lk\u00fcl visszakapja.  <\/p>\n\n<p class=\"wp-block-paragraph\">A norv\u00e9giai munkan\u00e9lk\u00fcli seg\u00e9lyek szint\u00e9n megv\u00e9dik az embereket a j\u00f6vedelemhi\u00e1nyt\u00f3l.  <\/p>\n\n<p class=\"wp-block-paragraph\">Felt\u00e9ve, hogy a munkaviszonya alatt regisztr\u00e1ltatja mag\u00e1t a munkan\u00e9lk\u00fcli-biztos\u00edt\u00f3n\u00e1l, a munkan\u00e9lk\u00fcli-biztos\u00edt\u00f3 \u00e1tv\u00e1llalja a j\u00f6vedelme egy r\u00e9sz\u00e9nek vagy eg\u00e9sz\u00e9nek kifizet\u00e9s\u00e9t a munkahely elveszt\u00e9se \u00e9s az \u00faj munkahely megszerz\u00e9se k\u00f6z\u00f6tti id\u0151szakra. Nem hangzik ez megnyugtat\u00f3an, k\u00fcl\u00f6n\u00f6sen, ha att\u00f3l f\u00e9lsz, hogy elvesz\u00edted a munk\u00e1dat egy idegen orsz\u00e1gban? Szerintem igen.  <\/p>\n\n<h2 class=\"wp-block-heading\">Hogyan kaphat munk\u00e1t Norv\u00e9gi\u00e1ban  <\/h2>\n\n<p class=\"wp-block-paragraph\">Miut\u00e1n elolvasta az \u00edr\u00e1s els\u0151 r\u00e9sz\u00e9t, val\u00f3sz\u00edn\u0171leg m\u00e1r megalapozott d\u00f6nt\u00e9st hozott a <a href=\"http:\/\/scandinavia.life\/hu\/allasszerzes-norvegiaban\/\">norv\u00e9giai \u00e1ll\u00e1skeres\u00e9ssel<\/a> kapcsolatban. Az \u00d6n d\u00f6nt\u00e9s\u00e9t a tiszta inform\u00e1ci\u00f3 \u00e9s az \u00f6n\u00e9rt\u00e9kel\u00e9s vez\u00e9rli. A k\u00f6vetkez\u0151 fontos k\u00e9rd\u00e9s teh\u00e1t az, hogy hogyan kaphatok \u00e1ll\u00e1st, k\u00fcl\u00f6n\u00f6sen, ha nem uni\u00f3s vagy EGT-orsz\u00e1g \u00e1llampolg\u00e1ra vagyok?<\/p>\n\n<p class=\"wp-block-paragraph\">A v\u00e1lasz erre egyszer\u0171 \u00e9s egy\u00e9rtelm\u0171. Ez a vil\u00e1g ma m\u00e1r egy kis glob\u00e1lis faluv\u00e1 v\u00e1lt, ahol nem felt\u00e9tlen\u00fcl az sz\u00e1m\u00edt, hogy honnan j\u00f6tt\u00e9l, hanem az, hogy mit tudsz val\u00f3j\u00e1ban ny\u00fajtani.  <\/p>\n\n<p class=\"wp-block-paragraph\">A t\u00e1rsadalomhoz \u00e9s a gazdas\u00e1ghoz val\u00f3 hozz\u00e1j\u00e1rul\u00e1si k\u00e9pess\u00e9ged t\u00falmutat azon, hogy honnan j\u00f6tt\u00e9l. Teh\u00e1t mindig van m\u00f3d arra, hogy munkav\u00e1llal\u00f3k\u00e9nt Norv\u00e9gi\u00e1ba k\u00f6lt\u00f6zz\u00f6n.  <\/p>\n\n<h2 class=\"wp-block-heading\">\u00c1ll\u00e1skeres\u00e9si taktik\u00e1k Norv\u00e9gi\u00e1ban<\/h2>\n\n<p class=\"wp-block-paragraph\">Ahhoz, hogy Norv\u00e9gi\u00e1ban munk\u00e1t kapjon, akt\u00edvan kell h\u00e1l\u00f3zat\u00e9p\u00edt\u00e9ssel foglalkoznia. A h\u00e1l\u00f3zat\u00e9p\u00edt\u00e9shez k\u00fcl\u00f6nb\u00f6z\u0151 platformok \u00e1llnak rendelkez\u00e9sre, t\u00f6bbek k\u00f6z\u00f6tt a LinkedIn, a Facebook-oldalak, a v\u00e1llalati honlapok stb. Ne sz\u00e9gyenl\u0151sk\u00f6dj\u00f6n a hideg dob\u00e1sn\u00e1l, miut\u00e1n elolvasta a potenci\u00e1lis munk\u00e1ltat\u00f3 profilj\u00e1t \u00e9s tev\u00e9kenys\u00e9geit.  <\/p>\n\n<p class=\"wp-block-paragraph\">N\u00e9ha a c\u00e9gnek \u00e9ppen egy olyan ember hi\u00e1nyzik, mint te, m\u00e9g akkor is, ha m\u00e9g nem adtak ki hirdet\u00e9st. Mutassa meg k\u00e9pess\u00e9geit a legapr\u00f3bb lehet\u0151s\u00e9gn\u00e9l is.  <\/p>\n\n<p class=\"wp-block-paragraph\">A norv\u00e9giai szervezetekkel folytatott konferenci\u00e1kon, tal\u00e1lkoz\u00f3kon vagy b\u00e1rmilyen m\u00e1s form\u00e1ban t\u00f6rt\u00e9n\u0151 tal\u00e1lkoz\u00f3kon fejezze ki \u00e9rdekl\u0151d\u00e9s\u00e9t az ottani munka ir\u00e1nt. Lehet, hogy valaki a teremben \u00e9les szemmel figyel t\u00e9ged. L\u00e1togasson el nyugodtan az <a href=\"https:\/\/arbeidsplassen.nav.no\/stillinger?q=english\">Arbeidsplassenbe<\/a>,<\/p>\n\n<p class=\"wp-block-paragraph\"><a href=\"https:\/\/www.jobbdirekte.no\/\">JobbDirekte<\/a> \u00e9s The Local Norv\u00e9gia. Alternat\u00edvak\u00e9nt csak keressen \u00e1ll\u00e1sokat Norv\u00e9gi\u00e1ban, \u00e9s meg fog lep\u0151dni, hogy mennyi tal\u00e1lat jelenik meg a k\u00e9perny\u0151n.  <\/p>\n\n<p class=\"wp-block-paragraph\">Ism\u00e9tlem, hogy meg\u00e9rtse, mely \u00e1ll\u00e1sokban van es\u00e9lye k\u00f6nnyen elhelyezkedni Norv\u00e9gi\u00e1ban, k\u00fcl\u00f6n\u00f6sen a szakmai \u00e1ll\u00e1sokban, n\u00e9zze meg, mely \u00e1gazatokban van munkaer\u0151hi\u00e1ny. Ezek a munkak\u00f6r\u00f6k id\u0151r\u0151l id\u0151re v\u00e1ltozhatnak, de mindig az \u00e9p\u00edt\u0151ipar, a m\u00e9rn\u00f6ki, az eg\u00e9szs\u00e9g\u00fcgyi \u00e9s \u00e1pol\u00f3i, a vend\u00e9gl\u00e1t\u00f3ipari, az informatikai \u00e9s az idegenforgalmi szakm\u00e1k k\u00f6z\u00e9 tartoznak.<\/p>\n\n<h2 class=\"wp-block-heading\">Munkahelyek, amire sz\u00e1m\u00edthat Norv\u00e9gi\u00e1ban  <\/h2>\n\n<p class=\"wp-block-paragraph\">B\u00e1r j\u00f3 dolog a szakter\u00fcleted specialist\u00e1j\u00e1nak lenni, tan\u00e1csos, hogy a Norv\u00e9gi\u00e1ba val\u00f3 bel\u00e9p\u00e9shez rugalmasan \u00e9s sokoldal\u00faan gondolkodj.  <\/p>\n\n<p class=\"wp-block-paragraph\">Fogadok, hogy a szakir\u00e1nyod azonnal vagy k\u00e9s\u0151bb relev\u00e1ns lesz, de ez nem szabad, hogy visszatartson att\u00f3l, hogy Norv\u00e9gi\u00e1ba k\u00f6lt\u00f6zz. V\u00e9g\u00fcl is az oktat\u00e1s \u00e9s a k\u00e9pz\u00e9s c\u00e9lja, hogy az embereket alkalmazkod\u00f3k\u00e9pesebb\u00e9 \u00e9s t\u00e1j\u00e9kozottabb\u00e1 tegye.  <\/p>\n\n<p class=\"wp-block-paragraph\">Javasoljuk, hogy ha Norv\u00e9gi\u00e1ban nem tal\u00e1lsz a k\u00e9pzetts\u00e9gednek vagy munkak\u00f6ri \u00e9rdekl\u0151d\u00e9sednek t\u00f6k\u00e9letesen megfelel\u0151t, csak kezd\u0151k\u00e9nt szerezd meg a legk\u00f6zelebbi megfelel\u0151t, \u00e9s id\u0151vel megtal\u00e1lod a szakter\u00fcletedhez illeszked\u0151, kirak\u00f3sf\u0171r\u00e9szes \u00e1ll\u00e1st.  <\/p>\n\n<figure class=\"wp-block-gallery columns-1 is-cropped wp-block-gallery-2 is-layout-flex wp-block-gallery-is-layout-flex\"><ul class=\"blocks-gallery-grid\"><li class=\"blocks-gallery-item\"><figure><img loading=\"lazy\" decoding=\"async\" width=\"768\" height=\"1024\" src=\"https:\/\/scandinavia.life\/wp-content\/uploads\/2021\/08\/office-768x1024.jpeg\" alt=\"\" data-id=\"4803\" data-full-url=\"http:\/\/scandinavia.life\/wp-content\/uploads\/2021\/08\/office-scaled.jpeg\" data-link=\"http:\/\/scandinavia.life\/?attachment_id=4803#main\" class=\"wp-image-4803\" srcset=\"https:\/\/www.scandinavia.life\/wp-content\/uploads\/2021\/08\/office-768x1024.jpeg 768w, https:\/\/www.scandinavia.life\/wp-content\/uploads\/2021\/08\/office-225x300.jpeg 225w, https:\/\/www.scandinavia.life\/wp-content\/uploads\/2021\/08\/office-1152x1536.jpeg 1152w, https:\/\/www.scandinavia.life\/wp-content\/uploads\/2021\/08\/office-1536x2048.jpeg 1536w, https:\/\/www.scandinavia.life\/wp-content\/uploads\/2021\/08\/office-scaled.jpeg 1920w\" sizes=\"auto, (max-width: 768px) 100vw, 768px\" \/><figcaption class=\"blocks-gallery-item__caption\">Irodahelyis\u00e9gb\u0151l t\u00f6rt\u00e9n\u0151 munkav\u00e9gz\u00e9s (irodai \u00e1ll\u00e1sok Norv\u00e9gia)<\/figcaption><\/figure><\/li><\/ul><\/figure>\n\n<h2 class=\"wp-block-heading\">\u00c1ll\u00e1saj\u00e1nlatok a norv\u00e9g szolg\u00e1ltat\u00e1si szektorban<\/h2>\n\n<p class=\"wp-block-paragraph\">Az \u00e9vek sor\u00e1n a szolg\u00e1ltat\u00e1si \u00e1gazat a norv\u00e9g gazdas\u00e1g motorja, a f\u0151 ipar\u00e1gak a mez\u0151gazdas\u00e1g, a vegyipar, az \u00e9lelmiszer-feldolgoz\u00e1s, a k\u0151olaj- \u00e9s g\u00e1zipar, a haj\u00f3z\u00e1s \u00e9s a textilipar.  <\/p>\n\n<p class=\"wp-block-paragraph\">Val\u00f3sz\u00edn\u0171leg olyan c\u00e9gek \u00e1ll\u00e1shirdet\u00e9sei fognak megjelenni, mint az Aker Solutions, ExxonMobil, NorgesGruppen, Norsk Hydro,Telenor Group,Total E&amp;P Norge.  <\/p>\n\n<p class=\"wp-block-paragraph\">Norv\u00e9gi\u00e1ban a diplom\u00e1s \u00e1ll\u00e1sok az \u00e9p\u00edt\u0151iparban, az eg\u00e9szs\u00e9g\u00fcgyben, az informatik\u00e1ban, az olaj- \u00e9s g\u00e1ziparban, valamint a turizmusban tal\u00e1lhat\u00f3k.<\/p>\n","protected":false},"excerpt":{"rendered":"<p>A Norv\u00e9gi\u00e1ban val\u00f3 munka \u00e1lom lehet mindenki sz\u00e1m\u00e1ra, aki munkahelyi el\u00e9gedetts\u00e9gre v\u00e1gyik. A Norv\u00e9gi\u00e1ban dolgoz\u00f3k besz\u00e1mol\u00f3i szerint nagyszer\u0171 a karrier\u00e9p\u00edt\u00e9s is. Teh\u00e1t, ha v\u00e9letlen\u00fcl megkapod a lehet\u0151s\u00e9get, hogy Norv\u00e9gi\u00e1ban \u00e9lj \u00e9s dolgozz, az egy nagy jackpot. Norv\u00e9gia olyan orsz\u00e1g, amely mindenkinek j\u00f3 munkajogi v\u00e9delmet \u00e9s vonz\u00f3 fizet\u00e9seket k\u00edn\u00e1l. Mind\u00f6ssze annyit kell tennie annak, aki Norv\u00e9gi\u00e1ba<\/p>\n","protected":false},"author":1,"featured_media":32190,"comment_status":"closed","ping_status":"closed","sticky":false,"template":"","format":"standard","meta":{"footnotes":""},"categories":[24223],"tags":[24400,24641,24673,24639],"class_list":["post-31782","post","type-post","status-publish","format-standard","has-post-thumbnail","hentry","category-uncategorized-hu","tag-dolgozo","tag-dolgozo-norvegia","tag-koltozz-norvegiaba","tag-munkahelyek-norvegia"],"_links":{"self":[{"href":"https:\/\/www.scandinavia.life\/hu\/wp-json\/wp\/v2\/posts\/31782","targetHints":{"allow":["GET"]}}],"collection":[{"href":"https:\/\/www.scandinavia.life\/hu\/wp-json\/wp\/v2\/posts"}],"about":[{"href":"https:\/\/www.scandinavia.life\/hu\/wp-json\/wp\/v2\/types\/post"}],"author":[{"embeddable":true,"href":"https:\/\/www.scandinavia.life\/hu\/wp-json\/wp\/v2\/users\/1"}],"replies":[{"embeddable":true,"href":"https:\/\/www.scandinavia.life\/hu\/wp-json\/wp\/v2\/comments?post=31782"}],"version-history":[{"count":5,"href":"https:\/\/www.scandinavia.life\/hu\/wp-json\/wp\/v2\/posts\/31782\/revisions"}],"predecessor-version":[{"id":153653,"href":"https:\/\/www.scandinavia.life\/hu\/wp-json\/wp\/v2\/posts\/31782\/revisions\/153653"}],"wp:featuredmedia":[{"embeddable":true,"href":"https:\/\/www.scandinavia.life\/hu\/wp-json\/wp\/v2\/media\/32190"}],"wp:attachment":[{"href":"https:\/\/www.scandinavia.life\/hu\/wp-json\/wp\/v2\/media?parent=31782"}],"wp:term":[{"taxonomy":"category","embeddable":true,"href":"https:\/\/www.scandinavia.life\/hu\/wp-json\/wp\/v2\/categories?post=31782"},{"taxonomy":"post_tag","embeddable":true,"href":"https:\/\/www.scandinavia.life\/hu\/wp-json\/wp\/v2\/tags?post=31782"}],"curies":[{"name":"wp","href":"https:\/\/api.w.org\/{rel}","templated":true}]}}