{"id":34223,"date":"2021-02-17T18:46:09","date_gmt":"2021-02-17T18:46:09","guid":{"rendered":"http:\/\/scandinavia.life\/szerezz-baratokat-daniaban\/"},"modified":"2021-09-24T23:13:32","modified_gmt":"2021-09-24T23:13:32","slug":"szerezz-baratokat-daniaban","status":"publish","type":"post","link":"https:\/\/www.scandinavia.life\/hu\/szerezz-baratokat-daniaban\/","title":{"rendered":"Szerezz bar\u00e1tokat D\u00e1ni\u00e1ban"},"content":{"rendered":"\n<p class=\"wp-block-paragraph\">A legt\u00f6bb ember D\u00e1ni\u00e1ban t\u00fal hidegnek \u00e9s felt\u00e9telezettnek t\u0171nhet, ami megnehez\u00edti az \u00faj bar\u00e1t megszerz\u00e9s\u00e9t.<a href=\"https:\/\/theculturetrip.com\/europe\/denmark\/articles\/things-you-should-never-say-to-a-dane\/\"> Ritk\u00e1n fordul el\u0151, hogy a d\u00e1n emberek megny\u00edlnak veled val\u00f3 besz\u00e9lget\u00e9sre<\/a> . Ha valaki hozz\u00e1szokott ahhoz a melegs\u00e9ghez, hogy m\u00e1sokkal k\u00f6lcs\u00f6nhat\u00e1sba l\u00e9p, \u00e9s csak k\u00f6nnyen tud egy ismert k\u00f6rnyezetben, akkor neh\u00e9z lehet \u00faj orsz\u00e1gba k\u00f6lt\u00f6znie. Legyen proakt\u00edv, \u00e9s k\u00e9rdezze meg koll\u00e9g\u00e1j\u00e1t, szomsz\u00e9dj\u00e1t vagy a<a href=\"http:\/\/scandinavia.life\/hu\/ismerkedes-daniaban\/\"> lehets\u00e9ges romantikus kapcsolat<\/a> &#8211; vagy ak\u00e1rmi &#8211; csatlakozni veled egy s\u00f6rre vagy s\u00e9t\u00e1lni. <\/p>\n\n<h2 class=\"wp-block-heading\">Proakt\u00edv m\u00f3don szerezzen bar\u00e1tokat<\/h2>\n\n<p class=\"wp-block-paragraph\">Ne \u00fclj le \u00e9s ne v\u00e1rd, hogy valaki k\u00f6zeledjen hozz\u00e1d. Gyakran ez a legnagyobb hiba, amellyel a tapasztalatlan emigr\u00e1nsok \u00faj orsz\u00e1gba (vagy emiatt sz\u00fcl\u0151haz\u00e1juk v\u00e1ros\u00e1ba) k\u00f6lt\u00f6znek. Kicsit extrovert\u00e1ltnak kell lenned. Ha probl\u00e9m\u00e1i vannak ezzel, fontolja meg a kih\u00edv\u00e1st, nehogy a lak\u00e1sban \u00fclj\u00f6n a falat b\u00e1mulva.<\/p>\n\n<p class=\"wp-block-paragraph\">De b\u00e1rmennyire is eltarthat egy ideig a k\u00f6zeli d\u00e1n bar\u00e1tokkal, nem szabad feladni, hogy legal\u00e1bb n\u00e9h\u00e1nyat szerezzen. K\u00fclf\u00f6ldi hallgat\u00f3k\u00e9nt p\u00e9ld\u00e1ul hajlamos bar\u00e1tokat szerezni egy nemzetk\u00f6zi k\u00f6z\u00f6ss\u00e9gben, \u00e9s gyakran nemzetk\u00f6zi hallgat\u00f3k is a h\u00e1l\u00f3zatot alkotj\u00e1k.<\/p>\n\n<p class=\"wp-block-paragraph\">Biztos, hogy id\u0151vel \u00faj bar\u00e1tokat szerez, \u00e9s folytatja az \u00e9letet a t\u00e1rsas\u00e1gukban. \u00c9rdekes m\u00f3don az emberek megny\u00edlhatnak el\u0151tted n\u00e9h\u00e1ny v\u00e1ratlan helyzetben. Nem kell csod\u00e1lkoznia azon, hogy valaki besz\u00e9lget\u00e9st kezd veled, de minden a be\u00e1ll\u00edt\u00e1st\u00f3l f\u00fcgg. Ha buliban, munk\u00e1ban vagy oszt\u00e1lyban vagy, ez term\u00e9szetes helyzet, hogy bar\u00e1tokat szerezz &#8211; ne hagyd magad h\u00e1tra a l\u00e1tsz\u00f3lag \u00e9rdektelen d\u00e1nokt\u00f3l (vagy b\u00e1rkit\u0151l), mert ez egyszer\u0171en a modern t\u00e1rsadalom t\u00fcnete &#8211; legal\u00e1bbis ezeken a f\u00f6ldgoly\u00f3 egyes r\u00e9szei.<\/p>\n\n<h2 class=\"wp-block-heading\">A bar\u00e1ts\u00e1gok jellege<\/h2>\n\n<p class=\"wp-block-paragraph\">A d\u00e1n \u00e9let rohadtul zavar\u00f3 tud lenni, k\u00fcl\u00f6n\u00f6sen a bar\u00e1ts\u00e1gok kialak\u00edt\u00e1s\u00e1ban \u00e9s fenntart\u00e1s\u00e1ban. Ahogy az v\u00e1rhat\u00f3, az emberek k\u00fcl\u00f6nb\u00f6z\u0151 kult\u00far\u00e1j\u00faak, \u00e9s nagyr\u00e9szt elt\u00e9r\u0151 felfog\u00e1suk van arr\u00f3l, hogy milyennek kell lennie egy j\u00f3 bar\u00e1tnak. <\/p>\n\n<p class=\"wp-block-paragraph\">Tal\u00e1n egy bar\u00e1tra sz\u00e1m\u00edt, akit csak \u00fagy v\u00e9letlen\u00fcl felh\u00edvhat, \u00e9s egy\u00fctt kimehet, vagy v\u00e1ratlanul bej\u00f6het a h\u00e1z\u00e1ba. Megd\u00f6bbent\u0151 lehet, hogy a d\u00e1n emberek vagy azok, akik egy ideje az orsz\u00e1gban \u00e9lnek, nem szeretik ezt a v\u00e9letlenszer\u0171s\u00e9get. El\u0151fordulhat, hogy m\u00e9g egy bar\u00e1tj\u00e1t is \u00e9rtes\u00edtenie kell \u00e9rkez\u00e9s\u00e9r\u0151l, k\u00fcl\u00f6nben el\u0151fordulhat, hogy nincs ideje r\u00e1d, \u00e9s v\u00e9g\u00fcl zavarba j\u00f6n. <\/p>\n\n<p class=\"wp-block-paragraph\">Gyakran el\u0151fordul, hogy egy d\u00e1niai bar\u00e1t csak felh\u00edv egy napra, esetleg k\u00e1v\u00e9ra, term\u00e9szetj\u00e1r\u00e1sra, koncertre vagy klubba. A d\u00e1niai bar\u00e1ts\u00e1gok a szabadt\u00e9ri tev\u00e9kenys\u00e9gekben is megjelennek, ahol otthon tal\u00e1lkozik a bar\u00e1tokkal. <\/p>\n\n<h2 class=\"wp-block-heading\">Tal\u00e1lkozz \u00faj bar\u00e1tokkal D\u00e1ni\u00e1ban<\/h2>\n\n<p class=\"wp-block-paragraph\">\u00c9rthet\u0151, hogy egy dolog, amit mindenki szeretne, az az \u00faj bar\u00e1t megszerz\u00e9se, aki \u00e9lvezetess\u00e9 teszi az \u00e9let\u00e9t D\u00e1ni\u00e1ban. Term\u00e9szetesen \u00fajonck\u00e9nt sz\u00fcks\u00e9ge van valakire, aki bemutatja \u00d6nt, megosztja veletek a v\u00e1s\u00e1rl\u00e1s kult\u00far\u00e1j\u00e1val kapcsolatos fontos inform\u00e1ci\u00f3kat \u00e9s m\u00e9g sok m\u00e1st. <\/p>\n\n<p class=\"wp-block-paragraph\">A legegyszer\u0171bb \u00e9s legval\u00f3sz\u00edn\u0171bb m\u00f3dja annak, hogy els\u0151 bar\u00e1tait D\u00e1ni\u00e1ban szerezze, a munkahelyen, a tanulm\u00e1nyi int\u00e9zm\u00e9nyben vagy az egyh\u00e1zban. \u00c1ltal\u00e1ban szoci\u00e1lis helyek, p\u00e9ld\u00e1ul \u00f6nkorm\u00e1nyzati rendezv\u00e9nyek,<a href=\"https:\/\/www.expat.com\/en\/guide\/europe\/denmark\/14372-leisure-in-denmark.html\"> ny\u00e1ri tev\u00e9kenys\u00e9gek<\/a> \u00e9s az ilyenek \u00e9l\u00e9nkebb\u00e9 teszik a d\u00e1n embereket. Amikor m\u00e1r szerez egy els\u0151 j\u00f3 bar\u00e1tot, elk\u00e9pzelhet\u0151, hogy t\u00f6bb ismeretlen emberrel fog bemutatkozni, \u00e9s hamarosan bar\u00e1ti h\u00e1l\u00f3zata lesz. <\/p>\n\n<h2 class=\"wp-block-heading\">Hol lehet bar\u00e1tokat szerezni D\u00e1ni\u00e1ban <\/h2>\n\n<p class=\"wp-block-paragraph\">A munkahelye, a csoportos megbesz\u00e9l\u00e9sek, az oszt\u00e1ly vagy b\u00e1rmilyen szabadt\u00e9ri tev\u00e9kenys\u00e9g D\u00e1ni\u00e1ban az els\u0151 olyan helyek, amelyeket nem szeretne lemondani \u00faj bar\u00e1ts\u00e1gok l\u00e9trehoz\u00e1s\u00e1r\u00f3l. <\/p>\n\n<p class=\"wp-block-paragraph\">A legt\u00f6bb \u00faj j\u00f6vev\u00e9ny D\u00e1ni\u00e1ban tal\u00e1lkozik az els\u0151 bar\u00e1tokkal<a href=\"http:\/\/scandinavia.life\/hu\/tanulmanyi-elet-megkezdese\/\"> iskol\u00e1ban<\/a> , munka, \u00f6nk\u00e9ntess\u00e9g, sport \u00e9s hobbi. Sz\u00fcks\u00e9ges lesz, hogy vegye fel a kapcsolattart\u00f3 vagy a k\u00f6z\u00f6ss\u00e9gi m\u00e9dia azonoss\u00e1g\u00e1t, \u00e9s folytassa a besz\u00e9lget\u00e9st egy ideig, miel\u0151tt lassan k\u00f6zeli bar\u00e1tj\u00e1nak kezden\u00e9nek tekinteni. M\u00e9g az is meglep\u0151dhet, hogy v\u00e9g\u00fcl r\u00e1kattintott \u00e9s a legjobb bar\u00e1tok lettek. <\/p>\n\n<h2 class=\"wp-block-heading\">Hogyan b\u00e1nnak a d\u00e1nok a bar\u00e1ts\u00e1gokkal<\/h2>\n\n<p class=\"wp-block-paragraph\">B\u00e1r a d\u00e1nok nem k\u00f6t\u0151dnek k\u00f6nnyen bar\u00e1ti kapcsolatokhoz, ha a bels\u0151 k\u00f6r\u00fck bar\u00e1ts\u00e1g\u00e1nak r\u00e9sz\u00e9v\u00e9 tesznek, nagyon \u00e9rt\u00e9kelik. Annyira \u00e9rzelmes emberek, ami azt jelenti, hogy a bar\u00e1ts\u00e1g t\u00f6bbet jelent, mint ismerni t\u00e9ged. <\/p>\n\n<p class=\"wp-block-paragraph\">Sokszor ellen\u0151rizni fognak, hogy kider\u00fclj\u00f6n, j\u00f3l csin\u00e1lod -e. A d\u00e1n bar\u00e1ts\u00e1gok nagyszer\u0171s\u00e9ge mindennap megnyilv\u00e1nul, de nyilv\u00e1nval\u00f3bb az \u00fcnnepi id\u0151szakokban, sz\u00fclet\u00e9snapokon vagy partikon. A legkisebb lehet\u0151s\u00e9ggel aj\u00e1nd\u00e9kokkal \u00e1rasztanak el, \u00e9s otthon \u00e9rezheted magad. D\u00e1n bar\u00e1tom od\u00e1ig ment<a href=\"http:\/\/biteable.com\/birthday\"> csin\u00e1lj sz\u00fclinapi vide\u00f3t<\/a> nekem!<\/p>\n\n<p class=\"wp-block-paragraph\">Mivel nagyra becs\u00fclik a bar\u00e1ts\u00e1got, egy d\u00e1n vagy valaki, aki r\u00e9g\u00f3ta D\u00e1ni\u00e1ban van, kicsinek tartja a bar\u00e1ti k\u00f6r\u00e9t. Nem akarod el\u00e1rulni a bar\u00e1ts\u00e1g \u00e9rt\u00e9k\u00e9t egy d\u00e1nnak, mert nagyon szeretnek k\u00f6zeli bar\u00e1tokat. <\/p>\n\n<h2 class=\"wp-block-heading\">Bar\u00e1ts\u00e1got szerezni a nemzetk\u00f6zi d\u00e1nokkal <\/h2>\n\n<p class=\"wp-block-paragraph\">A kezdeti szakaszban \u00fajonck\u00e9nt D\u00e1ni\u00e1ban. Az \u00e9let elviselhetetlen lehet bar\u00e1tok vagy besz\u00e9lget\u0151partnerek n\u00e9lk\u00fcl. A probl\u00e9ma m\u00e9g nagyobb lehet, ha nincs csal\u00e1dtagja, aki t\u00e1rsas\u00e1got tarthat. Orvoss\u00e1gk\u00e9nt a D\u00e1ni\u00e1ban \u00e9l\u0151 nemzetk\u00f6zi k\u00f6z\u00f6ss\u00e9g j\u00f3 kapcsolatteremt\u0151 lehet. <\/p>\n\n<p class=\"wp-block-paragraph\">B\u00e1r n\u00e9h\u00e1ny D\u00e1ni\u00e1ban \u00e9l\u0151 bev\u00e1ndorl\u00f3 is megtette<a href=\"http:\/\/scandinavia.life\/hu\/tartozkodasi-engedely-dania\/\"> \u00e1tvette a d\u00e1n kult\u00far\u00e1t<\/a> , rugalmasabbak, meg\u00e9rt\u0151bbek \u00e9s fog\u00e9konyabbak az \u00faj bar\u00e1ts\u00e1gokra. Mert tudj\u00e1k a helyzetedet. C\u00e9lszer\u0171 csatlakozni a d\u00e1niai nemzetk\u00f6zi emberek Facebook -csoportjaihoz. <\/p>\n\n<p class=\"wp-block-paragraph\">Ilyen csoportokban tal\u00e1l id\u0151t arra, hogy olyan emberekkel l\u00e9pjen kapcsolatba, akik majdnem ugyanazokon az integr\u00e1ci\u00f3kon mentek kereszt\u00fcl, mint te. Tudatosabbak \u00e9s megosztanak inform\u00e1ci\u00f3kat mindenr\u0151l, amit esetleg tudni szeretne. <\/p>\n\n<p class=\"wp-block-paragraph\">Feltehet\u0151en m\u00e9g b\u00e1tran megk\u00e9rdezheti, hol v\u00e1s\u00e1roljon vagy s\u00e9t\u00e1ljon, \u00e9s azonnali v\u00e1laszokat kap a tagokt\u00f3l. <\/p>\n","protected":false},"excerpt":{"rendered":"<p>A legt\u00f6bb ember D\u00e1ni\u00e1ban t\u00fal hidegnek \u00e9s felt\u00e9telezettnek t\u0171nhet, ami megnehez\u00edti az \u00faj bar\u00e1t megszerz\u00e9s\u00e9t. Ritk\u00e1n fordul el\u0151, hogy a d\u00e1n emberek megny\u00edlnak veled val\u00f3 besz\u00e9lget\u00e9sre . Ha valaki hozz\u00e1szokott ahhoz a melegs\u00e9ghez, hogy m\u00e1sokkal k\u00f6lcs\u00f6nhat\u00e1sba l\u00e9p, \u00e9s csak k\u00f6nnyen tud egy ismert k\u00f6rnyezetben, akkor neh\u00e9z lehet \u00faj orsz\u00e1gba k\u00f6lt\u00f6znie. Legyen proakt\u00edv, \u00e9s k\u00e9rdezze meg<\/p>\n","protected":false},"author":1,"featured_media":34237,"comment_status":"closed","ping_status":"closed","sticky":false,"template":"","format":"standard","meta":{"footnotes":""},"categories":[24754,24705,24472],"tags":[24809,24806,24810,24807,24396],"class_list":["post-34223","post","type-post","status-publish","format-standard","has-post-thumbnail","hentry","category-dania-hu","category-egeszseg","category-elo","tag-baratok","tag-expat-kozosseg","tag-letrehozas","tag-mozgo","tag-munka"],"_links":{"self":[{"href":"https:\/\/www.scandinavia.life\/hu\/wp-json\/wp\/v2\/posts\/34223","targetHints":{"allow":["GET"]}}],"collection":[{"href":"https:\/\/www.scandinavia.life\/hu\/wp-json\/wp\/v2\/posts"}],"about":[{"href":"https:\/\/www.scandinavia.life\/hu\/wp-json\/wp\/v2\/types\/post"}],"author":[{"embeddable":true,"href":"https:\/\/www.scandinavia.life\/hu\/wp-json\/wp\/v2\/users\/1"}],"replies":[{"embeddable":true,"href":"https:\/\/www.scandinavia.life\/hu\/wp-json\/wp\/v2\/comments?post=34223"}],"version-history":[{"count":0,"href":"https:\/\/www.scandinavia.life\/hu\/wp-json\/wp\/v2\/posts\/34223\/revisions"}],"wp:featuredmedia":[{"embeddable":true,"href":"https:\/\/www.scandinavia.life\/hu\/wp-json\/wp\/v2\/media\/34237"}],"wp:attachment":[{"href":"https:\/\/www.scandinavia.life\/hu\/wp-json\/wp\/v2\/media?parent=34223"}],"wp:term":[{"taxonomy":"category","embeddable":true,"href":"https:\/\/www.scandinavia.life\/hu\/wp-json\/wp\/v2\/categories?post=34223"},{"taxonomy":"post_tag","embeddable":true,"href":"https:\/\/www.scandinavia.life\/hu\/wp-json\/wp\/v2\/tags?post=34223"}],"curies":[{"name":"wp","href":"https:\/\/api.w.org\/{rel}","templated":true}]}}