{"id":37614,"date":"2021-04-25T12:46:49","date_gmt":"2021-04-25T12:46:49","guid":{"rendered":"http:\/\/scandinavia.life\/hazas-emberkent-koltozik-skandinaviaba-tanulni\/"},"modified":"2024-07-31T14:31:52","modified_gmt":"2024-07-31T14:31:52","slug":"hazas-emberkent-koltozik-skandinaviaba-tanulni","status":"publish","type":"post","link":"https:\/\/www.scandinavia.life\/hu\/hazas-emberkent-koltozik-skandinaviaba-tanulni\/","title":{"rendered":"H\u00e1zask\u00e9nt Skandin\u00e1vi\u00e1ba k\u00f6lt\u00f6zni tanulni"},"content":{"rendered":"\n<p class=\"wp-block-paragraph\">A csal\u00e1dalap\u00edt\u00e1s \u00e9s a tengerent\u00fali tanulm\u00e1nyok k\u00f6z\u00f6tti zsongl\u0151rk\u00f6d\u00e9s az egyik legnehezebb d\u00f6nt\u00e9s, \u00e9s a gyeng\u00e9bb idegzet\u0171ek gyakran elbuknak rajta. Fiatal vagy k\u00f6z\u00e9pkor\u00fa emberk\u00e9nt gyakran szembes\u00fcl azzal a dilemm\u00e1val, hogy a csal\u00e1dalap\u00edt\u00e1sra vagy a <a href=\"https:\/\/www.dreamstudiesabroad.com\/articles\/study-scandinavia\">fels\u0151fok\u00fa v\u00e9gzetts\u00e9gek<\/a> megszerz\u00e9s\u00e9re koncentr\u00e1ljon-e. Frusztr\u00e1ci\u00f3b\u00f3l az emberek hajlamosak a kett\u0151 k\u00f6z\u00fcl valamelyiket v\u00e1lasztani, de nem mindkett\u0151t.<\/p>\n\n<p class=\"wp-block-paragraph\">Az \u00c1zsi\u00e1ban, Afrik\u00e1ban, Amerik\u00e1ban, Kanad\u00e1ban, Ausztr\u00e1li\u00e1ban vagy Kelet-Eur\u00f3p\u00e1ban \u00e9l\u0151, ambici\u00f3zus, de h\u00e1zas embernek el\u0151sz\u00f6r a csal\u00e1d jut esz\u00e9be, amikor aj\u00e1nlatot kap egy skandin\u00e1viai tanulm\u00e1ny\u00fatra. Olyan k\u00e9rd\u00e9sek, mint p\u00e9ld\u00e1ul: h\u00e1trahagyom-e a csal\u00e1domat? Meg\u00e1llja a hely\u00e9t a t\u00e1vh\u00e1zass\u00e1gom? Hogyan viszonyul majd hozz\u00e1m a kisgyermekem? Megb\u00e1nom-e majd, hogy h\u00e1trahagyom a csal\u00e1domat, hogy elmehessek tanulni?<\/p>\n\n<p class=\"wp-block-paragraph\">Azoknak, akik m\u00e9g mindig egyed\u00fcl\u00e1ll\u00f3ak, minden olyan egyszer\u0171, hiszen minden arr\u00f3l sz\u00f3l, hogy kergesd az \u00e1lmaidat, \u00e9s nem sok d\u00f6nt\u00e9s tart vissza. Van azonban egy dolog, ami miatt Skandin\u00e1via kiemelkedik a tanulni \u00e9rkez\u0151, de m\u00e1r haz\u00e1jukban h\u00e1zas fels\u0151oktat\u00e1si hallgat\u00f3k k\u00f6z\u00fcl.<\/p>\n\n<h2 class=\"wp-block-heading\">Kih\u00edv\u00e1sok Skandin\u00e1vi\u00e1ban tanulni h\u00e1zast\u00e1rs n\u00e9lk\u00fcl<\/h2>\n\n<p class=\"wp-block-paragraph\">Fels\u0151oktat\u00e1si <a href=\"http:\/\/scandinavia.life\/hu\/elso-elmenyek-daniaba-erkezeskor\/\">hallgat\u00f3k\u00e9nt Skandin\u00e1vi\u00e1ba j\u00f6nni<\/a> nagyon kifizet\u0151d\u0151 lehet, de egyben nagy kih\u00edv\u00e1st is jelent. Az, hogy valaki m\u00e1r h\u00e1zas a saj\u00e1t orsz\u00e1g\u00e1ban, azt jelenti, hogy el kell d\u00f6nteni, hogy mag\u00e1val hozza-e a csal\u00e1dj\u00e1t.<\/p>\n\n<p class=\"wp-block-paragraph\">A skandin\u00e1v szab\u00e1lyok lehet\u0151v\u00e9 teszik, hogy az emberek di\u00e1kk\u00e9nt magukkal hozz\u00e1k a csal\u00e1djukat, de a folyamatnak nagy pr\u00e9miumot kell fizetni. Bizony\u00edtani kell, hogy az ember k\u00e9pes gondoskodni minden m\u00e1s k\u00eds\u00e9r\u0151 csal\u00e1dtagr\u00f3l, mivel a szoci\u00e1lis rendszer nem lesz k\u00e9pes gondoskodni r\u00f3luk.<\/p>\n\n<p class=\"wp-block-paragraph\">Ha valaki \u00fagy d\u00f6nt, hogy nem j\u00f6n a csal\u00e1dj\u00e1val, a csal\u00e1dt\u00f3l val\u00f3 elszakad\u00e1s t\u00e1rsadalmi terhe nyomaszt\u00f3 lehet. D\u00e1ni\u00e1ban a t\u00e1rsadalmi kult\u00fara olyan, hogy az emberek z\u00e1rk\u00f3zottak \u00e9s magukba z\u00e1rk\u00f3znak. A legt\u00f6bb ember csak \u00fagy pr\u00f3b\u00e1l megbirk\u00f3zni vele, hogy bar\u00e1tn\u0151t vagy bar\u00e1tot szerez, hogy \u00e9letben tartsa. Ez probl\u00e9m\u00e1s lehet, mivel egy h\u00e1zas ember otthon m\u00e1r elk\u00f6telezett, \u00e9s nem olyan k\u00f6nny\u0171 \u00faj kapcsolatot kezdeni.<\/p>\n\n<h2 class=\"wp-block-heading\">H\u00e1zast\u00e1rs \u00e9s csal\u00e1dtag k\u00eds\u00e9r\u0151je egy skandin\u00e1viai di\u00e1khoz<\/h2>\n\n<p class=\"wp-block-paragraph\">A tengerent\u00fali \u00f6szt\u00f6nd\u00edjakra p\u00e1ly\u00e1z\u00f3 emberek t\u00f6bbs\u00e9ge nem meri kifejezetten kijelenteni, hogy h\u00e1zas, m\u00e9g akkor sem, ha biztosan az. Az ilyen elker\u00fcl\u00e9s t\u00e9ves inform\u00e1ci\u00f3kon alapul, mivel az <a href=\"http:\/\/scandinavia.life\/hu\/kulfoldi-diakkent-daniaba-koltozik-es-ott-marad\/\">\u00f6szt\u00f6nd\u00edjak<\/a> kiad\u00f3i vonakodhatnak att\u00f3l, hogy egy csal\u00e1dos szem\u00e9lyt t\u00e1mogassanak, az ezzel kapcsolatos logisztikai \u00e9s szoci\u00e1lis k\u00e9rd\u00e9sek miatt. De t\u00e1volr\u00f3l sem, a h\u00e1zas st\u00e1tusz bejelent\u00e9se csak el\u0151nyh\u00f6z juttathatja \u00d6nt.<\/p>\n\n<p class=\"wp-block-paragraph\">Az eur\u00f3pai rendszer nemr\u00e9giben felismerte, hogy az emberek az oktat\u00e1st arra haszn\u00e1lj\u00e1k, hogy k\u00f6nnyed\u00e9n v\u00edzumot \u00e9s tart\u00f3zkod\u00e1si enged\u00e9lyt kapjanak, majd megh\u00e1zasodjanak, ami puszta n\u00e9pess\u00e9gcsere eredm\u00e9nyez. A rendszer &#8211; b\u00e1r burkoltan &#8211; nagyra \u00e9rt\u00e9keli a h\u00e1zas szem\u00e9lyeket a haz\u00e1jukhoz val\u00f3 k\u00f6t\u0151d\u00e9s\u00fck miatt. M\u00e1sr\u00e9szt, ha kijelenti, hogy h\u00e1zas, akkor es\u00e9lyt kap arra, hogy k\u00e9relmezze a h\u00e1zast\u00e1rs \u00e9s a csal\u00e1dtagok k\u00eds\u00e9r\u0151j\u00e9nek k\u00e9relm\u00e9t.<\/p>\n\n<p class=\"wp-block-paragraph\">A k\u00eds\u00e9r\u0151 h\u00e1zast\u00e1rs \u00d6nnel egy\u00fctt k\u00f6lt\u00f6zhet Skandin\u00e1vi\u00e1ba a tart\u00f3zkod\u00e1s teljes id\u0151tartam\u00e1ra, \u00e9s tanulm\u00e1nyi k\u00e9relmet is beny\u00fajthat, valamint teljes munkaid\u0151ben dolgozhat, am\u00edg \u00d6n tanul. B\u00e1r a k\u00eds\u00e9r\u0151 h\u00e1zast\u00e1rs \u00e9s a gyerekek beszerz\u00e9se n\u00e9h\u00e1ny doll\u00e1rba ker\u00fcl, az el\u0151ny\u00f6k messze fel\u00fclm\u00falj\u00e1k a k\u00f6lts\u00e9geket.<\/p>\n\n<h2 class=\"wp-block-heading\">Hogyan m\u0171k\u00f6dik a k\u00eds\u00e9r\u0151 h\u00e1zast\u00e1rsak \u00e9s csal\u00e1dtagok programja Skandin\u00e1vi\u00e1ban?<\/h2>\n\n<p class=\"wp-block-paragraph\">B\u00e1rki, aki felv\u00e9telt nyert egy skandin\u00e1viai fels\u0151oktat\u00e1si int\u00e9zm\u00e9nybe, csal\u00e1dj\u00e1val egy\u00fctt j\u00f6het. Ezzel kapcsolatban az egyetlen kik\u00f6t\u00e9s az, hogy a k\u00eds\u00e9r\u0151 csal\u00e1dtagok eltart\u00e1s\u00e1ra val\u00f3 k\u00e9pess\u00e9get igazolni kell.<\/p>\n\n<p class=\"wp-block-paragraph\">Ebben az esetben a csal\u00e1dnak bizony\u00edtottan szoros kapcsolatban kell \u00e1llnia, ak\u00e1r feles\u00e9gk\u00e9nt, ak\u00e1r gyermekk\u00e9nt, ak\u00e1r \u00e9lett\u00e1rsk\u00e9nt.  A d\u00e1n integr\u00e1ci\u00f3s toborz\u00e1si \u00e9s beilleszked\u00e9si \u00fcgyn\u00f6ks\u00e9g (SIRI) r\u00e9szletes k\u00f6vetelm\u00e9nyeket t\u00e1maszt azzal kapcsolatban, hogy milyen dokumentumokat kell beny\u00fajtani a k\u00eds\u00e9r\u0151 csal\u00e1dtagok feldolgoz\u00e1s\u00e1hoz.<\/p>\n\n<p class=\"wp-block-paragraph\">A k\u00eds\u00e9r\u0151 csal\u00e1dtag j\u00f6het a felvett di\u00e1k mell\u00e9, de k\u00e9s\u0151bb is j\u00f6het, amikor a di\u00e1k m\u00e1r beiratkozott \u00e9s folytatja tanulm\u00e1nyait. Ak\u00e1rhogy is, a d\u00f6nt\u00e9s, hogy mag\u00e1val hozza a k\u00eds\u00e9r\u0151 csal\u00e1dtagokat, nagym\u00e9rt\u00e9kben megmenti a tanulm\u00e1nyi id\u0151szak alatt a csal\u00e1dtagokt\u00f3l val\u00f3 t\u00e1voll\u00e9tb\u0151l ad\u00f3d\u00f3 szoci\u00e1lis terheket.<\/p>\n\n<h2 class=\"wp-block-heading\"> <img loading=\"lazy\" decoding=\"async\" width=\"10000\" height=\"6668\" class=\"wp-image-3170\" style=\"width: 10000px;\" src=\"https:\/\/scandinavia.life\/wp-content\/uploads\/2021\/04\/Family-2-scaled.jpeg\" alt=\"\" srcset=\"https:\/\/www.scandinavia.life\/wp-content\/uploads\/2021\/04\/Family-2-scaled.jpeg 2560w, https:\/\/www.scandinavia.life\/wp-content\/uploads\/2021\/04\/Family-2-300x200.jpeg 300w, https:\/\/www.scandinavia.life\/wp-content\/uploads\/2021\/04\/Family-2-1024x683.jpeg 1024w, https:\/\/www.scandinavia.life\/wp-content\/uploads\/2021\/04\/Family-2-768x512.jpeg 768w, https:\/\/www.scandinavia.life\/wp-content\/uploads\/2021\/04\/Family-2-1536x1024.jpeg 1536w, https:\/\/www.scandinavia.life\/wp-content\/uploads\/2021\/04\/Family-2-2048x1365.jpeg 2048w\" sizes=\"auto, (max-width: 10000px) 100vw, 10000px\" \/><\/h2>\n\n<h2 class=\"wp-block-heading\">Hogyan boldogulj di\u00e1kk\u00e9nt Skandin\u00e1vi\u00e1ban, ha csal\u00e1dod van a tengerent\u00falon?<\/h2>\n\n<p class=\"wp-block-paragraph\">\u0150szint\u00e9n sz\u00f3lva, nagy feladat megbirk\u00f3zni a tanul\u00e1ssal, ha a csal\u00e1d t\u00e1vol van. Ez nem azt jelenti, hogy ez lehetetlen, de nagy kih\u00edv\u00e1st jelent. A gondolat, amellyel mindenki egyet fog \u00e9rteni, az, hogy ahhoz, hogy t\u00f6bb id\u0151t szentelhess\u00fcnk a tanulm\u00e1nyokra \u00e9s a kutat\u00e1sra, a lelki nyugalom a legfontosabb. Ez a lelki nyugalom csak akkor j\u00f6n el, ha a t\u00e1rsadalmi k\u00f6t\u0151d\u00e9sek nagyr\u00e9szt rendez\u0151dnek, ami nem \u00edgy van, ha valaki k\u00e9t, h\u00e1rom vagy n\u00e9gy \u00e9vre elszakad a csal\u00e1dj\u00e1t\u00f3l, att\u00f3l f\u00fcgg\u0151en, hogy melyik skandin\u00e1viai programot v\u00e1lasztja.<\/p>\n\n<p class=\"wp-block-paragraph\">Abban az esetben, ha nagyon lehetetlen a csal\u00e1ddal j\u00f6nni, akkor van n\u00e9h\u00e1ny m\u00f3dja annak, hogy zsongl\u0151rk\u00f6dj\u00fcnk a csal\u00e1ddal val\u00f3 kapcsolattart\u00e1s \u00e9s a tanulm\u00e1nyok k\u00f6z\u00f6tt. El\u0151sz\u00f6r is, a h\u00e1zast\u00e1rssal \u00e9s a gyerekekkel val\u00f3 folyamatos <a href=\"http:\/\/scandinavia.life\/hu\/skandinav-tv-csatornak-nezese-vpn-segitsegevel\/\">kommunik\u00e1ci\u00f3ra<\/a> van sz\u00fcks\u00e9g. M\u00e1sodszor, ha valaki egy \u00e9vn\u00e9l hosszabb ideig tanul, fontos, hogy a tanulm\u00e1nyi id\u0151szak alatt legal\u00e1bb \u00e9vente egyszer id\u0151t szak\u00edtson arra, hogy hazat\u00e9rjen &#8211; ez k\u00f6lts\u00e9gesnek t\u0171nhet, de nagyon fontos a csal\u00e1d \u00f6sszetart\u00e1sa szempontj\u00e1b\u00f3l.<\/p>\n\n<p class=\"wp-block-paragraph\">Mivel a di\u00e1kok 20 \u00f3r\u00e1t dolgozhatnak, fontos, hogy legyen n\u00e9mi j\u00f6vedelm\u00fck, \u00e9s hazak\u00fcldj\u00e9k, hogy t\u00e1mogass\u00e1k a h\u00e1zast\u00e1rsat a csal\u00e1di sz\u00fcks\u00e9gletek kiel\u00e9g\u00edt\u00e9s\u00e9ben. Lehet, hogy a m\u00e1sik h\u00e1zast\u00e1rs otthon megfelel\u0151 anyagi forr\u00e1sokkal rendelkezik a csal\u00e1d fenntart\u00e1s\u00e1hoz, de a k\u00fcld\u00e9s aktusa is \u00f6sszek\u00f6ti a kapcsolatot. Val\u00f3j\u00e1ban a h\u00e1zast\u00e1rsi kapcsolat ink\u00e1bb \u00e9rzelmi, mint fizikai, \u00e9s ezt egy k\u00fclf\u00f6ldi di\u00e1knak meg kell \u00e9rtenie.<\/p>\n\n<h2 class=\"wp-block-heading\">Csal\u00e1d megh\u00edv\u00e1sa r\u00f6vid t\u00e1v\u00fa v\u00edzummal, di\u00e1kk\u00e9nt Skandin\u00e1vi\u00e1ba<\/h2>\n\n<p class=\"wp-block-paragraph\">Ha k\u00fclf\u00f6ldi di\u00e1kk\u00e9nt a skandin\u00e1v orsz\u00e1gok b\u00e1rmelyik\u00e9ben tart\u00f3zkodik, \u00e9s csal\u00e1dja a tengerent\u00falon maradt, az egyik lehet\u0151s\u00e9g, hogy id\u0151nk\u00e9nt behozza \u0151ket, a <a href=\"https:\/\/www.mzv.cz\/kabul\/en\/visa_and_consular_information\/conditions_for_entry_on_the_territory_of\/short_term_visa_requirements\/index.html\">r\u00f6vid t\u00e1v\u00fa v\u00edzummal t\u00f6rt\u00e9n\u0151 megh\u00edv\u00e1s<\/a>. Ezt \u00d6n, mint szponzor teheti meg, aki 3-6 h\u00f3napra k\u00fcld egy k\u00e9relmet, hogy a csal\u00e1d j\u00f6jj\u00f6n.<\/p>\n\n<p class=\"wp-block-paragraph\">A bev\u00e1ndorl\u00e1si hat\u00f3s\u00e1gok meghat\u00e1rozz\u00e1k azokat a konkr\u00e9t k\u00f6vetelm\u00e9nyeket, amelyeknek valakinek meg kell felelnie ahhoz, hogy csal\u00e1dtagjait r\u00f6vid t\u00e1v\u00fa tart\u00f3zkod\u00e1sra megh\u00edvhassa.<\/p>\n","protected":false},"excerpt":{"rendered":"<p>A csal\u00e1dalap\u00edt\u00e1s \u00e9s a tengerent\u00fali tanulm\u00e1nyok k\u00f6z\u00f6tti zsongl\u0151rk\u00f6d\u00e9s az egyik legnehezebb d\u00f6nt\u00e9s, \u00e9s a gyeng\u00e9bb idegzet\u0171ek gyakran elbuknak rajta. Fiatal vagy k\u00f6z\u00e9pkor\u00fa emberk\u00e9nt gyakran szembes\u00fcl azzal a dilemm\u00e1val, hogy a csal\u00e1dalap\u00edt\u00e1sra vagy a fels\u0151fok\u00fa v\u00e9gzetts\u00e9gek megszerz\u00e9s\u00e9re koncentr\u00e1ljon-e. Frusztr\u00e1ci\u00f3b\u00f3l az emberek hajlamosak a kett\u0151 k\u00f6z\u00fcl valamelyiket v\u00e1lasztani, de nem mindkett\u0151t. Az \u00c1zsi\u00e1ban, Afrik\u00e1ban, Amerik\u00e1ban, Kanad\u00e1ban, Ausztr\u00e1li\u00e1ban<\/p>\n","protected":false},"author":1,"featured_media":36526,"comment_status":"closed","ping_status":"closed","sticky":false,"template":"","format":"standard","meta":{"footnotes":""},"categories":[24425,24223],"tags":[24960,24961,24962,24959],"class_list":["post-37614","post","type-post","status-publish","format-standard","has-post-thumbnail","hentry","category-mozgo","category-uncategorized-hu","tag-csalad","tag-hazassag","tag-tanul","tag-vizum"],"_links":{"self":[{"href":"https:\/\/www.scandinavia.life\/hu\/wp-json\/wp\/v2\/posts\/37614","targetHints":{"allow":["GET"]}}],"collection":[{"href":"https:\/\/www.scandinavia.life\/hu\/wp-json\/wp\/v2\/posts"}],"about":[{"href":"https:\/\/www.scandinavia.life\/hu\/wp-json\/wp\/v2\/types\/post"}],"author":[{"embeddable":true,"href":"https:\/\/www.scandinavia.life\/hu\/wp-json\/wp\/v2\/users\/1"}],"replies":[{"embeddable":true,"href":"https:\/\/www.scandinavia.life\/hu\/wp-json\/wp\/v2\/comments?post=37614"}],"version-history":[{"count":5,"href":"https:\/\/www.scandinavia.life\/hu\/wp-json\/wp\/v2\/posts\/37614\/revisions"}],"predecessor-version":[{"id":145931,"href":"https:\/\/www.scandinavia.life\/hu\/wp-json\/wp\/v2\/posts\/37614\/revisions\/145931"}],"wp:featuredmedia":[{"embeddable":true,"href":"https:\/\/www.scandinavia.life\/hu\/wp-json\/wp\/v2\/media\/36526"}],"wp:attachment":[{"href":"https:\/\/www.scandinavia.life\/hu\/wp-json\/wp\/v2\/media?parent=37614"}],"wp:term":[{"taxonomy":"category","embeddable":true,"href":"https:\/\/www.scandinavia.life\/hu\/wp-json\/wp\/v2\/categories?post=37614"},{"taxonomy":"post_tag","embeddable":true,"href":"https:\/\/www.scandinavia.life\/hu\/wp-json\/wp\/v2\/tags?post=37614"}],"curies":[{"name":"wp","href":"https:\/\/api.w.org\/{rel}","templated":true}]}}