{"id":37700,"date":"2021-04-21T12:14:54","date_gmt":"2021-04-21T12:14:54","guid":{"rendered":"http:\/\/scandinavia.life\/adok-daniaban-skat-danmark\/"},"modified":"2024-07-31T15:19:34","modified_gmt":"2024-07-31T15:19:34","slug":"adok-daniaban-skat-danmark","status":"publish","type":"post","link":"https:\/\/www.scandinavia.life\/hu\/adok-daniaban-skat-danmark\/","title":{"rendered":"Ad\u00f3k D\u00e1ni\u00e1ban (skat Danmark)"},"content":{"rendered":"\n<p class=\"wp-block-paragraph\">Amikor odakint \u00e1llsz, \u00e9s azt n\u00e9zed, hogy a rendszerek j\u00f3l szervezettek, \u00e9s az emberek hat\u00e9konyan kapj\u00e1k meg a sz\u00fcks\u00e9ges szoci\u00e1lis szolg\u00e1ltat\u00e1sokat, ne hagyd magad becsapni, hogy azt hiszed, a finansz\u00edroz\u00e1s k\u00f6nnyen j\u00f6n. D\u00e1ni\u00e1ban az ad\u00f3k t\u00f6bb r\u00e9teg\u00e9t alkalmazz\u00e1k, amelyek mindenki sz\u00e1m\u00e1ra \u00fajraelosztj\u00e1k az er\u0151forr\u00e1sokat. A d\u00e1n korm\u00e1ny \u00fagy viselkedik, mint egy igazi nagy testv\u00e9r, aki odafent \u00fcl \u00e9s gondoskodik arr\u00f3l, hogy az orsz\u00e1g minden szorgalmas dolgoz\u00f3ja tisztess\u00e9ges meg\u00e9lhet\u00e9st kapjon.  <\/p>\n\n<p class=\"wp-block-paragraph\"><a href=\"http:\/\/scandinavia.life\/hu\/tartozkodasi-engedely-dania\/\">D\u00e1niai lakosk\u00e9nt<\/a> val\u00f3sz\u00edn\u0171leg nem tudja, milyen ad\u00f3kat vetnek ki \u00d6nre, amikor keres vagy v\u00e1s\u00e1rol valamit. El\u0151fordulhat, hogy sok\u00e1ig tart, vagy egy\u00e1ltal\u00e1n nem is siker\u00fcl, mire D\u00e1ni\u00e1ban val\u00f3ban el tudja l\u00e1tni az ad\u00f3k\u00f6telezetts\u00e9geit. Ha \u00d6n olyan ember, aki \u00f6nz\u0151 m\u00f3don egy hossz\u00fa munkah\u00f3nap ut\u00e1n egy j\u00f3 fizet\u00e9si m\u00e9rlegre v\u00e1gyik, akkor D\u00e1nia nem az \u00d6n helye. Hacsak nem \u00e9rt\u00e9keli a d\u00e1niai er\u0151s szoci\u00e1lis rendszert, akkor az az \u00e9rz\u00e9se t\u00e1madhat, hogy a korm\u00e1ny t\u00fal sokat vesz el \u00d6nt\u0151l ad\u00f3k form\u00e1j\u00e1ban a rendszer fenntart\u00e1s\u00e1hoz.  <\/p>\n\n<h2 class=\"wp-block-heading\">T\u00e1rsas\u00e1gi ad\u00f3k D\u00e1ni\u00e1ban  <\/h2>\n\n<p class=\"wp-block-paragraph\">Ha \u00d6n D\u00e1ni\u00e1ban k\u00edv\u00e1n c\u00e9get alap\u00edtani, 22%-os t\u00e1rsas\u00e1gi ad\u00f3t kell fizetnie. A t\u00e1rsas\u00e1gi ad\u00f3 azonban att\u00f3l f\u00fcgg, hogy a v\u00e1llalat sz\u00e9khelye D\u00e1ni\u00e1ban vagy m\u00e1shol van-e. A D\u00e1ni\u00e1ban illet\u0151s\u00e9ggel rendelkez\u0151 t\u00e1rsas\u00e1g teljes ad\u00f3t fizet, mivel minden j\u00f6vedelme az orsz\u00e1gon bel\u00fcl keletkezettnek min\u0151s\u00fcl. A m\u00e1shol bejegyzett, de D\u00e1ni\u00e1ban m\u0171k\u00f6d\u0151 t\u00e1rsas\u00e1gok korl\u00e1tozott t\u00e1rsas\u00e1gi ad\u00f3 hat\u00e1lya al\u00e1 tartoznak.  <\/p>\n\n<h2 class=\"wp-block-heading\">J\u00f6vedelemad\u00f3 D\u00e1ni\u00e1ban<\/h2>\n\n<p class=\"wp-block-paragraph\">Mindenkinek, aki <a href=\"http:\/\/scandinavia.life\/hu\/daniaban-dolgozik\/\">D\u00e1ni\u00e1ban<\/a> bejelentkezett \u00e9s <a href=\"http:\/\/scandinavia.life\/hu\/daniaban-dolgozik\/\">dolgozik<\/a>, ad\u00f3t kell fizetnie a korm\u00e1nynak a Skattestyrelsen nev\u0171 ad\u00f3hivatalon kereszt\u00fcl. A d\u00e1n munk\u00e1ltat\u00f3k nagyon \u0151szint\u00e9k \u00e9s becs\u00fcletesek a korm\u00e1nnyal szemben, ami azt jelenti, hogy nem fognak r\u00e9szt venni a &#8222;feketemunka&#8221; &#8211; a tart\u00f3zkod\u00e1si \u00e9s ad\u00f3z\u00e1si enged\u00e9ly n\u00e9lk\u00fcli munkav\u00e9gz\u00e9sre utal\u00f3 kifejez\u00e9s &#8211; majmol\u00e1s\u00e1ban.  <\/p>\n\n<p class=\"wp-block-paragraph\">\u00d6nnek \u00e9s a munk\u00e1ltat\u00f3nak k\u00f6teless\u00e9ge a korm\u00e1ny fel\u00e9, hogy mindenkor biztos\u00edtsa, hogy az ad\u00f3hat\u00f3s\u00e1g pontosan r\u00f6gz\u00edtse az \u00d6n j\u00f6vedelm\u00e9t. Az ad\u00f3csal\u00e1s D\u00e1ni\u00e1ban szigor\u00faan tilos, \u00e9s az elker\u00fclt ad\u00f3 \u00f6sszeg\u00e9t\u0151l f\u00fcgg\u0151en b\u00f6rt\u00f6nb\u00fcntet\u00e9st, p\u00e9nzb\u00edrs\u00e1got vagy mindkett\u0151t von maga ut\u00e1n.  <\/p>\n\n<p class=\"wp-block-paragraph\">Nincsenek konkr\u00e9t j\u00f6vedelemad\u00f3-kulcsok, de ez az el\u0151\u00edrt ad\u00f3kulcsokt\u00f3l f\u00fcgg. R\u00f6viden, az emberek nem ugyanolyan ar\u00e1nyban fizetnek ad\u00f3t. A d\u00e1n Skat progressz\u00edv ad\u00f3kulcsokat alkalmaz, amelyekben a magasabb j\u00f6vedelm\u0171ek t\u00f6bbet, a k\u00f6zepes j\u00f6vedelm\u0171ek kevesebbet fizetnek, a nagyon alacsony j\u00f6vedelm\u0171ek pedig mentes\u00fclnek az ad\u00f3fizet\u00e9s al\u00f3l.  <\/p>\n\n<p class=\"wp-block-paragraph\">Az\u00e9rt j\u00f3 tudni, hogy melyik ad\u00f3fizet\u00e9si kateg\u00f3ri\u00e1ba tartozik egy adott id\u0151pontban, mert ez megakad\u00e1lyozza, hogy ad\u00f3csal\u00e1s\u00e9rt tarts\u00e1k \u00d6nt.  <\/p>\n\n<h2 class=\"wp-block-heading\">Ad\u00f3bevall\u00e1sok D\u00e1ni\u00e1ban  <\/h2>\n\n<p class=\"wp-block-paragraph\">B\u00e1rki, aki \u00e9lt \u00e9s fizetett m\u00e1r ad\u00f3t D\u00e1ni\u00e1ban, egyet\u00e9rt azzal, hogy az ad\u00f3k magasak, k\u00fcl\u00f6n\u00f6sen azok sz\u00e1m\u00e1ra, akik gyors t\u0151k\u00e9t akarnak felhalmozni. Az ad\u00f3z\u00e1s \u00e1tl\u00e1that\u00f3s\u00e1ga azonban vonz\u00f3v\u00e1 teszi. A d\u00e1n ad\u00f3bevall\u00e1si rendszert minden ad\u00f3fizet\u0151 nagyra \u00e9rt\u00e9keli. Az ad\u00f3hat\u00f3s\u00e1g legk\u00e9s\u0151bb az ad\u00f3\u00e9v v\u00e9g\u00e9t (december 31.) k\u00f6vet\u0151 j\u00falius 1-j\u00e9ig k\u00f6telezi a mag\u00e1nszem\u00e9ly ad\u00f3alanyokat ad\u00f3bevall\u00e1s beny\u00fajt\u00e1s\u00e1ra. A d\u00e1n ad\u00f3hat\u00f3s\u00e1g az el\u0151z\u0151 j\u00f6vedelem\u00e9vre meg\u00e1llap\u00edtott j\u00f6vedelmek alapj\u00e1n ad\u00f3k\u00e1rty\u00e1t ad az ad\u00f3fizet\u0151knek. Fontos, hogy rendelkezzen ad\u00f3k\u00e1rty\u00e1val, mert an\u00e9lk\u00fcl az ad\u00f3hat\u00f3s\u00e1g a j\u00f6vedelm\u00e9nek ak\u00e1r 55%-\u00e1t is visszatartja egy\u00e9ni j\u00f6vedelemad\u00f3 c\u00edm\u00e9n. Az ad\u00f3\u00e9v v\u00e9g\u00e9t \u00e9s az \u00d6n ad\u00f3bevall\u00e1s\u00e1nak meg\u00e1llap\u00edt\u00e1s\u00e1t (ad\u00f3bevall\u00e1s) k\u00f6vet\u0151en az ad\u00f3hat\u00f3s\u00e1g meghat\u00e1rozza az \u00d6n ad\u00f3kateg\u00f3ri\u00e1j\u00e1t \u00e9s alkalmazza a vonatkoz\u00f3 ad\u00f3kulcsokat. A t\u00falfizetett ad\u00f3t ezut\u00e1n visszat\u00e9r\u00edtik \u00d6nnek, plusz az ebb\u0151l felhalmozott, nem ad\u00f3k\u00f6teles 0%-os kamatot.  <\/p>\n\n<h2 class=\"wp-block-heading\">D\u00e1n ad\u00f3k\u00e1rtya<\/h2>\n\n<p class=\"wp-block-paragraph\">Mindenkinek, aki D\u00e1ni\u00e1ban dolgozik \u00e9s fizet\u00e9st kap, ad\u00f3t kell fizetnie. Az ad\u00f3hat\u00f3s\u00e1g k\u00f6telezi a munk\u00e1ltat\u00f3kat \u00e9s a munkav\u00e1llal\u00f3kat, hogy val\u00f3s adatokat szolg\u00e1ltassanak arr\u00f3l, hogy ki mennyit keres minden \u00e9vben, hogy kisz\u00e1m\u00edthass\u00e1k az ad\u00f3k\u00f6teles j\u00f6vedelm\u00e9t, \u00e9s tudj\u00e1k, hogy melyik ad\u00f3csoportba sorolj\u00e1k be. Ha azzal a c\u00e9llal k\u00f6lt\u00f6zik D\u00e1ni\u00e1ba, hogy gyors p\u00e9nzt keressen \u00e9s \u00e1tverje a rendszert, akkor az ellenszer az, hogy ez nem lehets\u00e9ges.  <\/p>\n\n<p class=\"wp-block-paragraph\">Egyesek t\u00e9vesen azt gondolhatj\u00e1k, hogy a d\u00e1n ad\u00f3k\u00e1rtya olyan, mint egy hitel- vagy bet\u00e9ti k\u00e1rtya, amelyet valaki egy g\u00e9pen h\u00faz be, hogy ad\u00f3levon\u00e1sokat hajtson v\u00e9gre. Ez nem \u00edgy van, mivel az ad\u00f3k\u00e1rtya csak olyan, mint egy profil vagy az ad\u00f3bevall\u00e1s\u00e1t r\u00e9szletez\u0151 inform\u00e1ci\u00f3. Ez egy digit\u00e1lis dokumentum, amely felsorolja az \u00d6nre vonatkoz\u00f3 ad\u00f3kulcsokat \u00e9s levon\u00e1sokat.  <\/p>\n\n<h2 class=\"wp-block-heading\">A d\u00e1niai ad\u00f3k\u00e1rtya el\u0151nyei<\/h2>\n\n<p class=\"wp-block-paragraph\">Mindenkinek, aki D\u00e1ni\u00e1ban j\u00f6vedelemmel vagy vagyonnal rendelkezik, szem\u00e9lyes felel\u0151ss\u00e9ge, hogy ezt bejelenti az ad\u00f3hat\u00f3s\u00e1gnak. A j\u00f6vedelem bevall\u00e1sa nem felt\u00e9tlen\u00fcl jelenti azt, hogy az ad\u00f3t teljes eg\u00e9sz\u00e9ben levonj\u00e1k \u00d6nt\u0151l. Az \u00d6nre kivetett t\u00e9nyleges ad\u00f3 olyan <a href=\"https:\/\/international.kk.dk\/artikel\/how-do-i-get-tax-card\">konkr\u00e9t felt\u00e9telekt\u0151l<\/a>f\u00fcgg, mint p\u00e9ld\u00e1ul az, hogy van-e akt\u00edv banki hitelkamata, az ingatlan tulajdonjoga, a j\u00f6vedelem m\u00e9rt\u00e9ke \u00e9s m\u00e9g sok m\u00e1s t\u00e9nyez\u0151. Az ad\u00f3k\u00e1rtya megv\u00e9di \u00d6nt a b\u00edrs\u00e1gokt\u00f3l, b\u00fcntet\u0151elj\u00e1r\u00e1sokt\u00f3l \u00e9s p\u00e9nz\u00fcgyi vesztes\u00e9gekt\u0151l olyan esetekben, amikor a korm\u00e1ny r\u00e1j\u00f6n, hogy \u00d6n nem ad meg ilyen inform\u00e1ci\u00f3kat.  <\/p>\n\n<h2 class=\"wp-block-heading\">Hol kaphat d\u00e1n ad\u00f3k\u00e1rty\u00e1t<\/h2>\n\n<p class=\"wp-block-paragraph\">Amint D\u00e1ni\u00e1ban regisztr\u00e1ltatja mag\u00e1t a CPR-n\u00e9l, \u00e9s sz\u00e1nd\u00e9k\u00e1ban \u00e1ll dolgozni vagy j\u00f6vedelmet keresni, ad\u00f3z\u00e1si priorit\u00e1st kell kapnia. \u00d6nnek j\u00f6vedelemad\u00f3t kell fizetnie \u00e9s pontos nyilatkozatokat kell tennie. Mindenesetre D\u00e1ni\u00e1ban minden munk\u00e1ltat\u00f3 el\u0151sz\u00f6r ad\u00f3k\u00e1rty\u00e1t fog k\u00e9rni, amelyet be kell mutatni. Az ad\u00f3k\u00e1rtya a CPR-hez kapcsol\u00f3dik, ami azt jelenti, hogy minden munk\u00e1ltat\u00f3 l\u00e1tni fogja. Mindenki, aki jogszer\u0171en tart\u00f3zkodik D\u00e1ni\u00e1ban, k\u00f6teles \u00e9s jogosult d\u00e1n ad\u00f3k\u00e1rty\u00e1t kapni a korm\u00e1nynak fizetend\u0151 ad\u00f3fizet\u00e9si k\u00f6telezetts\u00e9g\u00e9nek teljes\u00edt\u00e9s\u00e9hez. D\u00e1ni\u00e1ban val\u00f3j\u00e1ban erk\u00f6lcsi k\u00f6teless\u00e9g\u00fcnk ad\u00f3t fizetni, mert t\u00f6bbf\u00e9lek\u00e9ppen is r\u00e9szes\u00fclhet\u00fcnk bel\u0151le, p\u00e9ld\u00e1ul j\u00f3 utak, m\u0171k\u00f6d\u0151 eg\u00e9szs\u00e9g\u00fcgyi ell\u00e1t\u00e1s, munkan\u00e9lk\u00fcli seg\u00e9lyek, gyermekt\u00e1mogat\u00e1s \u00e9s m\u00e9g sok m\u00e1s m\u00f3don. Az ad\u00f3k\u00e1rty\u00e1t a d\u00e1n ad\u00f3hat\u00f3s\u00e1g (SKAT) \u00e1ll\u00edtja ki minden D\u00e1ni\u00e1ban leg\u00e1lisan tart\u00f3zkod\u00f3 szem\u00e9ly sz\u00e1m\u00e1ra a D\u00e1ni\u00e1ba val\u00f3 meg\u00e9rkez\u00e9skor.  <\/p>\n\n<p class=\"wp-block-paragraph\">Annak, aki m\u00e9g nem kapott ad\u00f3k\u00e1rty\u00e1t, fontos, hogy k\u00f6zvetlen\u00fcl h\u00edvja fel a skat-ot, \u00e9s mondja el, hogy milyen j\u00f6vedelemre sz\u00e1m\u00edt havonta, \u00e9s a foglalkoztat\u00e1s v\u00e1rhat\u00f3 id\u0151tartam\u00e1t. Ezut\u00e1n regisztr\u00e1lj\u00e1k \u00d6nt az ad\u00f3rendszerben. B\u00e1r az ad\u00f3k\u00e1rty\u00e1t b\u00e1rmikor ig\u00e9nyelheti, aj\u00e1nlatos, hogy ezt a munk\u00e1ba \u00e1ll\u00e1st\u00f3l sz\u00e1m\u00edtott k\u00e9t h\u00f3napon bel\u00fcl tegye meg. Az ad\u00f3h\u00e1tral\u00e9k \u00e9s az ad\u00f3igazgat\u00e1si b\u00fcrokr\u00e1cia cs\u00f6kkent\u00e9se \u00e9rdek\u00e9ben a d\u00e1n ad\u00f3hat\u00f3s\u00e1g az ad\u00f3k\u00e1rty\u00e1k ir\u00e1nti k\u00e9relmeket legkor\u00e1bban 60 nappal a d\u00e1niai munkav\u00e1llal\u00e1s megkezd\u00e9se el\u0151tt szeretn\u00e9 feldolgozni.  <\/p>\n\n<h2 class=\"wp-block-heading\">A d\u00e1n ad\u00f3k\u00e1rtya megszerz\u00e9s\u00e9nek k\u00f6vetelm\u00e9nyei<\/h2>\n\n<p class=\"wp-block-paragraph\">\u00c1ltal\u00e1ban a d\u00e1n ad\u00f3k\u00e1rtya ig\u00e9nyl\u00e9se \u00e9s megszerz\u00e9se egyszer\u0171 \u00e9s egyszer\u0171 folyamat. Az ad\u00f3\u00fcgyi tisztvisel\u0151k mindig t\u00e1mogatni fogj\u00e1k \u00d6nt, mint <a href=\"http:\/\/scandinavia.life\/hu\/elso-elmenyek-daniaba-erkezeskor\/\">\u00fajonnan \u00e9rkezett d\u00e1n<\/a> \u00e1llampolg\u00e1rt mindenben, amit tudnia kell. Egy telefonh\u00edv\u00e1s, egy e-mail vagy egy tal\u00e1lkoz\u00f3 az ad\u00f3hat\u00f3s\u00e1ggal nagyszer\u0171 lehet\u0151s\u00e9get ny\u00fajt arra, hogy minden sz\u00fcks\u00e9ges inform\u00e1ci\u00f3t megkapjon.  <\/p>\n\n<p class=\"wp-block-paragraph\">Ahhoz, hogy az ad\u00f3k\u00e1rty\u00e1t hiba vagy b\u00e1rmilyen k\u00e9sedelem n\u00e9lk\u00fcl feldolgozz\u00e1k, jobban m\u0171k\u00f6dik, ha az \u00f6sszes sz\u00fcks\u00e9ges dokumentum a hely\u00e9n van. A dokumentumok alapvet\u0151en a k\u00f6vetkez\u0151ket tartalmazz\u00e1k:  <\/p>\n\n<ul class=\"wp-block-list\"><li>Az al\u00e1\u00edrt munkaszerz\u0151d\u00e9s m\u00e1solata, amely tartalmazza a munk\u00e1ltat\u00f3 minden adat\u00e1t, valamint a foglalkoztat\u00e1s felt\u00e9teleit.<\/li><li>Az \u00fatlev\u00e9l vagy a nemzeti szem\u00e9lyazonos\u00edt\u00f3 igazolv\u00e1ny m\u00e1solata (ezek el\u00fcls\u0151 \u00e9s h\u00e1ts\u00f3 r\u00e9sz\u00e9t akkor is be kell ny\u00fajtani, ha a h\u00e1toldalon nincs \u00edr\u00e1sos inform\u00e1ci\u00f3).<\/li><li>Ebben az esetben a d\u00e1niai tart\u00f3zkod\u00e1s igazol\u00e1sa (d\u00e1n tart\u00f3zkod\u00e1si \u00e9s munkav\u00e1llal\u00e1si enged\u00e9ly) is megfelel.<\/li><li>A d\u00e1niai csal\u00e1ddal rendelkez\u0151 h\u00e1zas szem\u00e9lynek h\u00e1zass\u00e1gi anyak\u00f6nyvi kivonatot kell beny\u00fajtania.  <\/li><\/ul>\n\n<h2 class=\"wp-block-heading\">Honnan kapja meg a D\u00e1n Ad\u00f3hivatal (Skattestyrelsen) az \u00d6n j\u00f6vedelmi adatait<\/h2>\n\n<p class=\"wp-block-paragraph\">D\u00e1ni\u00e1ban nagyfok\u00fa az \u00e1tl\u00e1that\u00f3s\u00e1g a j\u00f6vedelemnyilatkozatok tekintet\u00e9ben. D\u00e1ni\u00e1ban nem lehet meg\u00faszni az ad\u00f3csal\u00e1st, mivel az ad\u00f3hat\u00f3s\u00e1g sz\u00e1m\u00e1ra meghat\u00e1rozott m\u00f3dok vannak az inform\u00e1ci\u00f3szerz\u00e9sre. P\u00e9ld\u00e1ul az a t\u00e9ny, hogy D\u00e1ni\u00e1ban tilos a fizet\u00e9s k\u00e9szp\u00e9nzben t\u00f6rt\u00e9n\u0151 kifizet\u00e9se, k\u00f6telez\u0151v\u00e9 teszi, hogy a munk\u00e1ltat\u00f3nak <a href=\"http:\/\/scandinavia.life\/hu\/banki-szolgaltatasok-daniaban\/\">banksz\u00e1ml\u00e1ra<\/a> kell utalnia az \u00d6n fizet\u00e9s\u00e9t. Val\u00f3j\u00e1ban a kifizet\u00e9s d\u00e1niai munkav\u00e1llal\u00f3i sz\u00e1m\u00e1ra a kifizet\u00e9s id\u0151pontja szinte azonos. Csak megeml\u00edtem, hogy ha bes\u00e9t\u00e1l egy szupermarketbe, akkor a fizet\u00e9s napj\u00e1n mindenkit teli bev\u00e1s\u00e1rl\u00f3kosarakkal fog l\u00e1tni, mert az \u00f6sszes b\u00e9rsz\u00e1mfejt\u00e9st szinte mindenhol ugyanazon a napon dolgozz\u00e1k fel \u00e9s fizetik ki.  <\/p>\n\n<p class=\"wp-block-paragraph\">A d\u00e1n ad\u00f3hivatal k\u00fcl\u00f6nb\u00f6z\u0151 forr\u00e1sokb\u00f3l szerzi be az \u00d6n j\u00f6vedelmi adatait, t\u00f6bbek k\u00f6z\u00f6tt a k\u00f6vetkez\u0151kb\u0151l:  <\/p>\n\n<p class=\"wp-block-paragraph\"><strong>\n  <em>Munkaad\u00f3k<\/em>\n<\/strong>-minden alkalommal igaz nyilatkozatot tesznek a j\u00f6vedelmi adataikr\u00f3l, amikor fizetnek neked. Az ad\u00f3csal\u00e1sban seg\u00e9dkez\u0151 munk\u00e1ltat\u00f3kat s\u00falyos b\u00edrs\u00e1gokkal vagy ak\u00e1r a nyilv\u00e1ntart\u00e1sb\u00f3l val\u00f3 t\u00f6rl\u00e9ssel is s\u00fajthatj\u00e1k.  <\/p>\n\n<p class=\"wp-block-paragraph\"><strong>\n  <em>Bankok &#8211;<\/em>\n<\/strong> D\u00e1ni\u00e1ban minden fizet\u00e9st a bankrendszeren kereszt\u00fcl kell teljes\u00edtenie. Banksz\u00e1ml\u00e1t kell nyitnia, ahov\u00e1 a munk\u00e1ltat\u00f3 a kifizet\u00e9st teljes\u00edti. A banki tranzakci\u00f3idb\u00f3l kider\u00fcl, hogy mennyit keresel fizet\u00e9sk\u00e9nt.  <\/p>\n\n<p class=\"wp-block-paragraph\"><strong>\n  <em>Munkan\u00e9lk\u00fclis\u00e9gi alapok \u00e9s szakszervezetek<\/em>\n<\/strong>&#8211; mindig t\u00e1j\u00e9koztatj\u00e1k az ad\u00f3hat\u00f3s\u00e1got a tagd\u00edjbefizet\u00e9sekr\u0151l.  <\/p>\n\n<p class=\"wp-block-paragraph\">Az ad\u00f3hat\u00f3s\u00e1g inform\u00e1ci\u00f3s forr\u00e1sainak ez a sz\u00e9les h\u00e1l\u00f3zata megk\u00f6nny\u00edti az \u00d6n sz\u00e1m\u00e1ra k\u00f6telezetts\u00e9geinek teljes\u00edt\u00e9s\u00e9t, \u00e9s visszatartja az embereket att\u00f3l, hogy tisztess\u00e9gtelen\u00fcl falatozzanak a rendszerb\u0151l.  <\/p>\n\n<p class=\"wp-block-paragraph\">Ne feledje, hogy a korm\u00e1ny ezekre az ad\u00f3kra t\u00e1maszkodik a gyermekp\u00e9nz, a fejleszt\u00e9s, az eg\u00e9szs\u00e9g\u00fcgy \u00e9s sok m\u00e1s k\u00f6zszolg\u00e1ltat\u00e1s biztos\u00edt\u00e1sa \u00e9rdek\u00e9ben. Aki D\u00e1ni\u00e1ban \u00e9lt, \u00e9s r\u00e9szes\u00fclt a szoci\u00e1lis rendszer el\u0151nyeib\u0151l, az nem sz\u00edvesen fog ad\u00f3csal\u00e1sban r\u00e9szt venni, b\u00e1r n\u00e9h\u00e1nyan m\u00e9g mindig megteszik.  <\/p>\n\n<h2 class=\"wp-block-heading\">Els\u0151dleges ad\u00f3k\u00e1rtya D\u00e1ni\u00e1ban  <\/h2>\n\n<p class=\"wp-block-paragraph\">Fogadok, hogy zavar\u00f3 lesz, amikor a munk\u00e1ltat\u00f3ja megk\u00e9rdezi, hogy els\u0151dleges vagy m\u00e1sodlagos ad\u00f3k\u00e1rty\u00e1t haszn\u00e1l-e. Ezeknek a k\u00e1rty\u00e1knak a m\u0171k\u00f6d\u00e9se zavar\u00f3 lehet annak, aki most kapja meg el\u0151sz\u00f6r. Az els\u0151dleges ad\u00f3k\u00e1rtya D\u00e1ni\u00e1ban az a k\u00e1rtya, amelyet a munk\u00e1ltat\u00f3k vagy az SU nev\u0171 \u00e1llami oktat\u00e1si t\u00e1mogat\u00e1s a di\u00e1kok sz\u00e1m\u00e1ra haszn\u00e1lnak. Az els\u0151dleges ad\u00f3k\u00e1rty\u00e1t csak egy munk\u00e1ltat\u00f3 haszn\u00e1lhatja. Ez\u00e9rt aj\u00e1nlatos, hogy az els\u0151dleges ad\u00f3k\u00e1rty\u00e1t az a munk\u00e1ltat\u00f3 haszn\u00e1lja, ahol a legmagasabb \u00f6sszeg\u0171 fizet\u00e9st kapja.  <\/p>\n\n<p class=\"wp-block-paragraph\">Az ad\u00f3k\u00e1rtya k\u00fcl\u00f6nb\u00f6z\u0151 r\u00e9szleteket tartalmaz, bele\u00e9rtve a forr\u00e1sad\u00f3 m\u00e9rt\u00e9k\u00e9t, az ad\u00f3mentes levon\u00e1sokat \u00e9s a juttat\u00e1sokat. Ha hajlamos arra, hogy k\u00e9tn\u00e9l t\u00f6bb munk\u00e1ltat\u00f3nak enged\u00e9lyezze az els\u0151dleges k\u00e1rtya haszn\u00e1lat\u00e1t, akkor ez ahhoz vezet, hogy kev\u00e9s ad\u00f3t fizet, ami a k\u00f6vetkez\u0151 \u00e9vben kintl\u00e9v\u0151s\u00e9get jelent.  <\/p>\n\n<h2 class=\"wp-block-heading\">M\u00e1sodlagos ad\u00f3k\u00e1rtya D\u00e1ni\u00e1ban<\/h2>\n\n<p class=\"wp-block-paragraph\">A m\u00e1sodlagos k\u00e1rty\u00e1t t\u00f6bbf\u00e9le j\u00f6vedelemforr\u00e1s eset\u00e9n \u00e9rdemes haszn\u00e1lni. Ha \u00d6nnek egy munk\u00e1ltat\u00f3ja van, \u00e1llami oktat\u00e1si t\u00e1mogat\u00e1sban (SU) r\u00e9szes\u00fcl, vagy mindkett\u0151, akkor itt fogja haszn\u00e1lni a m\u00e1sodlagos ad\u00f3k\u00e1rty\u00e1t. A m\u00e1sodlagos ad\u00f3k\u00e1rtya korl\u00e1tozott inform\u00e1ci\u00f3kat tartalmaz. Ez csak a forr\u00e1sad\u00f3 m\u00e9rt\u00e9k\u00e9t adja meg. Ez\u00e9rt b\u00e1rmikor, amikor a munk\u00e1ltat\u00f3ja m\u00e1sodlagos ad\u00f3k\u00e1rty\u00e1val fizet \u00d6nnek, a teljes \u00f6sszeg ut\u00e1n ad\u00f3t vonnak le. A visszatartott ad\u00f3 nem jelenti azt, hogy elveszik, az ad\u00f3bevall\u00e1skor a t\u00f6bbletad\u00f3 t\u00e9nylegesen visszaj\u00e1r \u00d6nnek a felhalmozott kamatokkal egy\u00fctt.  <\/p>\n","protected":false},"excerpt":{"rendered":"<p>Amikor odakint \u00e1llsz, \u00e9s azt n\u00e9zed, hogy a rendszerek j\u00f3l szervezettek, \u00e9s az emberek hat\u00e9konyan kapj\u00e1k meg a sz\u00fcks\u00e9ges szoci\u00e1lis szolg\u00e1ltat\u00e1sokat, ne hagyd magad becsapni, hogy azt hiszed, a finansz\u00edroz\u00e1s k\u00f6nnyen j\u00f6n. D\u00e1ni\u00e1ban az ad\u00f3k t\u00f6bb r\u00e9teg\u00e9t alkalmazz\u00e1k, amelyek mindenki sz\u00e1m\u00e1ra \u00fajraelosztj\u00e1k az er\u0151forr\u00e1sokat. A d\u00e1n korm\u00e1ny \u00fagy viselkedik, mint egy igazi nagy testv\u00e9r, aki<\/p>\n","protected":false},"author":1,"featured_media":36483,"comment_status":"closed","ping_status":"closed","sticky":false,"template":"","format":"standard","meta":{"footnotes":""},"categories":[24581,24754],"tags":[25052,25055,25065,24530,25060],"class_list":["post-37700","post","type-post","status-publish","format-standard","has-post-thumbnail","hentry","category-banki-tevekenyseg","category-dania-hu","tag-adok","tag-dan-adohivatal","tag-egyeni-adok-hu","tag-rezidencia","tag-tarsasagi-adok"],"_links":{"self":[{"href":"https:\/\/www.scandinavia.life\/hu\/wp-json\/wp\/v2\/posts\/37700","targetHints":{"allow":["GET"]}}],"collection":[{"href":"https:\/\/www.scandinavia.life\/hu\/wp-json\/wp\/v2\/posts"}],"about":[{"href":"https:\/\/www.scandinavia.life\/hu\/wp-json\/wp\/v2\/types\/post"}],"author":[{"embeddable":true,"href":"https:\/\/www.scandinavia.life\/hu\/wp-json\/wp\/v2\/users\/1"}],"replies":[{"embeddable":true,"href":"https:\/\/www.scandinavia.life\/hu\/wp-json\/wp\/v2\/comments?post=37700"}],"version-history":[{"count":3,"href":"https:\/\/www.scandinavia.life\/hu\/wp-json\/wp\/v2\/posts\/37700\/revisions"}],"predecessor-version":[{"id":147626,"href":"https:\/\/www.scandinavia.life\/hu\/wp-json\/wp\/v2\/posts\/37700\/revisions\/147626"}],"wp:featuredmedia":[{"embeddable":true,"href":"https:\/\/www.scandinavia.life\/hu\/wp-json\/wp\/v2\/media\/36483"}],"wp:attachment":[{"href":"https:\/\/www.scandinavia.life\/hu\/wp-json\/wp\/v2\/media?parent=37700"}],"wp:term":[{"taxonomy":"category","embeddable":true,"href":"https:\/\/www.scandinavia.life\/hu\/wp-json\/wp\/v2\/categories?post=37700"},{"taxonomy":"post_tag","embeddable":true,"href":"https:\/\/www.scandinavia.life\/hu\/wp-json\/wp\/v2\/tags?post=37700"}],"curies":[{"name":"wp","href":"https:\/\/api.w.org\/{rel}","templated":true}]}}