{"id":37861,"date":"2015-12-27T19:17:23","date_gmt":"2015-12-27T19:17:23","guid":{"rendered":"http:\/\/scandinavia.life\/odense-hc-andersen\/"},"modified":"2024-07-30T20:42:48","modified_gmt":"2024-07-30T20:42:48","slug":"odense-hc-andersen","status":"publish","type":"post","link":"https:\/\/www.scandinavia.life\/hu\/odense-hc-andersen\/","title":{"rendered":"Odense &#8211; HC Andersen"},"content":{"rendered":"<h2 style=\"text-align: center;\">Odense<\/h2>\n<p>Odense valamivel t\u00f6bb mint 140 000 lakos\u00fa, \u00e9s D\u00e1nia harmadik legnagyobb v\u00e1rosa. Nagyj\u00e1b\u00f3l egy iparv\u00e1ros, amelyet haj\u00f3gy\u00e1rak, aut\u00f3gy\u00e1rak, \u00e9lelmiszer-feldolgoz\u00f3 \u00e9p\u00fcletek, s\u0151t m\u00e9g egy vas\u00fati csom\u00f3pont is jellemez. \u00c9szak-Eur\u00f3pa egyik legr\u00e9gebbi v\u00e1rosa, \u00e9s ipari h\u00e1ttere ellen\u00e9re rengeteg l\u00e1tnival\u00f3t \u00e9s tennival\u00f3t k\u00edn\u00e1l a turist\u00e1knak.<\/p>\n<figure id=\"attachment_35469\" aria-describedby=\"caption-attachment-35469\" style=\"width: 200px\" class=\"wp-caption aligncenter\"><a href=\"https:\/\/scandinavia.life\/wp-content\/uploads\/2015\/12\/Gadeliv_og_bygninger_fra_Odense-200x300.jpg\" rel=\"attachment wp-att-1195\"><img loading=\"lazy\" decoding=\"async\" class=\"size-medium wp-image-1195\" src=\"https:\/\/scandinavia.life\/wp-content\/uploads\/2015\/12\/Gadeliv_og_bygninger_fra_Odense-200x300.jpg\" alt=\"Odense HC Andersen\" width=\"200\" height=\"300\" srcset=\"https:\/\/www.scandinavia.life\/wp-content\/uploads\/2015\/12\/Gadeliv_og_bygninger_fra_Odense-200x300.jpg 200w, https:\/\/www.scandinavia.life\/wp-content\/uploads\/2015\/12\/Gadeliv_og_bygninger_fra_Odense-683x1024.jpg 683w, https:\/\/www.scandinavia.life\/wp-content\/uploads\/2015\/12\/Gadeliv_og_bygninger_fra_Odense-768x1152.jpg 768w, https:\/\/www.scandinavia.life\/wp-content\/uploads\/2015\/12\/Gadeliv_og_bygninger_fra_Odense-1024x1536.jpg 1024w, https:\/\/www.scandinavia.life\/wp-content\/uploads\/2015\/12\/Gadeliv_og_bygninger_fra_Odense-1200x1800.jpg 1200w, https:\/\/www.scandinavia.life\/wp-content\/uploads\/2015\/12\/Gadeliv_og_bygninger_fra_Odense.jpg 1365w\" sizes=\"auto, (max-width: 200px) 100vw, 200px\" \/><\/a><figcaption id=\"caption-attachment-35469\" class=\"wp-caption-text\">Kim Wyon &#8211; VisitDenmark<\/figcaption><\/figure>\n<h2 style=\"text-align: center;\">\u00c9rdekess\u00e9gek Odense<\/h2>\n<ul>\n<li>Odense Hans Christian Andersen, a vil\u00e1gszerte ismert \u00e9s n\u00e9pszer\u0171 \u00edr\u00f3 \u00e9s reg\u00e9ny\u00edr\u00f3 sz\u00fcl\u0151helye. Val\u00f3j\u00e1ban Andersen h\u00e1z\u00e1t is megn\u00e9zheti, mik\u00f6zben ide l\u00e1togat.<\/li>\n<li>  Odense a legnagyobb d\u00e1n zeneszerz\u0151, <a href=\"https:\/\/en.wikipedia.org\/wiki\/Carl_Nielsen\" target=\"_blank\" rel=\"noopener noreferrer\">Carl Nielson<\/a> sz\u00fcl\u0151helye is.<\/li>\n<li>Itt tal\u00e1lhat\u00f3 a <a href=\"http:\/\/www.sdu.dk\/en\/\" target=\"_blank\" rel=\"noopener noreferrer\">D\u00e9l-d\u00e1niai Egyetem<\/a>, amely 10 000-15 000 f\u0151vel n\u00f6veli a v\u00e1ros teljes lakoss\u00e1g\u00e1t.<\/li>\n<li>Odense D\u00e1nia els\u0151 sz\u00e1m\u00fa ker\u00e9kp\u00e1ros v\u00e1rosa. Csak ker\u00e9kp\u00e1rutakb\u00f3l t\u00f6bb mint 360 km van, \u00e9s szinte az eg\u00e9sz v\u00e1rost k\u00f6rbe lehet tekerni ker\u00e9kp\u00e1rral an\u00e9lk\u00fcl, hogy valaha is tal\u00e1lkozna egyetlen aut\u00f3val.<\/li>\n<li>A v\u00e1rosban sz\u00e9tsz\u00f3rt vas\u00fatvonalak k\u00f6z\u00fcl sok m\u00e1r nincs haszn\u00e1latban.<\/li>\n<li>Az &#8222;Odense&#8221; sz\u00f3 ford\u00edt\u00e1sa &#8222;Odin szent\u00e9lye&#8221;. A v\u00e1rost Odinr\u00f3l, az \u0151si \u00e9szaki mitol\u00f3gia legfontosabb isten\u00e9r\u0151l nevezt\u00e9k el.<\/li>\n<li>A leleteknek \u00e9s a r\u00e9g\u00e9szetnek k\u00f6sz\u00f6nhet\u0151en bizony\u00edt\u00e9kok utalnak arra, hogy az emberek m\u00e1r a k\u0151korszak \u00f3ta lakj\u00e1k Odense k\u00f6rny\u00e9k\u00e9t.<\/li>\n<\/ul>\n<h2 style=\"text-align: center;\">Odense f\u0151 h\u00edrneve<\/h2>\n<p>Odense els\u0151 sz\u00e1m\u00fa turisztikai l\u00e1tv\u00e1nyoss\u00e1ga <a href=\"http:\/\/www.biography.com\/people\/hans-christian-andersen-9184146\" target=\"_blank\" rel=\"noopener noreferrer\">Hans Christian Andersen<\/a> otthona. Az eg\u00e9sz vil\u00e1gon <a href=\"http:\/\/scandinavia.life\/hu\/koppenhaga-a-csodalatos\/\">A kis hable\u00e1ny<\/a> c\u00edm\u0171 mes\u00e9j\u00e9r\u0151l ismert, amely sok \u00e9vvel k\u00e9s\u0151bb Disney-sikerr\u00e9 v\u00e1lt, az emberek felfedezhetik Andersen h\u00f3bortos vil\u00e1g\u00e1t \u00e9s azt, hogy hol \u00e9lt, amikor a v\u00e1rosba l\u00e1togatnak. Ugyanezen a vonalon m\u00e9g a v\u00e1roson k\u00edv\u00fcl tal\u00e1lhat\u00f3 Funen Village is tiszteleg Andersen kora el\u0151tt, t\u00f6k\u00e9letesen fel\u00faj\u00edtott szakr\u00e1lis h\u00e1zakkal \u00e9s m\u00e9g sok minden m\u00e1ssal. Mindez annak ellen\u00e9re igaz, hogy Andersen csak 14 \u00e9ves kor\u00e1ig \u00e9lt a k\u00f6rny\u00e9ken, \u00e9s soha semmi j\u00f3t nem tudott mondani elszeg\u00e9nyedett gyermekkor\u00e1r\u00f3l.<\/p>\n  VisitDenmark\n<h2 style=\"text-align: center;\">Sz\u00e1ll\u00e1sok, \u00e9ttermek \u00e9s l\u00e1tnival\u00f3k<\/h2>\n<p>Ha a nagyv\u00e1rosok, p\u00e9ld\u00e1ul Koppenh\u00e1ga ny\u00fczsg\u00e9se n\u00e9lk\u00fcl szeretn\u00e9 megtapasztalni D\u00e1ni\u00e1t, akkor Odense a t\u00f6k\u00e9letes hely. Itt olyan luxussz\u00e1llod\u00e1k tal\u00e1lhat\u00f3k, mint p\u00e9ld\u00e1ul a leny\u0171g\u00f6z\u0151en sz\u00e9p <a href=\"http:\/\/www.firsthotels.com\/?sessionGUID=955a4e1e-0411-814d-db96-61652eac6884&amp;webSyncID=562e957c-b151-6ed0-8de3-2ad8dc676424&amp;sessionGUID=955a4e1e-0411-814d-db96-61652eac6884#_ga=1.181679396.261357885.1451239124\" target=\"_blank\" rel=\"noopener noreferrer\">First Hotel Grand<\/a>, amely kast\u00e9lyszer\u0171 \u00e9p\u00edt\u00e9szeti megold\u00e1sokkal rendelkezik. M\u00e1sr\u00e9szt, ha egy kicsit kedvez\u0151bb k\u00f6lts\u00e9gvet\u00e9s\u0171 sz\u00e1ll\u00e1shelyet keres, n\u00e9zze meg az Ansgarhus Motel-t, amely magas vend\u00e9g\u00e9rt\u00e9kel\u00e9ssel, viszonylag alacsony \u00e1rral \u00e9s olyan rusztikus k\u00f6rnyezettel rendelkezik, amelyet l\u00e1tnia kell, hogy elhiggye. R\u00e1ad\u00e1sul m\u00e9g saj\u00e1t f\u00fcrd\u0151szob\u00e1t is kap &#8211; ami a d\u00e1niai olcs\u00f3 sz\u00e1ll\u00e1shelyekn\u00e9l nehezen el\u00e9rhet\u0151.<br \/>\nA k\u00f6rny\u00e9ken sz\u00e1mos \u00e9tterem is tal\u00e1lhat\u00f3, amelyek seg\u00edtenek kiel\u00e9g\u00edteni az \u00e9tv\u00e1gyat, t\u00f6bbek k\u00f6z\u00f6tt az ig\u00e9nyes <a href=\"http:\/\/www.dengamlekro.eu\/34-home.html\" target=\"_blank\" rel=\"noopener noreferrer\">Den Gamle Kro<\/a>. Egyed\u00fcl\u00e1ll\u00f3 romantikus \u00e9lm\u00e9nyt ny\u00fajt, amely t\u00f6bb 17. sz\u00e1zadi fah\u00e1zban zajlik. Jellemz\u0151en francia konyh\u00e1t szolg\u00e1lnak fel, \u00e9s k\u00e9t- vagy h\u00e1romfog\u00e1sos \u00e9tkez\u00e9st v\u00e1laszthat.<a href=\"http:\/\/scandinavia.life\/wp-content\/uploads\/2015\/12\/M%C3%B8nterg%C3%A5rden_i_Odense.jpg\" rel=\"attachment wp-att-1197\"><img loading=\"lazy\" decoding=\"async\" class=\"size-medium wp-image-1197 alignright\" src=\"http:\/\/scandinavia.life\/wp-content\/uploads\/2015\/12\/M%C3%B8nterg%C3%A5rden_i_Odense-192x300.jpg\" alt=\"M\u00f8nterg\u00e5rden_i_Odense\" width=\"192\" height=\"300\"><\/a><\/p>\n<p>A kedvez\u0151 \u00e1r\u00fa \u00e9ttermek kedvel\u0151i \u00e9lvezni fogj\u00e1k az <a href=\"https:\/\/goo.gl\/maps\/5PYwP9dpBJA2\" target=\"_blank\" rel=\"noopener noreferrer\">Emil&#8217;s Hot<\/a> House \u00e9ttermet, ahol klasszikus amerikai \u00e9s kanadai \u00e9teleket szolg\u00e1lnak fel kedvez\u0151 \u00e1ron.<br \/>\nOdense v\u00e1ros\u00e1ban sz\u00e1mos l\u00e1tnival\u00f3 v\u00e1rja a sz\u00f3rakoz\u00e1sra v\u00e1gy\u00f3kat. Az <a href=\"http:\/\/www.egeskov.dk\/en\" target=\"_blank\" rel=\"noopener noreferrer\">Egeskov-kast\u00e9ly<\/a> egyszer\u0171en l\u00e9legzetel\u00e1ll\u00edt\u00f3 a v\u00edzparti k\u00f6rnyezet\u00e9vel \u00e9s az \u00e9rintetlen t\u00e1jk\u00e9p\u00e9vel. Itt tal\u00e1lhat\u00f3 az Odense \u00e1llatkert is, amely p\u00e1roknak \u00e9s gyermekes csal\u00e1doknak egyar\u00e1nt t\u00f6k\u00e9letes. Itt tal\u00e1lhat\u00f3 <a href=\"http:\/\/www.jernbanemuseet.dk\/en\/\" target=\"_blank\" rel=\"noopener noreferrer\">D\u00e1nia vas\u00fati m\u00fazeuma<\/a>, amely az orsz\u00e1gban t\u00f6bb \u00e9vtizede haszn\u00e1lt \u00f6sszes vonat el\u0151tt tiszteleg.<\/p>\n","protected":false},"excerpt":{"rendered":"<p>Odense Odense valamivel t\u00f6bb mint 140 000 lakos\u00fa, \u00e9s D\u00e1nia harmadik legnagyobb v\u00e1rosa. Nagyj\u00e1b\u00f3l egy iparv\u00e1ros, amelyet haj\u00f3gy\u00e1rak, aut\u00f3gy\u00e1rak, \u00e9lelmiszer-feldolgoz\u00f3 \u00e9p\u00fcletek, s\u0151t m\u00e9g egy vas\u00fati csom\u00f3pont is jellemez. \u00c9szak-Eur\u00f3pa egyik legr\u00e9gebbi v\u00e1rosa, \u00e9s ipari h\u00e1ttere ellen\u00e9re rengeteg l\u00e1tnival\u00f3t \u00e9s tennival\u00f3t k\u00edn\u00e1l a turist\u00e1knak. \u00c9rdekess\u00e9gek Odense Odense Hans Christian Andersen, a vil\u00e1gszerte ismert \u00e9s n\u00e9pszer\u0171 \u00edr\u00f3<\/p>\n","protected":false},"author":1,"featured_media":35469,"comment_status":"closed","ping_status":"closed","sticky":false,"template":"","format":"standard","meta":{"footnotes":""},"categories":[24754,24826],"tags":[25371,25399,25377,25541,25382,25384,25392,25405,25410,25419,25433,25538,25076,24469],"class_list":["post-37861","post","type-post","status-publish","format-standard","has-post-thumbnail","hentry","category-dania-hu","category-odense-hu","tag-ansgarhus-motel-hu","tag-az-elso-szalloda-nagy-odense-ben","tag-carl-nielson-odense-hu","tag-del-daniai-egyetem","tag-den-gamle-kro-odense-hu","tag-emils-forro-haz-odense","tag-eskegov-kastely","tag-hans-christian-andersen-hu","tag-hans-christian-andersen-odense-hu","tag-hc-andersen-hu","tag-odensei-allatkert","tag-odensei-egyetem","tag-skandinav-varos","tag-skandinav-varosok"],"_links":{"self":[{"href":"https:\/\/www.scandinavia.life\/hu\/wp-json\/wp\/v2\/posts\/37861","targetHints":{"allow":["GET"]}}],"collection":[{"href":"https:\/\/www.scandinavia.life\/hu\/wp-json\/wp\/v2\/posts"}],"about":[{"href":"https:\/\/www.scandinavia.life\/hu\/wp-json\/wp\/v2\/types\/post"}],"author":[{"embeddable":true,"href":"https:\/\/www.scandinavia.life\/hu\/wp-json\/wp\/v2\/users\/1"}],"replies":[{"embeddable":true,"href":"https:\/\/www.scandinavia.life\/hu\/wp-json\/wp\/v2\/comments?post=37861"}],"version-history":[{"count":4,"href":"https:\/\/www.scandinavia.life\/hu\/wp-json\/wp\/v2\/posts\/37861\/revisions"}],"predecessor-version":[{"id":141373,"href":"https:\/\/www.scandinavia.life\/hu\/wp-json\/wp\/v2\/posts\/37861\/revisions\/141373"}],"wp:featuredmedia":[{"embeddable":true,"href":"https:\/\/www.scandinavia.life\/hu\/wp-json\/wp\/v2\/media\/35469"}],"wp:attachment":[{"href":"https:\/\/www.scandinavia.life\/hu\/wp-json\/wp\/v2\/media?parent=37861"}],"wp:term":[{"taxonomy":"category","embeddable":true,"href":"https:\/\/www.scandinavia.life\/hu\/wp-json\/wp\/v2\/categories?post=37861"},{"taxonomy":"post_tag","embeddable":true,"href":"https:\/\/www.scandinavia.life\/hu\/wp-json\/wp\/v2\/tags?post=37861"}],"curies":[{"name":"wp","href":"https:\/\/api.w.org\/{rel}","templated":true}]}}