{"id":43598,"date":"2021-10-03T09:33:13","date_gmt":"2021-10-03T09:33:13","guid":{"rendered":"http:\/\/scandinavia.life\/svedorszagban-dolgozik\/"},"modified":"2022-01-27T19:41:04","modified_gmt":"2022-01-27T19:41:04","slug":"svedorszagban-dolgozik","status":"publish","type":"post","link":"https:\/\/www.scandinavia.life\/hu\/svedorszagban-dolgozik\/","title":{"rendered":"Sv\u00e9dorsz\u00e1gban dolgozik"},"content":{"rendered":"\n<p class=\"wp-block-paragraph\">A sv\u00e9dorsz\u00e1gi munkav\u00e9gz\u00e9s nagy m\u00e9rf\u00f6ldk\u0151 a k\u00fclf\u00f6ld\u00f6n \u00e9l\u0151k \u00e9let\u00e9ben. Ennek nem az az oka, hogy valakit automatikus sikerr\u0151l biztos\u00edt, hanem k\u00f6rnyezetet biztos\u00edt a dolgoz\u00f3knak a boldogul\u00e1shoz. A Sv\u00e9dorsz\u00e1gban dolgoz\u00f3k motiv\u00e1ci\u00f3ja \u00e9s munkav\u00e9delmi szintje els\u0151rang\u00fa. Teh\u00e1t, aki \u00fagy \u00e9rzi, hogy jelenlegi munkaad\u00f3ja nem motiv\u00e1lja p\u00e9ldamutat\u00f3 er\u0151fesz\u00edt\u00e9seit, tal\u00e1n j\u00f3 \u00f6tlet, ha <a href=\"\/?p=31809\">kik\u00f6lt\u00f6zik Sv\u00e9dorsz\u00e1gba dolgozni<\/a> . <\/p>\n\n<p class=\"wp-block-paragraph\">Sv\u00e9dorsz\u00e1g val\u00f3sz\u00edn\u0171leg az egyik skandin\u00e1v orsz\u00e1g, amely megnyitja kapuit sok hivat\u00e1sos bev\u00e1ndorl\u00f3 \u00e9s munkav\u00e1llal\u00f3 el\u0151tt. Az orsz\u00e1g elismeri azt a nagy szerepet, amelyet a bev\u00e1ndorl\u00f3 lakoss\u00e1g j\u00e1tszik ipari \u00e9s szolg\u00e1ltat\u00e1si \u00e1gazat\u00e1nak vir\u00e1gz\u00e1s\u00e1ban. <\/p>\n\n<figure class=\"wp-block-image size-large\"><img loading=\"lazy\" decoding=\"async\" width=\"1024\" height=\"683\" src=\"http:\/\/scandinavia.life\/wp-content\/uploads\/2021\/10\/work-1-1024x683.jpeg\" alt=\"\" class=\"wp-image-37949\" srcset=\"https:\/\/www.scandinavia.life\/wp-content\/uploads\/2021\/10\/work-1-1024x683.jpeg 1024w, https:\/\/www.scandinavia.life\/wp-content\/uploads\/2021\/10\/work-1-300x200.jpeg 300w, https:\/\/www.scandinavia.life\/wp-content\/uploads\/2021\/10\/work-1-768x512.jpeg 768w, https:\/\/www.scandinavia.life\/wp-content\/uploads\/2021\/10\/work-1-1536x1024.jpeg 1536w, https:\/\/www.scandinavia.life\/wp-content\/uploads\/2021\/10\/work-1-2048x1365.jpeg 2048w\" sizes=\"auto, (max-width: 1024px) 100vw, 1024px\" \/><figcaption>A csapatmunka \u00e9s a csapatszellem a sv\u00e9d munkaer\u0151 DNS-\u00e9nek r\u00e9sze<\/figcaption><\/figure>\n\n<p class=\"wp-block-paragraph\">Valahol \u00fclve <a href=\"\/?p=37673\">azon t\u00f6preng<\/a> , vajon Sv\u00e9dorsz\u00e1g lehet-e az a hely, ahol dolgozhat? Biztos lehet benne, hogy olyan sok nemzetk\u00f6zi ember van, mint te, akik m\u00e1r dolgoznak \u00e9s \u00e9lvezik az ottani progressz\u00edv munkak\u00f6rnyezetet. Amikor Sv\u00e9dorsz\u00e1gban szeretne dolgozni nemzetk\u00f6zi bevet\u00e9seken vagy helyi munk\u00e1kon, hamarosan kapcsolatba l\u00e9phet a vil\u00e1g minden t\u00e1j\u00e1r\u00f3l \u00e9rkez\u0151 emberekkel, akik inspir\u00e1lj\u00e1k a karrierj\u00fck n\u00f6vel\u00e9s\u00e9t. <\/p>\n\n<h2 class=\"wp-block-heading\"><strong>Mi\u00e9rt \u00e9rdemes Sv\u00e9dorsz\u00e1gban dolgozni? <\/strong><\/h2>\n\n<p class=\"wp-block-paragraph\">Annak eld\u00f6nt\u00e9se, hogy haz\u00e1j\u00e1b\u00f3l m\u00e1shova dolgozik, sok k\u00e9rd\u00e9st vet fel. Val\u00f3sz\u00edn\u0171leg azon t\u0171n\u0151dik, vajon van -e gazdas\u00e1gi vagy t\u00e1rsadalmi \u00e9rtelme, ha csak onnan indul el, ahonnan otthon\u00e1nak nevezte. An\u00e9lk\u00fcl, hogy felt\u00e9tlen\u00fcl bemutatn\u00e1 azokat a <a href=\"\/?p=31809\">konkr\u00e9t okokat, amelyek miatt Sv\u00e9dorsz\u00e1g j\u00f3 hely a munkav\u00e9gz\u00e9shez<\/a> , meg\u00e9rti, milyen hihetetlen szerepe van a vil\u00e1gnak val\u00f3 kitetts\u00e9gnek, a h\u00e1l\u00f3zat\u00e9p\u00edt\u00e9snek \u00e9s a kultur\u00e1lis interakci\u00f3nak egy kezd\u0151 karrierember sz\u00e1m\u00e1ra. <\/p>\n\n<p class=\"wp-block-paragraph\">Sv\u00e9dorsz\u00e1got vonz\u00f3v\u00e1 teszi a k\u00fclf\u00f6ldi munkav\u00e1llal\u00f3k sz\u00e1m\u00e1ra a jogaik er\u0151s v\u00e9delme \u00e9s a kifog\u00e1stalan munkak\u00f6rnyezet. Semmi sem hasonl\u00edthat\u00f3 ahhoz a helyzethez, amikor a munkav\u00e1llal\u00f3 mindig biztos abban, hogy egyetlen munk\u00e1ltat\u00f3 sem pr\u00f3b\u00e1lja meg b\u00e1rmikor is t\u00fall\u00e9pni a jogait b\u00fcntet\u00e9s n\u00e9lk\u00fcl. Ez a v\u00e9delmi szint garant\u00e1lja a munkahely biztons\u00e1g\u00e1t, mivel megakad\u00e1lyozza az ilyen tisztess\u00e9gtelen elbocs\u00e1t\u00e1sokat, a munkahelyi diszkrimin\u00e1ci\u00f3t \u00e9s az elfogult b\u00e1n\u00e1sm\u00f3dot. <\/p>\n\n<h2 class=\"wp-block-heading\"><strong>Mire sz\u00e1m\u00edthat Sv\u00e9dorsz\u00e1gban dolgozva?<\/strong><\/h2>\n\n<p class=\"wp-block-paragraph\">Sv\u00e9dorsz\u00e1g munkaer\u0151 -piaci szab\u00e1lyait \u00fagy alak\u00edtott\u00e1k ki, hogy minden munkav\u00e1llal\u00f3 megbizonyosodjon arr\u00f3l, hogy gondoskodnak a j\u00f3l\u00e9t\u00e9r\u0151l. Nem kell agg\u00f3dnia amiatt, hogy csal\u00e1dja milyen lenne, amikor Sv\u00e9dorsz\u00e1gban dolgozik, mert a munkav\u00e1llal\u00f3k ak\u00e1r 16 h\u00f3napos sz\u00fcl\u0151i szabads\u00e1got, valamint ingyenes napk\u00f6zis szolg\u00e1ltat\u00e1st kapnak fiataljaik sz\u00e1m\u00e1ra. A szakszervezet nagyon jelen van Sv\u00e9dorsz\u00e1gban, \u00edgy garant\u00e1lja, hogy mindig a legjobb kezel\u00e9st kapja. A Sv\u00e9d Munkak\u00f6rnyezetv\u00e9delmi Hat\u00f3s\u00e1g (Arbetsmilj\u00f6verket) gondoskodik arr\u00f3l, hogy egyetlen munk\u00e1ltat\u00f3 se s\u00e9rtse meg jogait, \u00e9s semmilyen m\u00f3don ne haszn\u00e1lja ki \u00d6nt. <\/p>\n\n<h3 class=\"wp-block-heading\">Innov\u00e1ci\u00f3 Sv\u00e9dorsz\u00e1gban<\/h3>\n\n<p class=\"wp-block-paragraph\">Ism\u00e9t Sv\u00e9dorsz\u00e1g az egyik munkahely, amely minden munkav\u00e1llal\u00f3 el\u00e9 \u00e1ll\u00edtja az innov\u00e1ci\u00f3t \u00f6szt\u00f6nz\u0151 kih\u00edv\u00e1sokat. Val\u00f3j\u00e1ban az Eur\u00f3pai Bizotts\u00e1g elismeri Sv\u00e9dorsz\u00e1got az uni\u00f3 egyik leginnovat\u00edvabb orsz\u00e1gak\u00e9nt. Az innovat\u00edv szint minden \u00e1gazatra kiterjed, f\u00fcggetlen\u00fcl att\u00f3l, hogy melyik szintet alkalmazz\u00e1k. A sv\u00e9d munkaer\u0151piac sz\u00e1m\u00e1ra minden innovat\u00edv \u00f6tlet es\u00e9lyes az asztaln\u00e1l. <\/p>\n\n<h3 class=\"wp-block-heading\">Korrupci\u00f3 mentes<\/h3>\n\n<p class=\"wp-block-paragraph\">A Sv\u00e9dorsz\u00e1gban val\u00f3 munkav\u00e9gz\u00e9s garant\u00e1lja, hogy bev\u00e9telei soha nem mennek korrupci\u00f3ra. Mivel Sv\u00e9dorsz\u00e1g a vil\u00e1gon a legalacsonyabb korrupci\u00f3s indexek k\u00f6z\u00f6tt van, nem kell a j\u00f6vedelm\u00e9t a hat\u00f3s\u00e1gok \u00e9s v\u00e1llalatok megveszteget\u00e9s\u00e9re terhelnie. Am\u00edg a t\u00f6rv\u00e9ny jobb oldal\u00e1n \u00e1ll, senki nem fog feleslegesen zavarni. De ha megs\u00e9rti a t\u00f6rv\u00e9nyt, nyilv\u00e1nval\u00f3an k\u00f6vetnie kell a megfelel\u0151 elj\u00e1r\u00e1st a felment\u00e9s \u00e9rdek\u00e9ben. <\/p>\n\n<h3 class=\"wp-block-heading\">Nyugd\u00edjas csomag <\/h3>\n\n<p class=\"wp-block-paragraph\">A legt\u00f6bb munkav\u00e1llal\u00f3 agg\u00f3dik amiatt, hogy mi lesz vel\u00fck, miut\u00e1n nyugd\u00edjba vonul munkahely\u00e9r\u0151l. A nyugd\u00edjba vonul\u00e1s gyakran azt jelenti, hogy nem tud tov\u00e1bb dolgozni, hogy mag\u00e1nak keressen. Sv\u00e9dorsz\u00e1gban a nyugd\u00edjasokat nagyra \u00e9rt\u00e9kelik nagyszer\u0171 hozz\u00e1j\u00e1rul\u00e1suk miatt. Elhivatotts\u00e1guk \u00e9s hossz\u00fa nyugd\u00edjaz\u00e1sig tart\u00f3 szolg\u00e1latuk eredm\u00e9nyek\u00e9nt a nyugd\u00edjrendszer, a <a href=\"\/?p=30418\">biztos\u00edt\u00e1si szolg\u00e1ltat\u00e1sok<\/a> \u00e9s a szoci\u00e1lis rendszer biztos\u00edtja a legjobb ell\u00e1t\u00e1st.<\/p>\n\n<p class=\"wp-block-paragraph\">Sv\u00e9dorsz\u00e1gban nyugd\u00edjask\u00e9nt m\u00e9g \u00e9lvezetesebbnek bizonyulhat az \u00e9let, mint amikor munk\u00e1ban volt, mert d\u00f6nthet \u00fagy, hogy elmegy nyaralni, megl\u00e1togatja gyermekeit, vagy t\u00e1rsadalmi tev\u00e9kenys\u00e9geket v\u00e9gez, hogy akt\u00edv maradjon. \u00c1ltal\u00e1noss\u00e1gban elmondhat\u00f3, hogy Sv\u00e9dorsz\u00e1gban nyugd\u00edjba vonul\u00e1sa ut\u00e1n az ember szabadon megteheti, amit csak akar, an\u00e9lk\u00fcl, hogy a munka hat\u00e1ridej\u00e9re vagy a kies\u0151 j\u00f6vedelemre kellene gondolnia.<\/p>\n\n<h3 class=\"wp-block-heading\">A munkahelyi nemek figyelembev\u00e9tele Sv\u00e9dorsz\u00e1gban<\/h3>\n\n<p class=\"wp-block-paragraph\">Sv\u00e9dorsz\u00e1gban minden munkav\u00e1llal\u00f3 egyenl\u0151 es\u00e9lyekkel jut el\u0151l\u00e9ptet\u00e9sre, jutalmaz\u00e1sra, \u00e1tk\u00e9pz\u00e9sre \u00e9s minden m\u00e1s, az ilyen foglalkoztat\u00e1ssal j\u00e1r\u00f3 csomagra. A munk\u00e1ltat\u00f3 vagy munkat\u00e1rsai soha nem fognak m\u00e1sk\u00e9nt b\u00e1nni veled csak a nemed miatt. A f\u00e9rfiak \u00e9s a n\u0151k bevon\u00e1sa a munkahelyre biztos\u00edtja a sv\u00e9d gazdas\u00e1g el\u0151rel\u00e9p\u00e9s\u00e9hez sz\u00fcks\u00e9ges sokf\u00e9les\u00e9get \u00e9s k\u00e9szs\u00e9get. Val\u00f3j\u00e1ban nem kell meglep\u0151dnie, ha olyan n\u0151ket tal\u00e1l, akik akt\u00edvan r\u00e9szt vesznek olyan munk\u00e1kban, amelyeket egy\u00e9bk\u00e9nt f\u00e9rfiasnak tartan\u00e1nak, \u00e9s ford\u00edtva-ez az \u00d6n sz\u00e1m\u00e1ra Sv\u00e9dorsz\u00e1g. <\/p>\n\n<h2 class=\"wp-block-heading\"><strong>Munkav\u00e9delem Sv\u00e9dorsz\u00e1gban<\/strong><\/h2>\n\n<p class=\"wp-block-paragraph\">Sv\u00e9dorsz\u00e1g gazdas\u00e1ga \u00fagy van fel\u00e9p\u00edtve, hogy felismerje \u00e9s \u00e9rt\u00e9kelje azt a szerepet, amelyet az emberi munka j\u00e1tszik a m\u0171veletek \u00e1talak\u00edt\u00e1s\u00e1ban. A Sv\u00e9dorsz\u00e1gban v\u00e9gzett munka megk\u00f6nny\u00edt\u00e9se \u00e9rdek\u00e9ben a mesters\u00e9ges intelligencia automatiz\u00e1l\u00e1sa \u00e9s haszn\u00e1lata nem jelenti azt, hogy a munka megsz\u0171nik olyan fontos lenni. Ez\u00e9rt Sv\u00e9dorsz\u00e1gban a munkav\u00e1llal\u00f3k mindig v\u00e9dve vannak a munk\u00e1ltat\u00f3k vagy b\u00e1rmely olyan szervezet t\u00falkap\u00e1sait\u00f3l, amelyek b\u00e1rkit is kizs\u00e1km\u00e1nyolnak, hogy kizs\u00e1km\u00e1nyolj\u00e1k \u0151ket. <\/p>\n\n<figure class=\"wp-block-image size-large\"><img loading=\"lazy\" decoding=\"async\" width=\"1024\" height=\"576\" src=\"http:\/\/scandinavia.life\/wp-content\/uploads\/2021\/10\/work-2-1024x576.jpeg\" alt=\"\" class=\"wp-image-37970\" srcset=\"https:\/\/www.scandinavia.life\/wp-content\/uploads\/2021\/10\/work-2-1024x576.jpeg 1024w, https:\/\/www.scandinavia.life\/wp-content\/uploads\/2021\/10\/work-2-300x169.jpeg 300w, https:\/\/www.scandinavia.life\/wp-content\/uploads\/2021\/10\/work-2-768x432.jpeg 768w, https:\/\/www.scandinavia.life\/wp-content\/uploads\/2021\/10\/work-2-1536x864.jpeg 1536w, https:\/\/www.scandinavia.life\/wp-content\/uploads\/2021\/10\/work-2-2048x1152.jpeg 2048w\" sizes=\"auto, (max-width: 1024px) 100vw, 1024px\" \/><figcaption> A sv\u00e9dorsz\u00e1gi dolgoz\u00f3k minden teljes\u00edtm\u00e9ny\u00e9t mindig elismerik \u00e9s \u00e9rt\u00e9kelik<\/figcaption><\/figure>\n\n<p class=\"wp-block-paragraph\">A sv\u00e9dorsz\u00e1gi munkav\u00e1llal\u00f3k jogait fokozatosan friss\u00edtik annak biztos\u00edt\u00e1sa \u00e9rdek\u00e9ben, hogy a munkav\u00e1llal\u00f3k mindenkor a legjobb felt\u00e9teleket kapj\u00e1k, amelyek arra \u00f6szt\u00f6nzik \u0151ket, hogy m\u00e9g jobban dolgozzanak, \u00faj\u00edtsanak \u00e9s \u00e1talak\u00edts\u00e1k a gazdas\u00e1got. Ennek eredm\u00e9nyek\u00e9nt mindig biztos lesz benne <\/p>\n\n<h2 class=\"wp-block-heading\"><strong>Hogyan lehet munk\u00e1t tal\u00e1lni Sv\u00e9dorsz\u00e1gban<\/strong><\/h2>\n\n<p class=\"wp-block-paragraph\">Gyakran az emberek csod\u00e1lkoznak azon, hogy nemzetk\u00f6zi szakemberk\u00e9nt pontosan hogyan tudnak elhelyezkedni Sv\u00e9dorsz\u00e1gban. Igaz, hogy a k\u00fcl\u00f6nb\u00f6z\u0151 lehet\u0151s\u00e9gek k\u00f6z\u00f6tti navig\u00e1l\u00e1s nem biztos, hogy egyszer\u0171 vagy azonnal vil\u00e1gos, de a megfelel\u0151 inform\u00e1ci\u00f3 birtok\u00e1ban minden bizonnyal lehets\u00e9ges a karrier folytat\u00e1sa vagy megkezd\u00e9se Sv\u00e9dorsz\u00e1gban. <\/p>\n\n<p class=\"wp-block-paragraph\">A Sv\u00e9d \u00c1llami Foglalkoztat\u00e1si \u00dcgyn\u00f6ks\u00e9g (<em> Arbetsf\u00f6rmedlingen<\/em> ) kulcsfontoss\u00e1g\u00fa szerepet j\u00e1tszik abban, hogy a m\u00e1r Sv\u00e9dorsz\u00e1gban tart\u00f3zkod\u00f3 emberek munk\u00e1hoz jussanak. B\u00e1r nem felt\u00e9tlen\u00fcl kapcsolja \u00f6ssze a munk\u00e1t keres\u0151 szem\u00e9lyt a munk\u00e1ltat\u00f3val, a t\u0151l\u00fck kapott inform\u00e1ci\u00f3k, tan\u00e1csok \u00e9s t\u00e1mogat\u00e1s megk\u00f6nny\u00edti az \u00e1ll\u00e1skeres\u00e9st. <\/p>\n\n<p class=\"wp-block-paragraph\">Az Arbetsf\u00f6rmedlingen t\u00e1mogat\u00e1sa mellett <a href=\"\/?p=50706\">Sv\u00e9dorsz\u00e1gban sz\u00e1mos \u00e1ll\u00e1shely tal\u00e1lhat\u00f3, amelyek friss\u00edtik az \u00f6sszes el\u00e9rhet\u0151 \u00e1ll\u00e1st<\/a> , amelyek k\u00f6z\u00fcl a leend\u0151 munkav\u00e1llal\u00f3 tetsz\u00e9se vagy egyez\u00e9se alapj\u00e1n v\u00e1laszthat \u00e9s jelentkezhet. <\/p>\n\n<h2 class=\"wp-block-heading\"><strong>Sv\u00e9d munkaer\u0151hi\u00e1ny lista<\/strong><\/h2>\n\n<p class=\"wp-block-paragraph\">Mint valaki, aki Sv\u00e9dorsz\u00e1gban szeretne elhelyezkedni, mindig szeretne legal\u00e1bb bizonyos szint\u0171 bizonyoss\u00e1got szerezni arr\u00f3l, hogy jelentkez\u00e9s\u00e9t val\u00f3sz\u00edn\u0171leg figyelembe veszik. Legal\u00e1bb a r\u00f6vid list\u00e1ra szeretne ker\u00fclni, \u00e9s interj\u00fat szeretne k\u00e9sz\u00edteni. Az egyik m\u00f3dja annak, hogy n\u00f6velj\u00fck az es\u00e9lyt arra, hogy Sv\u00e9dorsz\u00e1gban munk\u00e1t tal\u00e1ljunk, a munkaer\u0151hi\u00e1ny -list\u00e1n szerepl\u0151 \u00e1ll\u00e1sokra val\u00f3 jelentkez\u00e9s. <\/p>\n\n<figure class=\"wp-block-image size-large\"><img loading=\"lazy\" decoding=\"async\" width=\"1024\" height=\"750\" src=\"http:\/\/scandinavia.life\/wp-content\/uploads\/2021\/09\/job-1024x750.jpeg\" alt=\"\" class=\"wp-image-30483\" srcset=\"https:\/\/www.scandinavia.life\/wp-content\/uploads\/2021\/09\/job-1024x750.jpeg 1024w, https:\/\/www.scandinavia.life\/wp-content\/uploads\/2021\/09\/job-300x220.jpeg 300w, https:\/\/www.scandinavia.life\/wp-content\/uploads\/2021\/09\/job-768x563.jpeg 768w, https:\/\/www.scandinavia.life\/wp-content\/uploads\/2021\/09\/job-1536x1126.jpeg 1536w, https:\/\/www.scandinavia.life\/wp-content\/uploads\/2021\/09\/job.jpeg 1920w\" sizes=\"auto, (max-width: 1024px) 100vw, 1024px\" \/><\/figure>\n\n<p class=\"wp-block-paragraph\">A Sv\u00e9d \u00c1llami Foglalkoztat\u00e1si \u00dcgyn\u00f6ks\u00e9g rendszeresen friss\u00edti az orsz\u00e1gon bel\u00fcl azoknak a foglalkoz\u00e1soknak a list\u00e1j\u00e1t, amelyek nem rendelkeznek elegend\u0151 munkav\u00e1llal\u00f3val. A hi\u00e1nyp\u00f3tl\u00f3 list\u00e1n szerepl\u0151 munk\u00e1khoz nagy sz\u00fcks\u00e9g van valakire, aki kit\u00f6lti. Valami j\u00f3 abban az esetben, ha Sv\u00e9dorsz\u00e1gban nagyon ig\u00e9nyes foglalkoz\u00e1sokon v\u00e1llal munk\u00e1t, hogy el\u0151fordulhat, hogy nem is kell visszamennie haz\u00e1j\u00e1ba a munkav\u00e1llal\u00e1si enged\u00e9ly feldolgoz\u00e1s\u00e1hoz. Ha elfogadj\u00e1k a nagy kereslet\u0171 list\u00e1n szerepl\u0151 munk\u00e1kat, akkor a munkav\u00e1llal\u00e1si enged\u00e9ly gyors \u00e9s egyszer\u0171, mivel az orsz\u00e1gnak \u00e9ppen annyira sz\u00fcks\u00e9ge van r\u00e1d, mint a karrierje g\u00f6rd\u00fcl\u00e9s\u00e9re. <\/p>\n\n<h2 class=\"wp-block-heading\"><strong>Kapcsolatfelv\u00e9tel k\u00f6zvetlen\u00fcl a munk\u00e1ltat\u00f3kkal Sv\u00e9dorsz\u00e1gban <\/strong><\/h2>\n\n<p class=\"wp-block-paragraph\">Sv\u00e9dorsz\u00e1g a lehet\u0151s\u00e9gek orsz\u00e1ga, \u00e9s lehet\u0151s\u00e9get ad mindenkinek, aki egyed\u00fcl\u00e1ll\u00f3 tehets\u00e9ggel \u00e9s k\u00e9pess\u00e9gekkel rendelkezik. Ahelyett, hogy megv\u00e1rn\u00e1, hogy a munk\u00e1ltat\u00f3 felsoroljon egy \u00e1ll\u00e1shirdet\u00e9st egy \u00e1ll\u00e1shellyel, csak l\u00e1togasson el a c\u00e9g webhely\u00e9re, \u00e9s jelentkezzen k\u00f6zvetlen\u00fcl. Alternat\u00edv megold\u00e1sk\u00e9nt k\u00fcldhet lek\u00e9rdez\u00e9st, \u00e9s megk\u00e9rdezheti, elfogadj\u00e1k -e a ny\u00edlt p\u00e1ly\u00e1zatokat. <\/p>\n\n<h2 class=\"wp-block-heading\"><strong>Gyakornokok \u00e9s gyorsmenetek<\/strong><\/h2>\n\n<p class=\"wp-block-paragraph\">Az emberek elutas\u00edthatj\u00e1k a szakmai gyakorlatok min\u0151s\u00e9g\u00e9t, fizetve vagy fizet\u00e9s n\u00e9lk\u00fcl, hogy utat teremtsenek a karrier el\u0151rehalad\u00e1s\u00e1hoz. Az igazs\u00e1g az, hogy a legt\u00f6bb munk\u00e1ltat\u00f3 nem szeret valakit foglalkoztatni, \u00e9s kezdett\u0151l fogva elkezdi oktatni. Amennyire mindig van hely a munkahelyi k\u00e9pz\u00e9sre, a munk\u00e1ltat\u00f3 valakit szeretne, aki k\u00e9szen \u00e1ll a foglalkoztat\u00e1sra.<\/p>\n\n<p class=\"wp-block-paragraph\">A k\u00edv\u00e1nt munkaer\u0151n bel\u00fcli szakmai gyakorlaton vagy szakk\u00e9pz\u00e9sen val\u00f3 r\u00e9szv\u00e9tel el\u0151nyt jelent a nagyobb feladatokra val\u00f3 felk\u00e9sz\u00fcl\u00e9sben. Amikor v\u00e9g\u00fcl jelentkezik egy magasabb \u00e1ll\u00e1sra ugyanann\u00e1l a c\u00e9gn\u00e9l, vagy megadja szakmai gyakorlatait \u00e9s k\u00e9pz\u00e9seit, akkor val\u00f3sz\u00edn\u0171leg felk\u00e9sz\u00fcltebbnek fog tekinteni az \u00e1ll\u00e1sra, mint valaki, aki frissen v\u00e9gzett az egyetemen. <\/p>\n","protected":false},"excerpt":{"rendered":"<p>A sv\u00e9dorsz\u00e1gi munkav\u00e9gz\u00e9s nagy m\u00e9rf\u00f6ldk\u0151 a k\u00fclf\u00f6ld\u00f6n \u00e9l\u0151k \u00e9let\u00e9ben. Ennek nem az az oka, hogy valakit automatikus sikerr\u0151l biztos\u00edt, hanem k\u00f6rnyezetet biztos\u00edt a dolgoz\u00f3knak a boldogul\u00e1shoz. A Sv\u00e9dorsz\u00e1gban dolgoz\u00f3k motiv\u00e1ci\u00f3ja \u00e9s munkav\u00e9delmi szintje els\u0151rang\u00fa. Teh\u00e1t, aki \u00fagy \u00e9rzi, hogy jelenlegi munkaad\u00f3ja nem motiv\u00e1lja p\u00e9ldamutat\u00f3 er\u0151fesz\u00edt\u00e9seit, tal\u00e1n j\u00f3 \u00f6tlet, ha kik\u00f6lt\u00f6zik Sv\u00e9dorsz\u00e1gba dolgozni . Sv\u00e9dorsz\u00e1g val\u00f3sz\u00edn\u0171leg<\/p>\n","protected":false},"author":1,"featured_media":37928,"comment_status":"closed","ping_status":"closed","sticky":false,"template":"","format":"standard","meta":{"footnotes":""},"categories":[24404,24223],"tags":[24400,24401,24396,25911],"class_list":["post-43598","post","type-post","status-publish","format-standard","has-post-thumbnail","hentry","category-munka","category-uncategorized-hu","tag-dolgozo","tag-expat-elet","tag-munka","tag-munkahelyek-svedorszagban"],"_links":{"self":[{"href":"https:\/\/www.scandinavia.life\/hu\/wp-json\/wp\/v2\/posts\/43598","targetHints":{"allow":["GET"]}}],"collection":[{"href":"https:\/\/www.scandinavia.life\/hu\/wp-json\/wp\/v2\/posts"}],"about":[{"href":"https:\/\/www.scandinavia.life\/hu\/wp-json\/wp\/v2\/types\/post"}],"author":[{"embeddable":true,"href":"https:\/\/www.scandinavia.life\/hu\/wp-json\/wp\/v2\/users\/1"}],"replies":[{"embeddable":true,"href":"https:\/\/www.scandinavia.life\/hu\/wp-json\/wp\/v2\/comments?post=43598"}],"version-history":[{"count":0,"href":"https:\/\/www.scandinavia.life\/hu\/wp-json\/wp\/v2\/posts\/43598\/revisions"}],"wp:featuredmedia":[{"embeddable":true,"href":"https:\/\/www.scandinavia.life\/hu\/wp-json\/wp\/v2\/media\/37928"}],"wp:attachment":[{"href":"https:\/\/www.scandinavia.life\/hu\/wp-json\/wp\/v2\/media?parent=43598"}],"wp:term":[{"taxonomy":"category","embeddable":true,"href":"https:\/\/www.scandinavia.life\/hu\/wp-json\/wp\/v2\/categories?post=43598"},{"taxonomy":"post_tag","embeddable":true,"href":"https:\/\/www.scandinavia.life\/hu\/wp-json\/wp\/v2\/tags?post=43598"}],"curies":[{"name":"wp","href":"https:\/\/api.w.org\/{rel}","templated":true}]}}