{"id":49511,"date":"2021-10-17T08:32:38","date_gmt":"2021-10-17T08:32:38","guid":{"rendered":"http:\/\/scandinavia.life\/janteloven\/"},"modified":"2022-01-31T09:14:23","modified_gmt":"2022-01-31T09:14:23","slug":"janteloven","status":"publish","type":"post","link":"https:\/\/www.scandinavia.life\/hu\/janteloven\/","title":{"rendered":"Janteloven"},"content":{"rendered":"\n<p class=\"wp-block-paragraph\">\u00c9lt m\u00e1r egy ideje <a href=\"http:\/\/scandinavia.life\/hu\/gyors-tenyek-norvegiarol\/\">Norv\u00e9gi\u00e1ban<\/a> , \u00e9s azon t\u00f6preng, hogy az emberek mi\u00e9rt hivatkoznak Jantelovenre napi tev\u00e9kenys\u00e9geik sor\u00e1n? A Janteloven, amelyet Jante t\u00f6rv\u00e9nyek\u00e9nt is emlegetnek, le\u00edrja a norv\u00e9gok \u00e9s m\u00e1s skandin\u00e1vok viselked\u00e9s\u00e9t. El\u0151bbre helyezik a k\u00f6z\u00f6ss\u00e9get, mint az egy\u00e9neket, nem f\u00e9lt\u00e9kenyek m\u00e1sokra, \u00e9s nem k\u00e9rkednek egy\u00e9ni teljes\u00edtm\u00e9nyekkel.<\/p>\n\n<figure class=\"wp-block-gallery columns-1 is-cropped wp-block-gallery-1 is-layout-flex wp-block-gallery-is-layout-flex\"><ul class=\"blocks-gallery-grid\"><li class=\"blocks-gallery-item\"><figure><img loading=\"lazy\" decoding=\"async\" width=\"912\" height=\"418\" src=\"http:\/\/scandinavia.life\/wp-content\/uploads\/2021\/10\/Picture-1.png\" alt=\"\" data-id=\"38332\" data-full-url=\"http:\/\/scandinavia.life\/wp-content\/uploads\/2021\/10\/Picture-1.png\" data-link=\"http:\/\/scandinavia.life\/?attachment_id=38332#main\" class=\"wp-image-38341\" srcset=\"https:\/\/www.scandinavia.life\/wp-content\/uploads\/2021\/10\/Picture-1.png 912w, https:\/\/www.scandinavia.life\/wp-content\/uploads\/2021\/10\/Picture-1-300x138.png 300w, https:\/\/www.scandinavia.life\/wp-content\/uploads\/2021\/10\/Picture-1-768x352.png 768w\" sizes=\"auto, (max-width: 912px) 100vw, 912px\" \/><\/figure><\/li><\/ul><\/figure>\n\n<p class=\"wp-block-paragraph\">B\u00e1r az ember azt gondolhatja, hogy Jante t\u00f6rv\u00e9nye valami, amit tudatosan alkalmaznak, nincsenek Jante v\u00e9grehajt\u00f3i, akik az utcasarkon l\u00f3gnak, hogy elkapj\u00e1k az embereket. A val\u00f3s\u00e1g finom; minden csal\u00e1dban, szem\u00e9lyben, munkahelyen \u00e9s iskol\u00e1ban tal\u00e1lhat\u00f3. Biztos\u00edtja, hogy az emberek ne \u00e9rezz\u00e9k rosszul magukat bizonyos dolgok miatt. <\/p>\n\n<h2 class=\"wp-block-heading\">Janteloven eredete<\/h2>\n\n<p class=\"wp-block-paragraph\">Janteloven <a href=\"https:\/\/www.google.com\/url?sa=t&amp;rct=j&amp;q=&amp;esrc=s&amp;source=web&amp;cd=&amp;cad=rja&amp;uact=8&amp;ved=2ahUKEwjpmL7C0pLzAhVCahQKHbQqAcIQFnoECAIQAQ&amp;url=https%3A%2F%2Fen.wikipedia.org%2Fwiki%2FAksel_Sandemose&amp;usg=AOvVaw2V9gzn0APuPID7XcmlyesN\">Aksel Sandemose nyom\u00e1ba ered<\/a> , aki egy d\u00e1nb\u00f3l lett norv\u00e9g \u00edr\u00f3 volt. Sz\u00e9pirodalmi m\u0171vei egy <a href=\"http:\/\/scandinavia.life\/hu\/minden-amit-tudnod-kell-daniarol\/\">d\u00e1niai<\/a> kisv\u00e1ros t\u00f6rv\u00e9nyeire utaltak. A t\u00f6rv\u00e9ny a kollekt\u00edv j\u00f3l\u00e9tet \u00e9s az eredm\u00e9nyeket hangs\u00falyozza, \u00e9s elriasztja az egy\u00e9ni eredm\u00e9nyekre val\u00f3 \u00f6sszpontos\u00edt\u00e1st.<\/p>\n\n<h2 class=\"wp-block-heading\">Jante t\u00edz szab\u00e1lya <\/h2>\n\n<ol class=\"wp-block-list\" type=\"1\"><li>Nem szabad azt hinned, hogy valami k\u00fcl\u00f6nleges vagy.<\/li><li>Nem szabad azt hinned, hogy olyan j\u00f3 vagy, mint mi.<\/li><li>Nem szabad azt hinned, hogy okosabb vagy, mint mi.<\/li><li>Nem kell meggy\u0151znie mag\u00e1t arr\u00f3l, hogy jobb, mint mi.<\/li><li>Nem szabad azt hinned, hogy t\u00f6bbet tudsz, mint mi.<\/li><li>Nem szabad azt hinned, hogy fontosabb vagy, mint mi.<\/li><li>Nem szabad azt hinned, hogy b\u00e1rmiben j\u00f3 vagy.<\/li><li>Nem szabad rajtunk nevetned.<\/li><li>Ne gondold, hogy b\u00e1rki is t\u00f6r\u0151dik veled.<\/li><li>Ne gondold, hogy b\u00e1rmit is megtan\u00edthatsz nek\u00fcnk.<\/li><\/ol>\n\n<p class=\"wp-block-paragraph\">A t\u00f6bbi nemzethez k\u00e9pest a Janteloven egyedi kultur\u00e1lis k\u00f3dok, mivel egyfajta b\u00e9k\u00e9t er\u0151s\u00edtenek, \u00e9s a k\u00f6z\u00f6s alap is megmarad. A m\u00f3dszer meg\u00e9rt\u00e9s\u00e9hez Skandin\u00e1vi\u00e1ban er\u0151sen alkalmazz\u00e1k \u0151ket, \u00e9s meg kell n\u00e9zni az \u00e1ltal\u00e1nos kult\u00far\u00e1jukat. Szinte mindenben szeretnek egyenl\u0151k lenni a munkahelyt\u0151l az otthonig.<\/p>\n\n<h2 class=\"wp-block-heading\">Hogyan kell alkalmazni a Janteloven-t?<\/h2>\n\n<p class=\"wp-block-paragraph\">A t\u00f6rv\u00e9ny mindent \u00e1that\u00f3, \u00e9s a norv\u00e9gok \u00e9s d\u00e1nok szinte minden mindennapi \u00e9let\u00e9ben nyilv\u00e1nval\u00f3. Nincs azonban \u201eKoppenh\u00e1gai Rend\u0151rs\u00e9g: Jante k\u00fcl\u00f6nleges jogi egys\u00e9ge\u201d, amelyben a csal\u00f3dott skandin\u00e1v rend\u0151r\u00f6k eg\u00f3jukat feszegetik. Emellett, b\u00e1r fiatalon egy anya szidhatja a gyereket, ami\u00e9rt az el\u00e9rt teljes\u00edtm\u00e9ny\u00e9vel k\u00e9rkedik, a feln\u0151ttek vil\u00e1g\u00e1ban a t\u00f6rv\u00e9ny finoman j\u00f6n ki.<\/p>\n\n<p class=\"wp-block-paragraph\">M\u00e1s orsz\u00e1gokban a f\u0151n\u00f6k\u00f6k a dolgoz\u00f3ikkal besz\u00e9lgetnek; Skandin\u00e1vi\u00e1ban azonban a f\u0151n\u00f6k\u00f6k besz\u00e9lgetnek az alkalmazottakkal. A munkat\u00e1rsak lehet\u0151s\u00e9get kapnak a v\u00e9lem\u00e9nynyilv\u00e1n\u00edt\u00e1sra, \u00f6tletel\u00e9sre, v\u00e9lem\u00e9nynyilv\u00e1n\u00edt\u00e1sra, \u00e9s senki sem tekinthet\u0151 a m\u00e1sik felett \u00e1ll\u00f3nak. <\/p>\n\n<p class=\"wp-block-paragraph\">A t\u00f6rv\u00e9ny a tisztess\u00e9ges \u00e9letre is felh\u00edvja az emberek figyelm\u00e9t, \u00e9s a legt\u00f6bb skandin\u00e1v nemzet j\u00f6vedelmi egyenl\u0151tlens\u00e9gi rangsora \u00e1ltal\u00e1ban a legalacsonyabb a <a href=\"https:\/\/www.google.com\/url?sa=t&amp;rct=j&amp;q=&amp;esrc=s&amp;source=web&amp;cd=&amp;cad=rja&amp;uact=8&amp;ved=2ahUKEwjugoms1JLzAhWEAGMBHYVyCr0QFnoECAcQAw&amp;url=https%3A%2F%2Fwww.oecd.org%2F&amp;usg=AOvVaw0DVI4-qOFCe9EJlF1sZ7o4\">Gazdas\u00e1gi Egy\u00fcttm\u0171k\u00f6d\u00e9si \u00e9s Fejleszt\u00e9si Szervezet<\/a> (OECD) nemzetlist\u00e1j\u00e1n.<\/p>\n\n<h2 class=\"wp-block-heading\">Janteloven a struktur\u00e1lis cenz\u00fara \u00e9s a hatalom szimb\u00f3lumak\u00e9nt<\/h2>\n\n<p class=\"wp-block-paragraph\">Jante t\u00f6rv\u00e9ny\u00e9t egyes\u00edt\u0151 elvnek tekintik, amely szerint a nemzet jobb, mint az egy\u00e9n. P\u00e9ld\u00e1ul egy nagy horderej\u0171 norv\u00e9g sportol\u00f3nak \u00f3vatosan kell l\u00e9pnie, amikor Norv\u00e9gi\u00e1r\u00f3l besz\u00e9l. Ha nem, akkor lehet, hogy valami negat\u00edvat mond, \u00e9s azt a norv\u00e9gok t\u00f6rv\u00e9nytelen cselekedetnek fogj\u00e1k tekinteni. Az \u00e9lsportol\u00f3knak is bizony\u00edtaniuk kell az egyenl\u0151s\u00e9g ideol\u00f3gi\u00e1ja ir\u00e1nti bizalmukat.<\/p>\n\n<p class=\"wp-block-paragraph\">A Janteloven oszt\u00e1lyoz\u00e1si elvk\u00e9nt is visszhangzik, mivel hat\u00e1rvonalat h\u00faz a kollekt\u00edv \u00e9s az egy\u00e9n k\u00f6z\u00f6tt. Ennek az az oka, hogy nem egy csoport elemeit hat\u00e1rozza meg, hanem az egyes b\u00fcntetend\u0151 tulajdons\u00e1gokat.<\/p>\n\n<p class=\"wp-block-paragraph\">Norv\u00e9gi\u00e1ban Jante t\u00f6rv\u00e9nye hely\u00e9nval\u00f3, mivel seg\u00edt meger\u0151s\u00edteni azt a hegem\u00f3n ideol\u00f3gi\u00e1t, amely a norv\u00e9g nemzet sz\u00e1m\u00e1ra els\u0151bbs\u00e9get adott a helysz\u00ednnek. A vez\u00e9rigazgat\u00f3knak nincs felhatalmaz\u00e1suk arra, hogy fel\u00e1lljanak \u00e9s f\u00f6l\u00e9ny\u00fcket k\u00f6vetelj\u00e9k. Ehelyett arra kell \u00f6sszpontos\u00edtani, hogy a term\u00e9ket a norv\u00e9gok elfogadj\u00e1k.<\/p>\n\n<h2 class=\"wp-block-heading\"> Jante t\u00f6rv\u00e9nye a rekl\u00e1mban<\/h2>\n\n<p class=\"wp-block-paragraph\">A Janteloven elriasztja a versenyt\u00e1rsak rossz sz\u00e1j\u00e1t z\u00e1rtk\u00f6r\u0171 tal\u00e1lkoz\u00f3kon vagy ak\u00e1r rekl\u00e1moz\u00e1skor. Az \u00fczleti \u00e9letben Jante t\u00f6rv\u00e9ny\u00e9nek tiszteletben tart\u00e1sa sor\u00e1n hagyni kell, hogy m\u00e1sok elmondj\u00e1k, mi\u00e9rt jobb az \u00d6n term\u00e9ke a versenyt\u00e1rsakhoz k\u00e9pest.<\/p>\n\n<figure class=\"wp-block-image size-full\"><img loading=\"lazy\" decoding=\"async\" width=\"487\" height=\"400\" src=\"http:\/\/scandinavia.life\/wp-content\/uploads\/2021\/10\/Picture-1-1.png\" alt=\"\" class=\"wp-image-38362\" srcset=\"https:\/\/www.scandinavia.life\/wp-content\/uploads\/2021\/10\/Picture-1-1.png 487w, https:\/\/www.scandinavia.life\/wp-content\/uploads\/2021\/10\/Picture-1-1-300x246.png 300w\" sizes=\"auto, (max-width: 487px) 100vw, 487px\" \/><\/figure>\n\n<h2 class=\"wp-block-heading\">Mit tanulhatnak a nemzetk\u00f6zi utaz\u00f3k Jantelovent\u0151l?<\/h2>\n\n<p class=\"wp-block-paragraph\">A t\u00edz szab\u00e1ly Jante polg\u00e1rainak mindennapjait mes\u00e9li el, az azokt\u00f3l val\u00f3 elt\u00e9r\u00e9s pedig b\u00fcntetend\u0151 cselekm\u00e9nynek min\u0151s\u00fcl. A skandin\u00e1v nemzetekben az egy\u00e9ni t\u00f6rekv\u00e9s, a humor, a kritikai gondolkod\u00e1s, az \u00f6nbecs\u00fcl\u00e9s \u00e9s a kreativit\u00e1s minden jele rendesen napvil\u00e1gra ker\u00fcl; majd lesz\u0171k\u00edtik \u0151ket egy apr\u00f3 doboz beilleszt\u00e9s\u00e9vel, hogy biztos\u00edts\u00e1k, hogy m\u00e1sok eg\u00f3ja ne er\u0151s\u00f6dj\u00f6n fel a t\u00e1rsadalom vesz\u00e9lyeztet\u00e9s\u00e9vel. A vil\u00e1gon nem mindenkinek vannak szem\u00e9lyes c\u00e9ljai \u00e9s c\u00e9ljai? Ez\u00e9rt elb\u00e1tortalan\u00edt\u00f3 az a k\u00e9rd\u00e9s, hogy mindent k\u00f6z\u00f6ss\u00e9ginek tekints\u00fcnk, mert ahhoz, hogy az emberek l\u00e9tezzenek, l\u00e9teznie kell valamilyen \u201e\u00e9n\u201d.<\/p>\n\n<figure class=\"wp-block-image size-full\"><img loading=\"lazy\" decoding=\"async\" width=\"400\" height=\"337\" src=\"http:\/\/scandinavia.life\/wp-content\/uploads\/2021\/10\/Picture-1-2.png\" alt=\"\" class=\"wp-image-38383\" srcset=\"https:\/\/www.scandinavia.life\/wp-content\/uploads\/2021\/10\/Picture-1-2.png 400w, https:\/\/www.scandinavia.life\/wp-content\/uploads\/2021\/10\/Picture-1-2-300x253.png 300w\" sizes=\"auto, (max-width: 400px) 100vw, 400px\" \/><\/figure>\n\n<p class=\"wp-block-paragraph\">A jelenlegi vil\u00e1gban, amelyet a k\u00f6z\u00f6ss\u00e9gi m\u00e9dia platformok, p\u00e9ld\u00e1ul a Facebook, az Instagram \u00e9s a WhatsApp uralnak, az utaz\u00e1st \u00fagy tekintik, mint a t\u00f6bbiek k\u00f6z\u00fcl val\u00f3 kit\u0171n\u00e9st. A k\u00fcl\u00f6nb\u00f6z\u0151 sz\u00f6gekb\u0151l k\u00e9sz\u00edtett f\u00e9nyk\u00e9pek, a h\u00edres turisztikai l\u00e1tv\u00e1nyoss\u00e1gok \u00e9s az utaz\u00e1si \u00e9letm\u00f3d bemutat\u00e1sa elhitetik az emberekkel, hogy m\u00e1sok \u00e9lete t\u00f6k\u00e9letes. Mindezek ellen\u00e9re sem lehet az ember bemenni egy buddhista templomba \u00e9s elkezdeni a pillanatfelv\u00e9teleket.<\/p>\n\n<p class=\"wp-block-paragraph\">Miel\u0151tt b\u00e1rmit megtenne, alaposan \u00e1t kell gondolnia a saj\u00e1t \u00e9s m\u00e1sok \u00e9rdek\u00e9ben. Ezen kereszt\u00fcl tanul az ember Jantelovenr\u0151l. A szab\u00e1lyokat utaz\u00e1skor is szem el\u0151tt kell tartani, k\u00fcl\u00f6n\u00f6sen olyan esetekben, amikor azok az egy\u00e9n biztons\u00e1g\u00e1t szolg\u00e1lj\u00e1k, \u00e9s gazdag\u00edtj\u00e1k a fogad\u00f3 orsz\u00e1g gazdas\u00e1g\u00e1t, k\u00f6rnyezet\u00e9t \u00e9s kult\u00far\u00e1j\u00e1t.<\/p>\n\n<h2 class=\"wp-block-heading\">Itt az ideje a v\u00e1ltoz\u00e1snak?<\/h2>\n\n<p class=\"wp-block-paragraph\">B\u00e1r vannak, akik Skandin\u00e1vi\u00e1t egyfajta ut\u00f3pi\u00e1nak tekintik, jelenleg Norv\u00e9gi\u00e1ban feler\u0151s\u00f6dik a Janteloven-ellenes mozgalom. Egyes norv\u00e9gok \u00fagy v\u00e9lik, hogy a k\u00e9rked\u00e9s elleni koncepci\u00f3 akad\u00e1lyozza a nemzetet a nagyobb sikerek el\u00e9r\u00e9s\u00e9ben.<\/p>\n\n<p class=\"wp-block-paragraph\">Egy interj\u00faban Anita Krohn Traaseth, \u00fczletember azt mondta: \u201eAz egyik legnagyobb dolog, ami megakad\u00e1lyozza Norv\u00e9gi\u00e1t abban, hogy startup kult\u00far\u00e1t hozzon l\u00e9tre, az \u00f6nbecs\u00fcl\u00e9s hi\u00e1nya. Saul Singer k\u00e9t h\u00e9ttel ezel\u0151tt Osl\u00f3ban j\u00e1rt, \u00e9s azt mondta, hogy az els\u0151 sz\u00f3, amellyel a norv\u00e9gok megismertett\u00e9k, a Janteloven volt. <\/p>\n\n<p class=\"wp-block-paragraph\">Milyen \u00fczenet a Janteloven a v\u00e1llalkoz\u00f3k k\u00f6vetkez\u0151 gener\u00e1ci\u00f3ja sz\u00e1m\u00e1ra?\u201d Ez\u00e9rt a t\u00e1rsadalmi norm\u00e1k valamilyen m\u00f3don visszatartj\u00e1k a v\u00e1llalkoz\u00f3kat abban, hogy mindent beleadjanak a projektjeikbe.<\/p>\n","protected":false},"excerpt":{"rendered":"<p>\u00c9lt m\u00e1r egy ideje Norv\u00e9gi\u00e1ban , \u00e9s azon t\u00f6preng, hogy az emberek mi\u00e9rt hivatkoznak Jantelovenre napi tev\u00e9kenys\u00e9geik sor\u00e1n? A Janteloven, amelyet Jante t\u00f6rv\u00e9nyek\u00e9nt is emlegetnek, le\u00edrja a norv\u00e9gok \u00e9s m\u00e1s skandin\u00e1vok viselked\u00e9s\u00e9t. El\u0151bbre helyezik a k\u00f6z\u00f6ss\u00e9get, mint az egy\u00e9neket, nem f\u00e9lt\u00e9kenyek m\u00e1sokra, \u00e9s nem k\u00e9rkednek egy\u00e9ni teljes\u00edtm\u00e9nyekkel. B\u00e1r az ember azt gondolhatja, hogy Jante t\u00f6rv\u00e9nye<\/p>\n","protected":false},"author":1,"featured_media":41265,"comment_status":"closed","ping_status":"closed","sticky":false,"template":"","format":"standard","meta":{"footnotes":""},"categories":[24223],"tags":[24928,26774,25885],"class_list":["post-49511","post","type-post","status-publish","format-standard","has-post-thumbnail","hentry","category-uncategorized-hu","tag-hagyomanyok","tag-norveg-hiedelmek","tag-norvegia-kultura"],"_links":{"self":[{"href":"https:\/\/www.scandinavia.life\/hu\/wp-json\/wp\/v2\/posts\/49511","targetHints":{"allow":["GET"]}}],"collection":[{"href":"https:\/\/www.scandinavia.life\/hu\/wp-json\/wp\/v2\/posts"}],"about":[{"href":"https:\/\/www.scandinavia.life\/hu\/wp-json\/wp\/v2\/types\/post"}],"author":[{"embeddable":true,"href":"https:\/\/www.scandinavia.life\/hu\/wp-json\/wp\/v2\/users\/1"}],"replies":[{"embeddable":true,"href":"https:\/\/www.scandinavia.life\/hu\/wp-json\/wp\/v2\/comments?post=49511"}],"version-history":[{"count":0,"href":"https:\/\/www.scandinavia.life\/hu\/wp-json\/wp\/v2\/posts\/49511\/revisions"}],"wp:featuredmedia":[{"embeddable":true,"href":"https:\/\/www.scandinavia.life\/hu\/wp-json\/wp\/v2\/media\/41265"}],"wp:attachment":[{"href":"https:\/\/www.scandinavia.life\/hu\/wp-json\/wp\/v2\/media?parent=49511"}],"wp:term":[{"taxonomy":"category","embeddable":true,"href":"https:\/\/www.scandinavia.life\/hu\/wp-json\/wp\/v2\/categories?post=49511"},{"taxonomy":"post_tag","embeddable":true,"href":"https:\/\/www.scandinavia.life\/hu\/wp-json\/wp\/v2\/tags?post=49511"}],"curies":[{"name":"wp","href":"https:\/\/api.w.org\/{rel}","templated":true}]}}