{"id":50056,"date":"2020-03-19T19:35:31","date_gmt":"2020-03-19T19:35:31","guid":{"rendered":"http:\/\/scandinavia.life\/tartozkodasi-engedely-norvegiaban\/"},"modified":"2022-01-29T21:53:50","modified_gmt":"2022-01-29T21:53:50","slug":"tartozkodasi-engedely-norvegiaban","status":"publish","type":"post","link":"https:\/\/www.scandinavia.life\/hu\/tartozkodasi-engedely-norvegiaban\/","title":{"rendered":"Tart\u00f3zkod\u00e1si enged\u00e9ly Norv\u00e9gi\u00e1ban"},"content":{"rendered":"\n<h2 class=\"wp-block-heading\"><strong>Tart\u00f3zkod\u00e1si enged\u00e9lyek megv\u00e1ltoztat\u00e1sa \u00e9s meghosszabb\u00edt\u00e1sa Norv\u00e9gi\u00e1ban<\/strong><\/h2>\n\n<p class=\"wp-block-paragraph\">Miut\u00e1n <a href=\"http:\/\/scandinavia.life\/hu\/miert-erdemes-a-kulfoldieknek-norvegiat-valasztani\/\">Norv\u00e9gi\u00e1ban \u00e9l<\/a> di\u00e1kenged\u00e9llyel, munkav\u00e1llal\u00e1si enged\u00e9llyel, r\u00f6vid t\u00e1v\u00fa tart\u00f3zkod\u00e1sra jogos\u00edt\u00f3 v\u00edzummal vagy b\u00e1rmilyen ideiglenes st\u00e1tusszal, val\u00f3sz\u00edn\u0171leg \u00e9rdekl\u0151dni fog, hogy hosszabb ideig ott maradjon. Tudnia kell azonban, hogy a sv\u00e9dorsz\u00e1gi \u00e1lland\u00f3 lakhely, \u00e1llampolg\u00e1rs\u00e1g vagy tart\u00f3zkod\u00e1si enged\u00e9ly meghosszabb\u00edt\u00e1s\u00e1nak lehet\u0151s\u00e9ge sz\u00e1mos megfontol\u00e1son alapul. Nem val\u00f3sz\u00edn\u0171, hogy az ilyen tart\u00f3zkod\u00e1s lebonyol\u00edt\u00e1s\u00e1\u00e9rt felel\u0151s \u00fcgyn\u00f6ks\u00e9gek az \u00d6n k\u00f6r\u00fclm\u00e9nyeinek megfelel\u0151en m\u00f3dos\u00edtj\u00e1k a meg\u00e1llap\u00edtott k\u00f6vetelm\u00e9nyeket. Teh\u00e1t mi kell ahhoz, hogy hosszabb ideig tart\u00f3zkodjon Norv\u00e9gi\u00e1ban?<\/p>\n\n<h2 class=\"wp-block-heading\"><strong>Egyre hosszabb\nk\u00fclf\u00f6ldi di\u00e1kk\u00e9nt Norv\u00e9gi\u00e1ban marad<\/strong><\/h2>\n\n<p class=\"wp-block-paragraph\"><a href=\"http:\/\/scandinavia.life\/hu\/norvegiaban-tanul\/\">Norv\u00e9giai di\u00e1kk\u00e9nt<\/a> fontos, hogy id\u0151ben k\u00e9relmezze tart\u00f3zkod\u00e1si enged\u00e9ly\u00e9nek meg\u00faj\u00edt\u00e1s\u00e1t, mivel ez az egyetlen m\u00f3dja annak, hogy meg\u0151rizze teljes jogait. Az els\u0151 enged\u00e9ly lej\u00e1rta ut\u00e1ni k\u00e9relem beny\u00fajt\u00e1sa soha nem l\u00e1tott kih\u00edv\u00e1sokat okozhat a hat\u00f3s\u00e1gokkal szemben.<\/p>\n\n<p class=\"wp-block-paragraph\"> Tanulm\u00e1nyainak befejez\u00e9se ut\u00e1n a Norv\u00e9g Bev\u00e1ndorl\u00e1si Igazgat\u00f3s\u00e1g k\u00e9r\u00e9sre egy \u00e9vvel meghosszabb\u00edthatja tart\u00f3zkod\u00e1si enged\u00e9ly\u00e9t. Ehhez dokument\u00e1lnia kell, hogy megfelel\u0151 p\u00e9nz\u00fcgyi sz\u00fcks\u00e9gletekkel rendelkezik tart\u00f3zkod\u00e1sa t\u00e1mogat\u00e1s\u00e1hoz. Az egy \u00e9ves id\u0151szak arra szolg\u00e1l, hogy megpr\u00f3b\u00e1ljon a diplom\u00e1j\u00e1nak megfelel\u0151 \u00e1ll\u00e1st tal\u00e1lni. Az egy \u00e9v eltelt\u00e9vel csak megfelel\u0151 elhelyez\u00e9s eset\u00e9n k\u00e9rhet tov\u00e1bbi hosszabb\u00edt\u00e1st, ellenkez\u0151 esetben el kell hagynia az orsz\u00e1got. <\/p>\n\n<p class=\"wp-block-paragraph\">Fontos megjegyezni, hogy a k\u00fclf\u00f6ldi diplom\u00e1s a tart\u00f3zkod\u00e1si enged\u00e9ly egy \u00e9ves t\u00f6rv\u00e9nyes meghosszabb\u00edt\u00e1sa alatt b\u00e1rmely m\u00e1s skandin\u00e1v orsz\u00e1gban k\u00e9relmezhet munk\u00e1t, \u00e9s val\u00f3sz\u00edn\u0171leg elhelyezkedik. A Norv\u00e9gi\u00e1ban v\u00e9gzett tanulm\u00e1nyok megadj\u00e1k a l\u00e1b\u00e1t az \u00e9szaki r\u00e9gi\u00f3 munkaer\u0151piac\u00e1n.<\/p>\n\n<h2 class=\"wp-block-heading\"><strong>Megszerz\u00e9se a\n\u00e1lland\u00f3 lakhely vagy \u00e1llampolg\u00e1rs\u00e1g Norv\u00e9gi\u00e1ban<\/strong><\/h2>\n\n<p class=\"wp-block-paragraph\">A hosszabb norv\u00e9giai tart\u00f3zkod\u00e1sra vonatkoz\u00f3 k\u00f6vetelm\u00e9nyeknek n\u00e9h\u00e1ny v\u00e1ltozata van. Ezen elt\u00e9r\u00e9sek n\u00e9melyike mag\u00e1ban foglalja az \u00d6n Norv\u00e9gi\u00e1ban tart\u00f3zkod\u00e1si hely\u00e9nek t\u00edpus\u00e1t a k\u00e9relem beny\u00fajt\u00e1sa el\u0151tt, az eredeti \u00e1llampolg\u00e1rs\u00e1got, a szem\u00e9lyes magatart\u00e1st \u00e9s egy\u00e9b dolgokat, amelyek szem\u00e9lyenk\u00e9nt elt\u00e9r\u0151ek lehetnek. Mindazon\u00e1ltal, di\u00f3h\u00e9jban, a Norv\u00e9gi\u00e1ban elt\u00f6lt\u00f6tt id\u0151 \u00e9s az \u00d6n norv\u00e9g nyelvtud\u00e1sa megalkuv\u00e1s n\u00e9lk\u00fcli szempont ahhoz, hogy \u00e1lland\u00f3 lakhelyet vagy norv\u00e9g \u00e1llampolg\u00e1rs\u00e1got kapjon. <\/p>\n\n<p class=\"wp-block-paragraph\">Ha hamarosan rendelkezik tart\u00f3zkod\u00e1si enged\u00e9llyel Norv\u00e9gi\u00e1ban h\u00e1rom \u00e9vre, jogosult lehet <a href=\"https:\/\/www.udi.no\/en\/want-to-apply\/permanent-residence\/\">\u00e1lland\u00f3 tart\u00f3zkod\u00e1si enged\u00e9ly<\/a> ir\u00e1nti k\u00e9relem beny\u00fajt\u00e1s\u00e1ra. N\u00e9ha az a k\u00f6vetelm\u00e9ny, hogy az elm\u00falt t\u00edz \u00e9vben legal\u00e1bb h\u00e9t \u00e9vig Norv\u00e9gi\u00e1ban kell \u00e9lnie ahhoz, hogy jogosult legyen hosszabb tart\u00f3zkod\u00e1si enged\u00e9lyre. Ami a nyelvet illeti, 200 \u00e9s 300 \u00f3ra k\u00f6z\u00f6tti j\u00f3v\u00e1hagyott norv\u00e9g nyelvtanfolyamot kell elv\u00e9geznie. <\/p>\n\n<p class=\"wp-block-paragraph\">Az \u00e1lland\u00f3 lakhely vagy \u00e1llampolg\u00e1rs\u00e1g ir\u00e1nti k\u00e9relem beny\u00fajt\u00e1sakor dokument\u00e1lnia kell, hogy rendelkezik elegend\u0151 norv\u00e9g vagy sz\u00e1mi nyelvtud\u00e1ssal. A norv\u00e9g \u00e1llampolg\u00e1rs\u00e1g vagy tart\u00f3zkod\u00e1si enged\u00e9ly ig\u00e9nyl\u00e9s\u00e9hez ki kell t\u00f6ltenie a megfelel\u0151 \u0171rlapokat, \u00e9s elegend\u0151 adatot kell megadnia. <\/p>\n\n<h2 class=\"wp-block-heading\"><strong>Meghosszabb\u00edt\u00e1sa a\nr\u00f6vid tart\u00f3zkod\u00e1si v\u00edzum<\/strong><\/h2>\n\n<p class=\"wp-block-paragraph\">A r\u00f6vid t\u00e1v\u00fa tart\u00f3zkod\u00e1sra jogos\u00edt\u00f3 v\u00edzumot Norv\u00e9gi\u00e1ban legfeljebb 90 napra adj\u00e1k ki. Ha azonban b\u00e1rmilyen okb\u00f3l az el\u0151\u00edrtn\u00e1l tov\u00e1bb kell maradnia, k\u00e9relmet kell beny\u00fajtani a meghosszabb\u00edt\u00e1sra. A norv\u00e9giai r\u00f6vid t\u00e1v\u00fa tart\u00f3zkod\u00e1sra jogos\u00edt\u00f3 v\u00edzum 90 napn\u00e1l tov\u00e1bb nem \u00e9rv\u00e9nyes.<\/p>\n\n<p class=\"wp-block-paragraph\">Ha \u00fagy d\u00f6nt, hogy hosszabb ideig Norv\u00e9gi\u00e1ban tart\u00f3zkodik, j\u00f3 lenne, ha egy <a href=\"http:\/\/scandinavia.life\/hu\/ugyved-norvegiaban\/\">bev\u00e1ndorl\u00e1si \u00fcgyv\u00e9ddel<\/a> besz\u00e9lne. Lehet, hogy n\u00e9h\u00e1ny doll\u00e1rj\u00e1ba ker\u00fcl, ha \u00fcgyv\u00e9ddel konzult\u00e1l annak es\u00e9lyeir\u0151l, hogy t\u00f6bbet maradhat Norv\u00e9gi\u00e1ban, de a seg\u00edts\u00e9g sokat fog menni. <\/p>\n","protected":false},"excerpt":{"rendered":"<p>Tart\u00f3zkod\u00e1si enged\u00e9lyek megv\u00e1ltoztat\u00e1sa \u00e9s meghosszabb\u00edt\u00e1sa Norv\u00e9gi\u00e1ban Miut\u00e1n Norv\u00e9gi\u00e1ban \u00e9l di\u00e1kenged\u00e9llyel, munkav\u00e1llal\u00e1si enged\u00e9llyel, r\u00f6vid t\u00e1v\u00fa tart\u00f3zkod\u00e1sra jogos\u00edt\u00f3 v\u00edzummal vagy b\u00e1rmilyen ideiglenes st\u00e1tusszal, val\u00f3sz\u00edn\u0171leg \u00e9rdekl\u0151dni fog, hogy hosszabb ideig ott maradjon. Tudnia kell azonban, hogy a sv\u00e9dorsz\u00e1gi \u00e1lland\u00f3 lakhely, \u00e1llampolg\u00e1rs\u00e1g vagy tart\u00f3zkod\u00e1si enged\u00e9ly meghosszabb\u00edt\u00e1s\u00e1nak lehet\u0151s\u00e9ge sz\u00e1mos megfontol\u00e1son alapul. Nem val\u00f3sz\u00edn\u0171, hogy az ilyen tart\u00f3zkod\u00e1s lebonyol\u00edt\u00e1s\u00e1\u00e9rt felel\u0151s \u00fcgyn\u00f6ks\u00e9gek<\/p>\n","protected":false},"author":1,"featured_media":35929,"comment_status":"closed","ping_status":"closed","sticky":false,"template":"","format":"standard","meta":{"footnotes":""},"categories":[24385,24524],"tags":[25901,24814,24529,24525,26978,26970],"class_list":["post-50056","post","type-post","status-publish","format-standard","has-post-thumbnail","hentry","category-norvegia","category-tartozkodasi-engedely","tag-diakvizum","tag-munkavallalasi-engedely","tag-polgarsag","tag-tartozkodasi-engedely","tag-visa-norvegia","tag-visa-skandinavia-hu"],"_links":{"self":[{"href":"https:\/\/www.scandinavia.life\/hu\/wp-json\/wp\/v2\/posts\/50056","targetHints":{"allow":["GET"]}}],"collection":[{"href":"https:\/\/www.scandinavia.life\/hu\/wp-json\/wp\/v2\/posts"}],"about":[{"href":"https:\/\/www.scandinavia.life\/hu\/wp-json\/wp\/v2\/types\/post"}],"author":[{"embeddable":true,"href":"https:\/\/www.scandinavia.life\/hu\/wp-json\/wp\/v2\/users\/1"}],"replies":[{"embeddable":true,"href":"https:\/\/www.scandinavia.life\/hu\/wp-json\/wp\/v2\/comments?post=50056"}],"version-history":[{"count":0,"href":"https:\/\/www.scandinavia.life\/hu\/wp-json\/wp\/v2\/posts\/50056\/revisions"}],"wp:featuredmedia":[{"embeddable":true,"href":"https:\/\/www.scandinavia.life\/hu\/wp-json\/wp\/v2\/media\/35929"}],"wp:attachment":[{"href":"https:\/\/www.scandinavia.life\/hu\/wp-json\/wp\/v2\/media?parent=50056"}],"wp:term":[{"taxonomy":"category","embeddable":true,"href":"https:\/\/www.scandinavia.life\/hu\/wp-json\/wp\/v2\/categories?post=50056"},{"taxonomy":"post_tag","embeddable":true,"href":"https:\/\/www.scandinavia.life\/hu\/wp-json\/wp\/v2\/tags?post=50056"}],"curies":[{"name":"wp","href":"https:\/\/api.w.org\/{rel}","templated":true}]}}