{"id":50117,"date":"2020-08-14T09:54:00","date_gmt":"2020-08-14T09:54:00","guid":{"rendered":"http:\/\/scandinavia.life\/finnorszagba-koltozni\/"},"modified":"2025-07-01T09:07:16","modified_gmt":"2025-07-01T09:07:16","slug":"finnorszagba-koltozni","status":"publish","type":"post","link":"https:\/\/www.scandinavia.life\/hu\/finnorszagba-koltozni\/","title":{"rendered":"Finnorsz\u00e1gba k\u00f6lt\u00f6zni"},"content":{"rendered":"\n<p class=\"wp-block-paragraph\">Finnorsz\u00e1g a bev\u00e1ndorl\u00f3k \u00e1lma val\u00f3ra v\u00e1lt. Ha olyan helyet keres, amely \u00e9rt\u00e9keli az igazs\u00e1goss\u00e1got, a b\u00e9k\u00e9t, a k\u00f6rnyezeti biztons\u00e1got, az egyenl\u0151s\u00e9get \u00e9s m\u00e1s humanit\u00e1rius \u00e9rt\u00e9keket, sz\u00edvesen l\u00e1tjuk Finnorsz\u00e1gban . Finnorsz\u00e1g sz\u00e1mos kateg\u00f3ri\u00e1ban <a href=\"https:\/\/www.stat.fi\/tup\/satavuotias-suomi\/suomi-maailman-karjessa_en.html\">a legjobb orsz\u00e1gok<\/a> k\u00f6z\u00e9 tartozik, az emberi j\u00f3l\u00e9tt\u0151l a t\u00e1rsadalmi igazs\u00e1goss\u00e1gig. Sv\u00e9dorsz\u00e1g \u00e9s Norv\u00e9gia ut\u00e1n Finnorsz\u00e1g a harmadik legigazs\u00e1gosabb orsz\u00e1g a vil\u00e1gon.<\/p>\n\n<p class=\"wp-block-paragraph\">Nem csak ezt! Az orsz\u00e1g emellett az egyenl\u0151s\u00e9g \u00e9s a szabads\u00e1g humanit\u00e1rius \u00e9rt\u00e9keinek fels\u0151bbrend\u0171s\u00e9g\u00e9nek h\u00edve. A finn lakoss\u00e1g nem k\u00f6t kompromisszumot etik\u00e1ja \u00e9s a szabad \u00e9letbe vetett hit, szabad akarat, besz\u00e9d \u00e9s v\u00e1laszt\u00e1sok ter\u00e9n. <\/p>\n\n<p class=\"wp-block-paragraph\">Finnorsz\u00e1gban is dics\u00e9retes az oktat\u00e1s, a biztons\u00e1g, a rend, az elsz\u00e1moltathat\u00f3s\u00e1g, az eg\u00e9szs\u00e9g\u00fcgy, a gyermekgondoz\u00e1s, a gazdas\u00e1g, a k\u00fclpolitika. A helyi \u00e9s orsz\u00e1gos korm\u00e1nyzati hat\u00f3s\u00e1gok, minden ter\u00fclet szakemberei \u00e9s az egyszer\u0171 emberek \u00f6sszefognak, hogy biztos\u00edts\u00e1k ezt a nyugalmat. <\/p>\n\n<p class=\"wp-block-paragraph\">Mindezt olvasva \u00e9rdemes lefoglalni a k\u00f6vetkez\u0151 rep\u00fcl\u0151jegyet Finnorsz\u00e1gba. De v\u00e1rj, ez nem ilyen egyszer\u0171. Ha nem turn\u00e9zni szeretne Finnorsz\u00e1gba bel\u00e9pni, akkor n\u00e9h\u00e1ny fontos t\u00e9nyez\u0151t kell feldolgoznia. \u00cdme n\u00e9h\u00e1ny pont, amit soha nem szabad elfelejteni, amikor Finnorsz\u00e1gba k\u00f6lt\u00f6zik.<\/p>\n\n<h2 class=\"wp-block-heading\">Az \u00d6n napi k\u00f6lts\u00e9gei<\/h2>\n\n<p class=\"wp-block-paragraph\">Finnorsz\u00e1g az Eur\u00f3pai Uni\u00f3 (EU) t\u00f6bbi orsz\u00e1ga mellett gazdas\u00e1gilag stabil orsz\u00e1g. Az emberi biztons\u00e1g, a j\u00f3l\u00e9t \u00e9s a j\u00f3l\u00e9t k\u00f6lts\u00e9geit az \u00f6sszes finn ember k\u00f6z\u00f6s er\u0151fesz\u00edt\u00e9se fizeti meg.<\/p>\n\n<p class=\"wp-block-paragraph\">M\u00e9g ha fizet is egy finnorsz\u00e1gi utaz\u00e1s\u00e9rt, egy h\u00e9t \u00f6nmag\u00e1ban <a href=\"https:\/\/www.budgetyourtrip.com\/finland\">k\u00f6nnyen k\u00f6r\u00fclbel\u00fcl 2000 USD-be fog ker\u00fclni k\u00e9t f\u0151re<\/a> . Ez mag\u00e1ban foglalja a sz\u00e1ll\u00e1st, a k\u00f6zleked\u00e9st, az \u00e9lelmez\u00e9st, az eg\u00e9szs\u00e9g\u00fcgyi ell\u00e1t\u00e1st, a biztons\u00e1got \u00e9s minden egy\u00e9b meg\u00e9lhet\u00e9si k\u00f6lts\u00e9get. 2000 USD \u00e1tlagos k\u00f6lts\u00e9g egy \u00e1tlagos utaz\u00e1shoz. Min\u00e9l jobb a szolg\u00e1ltat\u00e1sai min\u0151s\u00e9ge, ann\u00e1l t\u00f6bbet kell k\u00f6ltenie. <\/p>\n\n<p class=\"wp-block-paragraph\">Ebb\u0151l a becsl\u00e9sb\u0151l elk\u00e9pzelheti, milyen dr\u00e1ga lehet Finnorsz\u00e1gban \u00e9lni. Ha munka, tanulm\u00e1nyok vagy \u00e1lland\u00f3 meg\u00e9lhet\u00e9s miatt k\u00f6lt\u00f6zik, a k\u00f6lts\u00e9gek hat\u00e1rozottan megsokszoroz\u00f3dnak. Ez azonban nem jelenti azt, hogy a magas \u00e1rak nem indokoltak. A v\u00edzmin\u0151s\u00e9gt\u0151l a fels\u0151oktat\u00e1sig a finn \u00e9let minden ter\u00fclete az \u00e9letsz\u00ednvonal min\u0151s\u00e9gi ellen\u0151rz\u00e9s\u00e9r\u0151l besz\u00e9l.<\/p>\n\n<h2 class=\"wp-block-heading\">Finn nyelv<\/h2>\n\n<p class=\"wp-block-paragraph\">Ha csak a v\u00e1rosi \u00e9letet szeretn\u00e9 \u00e9lni \u00e9s felfedezni, akkor nem felt\u00e9tlen\u00fcl kell megtanulnia a finn nyelvet. Az <a href=\"http:\/\/scandinavia.life\/hu\/a-nyelvi-akadaly\/\">angolt sz\u00e9les k\u00f6rben besz\u00e9lik<\/a> \u00e9s \u00e9rtik a v\u00e1rosi finn k\u00f6rnyezetben, \u00edgy gond n\u00e9lk\u00fcl int\u00e9zheti mindennapi \u00fcgyeit. Ha azonban dolgozni, tanulni vagy \u00e1tk\u00f6lt\u00f6zni az \u00fajrakezd\u00e9s \u00e9rdek\u00e9ben, t\u00f6bb, mint sz\u00fcks\u00e9ges, hogy megtanulja a nemzeti nyelvet. <\/p>\n\n<p class=\"wp-block-paragraph\">K\u00fclf\u00f6ldiek sz\u00e1m\u00e1ra is tal\u00e1lhat finn nyelvi kurzusokat, amelyek k\u00f6nnyed\u00e9n felk\u00e9sz\u00edthetnek a hith\u0171 finnekkel val\u00f3 besz\u00e9lget\u00e9sre. Ez seg\u00edt \u00d6nnek \u00e1ll\u00e1slehet\u0151s\u00e9gek megtal\u00e1l\u00e1s\u00e1ban eg\u00e9sz Finnorsz\u00e1gban. <\/p>\n\n<p class=\"wp-block-paragraph\">Ezenk\u00edv\u00fcl az is fontos, hogy beilleszkedjen a helyi finn k\u00f6z\u00f6ss\u00e9gbe, ha hossz\u00fa ideig \u00e9l. Mindenesetre a nyelvtanul\u00e1s biztosan az \u00d6n jav\u00e1ra v\u00e1lik. <\/p>\n\n<h2 class=\"wp-block-heading\">V\u00edzum \u00e9s \u00e1llampolg\u00e1rs\u00e1g<\/h2>\n\n<p class=\"wp-block-paragraph\">A finn \u00e1llampolg\u00e1rs\u00e1g megszerz\u00e9se egy szelet a tort\u00e1n azoknak, akik az EU tag\u00e1llamaiban \u00e9lnek. Szabadon mozoghatnak Finnorsz\u00e1gon bel\u00fcl, valamint kereshetik a munk\u00e1t \u00e9s az oktat\u00e1si lehet\u0151s\u00e9geket. Ha a vil\u00e1g b\u00e1rmely m\u00e1s r\u00e9sz\u00e9b\u0151l szeretne megl\u00e1togatni vagy elk\u00f6lt\u00f6zni, v\u00edzumot \u00e9s \u00e1llampolg\u00e1rs\u00e1got kell k\u00e9rnie. <\/p>\n\n<p class=\"wp-block-paragraph\">A jelenlegi j\u00e1rv\u00e1ny miatt a finn korm\u00e1ny nagyk\u00f6vets\u00e9gei \u00e9s online port\u00e1ljai szigor\u00fa protokollokat k\u00f6vetnek. A finn v\u00edzumpolitika is meglehet\u0151sen szigor\u00fa a sz\u00fcks\u00e9ges el\u0151vigy\u00e1zatoss\u00e1gi int\u00e9zked\u00e9sek f\u00e9ny\u00e9ben. A r\u00e9szletekr\u0151l online t\u00e1j\u00e9koz\u00f3dhat, hogy elk\u00e9sz\u00edtse az \u00f6sszes sz\u00fcks\u00e9ges p\u00e1ly\u00e1zati anyagot.<\/p>\n\n<h2 class=\"wp-block-heading\">The Winters<\/h2>\n\n<p class=\"wp-block-paragraph\">A t\u00e9li szomor\u00fas\u00e1g val\u00f3s\u00e1gos dolog Finnorsz\u00e1gban. A t\u00e9li szezonban <a href=\"http:\/\/scandinavia.life\/hu\/tulelni-a-skandinav-telet\/\">nagyj\u00e1b\u00f3l m\u00ednusz t\u00edz fokig s\u00fcllyed<\/a> a h\u0151m\u00e9rs\u00e9klet. Ez a h\u0171v\u00f6s id\u0151j\u00e1r\u00e1s a s\u00f6t\u00e9t \u00e9gbolttal egy\u00fctt komor k\u00e9pet fest a finnorsz\u00e1gi t\u00e9li \u00e9letr\u0151l. A nappalok r\u00f6videk, \u00e9s az emberek sem maradnak kint sok\u00e1ig. <\/p>\n\n<p class=\"wp-block-paragraph\">Ennek elker\u00fclhetetlen pszichol\u00f3giai, fizikai \u00e9s gazdas\u00e1gi hat\u00e1sai vannak sok emberre az orsz\u00e1gban. Finnorsz\u00e1gban t\u00e9len n\u0151 az \u00f6ngyilkoss\u00e1gok ar\u00e1nya, ami riaszt\u00f3 jele az \u00fcgy s\u00falyoss\u00e1g\u00e1nak. <\/p>\n\n<p class=\"wp-block-paragraph\">Fizikailag a forr\u00f3, tr\u00f3pusi \u00e9ghajlatr\u00f3l \u00e1ttelep\u00fcl\u0151k meglehet\u0151sen elviselhetetlennek tal\u00e1lhatj\u00e1k az id\u0151j\u00e1r\u00e1st. S\u0151t, emigr\u00e1nsk\u00e9nt neh\u00e9znek tal\u00e1lhatja a meg\u00e9lhet\u00e9st, ha t\u00e9len nem tud eleget keresni. <\/p>\n\n<p class=\"wp-block-paragraph\">Mindezen lehet\u0151s\u00e9gekre az egyetlen megold\u00e1s a rugalmass\u00e1g \u00e9s az er\u0151. Pr\u00f3b\u00e1lj meg Finnorsz\u00e1gba k\u00f6lt\u00f6zni, amikor a t\u00e9l v\u00e9get \u00e9r. Ez elegend\u0151 id\u0151t ad a rendez\u0151d\u00e9sre \u00e9s a rutin fel\u00e1ll\u00edt\u00e1s\u00e1ra. K\u00e9sz\u00fclj\u00f6n fel pszichol\u00f3giailag, \u00e9s ne feledje, hogy minden neh\u00e9z id\u0151szak el\u0151bb-ut\u00f3bb v\u00e9get \u00e9r. <\/p>\n\n<p class=\"wp-block-paragraph\">Ami a p\u00e9nz\u00fcgyeit illeti, \u00fcgyeljen arra, hogy legyen elegend\u0151 megtakar\u00edt\u00e1sa \u00e9s munkalehet\u0151s\u00e9ge. Ha \u00d6n \u00f6n\u00e1ll\u00f3 v\u00e1llalkoz\u00f3, gy\u0151z\u0151dj\u00f6n meg arr\u00f3l, hogy rendelkezik akt\u00edv j\u00f6vedelemforr\u00e1ssal. <\/p>\n\n<h2 class=\"wp-block-heading\">Munkalehet\u0151s\u00e9gek<\/h2>\n\n<p class=\"wp-block-paragraph\">Finnorsz\u00e1g b\u0151s\u00e9ges munkalehet\u0151s\u00e9get biztos\u00edt mindenkinek, aki hajland\u00f3 er\u0151fesz\u00edt\u00e9seket tenni . Az orsz\u00e1g elismer\u00e9sre m\u00e9lt\u00f3 az emberi egyenl\u0151s\u00e9gbe vetett hit\u00e9\u00e9rt. B\u00e1rmilyen munk\u00e1t megtal\u00e1lhat \u00e9s megszerezhet, ha megfelel a jogosults\u00e1g \u00e9s a tapasztalat felt\u00e9teleinek. <a href=\"http:\/\/scandinavia.life\/hu\/munka-skandinaviaban\/\">Az \u00e1ll\u00e1slehet\u0151s\u00e9geket itt tekintheti meg<\/a> .<\/p>\n\n<p class=\"wp-block-paragraph\">Dolgozhat eg\u00e9szs\u00e9g\u00fcgyi szakemberk\u00e9nt, tan\u00e1rk\u00e9nt, sz\u00e1mviteli vezet\u0151k\u00e9nt, napk\u00f6zis \u00f6nk\u00e9ntesk\u00e9nt vagy b\u00e1rmely m\u00e1s szakemberk\u00e9nt. A keresetek meglehet\u0151sen tisztess\u00e9gesek, \u00e9s lehet\u0151v\u00e9 teszik, hogy megfeleljen a finnorsz\u00e1gi \u00e9letsz\u00ednvonalnak.<\/p>\n","protected":false},"excerpt":{"rendered":"<p>Finnorsz\u00e1g a bev\u00e1ndorl\u00f3k \u00e1lma val\u00f3ra v\u00e1lt. Ha olyan helyet keres, amely \u00e9rt\u00e9keli az igazs\u00e1goss\u00e1got, a b\u00e9k\u00e9t, a k\u00f6rnyezeti biztons\u00e1got, az egyenl\u0151s\u00e9get \u00e9s m\u00e1s humanit\u00e1rius \u00e9rt\u00e9keket, sz\u00edvesen l\u00e1tjuk Finnorsz\u00e1gban . Finnorsz\u00e1g sz\u00e1mos kateg\u00f3ri\u00e1ban a legjobb orsz\u00e1gok k\u00f6z\u00e9 tartozik, az emberi j\u00f3l\u00e9tt\u0151l a t\u00e1rsadalmi igazs\u00e1goss\u00e1gig. Sv\u00e9dorsz\u00e1g \u00e9s Norv\u00e9gia ut\u00e1n Finnorsz\u00e1g a harmadik legigazs\u00e1gosabb orsz\u00e1g a vil\u00e1gon. Nem<\/p>\n","protected":false},"author":1,"featured_media":36257,"comment_status":"closed","ping_status":"closed","sticky":false,"template":"","format":"standard","meta":{"footnotes":""},"categories":[24472,24772,24425],"tags":[24396,27004,24539,24529,26310,27011],"class_list":["post-50117","post","type-post","status-publish","format-standard","has-post-thumbnail","hentry","category-elo","category-finnorszag","category-mozgo","tag-munka","tag-napi-kiadasok","tag-nyelv","tag-polgarsag","tag-teli","tag-visa-finnorszag"],"_links":{"self":[{"href":"https:\/\/www.scandinavia.life\/hu\/wp-json\/wp\/v2\/posts\/50117","targetHints":{"allow":["GET"]}}],"collection":[{"href":"https:\/\/www.scandinavia.life\/hu\/wp-json\/wp\/v2\/posts"}],"about":[{"href":"https:\/\/www.scandinavia.life\/hu\/wp-json\/wp\/v2\/types\/post"}],"author":[{"embeddable":true,"href":"https:\/\/www.scandinavia.life\/hu\/wp-json\/wp\/v2\/users\/1"}],"replies":[{"embeddable":true,"href":"https:\/\/www.scandinavia.life\/hu\/wp-json\/wp\/v2\/comments?post=50117"}],"version-history":[{"count":2,"href":"https:\/\/www.scandinavia.life\/hu\/wp-json\/wp\/v2\/posts\/50117\/revisions"}],"predecessor-version":[{"id":153777,"href":"https:\/\/www.scandinavia.life\/hu\/wp-json\/wp\/v2\/posts\/50117\/revisions\/153777"}],"wp:featuredmedia":[{"embeddable":true,"href":"https:\/\/www.scandinavia.life\/hu\/wp-json\/wp\/v2\/media\/36257"}],"wp:attachment":[{"href":"https:\/\/www.scandinavia.life\/hu\/wp-json\/wp\/v2\/media?parent=50117"}],"wp:term":[{"taxonomy":"category","embeddable":true,"href":"https:\/\/www.scandinavia.life\/hu\/wp-json\/wp\/v2\/categories?post=50117"},{"taxonomy":"post_tag","embeddable":true,"href":"https:\/\/www.scandinavia.life\/hu\/wp-json\/wp\/v2\/tags?post=50117"}],"curies":[{"name":"wp","href":"https:\/\/api.w.org\/{rel}","templated":true}]}}