{"id":50590,"date":"2020-07-08T23:19:45","date_gmt":"2020-07-08T23:19:45","guid":{"rendered":"http:\/\/scandinavia.life\/bergen-expat-guide\/"},"modified":"2024-07-31T14:28:06","modified_gmt":"2024-07-31T14:28:06","slug":"bergen-expat-guide","status":"publish","type":"post","link":"https:\/\/www.scandinavia.life\/hu\/bergen-expat-guide\/","title":{"rendered":"Bergen Expat Guide"},"content":{"rendered":"\n<p class=\"wp-block-paragraph\">Bergent 1070-ben Bj\u00f8rgvin n\u00e9ven <a href=\"https:\/\/www.britannica.com\/biography\/Olaf-III-Haraldsson\">Olaf III Haraldsson<\/a> kir\u00e1ly alap\u00edtotta. Bergen \u00e9vsz\u00e1zadokon kereszt\u00fcl kritikus szerepet j\u00e1tszott Norv\u00e9gi\u00e1ban, mint kereskedelmi k\u00f6zpont, ahol olyan \u00e1rucikkekkel, mint a hal, a sz\u0151rme, az iparcikkek \u00e9s a gabona kereskedtek. A k\u00f6z\u00e9pkorban Bergen tagja volt a Hanza Sz\u00f6vets\u00e9gnek \u00e9s <a href=\"http:\/\/scandinavia.life\/hu\/oslo-a-muveszet-varosa\/\">Norv\u00e9gia f\u0151v\u00e1rosa volt<\/a> . Az ebb\u0151l az id\u0151szakb\u00f3l sz\u00e1rmaz\u00f3 nagy \u00f6r\u00f6ks\u00e9g m\u00e9g mindig j\u00f3l meg\u0151rz\u0151d\u00f6tt Bryggen gy\u00f6ny\u00f6r\u0171 fa\u00e9p\u00fcleteiben, amelyek ma az <a href=\"http:\/\/scandinavia.life\/hu\/7-vilagoroksegi-helyszin-norvegiaban\/\">Unesco Vil\u00e1g\u00f6r\u00f6ks\u00e9g r\u00e9sz\u00e9t<\/a> k\u00e9pezik. <\/p>\n\n<p class=\"wp-block-paragraph\">Az \u00e9vsz\u00e1zadok sor\u00e1n a mai Norv\u00e9gia ter\u00fclet\u00e9n bek\u00f6vetkezett k\u00fcl\u00f6nf\u00e9le politikai, t\u00e1rsadalmi \u00e9s gazdas\u00e1gi v\u00e1ltoz\u00e1sokat k\u00f6vet\u0151en <a href=\"https:\/\/www.britannica.com\/place\/Bergen-Norway\">Bergen<\/a> is az orsz\u00e1g m\u00e1sodik legnagyobb v\u00e1ros\u00e1v\u00e1 v\u00e1lt. A v\u00e1ros Norv\u00e9gia d\u00e9lnyugati r\u00e9sz\u00e9n tal\u00e1lhat\u00f3, egy f\u00e9lszigeten, ahonnan a fjordra, illetve az \u00e9szaki Vagen kik\u00f6t\u0151j\u00e9re \u00e9s kik\u00f6t\u0151j\u00e9re ny\u00edlik kil\u00e1t\u00e1s. Tipikusan Bergennek, ak\u00e1rcsak Norv\u00e9gia t\u00f6bbi r\u00e9sz\u00e9nek, sok v\u00edzfel\u00fclet van a hat\u00e1rain bel\u00fcl. A v\u00e1rost h\u00e9t domb \u00e9s h\u00e9t fjord veszi k\u00f6r\u00fcl. <\/p>\n\n<h2 class=\"wp-block-heading\"><strong>Lakhat\u00e1s Bergen v\u00e1ros\u00e1ban <\/strong><\/h2>\n\n<p class=\"wp-block-paragraph\">Az egyik fontos dolog, ami\u00e9rt val\u00f3ban agg\u00f3dni fog Bergenben, az a sz\u00e1ll\u00e1s. Mindig sokf\u00e9le sz\u00e1ll\u00e1st kaphat, amelyek megfelelnek az \u00d6n <a href=\"http:\/\/scandinavia.life\/category\/moving\/\">lakhat\u00e1si<\/a> ig\u00e9nyeinek, mint di\u00e1k, csal\u00e1d vagy egyed\u00fcl\u00e1ll\u00f3 Bergenben. Bergeni di\u00e1kk\u00e9nt mindig k\u00e9rhet sz\u00e1ll\u00e1st a <a href=\"https:\/\/www.sammen.no\/en\/bergen\">SAMMEN<\/a> -t\u0151l, amely t\u00f6bb mint 4000 sz\u00e1ll\u00e1segys\u00e9get kezel. <\/p>\n\n<p class=\"wp-block-paragraph\">A SAMMEN szob\u00e1i egy- vagy k\u00e9t\u00e1gyasak. A h\u00e1zak megfelel\u0151 felszerelts\u00e9ggel rendelkeznek, mint p\u00e9ld\u00e1ul k\u00f6z\u00f6s f\u00fcrd\u0151szoba \u00e9s konyha. Di\u00e1kk\u00e9nt az ilyen sz\u00e1ll\u00e1sok k\u00e9nyelm\u00e9t biztos\u00edtj\u00e1k, mivel strat\u00e9giai elhelyezked\u00e9s\u00fck k\u00f6zelebb van az egyetemekhez \u00e9s szabadid\u0151s helyekhez. Vannak sz\u00e1ll\u00e1slehet\u0151s\u00e9gek a hallgat\u00f3k sz\u00e1m\u00e1ra, bele\u00e9rtve a csereprogramban r\u00e9szt vev\u0151ket, az \u00f6nfinansz\u00edroz\u00f3kat \u00e9s az egy\u00fcttm\u0171k\u00f6d\u00e9si programokban r\u00e9szt vev\u0151ket, legal\u00e1bb 1 f\u00e9l\u00e9v id\u0151tartammal.<\/p>\n\n<p class=\"wp-block-paragraph\">Beregenben csal\u00e1dosk\u00e9nt, akit \u00e9rdekelnek a Bergen megyei elad\u00f3 t\u00f6bb csal\u00e1di h\u00e1zak , biztos lehet benne, hogy megtal\u00e1lja az \u00d6nnek megfelel\u0151t. Bergenben 1-4 csal\u00e1di h\u00e1z lak\u00f3h\u00e1z, de t\u00f6bb mint 4 egys\u00e9g kereskedelmi ingatlan. <\/p>\n\n<h2 class=\"wp-block-heading\"><strong>\u00c1ll\u00e1sok Bergenben <\/strong><\/h2>\n\n<p class=\"wp-block-paragraph\">Bergenben k\u00fcl\u00f6nb\u00f6z\u0151 \u00e1ll\u00e1sokat kaphat \u00e9rdekl\u0151d\u00e9si k\u00f6re, v\u00e9gzetts\u00e9ge \u00e9s el\u00e9rhet\u0151s\u00e9ge alapj\u00e1n. A Bergenben alkalmazott els\u0151dleges ipar\u00e1gak k\u00f6z\u00e9 tartozik a tenger gy\u00fcm\u00f6lcsei, a turizmus, a m\u00e9dia \u00e9s a kult\u00fara. Az \u00e9ves Nordic Media Fesztiv\u00e1l tipikus p\u00e9ld\u00e1ja a jelent\u0151s szezon\u00e1lis foglalkoztat\u00e1si esem\u00e9nyeknek Norv\u00e9gi\u00e1ban. A filmgy\u00e1rt\u00e1s egy m\u00e1sik fontos ipar\u00e1g, amely Bergenben foglalkoztat. A fantasztikus filmek a <a href=\"http:\/\/scandinavia.life\/hu\/egy-kis-bevezeto-norvegiaba\/\">gy\u00f6ny\u00f6r\u0171 fjordokat<\/a> haszn\u00e1lt\u00e1k d\u00edszletk\u00e9nt. <\/p>\n\n<p class=\"wp-block-paragraph\">Ha Bergenben szeretne munk\u00e1t v\u00e1llalni, \u00e9rdemes mindig megn\u00e9zni a helyi \u00fajs\u00e1gokat, k\u00f6zt\u00fck a Bergens Tidende-t \u00e9s a Bergensavisen-t. Ezek az \u00fajs\u00e1gok \u00e1ll\u00e1shirdet\u00e9seket hirdetnek. Tov\u00e1bbi hasznos webhelyek \u00e9s online munkaer\u0151-k\u00f6zvet\u00edt\u0151 \u00fcgyn\u00f6ks\u00e9gek Bergenben: a <a href=\"http:\/\/www.manpower.no\/\">Manpower<\/a> , a <a href=\"http:\/\/www.finn.no\/\">Finn<\/a> \u00e9s a <a href=\"http:\/\/www.kellyservices.no\/\">Kelly Services<\/a> <strong>.<\/strong> Ezenk\u00edv\u00fcl a <a href=\"https:\/\/www.nav.no\/en\/Home\">Norv\u00e9g Munka\u00fcgyi \u00e9s J\u00f3l\u00e9ti Hivatal<\/a> \u00f6sszegy\u0171jti \u00e9s k\u00f6zz\u00e9teszi az \u00f6sszes el\u00e9rhet\u0151 \u00e1ll\u00e1st Norv\u00e9gi\u00e1ban. Mindig kisz\u0171rheti a bergeni tart\u00f3zkod\u00e1si hely\u00e9n bel\u00fcli \u00e1ll\u00e1sokat. <\/p>\n\n<h2 class=\"wp-block-heading\"><strong>L\u00e1tnival\u00f3k Bergenben <\/strong><\/h2>\n\n<p class=\"wp-block-paragraph\">Ha valaha is v\u00e1gyott arra, hogy megtapasztalja Norv\u00e9gia \u00e9lvezet\u00e9t \u00e9s l\u00e9legzetel\u00e1ll\u00edt\u00f3 l\u00e1tv\u00e1nyoss\u00e1gait, akkor Bergen a megfelel\u0151 hely az \u00d6n sz\u00e1m\u00e1ra. A v\u00e1ros nemcsak nagyszer\u0171 t\u00f6rt\u00e9nelmi l\u00e1tnival\u00f3kkal rendelkezik, hanem leny\u0171g\u00f6z\u0151 kult\u00far\u00e1val, m\u0171v\u00e9szettel \u00e9s \u00e9p\u00edt\u00e9szeti tervekkel is. Bergenben t\u00f6bb mint hatvan k\u00fcl\u00f6nb\u00f6z\u0151 l\u00e1tnival\u00f3 v\u00e1rja, mint p\u00e9ld\u00e1ul a Bryggen, a Fl\u00f8ibanen sikl\u00f3, a bergeni akv\u00e1rium vagy a h\u00edres halpiac. Megfigyelheti Bryggen n\u00e9h\u00e1ny szemet gy\u00f6ny\u00f6rk\u00f6dtet\u0151 l\u00e1tnival\u00f3j\u00e1t, amelyek miatt az UNESCO elismerte, \u00e9s <a href=\"http:\/\/scandinavia.life\/hu\/7-vilagoroksegi-helyszin-norvegiaban\/\">a vil\u00e1g\u00f6r\u00f6ks\u00e9g r\u00e9sze lett<\/a> . <\/p>\n\n<p class=\"wp-block-paragraph\"><a href=\"http:\/\/scandinavia.life\/hu\/a-gyonyoru-bergen-varos\/\">Bryggen enyh\u00e9n<\/a> sz\u00f3lva sok mindent k\u00edn\u00e1l \u00d6nnek, mint els\u0151 vagy ak\u00e1r visszat\u00e9r\u0151 l\u00e1togat\u00f3ja Bergenben. A Bergenhus-er\u0151d, a k\u00e1v\u00e9z\u00f3k, \u00e9ttermek \u00e9s \u00fczletek felkeltik az izgalmat, \u00e9s val\u00f3sz\u00edn\u0171leg \u00e9lvezni fogj\u00e1k az \u00e9letet Bergen v\u00e1ros\u00e1ban. Ha szeretne nagyszer\u0171 m\u0171alkot\u00e1sokat \u00e9s m\u00e1s j\u00f3l karbantartott m\u0171t\u00e1rgyakat l\u00e1tni a gal\u00e9ri\u00e1kban, akkor meg kell l\u00e1togatnia <\/p>\n\n<p class=\"wp-block-paragraph\">Ny\u00e1ron transzferbusszal indul a n\u00e9pszer\u0171 Hanza M\u00fazeum \u00e9s Sch\u00f8tstuene, valamint a Norv\u00e9g Hal\u00e1szati M\u00fazeum el\u0151l. A v\u00e1ros nagyszer\u0171 \u00e9p\u00fcletei, amelyek t\u00f6k\u00e9letes kapcsolatot biztos\u00edtanak Norv\u00e9gia t\u00f6rt\u00e9nelm\u00e9vel, gy\u00f6ny\u00f6r\u0171 k\u00f6rnyezetet biztos\u00edtanak. P\u00e9ld\u00e1ul a <a href=\"https:\/\/en.visitbergen.com\/things-to-do\/norwegian-fisheries-museum-museum-vest-p825063\">Norv\u00e9g Hal\u00e1szati M\u00fazeumnak<\/a> otthont ad\u00f3 \u00e9p\u00fclet arra k\u00e9szteti \u00d6nt, hogy t\u00f6bbet szeretne megtudni a v\u00e1ros gazdag t\u00f6rt\u00e9nelm\u00e9r\u0151l. <\/p>\n\n<h2 class=\"wp-block-heading\"><strong>V\u00e1s\u00e1rl\u00e1s Bergenben <\/strong><\/h2>\n\n<p class=\"wp-block-paragraph\">Bergenben k\u00fcl\u00f6nf\u00e9le<strong> <\/strong><a href=\"https:\/\/souvenirfinder.com\/2015\/10\/24\/where-to-shop-in-the-bryggen-bergen-norway\/\">divatos bev\u00e1s\u00e1rl\u00f3k\u00f6zpontok<\/a><strong> <\/strong>tele van olyan franchise-v\u00e1laszt\u00e9kkal, amely tetszeni fog. N\u00e9h\u00e1ny ilyen bev\u00e1s\u00e1rl\u00f3k\u00f6zpont, amely Bergenben b\u00e1rmikor megv\u00e1s\u00e1rolhat\u00f3 term\u00e9keket k\u00edn\u00e1l, t\u00f6bbek k\u00f6z\u00f6tt a Kl\u00f8verhuset, a Galleriet \u00e9s a Bergen Storsenter. Sz\u00e1mos egy\u00e9b v\u00e1s\u00e1rl\u00e1si lehet\u0151s\u00e9g van egy r\u00f6vid aut\u00f3\u00fatra Bergenen k\u00edv\u00fcl. L\u00e1togassa meg a Laguneparken-t is, amely a Bergen r\u00e9gi\u00f3 legnagyobb <a href=\"http:\/\/scandinavia.life\/category\/shopping\/\">bev\u00e1s\u00e1rl\u00f3k\u00f6zpontja<\/a> , ahol t\u00f6bb mint 50 divat\u00fczlet \u00e9s 160 kapcsol\u00f3d\u00f3 \u00fczlet tal\u00e1lhat\u00f3. <\/p>\n","protected":false},"excerpt":{"rendered":"<p>Bergent 1070-ben Bj\u00f8rgvin n\u00e9ven Olaf III Haraldsson kir\u00e1ly alap\u00edtotta. Bergen \u00e9vsz\u00e1zadokon kereszt\u00fcl kritikus szerepet j\u00e1tszott Norv\u00e9gi\u00e1ban, mint kereskedelmi k\u00f6zpont, ahol olyan \u00e1rucikkekkel, mint a hal, a sz\u0151rme, az iparcikkek \u00e9s a gabona kereskedtek. A k\u00f6z\u00e9pkorban Bergen tagja volt a Hanza Sz\u00f6vets\u00e9gnek \u00e9s Norv\u00e9gia f\u0151v\u00e1rosa volt . Az ebb\u0151l az id\u0151szakb\u00f3l sz\u00e1rmaz\u00f3 nagy \u00f6r\u00f6ks\u00e9g m\u00e9g mindig<\/p>\n","protected":false},"author":1,"featured_media":35969,"comment_status":"closed","ping_status":"closed","sticky":false,"template":"","format":"standard","meta":{"footnotes":""},"categories":[24888,24472,24384,24851,24425,24404,24385],"tags":[25563,25496,25409,27259,24400,27258],"class_list":["post-50590","post","type-post","status-publish","format-standard","has-post-thumbnail","hentry","category-bergen-hu","category-elo","category-ihlet","category-latnivalok-norvegiaban","category-mozgo","category-munka","category-norvegia","tag-a-kavezok-varosa","tag-bevasarlas","tag-bryggen-unesco-hu","tag-csereprogramok","tag-dolgozo","tag-olaf-haraldsson-hu"],"_links":{"self":[{"href":"https:\/\/www.scandinavia.life\/hu\/wp-json\/wp\/v2\/posts\/50590","targetHints":{"allow":["GET"]}}],"collection":[{"href":"https:\/\/www.scandinavia.life\/hu\/wp-json\/wp\/v2\/posts"}],"about":[{"href":"https:\/\/www.scandinavia.life\/hu\/wp-json\/wp\/v2\/types\/post"}],"author":[{"embeddable":true,"href":"https:\/\/www.scandinavia.life\/hu\/wp-json\/wp\/v2\/users\/1"}],"replies":[{"embeddable":true,"href":"https:\/\/www.scandinavia.life\/hu\/wp-json\/wp\/v2\/comments?post=50590"}],"version-history":[{"count":1,"href":"https:\/\/www.scandinavia.life\/hu\/wp-json\/wp\/v2\/posts\/50590\/revisions"}],"predecessor-version":[{"id":145766,"href":"https:\/\/www.scandinavia.life\/hu\/wp-json\/wp\/v2\/posts\/50590\/revisions\/145766"}],"wp:featuredmedia":[{"embeddable":true,"href":"https:\/\/www.scandinavia.life\/hu\/wp-json\/wp\/v2\/media\/35969"}],"wp:attachment":[{"href":"https:\/\/www.scandinavia.life\/hu\/wp-json\/wp\/v2\/media?parent=50590"}],"wp:term":[{"taxonomy":"category","embeddable":true,"href":"https:\/\/www.scandinavia.life\/hu\/wp-json\/wp\/v2\/categories?post=50590"},{"taxonomy":"post_tag","embeddable":true,"href":"https:\/\/www.scandinavia.life\/hu\/wp-json\/wp\/v2\/tags?post=50590"}],"curies":[{"name":"wp","href":"https:\/\/api.w.org\/{rel}","templated":true}]}}