{"id":51287,"date":"2016-05-24T20:49:21","date_gmt":"2016-05-24T20:49:21","guid":{"rendered":"http:\/\/scandinavia.life\/bergen-idegenvezeto\/"},"modified":"2024-08-03T09:59:50","modified_gmt":"2024-08-03T09:59:50","slug":"bergen-idegenvezeto","status":"publish","type":"post","link":"https:\/\/www.scandinavia.life\/hu\/bergen-idegenvezeto\/","title":{"rendered":"Bergen idegenvezet\u0151"},"content":{"rendered":"<p>Bergen sz\u00e1mos l\u00e1tnival\u00f3nak ad otthont, t\u00f6bbek k\u00f6z\u00f6tt a vil\u00e1g legszebb templomainak \u00e9s katedr\u00e1lisainak, <a href=\"http:\/\/www.mnc.net\/norway\/EHG.htm\">Edvard Grieg<\/a> zeneszerz\u0151 otthon\u00e1nak, \u00e9s gy\u00f6ny\u00f6r\u0171 fjordoknak. A <a href=\"http:\/\/scandinavia.life\/norway\/bergen\/\" target=\"_blank\" rel=\"noopener noreferrer\">bergeni idegenvezet\u0151k<\/a> seg\u00edthetnek abban, hogy a lehet\u0151 legt\u00f6bbet hozza ki az itteni \u00e9lm\u00e9nyekb\u0151l.<\/p>\n<figure id=\"attachment_1403\" aria-describedby=\"caption-attachment-1403\" style=\"width: 300px\" class=\"wp-caption alignleft\"><a href=\"https:\/\/scandinavia.life\/wp-content\/uploads\/2016\/05\/Bergen-from-the-viewpoint-Floien-062014-99-0102_2200-300x199.jpg\"><img loading=\"lazy\" decoding=\"async\" class=\"size-medium wp-image-1403\" src=\"https:\/\/scandinavia.life\/wp-content\/uploads\/2016\/05\/Bergen-from-the-viewpoint-Floien-062014-99-0102_2200-300x199.jpg\" alt=\"Bergen, a Floien kil\u00e1t\u00f3b\u00f3l\" width=\"300\" height=\"199\" data-id=\"1403\"><\/a><figcaption id=\"caption-attachment-1403\" class=\"wp-caption-text\">Bergen, a Floien kil\u00e1t\u00f3b\u00f3l<\/figcaption><\/figure>\n<h2><strong>Sogn &amp; Vil\u00e1g\u00f6r\u00f6ks\u00e9gi fjord t\u00fara  <\/strong><\/h2>\n<p>Ez az egynapos t\u00fara haj\u00f3n zajlik, \u00e9s Norv\u00e9gia legszebb t\u00e1jait mutatja be. Reggel 8:40-kor kezd\u0151dik a vonat\u00fat Bergenb\u0151l <a href=\"https:\/\/en.wikipedia.org\/wiki\/Myrdal\">Myrdal<\/a> v\u00e1ros\u00e1ba, a Fl\u00e5mi Vas\u00fat haz\u00e1j\u00e1ba. Itt megeb\u00e9delhet \u00e9s megtekintheti a m\u00fazeumot, miel\u0151tt haj\u00f3ra sz\u00e1llna. Ezut\u00e1n a bergeni idegenvezet\u0151je t\u00e1j\u00e9koztatja \u00d6nt a t\u00e1j kialakul\u00e1s\u00e1r\u00f3l, mik\u00f6zben <a href=\"https:\/\/www.fjordtours.com\/places-to-visit-in-norway\/gudvangen\/\">Gudvangenbe<\/a> \u00faszik. Innen aut\u00f3busszal utaznak a  <a href=\"https:\/\/en.wikipedia.org\/wiki\/Voss\">Voss<\/a> &#8211; Norv\u00e9gia egyik legjobb t\u00e9li sportk\u00f6zpontja. Ezut\u00e1n vonatra sz\u00e1llnak, \u00e9s visszautaznak Bergen k\u00f6zpontj\u00e1ba, hogy befejezz\u00e9k a t\u00far\u00e1t. (<a href=\"http:\/\/scandinavia.life\/hu\/7-vilagoroksegi-helyszin-norvegiaban\/\" target=\"_blank\" rel=\"noopener noreferrer\">Kattintson ide, ha szeretne olvasni a 7 norv\u00e9giai vil\u00e1g\u00f6r\u00f6ks\u00e9gi helysz\u00ednr\u0151l &#8211; Az UNESCOS list\u00e1j\u00e1n<\/a>)<\/p>\n  V\u00edzes\u00e9s Hardangerben\n<h2><strong>Az Edvard Grieg-t\u00fara  <\/strong><\/h2>\n<p>Edvard Grieg az egyik legn\u00e9pszer\u0171bb \u00e9s legsikeresebb skandin\u00e1v zeneszerz\u0151, akinek Bergenben tal\u00e1lhat\u00f3 otthona ma m\u00fazeum. A &#8222;Troldhaugen&#8221;-nek nevezett otthon\u00e1ban egy h\u00e1rom\u00f3r\u00e1s t\u00fara sor\u00e1n megtekintheti a gy\u00f6ny\u00f6r\u0171 k\u00f6rnyezetet \u00fagy, ahogyan az Grieg \u00e9let\u00e9ben volt. A helysz\u00ednen k\u00e1v\u00e9z\u00f3 \u00e9s aj\u00e1nd\u00e9kbolt is tal\u00e1lhat\u00f3. A t\u00fara mag\u00e1ban foglalja a m\u00fazeum \u00e9s a ter\u00fclet bej\u00e1r\u00e1s\u00e1t is.<\/p>\n<figure id=\"attachment_1408\" aria-describedby=\"caption-attachment-1408\" style=\"width: 300px\" class=\"wp-caption alignleft\"><a href=\"https:\/\/scandinavia.life\/wp-content\/uploads\/2016\/05\/Bergen-042010-99-0004_2200-300x164.jpg\"><img loading=\"lazy\" decoding=\"async\" class=\"size-medium wp-image-1408\" src=\"https:\/\/scandinavia.life\/wp-content\/uploads\/2016\/05\/Bergen-042010-99-0004_2200-300x164.jpg\" alt=\"Bergen\" width=\"300\" height=\"164\" data-id=\"1408\"><\/a><figcaption id=\"caption-attachment-1408\" class=\"wp-caption-text\">Bergen<\/figcaption><\/figure>\n<h2><strong>A m\u0171v\u00e9szi Bergen t\u00fara  <\/strong><\/h2>\n<p>Ha rajong a m\u0171v\u00e9szet\u00e9rt, egy bergeni idegenvezet\u0151 seg\u00edthet felfedezni a v\u00e1ros legjobb helyeit, ahol nemcsak a helyi kort\u00e1rs m\u0171v\u00e9szek, hanem Picasso(n\u00e9zze meg a m\u0171v\u00e9szeti m\u00fazeumban k\u00e9sz\u00fclt vide\u00f3t) \u00e9s m\u00e9g <a href=\"http:\/\/www.edvardmunch.org\/\">Munch<\/a> m\u0171veit is megtekintheti. A t\u00fara sor\u00e1n megtekintheti a Stenersen-gy\u0171jtem\u00e9nyt, a Rasmus Meyer-gy\u0171jtem\u00e9nyt \u00e9s <a href=\"http:\/\/www.kunsthall.no\/en\/?\">a V\u00e1rosi M\u0171v\u00e9szeti Gy\u0171jtem\u00e9nyt<\/a>. A <a href=\"http:\/\/www.stinehoff.no\/index.php?a=english\">v\u00e1ros legjobb \u00fcvegf\u00fav\u00f3ival<\/a> \u00e9s m\u00e1s k\u00e9zm\u0171ves mesterekkel is tal\u00e1lkozhat. Olvasson a h\u00edres fest\u0151r\u0151l, <a href=\"https:\/\/www.artsy.net\/artist\/edvard-munch\">Edvard Munchr\u00f3l az Artsy.net oldalon<\/a>.<\/p>\n<figure id=\"attachment_1410\" aria-describedby=\"caption-attachment-1410\" style=\"width: 300px\" class=\"wp-caption alignright\"><a href=\"https:\/\/scandinavia.life\/wp-content\/uploads\/2016\/05\/Hardangerfjord-022003-99-770_2200-300x196.jpg\"><img loading=\"lazy\" decoding=\"async\" class=\"size-medium wp-image-1410\" src=\"https:\/\/scandinavia.life\/wp-content\/uploads\/2016\/05\/Hardangerfjord-022003-99-770_2200-300x196.jpg\" alt=\"Hardangerfjord\" width=\"300\" height=\"196\" data-id=\"1410\"><\/a><figcaption id=\"caption-attachment-1410\" class=\"wp-caption-text\">Hardangerfjord<\/figcaption><\/figure>\n<h2><strong>A Hardangerfjord t\u00fara  <\/strong><\/h2>\n<p>B\u00e1r k\u00e9peken m\u00e1r l\u00e1thatta Norv\u00e9gia gy\u00f6ny\u00f6r\u0171 fjordjait, a val\u00f3s\u00e1gnak nem tudnak megfelelni. <a href=\"https:\/\/www.norwaynutshell.com\/hardangerfjord-in-a-nutshell\/\">A Hardangerfjord-t\u00fara<\/a> az orsz\u00e1g egyik legfest\u0151ibb t\u00far\u00e1ja, \u00e9s \u00e9rdemes lesz magaddal vinned a legjobb f\u00e9nyk\u00e9pez\u0151g\u00e9pedet. Bergeni idegenvezet\u0151je megmutatja \u00d6nnek a meredek, h\u00f3f\u00f6dte hegyeket, a gy\u00f6ny\u00f6r\u0171 z\u00f6ld gy\u00fcm\u00f6lcs\u00f6s\u00f6ket (az \u00e9vszakt\u00f3l f\u00fcgg\u0151en), v\u00edzes\u00e9seket, szakad\u00e9kokat \u00e9s m\u00e9g sok m\u00e1st &#8211; mindezt egy l\u00e9legzetel\u00e1ll\u00edt\u00f3 nyolc\u00f3r\u00e1s t\u00fara sor\u00e1n, amely tele van fot\u00f3z\u00e1si lehet\u0151s\u00e9gekkel \u00e9s meg\u00e1ll\u00f3kkal az \u00d6n \u00e1ltal v\u00e1lasztott kultur\u00e1lis k\u00f6zpontokban.<\/p>\n  Blossom in Hardanger\n<h2><strong>A Bergen Highlights t\u00fara  <\/strong><\/h2>\n<p>Ha csak korl\u00e1tozott id\u0151t tud elt\u00f6lteni a v\u00e1rosban, bergeni idegenvezet\u0151je elviheti \u00d6nt egy k\u00e9t\u00f3r\u00e1s t\u00far\u00e1ra, amely a v\u00e1ros nevezetess\u00e9geire \u00f6sszpontos\u00edt. \u00c1ttekint\u00e9st kap a v\u00e1ros t\u00f6rt\u00e9net\u00e9r\u0151l \u00e9s szerkezet\u00e9r\u0151l, a vizu\u00e1lis t\u00fara pedig Bergen belv\u00e1ros\u00e1ra \u00e9s a forgalmas kik\u00f6t\u0151re \u00f6sszpontos\u00edt. Lehet\u0151s\u00e9ge lesz megn\u00e9zni a rakpartot, a v\u00e1ros gy\u00f6ny\u00f6r\u0171 parkj\u00e1t, \u00e9s m\u00e9g sz\u00e1mos m\u00fazeumot is, amelyeket k\u00e9s\u0151bb megl\u00e1togathat.<\/p>\n<p>Bergen tele van rusztikus b\u00e1jjal \u00e9s l\u00e9legzetel\u00e1ll\u00edt\u00f3 hegyekkel, amelyek egy eg\u00e9sz vil\u00e1gt\u00f3l t\u00e1volinak t\u0171nnek, ugyanakkor minden elv\u00e1rhat\u00f3 modernit\u00e1ssal rendelkezik. A bergeni idegenvezet\u0151k seg\u00edtenek az utaz\u00e1s testreszab\u00e1s\u00e1ban, \u00e9s megmutatj\u00e1k az \u00f6sszes kult\u00far\u00e1t, m\u0171v\u00e9szetet \u00e9s term\u00e9szetet, amire csak v\u00e1gyhat.<\/p>\n<p>&nbsp;<\/p>\n  N\u00e9zd azt a vizet!\n<p>&nbsp;<\/p>\n<figure id=\"attachment_35581\" aria-describedby=\"caption-attachment-35581\" style=\"width: 300px\" class=\"wp-caption aligncenter\"><a href=\"https:\/\/scandinavia.life\/wp-content\/uploads\/2016\/05\/Torgalmenningen-Bergen-062014-99-0099_2200-300x199.jpg\"><img loading=\"lazy\" decoding=\"async\" class=\"size-medium wp-image-1404\" src=\"https:\/\/scandinavia.life\/wp-content\/uploads\/2016\/05\/Torgalmenningen-Bergen-062014-99-0099_2200-300x199.jpg\" alt=\"Torgalmenningen Bergenben\" width=\"300\" height=\"199\" data-id=\"1404\"><\/a><figcaption id=\"caption-attachment-35581\" class=\"wp-caption-text\">Torgalmenningen Bergenben<\/figcaption><\/figure>\n<p>&nbsp;<\/p>\n  Tengeri rafting Bergenben\n","protected":false},"excerpt":{"rendered":"<p>Bergen sz\u00e1mos l\u00e1tnival\u00f3nak ad otthont, t\u00f6bbek k\u00f6z\u00f6tt a vil\u00e1g legszebb templomainak \u00e9s katedr\u00e1lisainak, Edvard Grieg zeneszerz\u0151 otthon\u00e1nak, \u00e9s gy\u00f6ny\u00f6r\u0171 fjordoknak. A bergeni idegenvezet\u0151k seg\u00edthetnek abban, hogy a lehet\u0151 legt\u00f6bbet hozza ki az itteni \u00e9lm\u00e9nyekb\u0151l. Sogn &amp; Vil\u00e1g\u00f6r\u00f6ks\u00e9gi fjord t\u00fara Ez az egynapos t\u00fara haj\u00f3n zajlik, \u00e9s Norv\u00e9gia legszebb t\u00e1jait mutatja be. Reggel 8:40-kor kezd\u0151dik a<\/p>\n","protected":false},"author":1,"featured_media":35577,"comment_status":"closed","ping_status":"closed","sticky":false,"template":"","format":"standard","meta":{"footnotes":""},"categories":[24888,24385],"tags":[29189,29200,29220,29232,29175,25387,28980,29016,25390,28773,28777,29033,29056,29072,29093,29107,29116,29128,29152,29145,25076,24469,29163,29168,29160,29251,29255,28999,29278],"class_list":["post-51287","post","type-post","status-publish","format-standard","has-post-thumbnail","hentry","category-bergen-hu","category-norvegia","tag-a-bergen-highlights-tour","tag-a-bergeni-varosi-muveszeti-gyujtemeny","tag-a-grieg-tura","tag-a-hardangerfjord-tura","tag-a-muveszi-bergeni-tura","tag-bergen-hu","tag-bergen-idegenvezeto","tag-bergen-kozpontjaban","tag-bergen-varos","tag-edvard-grieg-hu","tag-edvard-munch-hu","tag-flam-vasut","tag-gudvangen-hu","tag-munch-bergen-hu","tag-myrdal-hu","tag-myrdal-varos","tag-norvegia-gyonyoru-fjordjai","tag-picasso-bergen-hu","tag-rasmus-meyer-bergen-kollekcioja","tag-rasmus-meyer-gyujtemenye","tag-skandinav-varos","tag-skandinav-varosok","tag-sogn-vilagorokseg-fjord-tura","tag-stenersens-collection-bergen-hu","tag-tengeri-rafting-bergenben","tag-torgalmenningen-bergenben","tag-troldhaugen-hu","tag-viragozzon-hardangerben","tag-voss-hu"],"_links":{"self":[{"href":"https:\/\/www.scandinavia.life\/hu\/wp-json\/wp\/v2\/posts\/51287","targetHints":{"allow":["GET"]}}],"collection":[{"href":"https:\/\/www.scandinavia.life\/hu\/wp-json\/wp\/v2\/posts"}],"about":[{"href":"https:\/\/www.scandinavia.life\/hu\/wp-json\/wp\/v2\/types\/post"}],"author":[{"embeddable":true,"href":"https:\/\/www.scandinavia.life\/hu\/wp-json\/wp\/v2\/users\/1"}],"replies":[{"embeddable":true,"href":"https:\/\/www.scandinavia.life\/hu\/wp-json\/wp\/v2\/comments?post=51287"}],"version-history":[{"count":8,"href":"https:\/\/www.scandinavia.life\/hu\/wp-json\/wp\/v2\/posts\/51287\/revisions"}],"predecessor-version":[{"id":148716,"href":"https:\/\/www.scandinavia.life\/hu\/wp-json\/wp\/v2\/posts\/51287\/revisions\/148716"}],"wp:featuredmedia":[{"embeddable":true,"href":"https:\/\/www.scandinavia.life\/hu\/wp-json\/wp\/v2\/media\/35577"}],"wp:attachment":[{"href":"https:\/\/www.scandinavia.life\/hu\/wp-json\/wp\/v2\/media?parent=51287"}],"wp:term":[{"taxonomy":"category","embeddable":true,"href":"https:\/\/www.scandinavia.life\/hu\/wp-json\/wp\/v2\/categories?post=51287"},{"taxonomy":"post_tag","embeddable":true,"href":"https:\/\/www.scandinavia.life\/hu\/wp-json\/wp\/v2\/tags?post=51287"}],"curies":[{"name":"wp","href":"https:\/\/api.w.org\/{rel}","templated":true}]}}