{"id":57438,"date":"2022-03-27T16:53:44","date_gmt":"2022-03-27T16:53:44","guid":{"rendered":"http:\/\/scandinavia.life\/ukran-menekultek-es-bevandorlas-norvegiaba\/"},"modified":"2024-07-31T20:30:00","modified_gmt":"2024-07-31T20:30:00","slug":"ukran-menekultek-es-bevandorlas-norvegiaba","status":"publish","type":"post","link":"https:\/\/www.scandinavia.life\/hu\/ukran-menekultek-es-bevandorlas-norvegiaba\/","title":{"rendered":"Ukr\u00e1n menek\u00fcltek \u00e9s bev\u00e1ndorl\u00e1s Norv\u00e9gi\u00e1ba"},"content":{"rendered":"\n<p class=\"wp-block-paragraph\">Norv\u00e9gia egy \u00c9szak-Eur\u00f3p\u00e1ban fekv\u0151 orsz\u00e1g gy\u00f6ngyszeme. Ha nem tal\u00e1lja \u00e9rdekesnek Norv\u00e9gia fjordjait, akkor tal\u00e1n a hull\u00e1mz\u00f3 t\u00e1j, a j\u00e9ggel bor\u00edtott hegyek \u00e9s a tengerparti v\u00e1rosok, p\u00e9ld\u00e1ul <a href=\"http:\/\/scandinavia.life\/hu\/expatkent-elt-tul-kristiansandban\/\">Kristiansand<\/a> \u00e9s <a href=\"http:\/\/scandinavia.life\/hu\/bergen-expat-guide\/\">Bergen<\/a> lesz valami \u00e9rdekes.<\/p>\n\n<p class=\"wp-block-paragraph\">\u00c1ltal\u00e1ban a norv\u00e9gok \u00e1ltal\u00e1ban bar\u00e1ts\u00e1gosak a k\u00fclf\u00f6ldiekkel \u00e9s a turist\u00e1kkal szemben, akik ott telepednek le. Minden \u00e9vben a vil\u00e1g k\u00fcl\u00f6nb\u00f6z\u0151 r\u00e9szeir\u0151l \u00e9rkeznek emberek Norv\u00e9gi\u00e1ba t\u00f6bbek k\u00f6z\u00f6tt csal\u00e1degyes\u00edt\u00e9s, v\u00e9delem, oktat\u00e1s \u00e9s munkav\u00e1llal\u00e1s c\u00e9lj\u00e1b\u00f3l. A nemzetek glob\u00e1lis k\u00f6z\u00f6ss\u00e9g\u00e9nek r\u00e9szek\u00e9nt Norv\u00e9gia mindig igyekszik tiszteletben tartani az ENSZ azon k\u00f6vetelm\u00e9ny\u00e9t, hogy biztons\u00e1gos mened\u00e9ket ny\u00fajtson azoknak az embereknek, akiknek az \u00e9let\u00e9t val\u00f3ban vesz\u00e9ly fenyegeti, ahogyan az ukr\u00e1nok eset\u00e9ben is.  <\/p>\n\n<h2 class=\"wp-block-heading\">A Norv\u00e9gi\u00e1ba val\u00f3 utaz\u00e1s m\u00f3dja<\/h2>\n\n<p class=\"wp-block-paragraph\">A nemzet\u00fckben, p\u00e9ld\u00e1ul Ukrajn\u00e1ban h\u00e1bor\u00fat \u00e1t\u00e9l\u0151 k\u00fclf\u00f6ldiek k\u00fcl\u00f6nb\u00f6z\u0151 m\u00f3dokon juthatnak el Norv\u00e9gi\u00e1ba, \u00e9s az egyik ilyen m\u00f3d az, hogy a norv\u00e9gok elsz\u00e1ll\u00edtj\u00e1k \u0151ket a hat\u00e1rokr\u00f3l, t\u00f6bbek k\u00f6z\u00f6tt a lengyel hat\u00e1rr\u00f3l. Az ukr\u00e1n menek\u00fclteket az orsz\u00e1gba sz\u00e1ll\u00edt\u00f3 szem\u00e9lyeknek jelentkezni\u00fck kell az Orsz\u00e1gos Bev\u00e1ndorl\u00e1si \u00e9s Bev\u00e1ndorl\u00e1si Hivataln\u00e1l. A pu.desken@politiet.no e-mail c\u00edmen vagy a 22 80 66 00 telefonsz\u00e1mon. A lengyel hat\u00e1r jelenleg zs\u00fafolt, \u00edgy a rom\u00e1niai Siret, a moldovai Mogilev-Podolszkij, a magyarorsz\u00e1gi Z\u00e1hony-Csop \u00e9s a szlov\u00e1kiai Vysne Nemescke hat\u00e1r\u00e1tkel\u0151helyeken is \u00e1tkelhetnek.<\/p>\n\n<p class=\"wp-block-paragraph\">A <a href=\"https:\/\/www.udi.no\/en\/\">norv\u00e9g bev\u00e1ndorl\u00e1si igazgat\u00f3s\u00e1ghoz<\/a> sz\u00e1mos megkeres\u00e9s \u00e9rkezik a menek\u00fcltek Norv\u00e9gi\u00e1ba t\u00f6rt\u00e9n\u0151 sz\u00e1ll\u00edt\u00e1s\u00e1val kapcsolatban. Annak ellen\u00e9re, hogy Ukrajn\u00e1ban h\u00e1bor\u00fa van, a megfelel\u0151 csatorn\u00e1t kell haszn\u00e1lni az emberek sz\u00e1ll\u00edt\u00e1s\u00e1ra, \u00e9s megfelel\u0151 okm\u00e1nyokkal kell rendelkezni\u00fck. Ennek oka, hogy a megfelel\u0151 dokumentumok n\u00e9lk\u00fcli embersz\u00e1ll\u00edt\u00e1s emberkereskedelemnek min\u0151s\u00fcl.<\/p>\n\n<p class=\"wp-block-paragraph\">Minden norv\u00e9g k\u00fclf\u00f6ldinek leg\u00e1lisan kell beutaznia. A Norv\u00e9gi\u00e1ba val\u00f3 leg\u00e1lis utaz\u00e1s k\u00fcl\u00f6nb\u00f6z\u0151 m\u00f3djai a k\u00f6vetkez\u0151k:<\/p>\n\n<ul class=\"wp-block-list\"><li>v\u00edzummentes utaz\u00e1s Norv\u00e9gi\u00e1ba (biometrikus \u00fatlev\u00e9llel kell rendelkezni)<\/li><li>M\u00e1r rendelkezik \u00e9rv\u00e9nyes norv\u00e9g l\u00e1togat\u00f3i v\u00edzummal.<\/li><li>\u00e9rv\u00e9nyes norv\u00e9giai tart\u00f3zkod\u00e1si enged\u00e9llyel rendelkezik<\/li><\/ul>\n\n<p class=\"wp-block-paragraph\">A norv\u00e9g hat\u00e1ron tart\u00f3zkod\u00f3 ukr\u00e1nok is k\u00e9rhetnek v\u00e9delmet, f\u00fcggetlen\u00fcl att\u00f3l, hogy leg\u00e1lisan utaztak-e oda vagy sem.<\/p>\n\n<h3 class=\"wp-block-heading\">J\u00f6hetek Norv\u00e9gi\u00e1ba v\u00edzum, szem\u00e9lyi okm\u00e1nyok, biometrikus adatok vagy \u00fatlev\u00e9l n\u00e9lk\u00fcl?<\/h3>\n\n<p class=\"wp-block-paragraph\">Igen, akkor is j\u00f6het Norv\u00e9gi\u00e1ba \u00e9s k\u00e9rhet mened\u00e9kjogot, ha nem rendelkezik ezekkel a dokumentumokkal, \u00e9s m\u00e1r a norv\u00e9g hat\u00e1ron van. Jelenleg a norv\u00e9g hat\u00f3s\u00e1gok nem tekintik biztons\u00e1gosnak a h\u00e1bor\u00fat \u00e1t\u00e9l\u0151 orsz\u00e1gokat. \u00cdgy a korm\u00e1ny ideiglenes kollekt\u00edv v\u00e9delmet biztos\u00edt sz\u00e1mukra Norv\u00e9gi\u00e1ban. Ha azonban valaki nem akar mened\u00e9kjogot k\u00e9rni, a fenti h\u00e1rom felt\u00e9tel abban az esetben is \u00e9rv\u00e9nyes, ha nincsenek dokumentumok. Err\u0151l b\u0151vebb inform\u00e1ci\u00f3 az <a href=\"https:\/\/www.udi.no\/en\/situation-in-ukraine\/travel-to-norway\/#link-30074\">UDI<\/a> oldalon tal\u00e1lhat\u00f3.<\/p>\n\n<h2 class=\"wp-block-heading\">Feldolgoz\u00e1s tart\u00f3zkod\u00e1si hely Norv\u00e9gi\u00e1ban<\/h2>\n\n<p class=\"wp-block-paragraph\">Kezdetben a Norv\u00e9gi\u00e1ba \u00e9rkez\u0151 k\u00fclf\u00f6ldieknek \u00e1ltal\u00e1ban a saj\u00e1t orsz\u00e1guk nagyk\u00f6vets\u00e9g\u00e9n kellett volna tart\u00f3zkod\u00e1si enged\u00e9lyt k\u00e9rni\u00fck a norv\u00e9giai munkav\u00e1llal\u00e1shoz vagy \u00e9letvitelszer\u0171 tart\u00f3zkod\u00e1shoz. Sajnos egy olyan esetben, mint az ukrajnai h\u00e1bor\u00fa, a norv\u00e9g nagyk\u00f6vets\u00e9g Ukrajn\u00e1ban jelenleg z\u00e1rva van. Ez azt jelenti, hogy Norv\u00e9gi\u00e1ban tart\u00f3zkodva nem lehet k\u00e9relmet beny\u00fajtani. Ez\u00e9rt az ankarai nagyk\u00f6vets\u00e9g kezeli az ukr\u00e1n \u00e1llampolg\u00e1rok k\u00e9relmeit, \u00e9s az \u0151 k\u00e9relm\u00fcket Norv\u00e9gia is kezelheti, ha a norv\u00e9g hat\u00e1ron tart\u00f3zkodnak.<\/p>\n\n<p class=\"wp-block-paragraph\">A k\u00f6vetkez\u0151 k\u00f6zpontok fogadj\u00e1k el az ukr\u00e1nokt\u00f3l a l\u00e1togat\u00f3i v\u00edzumot, ha valaki nem a norv\u00e9g hat\u00e1ron tart\u00f3zkodik:<\/p>\n\n<ul class=\"wp-block-list\"><li>Az ankarai, isztambuli, izmiri vagy antalyai VFS V\u00edzumk\u00e9relmi K\u00f6zpont, amely a nagyk\u00f6vets\u00e9get k\u00e9pviseli.<\/li><li>VFS V\u00edzumk\u00e9relmi K\u00f6zpont Prishtin\u00e1ban, Koszov\u00f3ban<\/li><li>VFS V\u00edzumk\u00e9relmi K\u00f6zpont Bakuban, Azerbajdzs\u00e1nban  <\/li><li>VFS V\u00edzumk\u00e9relmi K\u00f6zpont Beogradban, Szerbia<\/li><\/ul>\n\n<p class=\"wp-block-paragraph\">A Norv\u00e9gi\u00e1ba \u00e9rkezett ukr\u00e1nok a csal\u00e1djukn\u00e1l, a szoci\u00e1lis h\u00e1l\u00f3zatokn\u00e1l \u00e9s a bar\u00e1taikn\u00e1l maradhatnak, am\u00edg nem kapnak t\u00f6bb inform\u00e1ci\u00f3t. Nem kell megjelenni a regisztr\u00e1ci\u00f3ra a Nemzeti \u00c9rkez\u00e9si K\u00f6zpontban. Ez att\u00f3l f\u00fcggetlen\u00fcl alkalmazand\u00f3, hogy valaki rendelkezik-e a sz\u00fcks\u00e9ges szem\u00e9lyazonos\u00edt\u00f3 okm\u00e1nyokkal vagy biometrikus \u00fatlev\u00e9llel vagy sem.<\/p>\n\n<p class=\"wp-block-paragraph\">B\u00e1r a szab\u00e1ly akkor \u00e9rv\u00e9nyes, ha valaki nemr\u00e9g \u00e9rkezik, m\u00e1rcius 16. \u00f3ta a k\u00e9relmet beny\u00fajt\u00f3 ukr\u00e1n \u00e1llampolg\u00e1rok t\u00f6bb helyen is regisztr\u00e1lhatnak. Ha valaki messze van, akkor kapcsolatba l\u00e9phet a rend\u0151rs\u00e9ggel, hogy a legk\u00f6zelebbi helyre sz\u00e1ll\u00edts\u00e1k, ahol regisztr\u00e1lhat. Ezen t\u00falmen\u0151en a fed\u00e9l n\u00e9lk\u00fcl maradt szem\u00e9lyek a rend\u0151rs\u00e9ghez fordulhatnak.<\/p>\n\n<p class=\"wp-block-paragraph\">Az al\u00e1bbiakban a k\u00fcl\u00f6nb\u00f6z\u0151 rend\u0151rs\u00e9gi k\u00f6rzetek el\u00e9rhet\u0151s\u00e9gei tal\u00e1lhat\u00f3k, ahol kollekt\u00edv v\u00e9delem\u00e9rt lehet folyamodni:<\/p>\n\n<h3 class=\"wp-block-heading\">Oslo, Keleti, D\u00e9lkeleti \u00e9s Innlandet rend\u0151rs\u00e9gi k\u00f6rzet<\/h3>\n\n<p class=\"wp-block-paragraph\">A d\u00e9lkelet-norv\u00e9giai lakosok a r\u00e5dei Nemzeti \u00c9rkez\u00e9si K\u00f6zpontban regisztr\u00e1lhatnak. Telefonsz\u00e1muk: 40 02 61 90. A telefon h\u00e9tf\u0151t\u0151l p\u00e9ntekig 9 \u00e9s 20 \u00f3ra k\u00f6z\u00f6tt, szombaton \u00e9s vas\u00e1rnap pedig 9:00 \u00e9s 16:00 \u00f3ra k\u00f6z\u00f6tt is m\u0171k\u00f6dik.<\/p>\n\n<h3 class=\"wp-block-heading\">Agder rend\u0151rs\u00e9gi k\u00f6rzet<\/h3>\n\n<p class=\"wp-block-paragraph\">A rend\u0151r\u0151rs felkeres\u00e9se el\u0151tt id\u0151pontot kell k\u00e9rni. A a <a href=\"mailto:agder.asyl@politiet.no\">gder.asyl@politiet.no c\u00ed<\/a> men \u00e9s a 38 13 60 00 vagy a 02800-as telefonsz\u00e1mon kereszt\u00fcl lehet vel\u00fck kapcsolatba l\u00e9pni. A telefon h\u00e9tf\u0151t\u0151l p\u00e9ntekig 8.00 \u00e9s 15.30 \u00f3ra k\u00f6z\u00f6tt m\u0171k\u00f6dik.<\/p>\n\n<h3 class=\"wp-block-heading\">Finnmark rend\u0151rs\u00e9gi k\u00f6rzet<\/h3>\n\n<p class=\"wp-block-paragraph\">Azok a szem\u00e9lyek, akik m\u00e9g nem regisztr\u00e1ltak, a rend\u0151rs\u00e9gen t\u00f6rt\u00e9n\u0151 id\u0151pontfoglal\u00e1ssal tehetik ezt meg. Az \u00e1llom\u00e1s telefonsz\u00e1ma 45 72 00 64, \u00e9s h\u00e9tf\u0151t\u0151l p\u00e9ntekig 10.00 \u00e9s 14.00 \u00f3ra k\u00f6z\u00f6tt tartanak nyitva. A finnma <a href=\"mailto:finnmark.utlending@politiet.no\">rk.utlending@politiet.no<\/a> e-mail c\u00edmen kereszt\u00fcl is kapcsolatba lehet l\u00e9pni vel\u00fck. Ha e-mailt k\u00fcld, csak adja meg a telefonsz\u00e1m\u00e1t, \u00e9s a rend\u0151rs\u00e9g telefonon fog id\u0151pontot foglalni.<\/p>\n\n<h3 class=\"wp-block-heading\">M\u00f8re \u00e9s Romsdal rend\u0151rs\u00e9gi k\u00f6rzet<\/h3>\n\n<p class=\"wp-block-paragraph\">Ha felkeresi ezt a rend\u0151rkapit\u00e1nys\u00e1got, fontos, hogy el\u0151bb id\u0151pontot foglaljon. Ha valakinek regisztr\u00e1lnia kell, a rend\u0151rs\u00e9g 70 11 87 00 vagy 02800-as telefonsz\u00e1m\u00e1n kereszt\u00fcl l\u00e9phet kapcsolatba a rend\u0151rs\u00e9ggel. A telefon 8:00 \u00e9s 15:00 \u00f3ra k\u00f6z\u00f6tt m\u0171k\u00f6dik.<\/p>\n\n<h3 class=\"wp-block-heading\">Nordland rend\u0151rs\u00e9gi k\u00f6rzet<\/h3>\n\n<p class=\"wp-block-paragraph\">Abban az esetben, ha valaki kapcsolatba l\u00e9pett a rend\u0151rs\u00e9ggel, akkor v\u00e1rhat, am\u00edg id\u0151pontot egyeztetnek. Ha nem, akkor a 75 58 90 00 telefonsz\u00e1mon lehet \u0151ket el\u00e9rni. Emellett h\u00e9tf\u0151t\u0151l p\u00e9ntekig 08:00 \u00e9s 15:00 k\u00f6z\u00f6tt m\u0171k\u00f6dnek. A grensepoliti.nordla <a href=\"mailto:grensepoliti.nordland@politiet.no\">nd@politiet.no<\/a> e-mail c\u00edmen kereszt\u00fcl is kapcsolatba lehet l\u00e9pni vel\u00fck.<\/p>\n\n<h3 class=\"wp-block-heading\">D\u00e9lnyugati rend\u0151rs\u00e9gi k\u00f6rzet<\/h3>\n\n<p class=\"wp-block-paragraph\">Az orsz\u00e1g d\u00e9li r\u00e9sz\u00e9n \u00e9l\u0151 ukr\u00e1nok a Sverre hotelben tal\u00e1lkozhatnak Sandnesben, a Storgata 45-ben. Ezen a helyen a rend\u0151rs\u00e9g felveszi a kapcsolatot az emberekkel, \u00e9s id\u0151pontot foglal. Ezenk\u00edv\u00fcl azok az orsz\u00e1g \u00e9szaki r\u00e9sz\u00e9n \u00e9l\u0151k, akik m\u00e9g nem regisztr\u00e1ltak, a Haugesund-i rend\u0151r\u0151rs\u00f6n (Haugesund, Smedasundet 50, Haugesund) megtehetik ezt.<\/p>\n\n<p class=\"wp-block-paragraph\">A rend\u0151rkapit\u00e1nys\u00e1gok felkeres\u00e9se sor\u00e1n el\u0151sz\u00f6r id\u0151pontot kell foglalni. Ezt a 48 99 66 50-es telefonsz\u00e1mon tehetik meg. A hely naponta 8:00 \u00e9s 22:00 \u00f3ra k\u00f6z\u00f6tt \u00fczemel.<\/p>\n\n<h3 class=\"wp-block-heading\">Troms rend\u0151rs\u00e9gi k\u00f6rzet<\/h3>\n\n<p class=\"wp-block-paragraph\">Fontos, hogy el\u0151bb foglaljon id\u0151pontot, miel\u0151tt ell\u00e1togat a helysz\u00ednre. A hely h\u00e9tf\u0151t\u0151l p\u00e9ntekig 08:15 \u00e9s 15:30 k\u00f6z\u00f6tt m\u0171k\u00f6dik. Id\u0151pontot a 77 79 60 00 telefonsz\u00e1mon lehet foglalni.<\/p>\n\n<h3 class=\"wp-block-heading\">Tr\u00f8ndelag rend\u0151rs\u00e9gi k\u00f6rzet<\/h3>\n\n<p class=\"wp-block-paragraph\">B\u00e1rki, aki m\u00e9g nem regisztr\u00e1lt, \u00e9s Tr\u00f8ndelag k\u00f6rny\u00e9k\u00e9n tart\u00f3zkodik, megteheti ezt a rend\u0151rs\u00e9gi k\u00f6rzetben. A j\u00e1ratok 08:00 \u00e9s 15:00 \u00f3ra k\u00f6z\u00f6tt \u00fczemelnek. Telefonsz\u00e1muk a 73 89 90 90.<\/p>\n\n<h3 class=\"wp-block-heading\">Nyugati rend\u0151rs\u00e9gi k\u00f6rzet<\/h3>\n\n<p class=\"wp-block-paragraph\">A t\u00f6bbi rend\u0151rs\u00e9gi k\u00f6rzettel ellent\u00e9tben Koszt\u00e1d k\u00f6rny\u00e9k\u00e9n b\u00e1rki felkeresheti a helysz\u00ednt, hogy regisztr\u00e1ljon. A regisztr\u00e1ci\u00f3 el\u0151tt nem kell id\u0151pontot foglalni. A sz\u00e1lloda c\u00edme: <a href=\"https:\/\/www.google.com\/maps\/dir\/Scandic+Kokstad,+Kokstadflaten+2,+5257+Kokstad\/@60.2898944,5.1885408,12z\/data=!4m8!4m7!1m0!1m5!1m1!1s0x463cf09e68f426c1:0x2c19616996c4fd5a!2m2!1d5.2586113!2d60.290057\">Kokstadflaten 2, 5257 Kokstad (google maps<\/a> ). A rend\u0151rs\u00e9g naponta 08:00 \u00e9s 20:00 \u00f3ra k\u00f6z\u00f6tt tart\u00f3zkodik a sz\u00e1llod\u00e1ban.<\/p>\n\n<p class=\"wp-block-paragraph\">Azok a mened\u00e9kk\u00e9r\u0151k, akiknek nincs hol lakniuk, a sz\u00e1llod\u00e1ban kaphatnak s\u00fcrg\u0151ss\u00e9gi sz\u00e1ll\u00e1st. Fontos azonban megjegyezni, hogy bizonyos esetekben hossz\u00fa v\u00e1rakoz\u00e1si id\u0151vel kell sz\u00e1molni, ha sokan \u00e9rkeznek egyszerre.<\/p>\n\n<h2 class=\"wp-block-heading\">A k\u00fclf\u00f6ldiek ideiglenes v\u00e9delmet kapnak Norv\u00e9gi\u00e1ban<\/h2>\n\n<p class=\"wp-block-paragraph\">B\u00e1rmely szem\u00e9ly, aki kor\u00e1bban egy h\u00e1bor\u00fa s\u00fajtotta orsz\u00e1gban tart\u00f3zkodott, jogosult ideiglenes v\u00e9delemre b\u00e1rmely uni\u00f3s orsz\u00e1gt\u00f3l. Az ideiglenes v\u00e9delem legal\u00e1bb egy \u00e9vig tart, att\u00f3l f\u00fcgg\u0151en, hogy hogyan alakulnak a dolgok a nemzet\u00fckben. Az ideiglenes k\u00e9relemben foglaltak k\u00f6z\u00e9 tartozik a gyermekek oktat\u00e1shoz val\u00f3 hozz\u00e1f\u00e9r\u00e9se, a lakhat\u00e1shoz \u00e9s a munkaer\u0151piachoz val\u00f3 hozz\u00e1f\u00e9r\u00e9s, az orvosi ell\u00e1t\u00e1s \u00e9s a tart\u00f3zkod\u00e1si enged\u00e9ly.<\/p>\n\n<p class=\"wp-block-paragraph\">A h\u00e1bor\u00fa miatt lak\u00f3hely\u00fcket elhagyni k\u00e9nyszer\u00fclt \u00e1llampolg\u00e1rok \u00e9s csal\u00e1dtagjaik jogosultak ideiglenes v\u00e9delemre. A harmadik orsz\u00e1gok \u00e1llampolg\u00e1rai \u00e9s a hontalan szem\u00e9lyek, akik a h\u00e1bor\u00fa s\u00fajtotta orsz\u00e1gokban, p\u00e9ld\u00e1ul Ukrajn\u00e1ban, v\u00e9delmet kaptak, valamint csal\u00e1dtagjaik is v\u00e9delmet kaphatnak. A biztons\u00e1g kedv\u00e9\u00e9rt az embernek rendelkeznie kell olyan dokumentumokkal, mint az igazolv\u00e1ny \u00e9s az \u00fatlev\u00e9l, hogy a regisztr\u00e1ci\u00f3s folyamatot megk\u00f6nny\u00edtse.<\/p>\n\n<h2 class=\"wp-block-heading\">Banksz\u00e1mlanyit\u00e1s Norv\u00e9gi\u00e1ban<\/h2>\n\n<p class=\"wp-block-paragraph\">Norv\u00e9gia egyike az er\u0151s gazdas\u00e1ggal rendelkez\u0151 nemzeteknek, \u00e9s ez azt jelenti, hogy jelent\u0151s szerepet fog j\u00e1tszani a menek\u00fcltek megseg\u00edt\u00e9s\u00e9ben. A norv\u00e9g bankok \u00e1ltal ny\u00fajtott szolg\u00e1ltat\u00e1sok k\u00f6z\u00e9 tartozik a befektet\u00e9si tan\u00e1csad\u00e1s, a tengerent\u00fali banki szolg\u00e1ltat\u00e1sok, a jelz\u00e1log, a <a href=\"http:\/\/scandinavia.life\/hu\/banki-szolgaltatasok-norvegiaban\/\">p\u00e9nz\u00fcgyi tan\u00e1csad\u00e1s, az alacsony kamatoz\u00e1s\u00fa hitelek<\/a> \u00e9s az eszk\u00f6zfinansz\u00edroz\u00e1s.<\/p>\n\n<p class=\"wp-block-paragraph\">A norv\u00e9giai banksz\u00e1mlanyit\u00e1s folyamata nem bonyolult. A k\u00f6vetkez\u0151 dokumentumokra van sz\u00fcks\u00e9g:<\/p>\n\n<ul class=\"wp-block-list\"><li>\u00datlev\u00e9l<\/li><li>\u00datlev\u00e9lk\u00e9p<\/li><li>Norv\u00e9g nemzeti azonos\u00edt\u00f3 sz\u00e1m (szem\u00e9lyi sz\u00e1m vagy D-sz\u00e1m)<\/li><li>Lak\u00e1sb\u00e9rleti szerz\u0151d\u00e9s vagy b\u00e9rleti szerz\u0151d\u00e9s<\/li><\/ul>\n\n<p class=\"wp-block-paragraph\">Fontos megjegyezni, hogy a Norv\u00e9gi\u00e1ba \u00e9rkez\u0151 menek\u00fclteknek D-sz\u00e1mot kell kapniuk. Ezt a fent felsorolt rend\u0151rs\u00e9gi k\u00f6rzeti hivatalokt\u00f3l kaphatj\u00e1k meg. Az ideiglenes azonos\u00edt\u00f3 sz\u00e1m a banksz\u00e1mlanyit\u00e1son k\u00edv\u00fcl m\u00e1s szolg\u00e1ltat\u00e1sokhoz is hozz\u00e1f\u00e9r\u00e9st biztos\u00edt. A biometrikus \u00fatlev\u00e9llel rendelkez\u0151 menek\u00fcltek, p\u00e9ld\u00e1ul az ukr\u00e1nok 90 napig v\u00edzummentesen tart\u00f3zkodhatnak Norv\u00e9gi\u00e1ban. Ahhoz azonban, hogy a hat\u00f3s\u00e1gok szolg\u00e1ltat\u00e1saihoz hozz\u00e1f\u00e9rjenek, regisztr\u00e1lniuk kell.<\/p>\n\n<p class=\"wp-block-paragraph\">B\u00e1rki, aki online szeretne banksz\u00e1ml\u00e1t nyitni, Norv\u00e9gi\u00e1ban el\u00e9rhet\u0151ek a szolg\u00e1ltat\u00e1sok. Mindazon\u00e1ltal el\u0151sz\u00f6r l\u00e9tre kell hoznia egy fi\u00f3kot egy hitelmin\u0151s\u00edt\u0151 c\u00e9gn\u00e9l, p\u00e9ld\u00e1ul az Experian-n\u00e1l. Seg\u00edt a feldolgoz\u00e1si \u00e9s regisztr\u00e1ci\u00f3s folyamatban. Ezenk\u00edv\u00fcl fontos a szem\u00e9lyazonoss\u00e1g ellen\u0151rz\u00e9se, ami egy postahivatal felkeres\u00e9s\u00e9vel is elv\u00e9gezhet\u0151.<\/p>\n\n<p class=\"wp-block-paragraph\">T\u00f6bb bank is l\u00e9tezik. A n\u00e9pszer\u0171ek k\u00f6z\u00e9 tartoznak azonban a k\u00f6vetkez\u0151k:<\/p>\n\n<p class=\"wp-block-paragraph\">DinBank: Bank: Ez egy j\u00f3 bank. Mindenki sz\u00e1m\u00e1ra el\u00e9rhet\u0151, bele\u00e9rtve a Norv\u00e9gi\u00e1ban \u00e9l\u0151 k\u00fclf\u00f6ldieket is, \u00e9s alacsony \u00e1rakkal, k\u00f6lcs\u00f6nz\u00e9si lehet\u0151s\u00e9gekkel \u00e9s megtakar\u00edt\u00e1sokkal rendelkezik.<\/p>\n\n<p class=\"wp-block-paragraph\">Norv\u00e9g bank: Ebben a bankban a legt\u00f6bb tranzakci\u00f3 online t\u00f6rt\u00e9nik. Emellett online lehet sz\u00e1ml\u00e1t nyitni, jelz\u00e1loghitelt ig\u00e9nyelni \u00e9s hitelt felvenni.<\/p>\n\n<p class=\"wp-block-paragraph\">Nordea: a bank v\u00e1ltozatos ATM-h\u00e1l\u00f3zattal \u00e9s \u00fcgyf\u00e9lszolg\u00e1lati chattel rendelkezik. Az egyik legjobb fogad\u00e1snak sz\u00e1m\u00edt. Emellett teljes k\u00f6r\u0171 banki term\u00e9kkel rendelkeznek v\u00e1llalkoz\u00e1sok \u00e9s mag\u00e1nszem\u00e9lyek sz\u00e1m\u00e1ra. Az alkalmaz\u00e1suk angol nyelven is el\u00e9rhet\u0151, ami j\u00f3 a menek\u00fcltek sz\u00e1m\u00e1ra.<\/p>\n\n<p class=\"wp-block-paragraph\">Skandia: kiv\u00e1l\u00f3 online platformmal rendelkezik. Ezenk\u00edv\u00fcl teljes k\u00f6r\u0171 angol nyelv\u0171 szolg\u00e1ltat\u00e1ssal \u00e9s nagy h\u00e1l\u00f3zattal rendelkezik. Lehet\u0151s\u00e9g van banki szolg\u00e1ltat\u00e1sok online lebonyol\u00edt\u00e1s\u00e1ra a bankkal.<\/p>\n\n<h2 class=\"wp-block-heading\">D sz\u00e1m<\/h2>\n\n<p class=\"wp-block-paragraph\">A D-sz\u00e1m egy ideiglenes azonos\u00edt\u00f3 sz\u00e1m, amelyet a norv\u00e9g ad\u00f3hivatalt\u00f3l kapunk. Ezt akkor adj\u00e1k meg, ha valakinek Norv\u00e9gi\u00e1ban azonos\u00edt\u00f3sz\u00e1mra van sz\u00fcks\u00e9ge, de sajnos nem felel meg a nemzeti szem\u00e9lyazonos\u00edt\u00f3 sz\u00e1m megszerz\u00e9s\u00e9nek krit\u00e9riumainak.<\/p>\n\n<p class=\"wp-block-paragraph\">Ez a sz\u00e1m az\u00e9rt fontos az ukr\u00e1nok sz\u00e1m\u00e1ra, mert sz\u00fcks\u00e9g\u00fck lesz r\u00e1, amikor mag\u00e1n- \u00e9s \u00e1llami v\u00e1llalatokn\u00e1l keresnek szolg\u00e1ltat\u00e1sokat. A D-sz\u00e1m lehet\u0151s\u00e9get ad arra, hogy banksz\u00e1ml\u00e1t nyissunk, ad\u00f3t fizess\u00fcnk, lak\u00e1st b\u00e9relj\u00fcnk, \u00e9s h\u00e1ziorvoshoz jussunk. Emellett 11 sz\u00e1mot tartalmaz. A menek\u00fcltek a D-sz\u00e1mot a fent felsorolt rend\u0151rs\u00e9gi k\u00f6rzetekben kaphatj\u00e1k meg, ha munkaid\u0151ben felh\u00edvj\u00e1k \u0151ket, ami az egyes k\u00f6rzetekt\u0151l f\u00fcgg.<\/p>\n\n<p class=\"wp-block-paragraph\">A k\u00f6vetkez\u0151 szem\u00e9lyeknek van sz\u00fcks\u00e9g\u00fck a D sz\u00e1mra<\/p>\n\n<ul class=\"wp-block-list\"><li>Egyik\u00fck banksz\u00e1ml\u00e1t nyit<\/li><li>Juttat\u00e1sok ig\u00e9nybev\u00e9tele<\/li><li>V\u00e1llalkoz\u00e1s vagy munka<\/li><li>Lak\u00f3ingatlan tulajdonosa<\/li><li>Mened\u00e9kk\u00e9r\u0151 vagy m\u00e1s \u00e9rv\u00e9nyes tart\u00f3zkod\u00e1si enged\u00e9llyel rendelkez\u0151 szem\u00e9ly<\/li><li>V\u00e1llalkoz\u00e1s igazgat\u00f3s\u00e1gi tagja<\/li><\/ul>\n\n<h2 class=\"wp-block-heading\">Lakhat\u00e1s Norv\u00e9gi\u00e1ban<\/h2>\n\n<p class=\"wp-block-paragraph\">Norv\u00e9gi\u00e1ban v\u00e1ltozatos h\u00e1zak vannak, t\u00f6bbek k\u00f6z\u00f6tt apartmanok, ikerh\u00e1zak, csal\u00e1di h\u00e1zak \u00e9s m\u00e1sok. Norv\u00e9gi\u00e1ban a lak\u00e1shoz jut\u00e1s f\u0151 m\u00f3djai k\u00f6z\u00e9 tartoznak a lak\u00e1st\u00e1rsas\u00e1gok, a lakhat\u00e1si weboldalak \u00e9s az \u00f6nkorm\u00e1nyzati lak\u00e1sok. A norv\u00e9giai h\u00e1zb\u00e9rl\u00e9sr\u0151l b\u0151vebben a <a href=\"http:\/\/scandinavia.life\/hu\/szerezzen-lakast-norvegiaban\/\">weboldalon<\/a> olvashat.<\/p>\n\n<p class=\"wp-block-paragraph\">Az al\u00e1bbiakban azokat a lak\u00e1st\u00e1rsas\u00e1gokat tal\u00e1lja, ahol b\u00e9relhet\u0151 h\u00e1zakat kereshet:<\/p>\n\n<ul class=\"wp-block-list\"><li>Nestpick<\/li><li>Rentberry<\/li><li>Lakhat\u00e1s B\u00e1rhol<\/li><li>Facebook piact\u00e9r<\/li><\/ul>\n\n<p class=\"wp-block-paragraph\">Miut\u00e1n azonos\u00edtotta a b\u00e9relhet\u0151 helyet, fontos, hogy fontol\u00f3ra vegye a kauci\u00f3t. Norv\u00e9gi\u00e1ban nagyon magas a kauci\u00f3, \u00e9s k\u00f6r\u00fclbel\u00fcl h\u00e1romhavi b\u00e9rleti d\u00edjnak felel meg. Ezen fel\u00fcl hozz\u00e1 kell adni az els\u0151 havi b\u00e9rleti d\u00edjat. Ezen t\u00falmen\u0151en a kauci\u00f3t k\u00fcl\u00f6n sz\u00e1ml\u00e1n helyezik el, amelyet a b\u00e9rl\u0151 \u00e9s a b\u00e9rbead\u00f3 sem vehet fel a b\u00e9rleti szerz\u0151d\u00e9s id\u0151tartama alatt.<\/p>\n\n<p class=\"wp-block-paragraph\">A szerz\u0151d\u00e9s nagyon fontos, amikor a b\u00e9rl\u00e9sr\u0151l d\u00f6nt. A szerz\u0151d\u00e9snek a k\u00f6vetkez\u0151ket kell tartalmaznia:<\/p>\n\n<ul class=\"wp-block-list\"><li>Bet\u00e9ti felt\u00e9telek<\/li><li>A fizetend\u0151 b\u00e9rleti d\u00edj \u00f6sszege<\/li><li>B\u00e9rbe adand\u00f3 ingatlan<\/li><li>A felek c\u00edme \u00e9s neve<\/li><\/ul>\n\n<p class=\"wp-block-paragraph\">A b\u00e9rleti szerz\u0151d\u00e9st\u0151l f\u00fcgg\u0151en a k\u00f6z\u00fczemi sz\u00e1ml\u00e1kat vagy bele lehet sz\u00e1m\u00edtani a b\u00e9rleti d\u00edjba, vagy nem. Ez\u00e9rt kritikus, hogy k\u00e9rdezzen, miel\u0151tt b\u00e1rmilyen d\u00f6nt\u00e9st hozna. Emellett a b\u00e9rl\u0151 nem mondhatja fel a b\u00e9rleti szerz\u0151d\u00e9st b\u00e1rmikor, minden ok n\u00e9lk\u00fcl. Ez\u00e9rt a kik\u00f6lt\u00f6z\u00e9s el\u0151tt h\u00e1rom h\u00f3napos felmond\u00e1si id\u0151t kell biztos\u00edtani.<\/p>\n\n<p class=\"wp-block-paragraph\">Az \u00e1tlagos b\u00e9rleti d\u00edj Norv\u00e9gi\u00e1ban els\u0151sorban att\u00f3l f\u00fcgg, hogy az illet\u0151 hol lakik. Norv\u00e9gi\u00e1ban a minim\u00e1lis lakb\u00e9r 4000 NOK, azaz k\u00f6r\u00fclbel\u00fcl 437 $ \u00e9s 45 000 NOK (4914 $) k\u00f6z\u00f6tt van havonta. Az al\u00e1bbiakban a k\u00fcl\u00f6nb\u00f6z\u0151 v\u00e1rosok \u00e1tlagos b\u00e9rleti d\u00edjait mutatjuk be:<\/p>\n\n<ul class=\"wp-block-list\"><li>Stavanger-8,100 NOK (885 USD)<ul><li>Oslo \u00e9s B\u00e6rum-11,240 NOK (1,230 USD)<\/li><\/ul><\/li><\/ul>\n\n<h2 class=\"wp-block-heading\">A fontos alkalmaz\u00e1sok Norv\u00e9gi\u00e1ban<\/h2>\n\n<p class=\"wp-block-paragraph\">Norv\u00e9gi\u00e1ban a legt\u00f6bb helyen van WIFI, ami megk\u00f6nny\u00edti a kommunik\u00e1ci\u00f3t. Ezek az alkalmaz\u00e1sok megk\u00f6nny\u00edtik a k\u00fclf\u00f6ldiek norv\u00e9giai tart\u00f3zkod\u00e1s\u00e1t.<\/p>\n\n<h3 class=\"wp-block-heading\">Nyelvi alkalmaz\u00e1s<\/h3>\n\n<p class=\"wp-block-paragraph\">Vannak k\u00fcl\u00f6nb\u00f6z\u0151 nyelvi alkalmaz\u00e1sok. A legt\u00f6bbj\u00fck azonban fizetett. Az ukrajnai h\u00e1bor\u00fa miatt a <a href=\"https:\/\/ling-app.com\/\">Ling App<\/a> ingyenes ukr\u00e1n nyelvtanfolyamot k\u00edn\u00e1l. Ez\u00e9rt, mik\u00f6zben az ukr\u00e1nok m\u00e1s nyelveket tanulnak, a vil\u00e1g is ingyenesen felfedezheti az ukr\u00e1n kult\u00far\u00e1t \u00e9s nyelvet. A Ling App ingyenes el\u00e9r\u00e9s\u00e9hez a k\u00f6vetkez\u0151kre van sz\u00fcks\u00e9g:<\/p>\n\n<ul class=\"wp-block-list\"><li>Az alkalmaz\u00e1s let\u00f6lt\u00e9se<\/li><li>Regisztr\u00e1ljon egy fi\u00f3k l\u00e9trehoz\u00e1s\u00e1val<\/li><li>Az anyanyelv be\u00e1ll\u00edt\u00e1sa ukr\u00e1nra<\/li><li>A tanulni k\u00edv\u00e1nt nyelv kiv\u00e1laszt\u00e1sa<\/li><li>A leck\u00e9k let\u00f6lt\u00e9se \u00e9s megkezd\u00e9se<\/li><\/ul>\n\n<h2 class=\"wp-block-heading\">Trail p\u00e9nzt\u00e1rca<\/h2>\n\n<p class=\"wp-block-paragraph\">A Trail Wallet egy fontos alkalmaz\u00e1s Norv\u00e9gi\u00e1ban. Ez seg\u00edt abban, hogy az ember kor\u00e1bban k\u00f6lts\u00f6n p\u00e9nzt, \u00e9s a tart\u00f3zkod\u00e1s sor\u00e1n v\u00e9gig foly\u00e9kony maradjon. Emellett az alkalmaz\u00e1s seg\u00edt az egy\u00e9nnek<a href=\"http:\/\/scandinavia.life\/hu\/5-letoltheto-alkalmazas-mielott-norvegiaba-utazna\/\">nyomon k\u00f6vetni a kiad\u00e1sait<\/a>. Az alkalmaz\u00e1s lehet\u0151s\u00e9get ad arra, hogy napi vagy ak\u00e1r havi k\u00f6lts\u00e9gvet\u00e9st \u00e1ll\u00edtson be.<\/p>\n\n<h3 class=\"wp-block-heading\">K\u00f6zleked\u00e9si \u00e9s utaz\u00e1si alkalmaz\u00e1sok<\/h3>\n\n<p class=\"wp-block-paragraph\">A Vygruppen vagy Vy egy \u00e1llami tulajdon\u00fa alkalmaz\u00e1s. Az alkalmaz\u00e1s alapvet\u0151 szerepet j\u00e1tszik a haj\u00f3val, metr\u00f3val, taxival, busszal \u00e9s vonattal t\u00f6rt\u00e9n\u0151 utaz\u00e1s megtervez\u00e9s\u00e9ben. Emellett megmutatja az egy\u00e9nnek a k\u00f6zeli v\u00e1rosi ker\u00e9kp\u00e1rokat \u00e9s robog\u00f3kat, amelyeket a nagyv\u00e1rosokban b\u00e9relhet.<\/p>\n\n<p class=\"wp-block-paragraph\">Az alkalmaz\u00e1s a legjobb megold\u00e1snak tekinthet\u0151 a jelenlegi \u00e9ghajlati kih\u00edv\u00e1sokra. Ennek oka, hogy a fogyaszt\u00f3k naponta hozz\u00e1j\u00e1rulnak a fenntarthat\u00f3 t\u00e1rsadalomhoz, amikor a k\u00f6rnyezetbar\u00e1t k\u00f6zleked\u00e9si megold\u00e1s mellett d\u00f6ntenek. Az alkalmaz\u00e1s r\u00e1ad\u00e1sul az\u00e9rt is j\u00f3, mert j\u00f3 \u00fcgyf\u00e9l\u00e9lm\u00e9nyt biztos\u00edt, az innov\u00e1ci\u00f3ban \u00e9len j\u00e1r az ipar\u00e1gban \u00e9s hat\u00e9kony.<\/p>\n\n<p class=\"wp-block-paragraph\">M\u00e1s alkalmaz\u00e1sok, mint p\u00e9ld\u00e1ul a RuterBillett App \u00e9s a SAS lehet\u0151v\u00e9 teszik a megl\u00e9v\u0151 foglal\u00e1sokra vonatkoz\u00f3 inform\u00e1ci\u00f3k ellen\u0151rz\u00e9s\u00e9t, az \u00faj foglal\u00e1sokat, az elektronikus besz\u00e1ll\u00f3k\u00e1rtya beolvas\u00e1s\u00e1t \u00e9s a bejelentkez\u00e9st. L\u00e9nyeg\u00e9ben lehet\u0151v\u00e9 teszik az egy\u00e9n sz\u00e1m\u00e1ra a jegyek megv\u00e1s\u00e1rl\u00e1s\u00e1t \u00e9s bemutat\u00e1s\u00e1t, valamint bizonyos \u00fatvonal-inform\u00e1ci\u00f3k keres\u00e9s\u00e9t.<\/p>\n\n<h3 class=\"wp-block-heading\">H\u00edrek \u00e9s id\u0151j\u00e1r\u00e1s alkalmaz\u00e1sok<\/h3>\n\n<p class=\"wp-block-paragraph\">Minden Norv\u00e9gi\u00e1ban \u00e9l\u0151 egy\u00e9n fizet az <a href=\"https:\/\/www.nrk.no\/\">NRK-\u00e9rt<\/a>. Az alkalmaz\u00e1s ingyenes, \u00e9s fontos szerepet j\u00e1tszik abban, hogy az ember l\u00e9p\u00e9st tartson a norv\u00e9g h\u00edrekkel. Alapvet\u0151en webes tartalom egy alkalmaz\u00e1sban.<\/p>\n\n<p class=\"wp-block-paragraph\">Az id\u0151j\u00e1r\u00e1s-el\u0151rejelz\u00e9shez haszn\u00e1lhatjuk a Storm \u00e9s a Yr. mindkett\u0151 ingyenes. Az alkalmaz\u00e1sok a k\u00f6vetkez\u0151 napok norv\u00e9giai id\u0151j\u00e1r\u00e1s\u00e1ra vonatkoz\u00f3 inform\u00e1ci\u00f3kat k\u00edn\u00e1lnak. B\u00e1r glob\u00e1lisan alkalmazhat\u00f3ak, el\u0151rejelz\u00e9seik Norv\u00e9gi\u00e1ban rendk\u00edv\u00fcl pontosak.<\/p>\n\n<h2 class=\"wp-block-heading\">Mobil el\u0151fizet\u00e9s Norv\u00e9gi\u00e1ban<\/h2>\n\n<p class=\"wp-block-paragraph\">Miut\u00e1n meg\u00e9rkezik a fontos, fontos, hogy legyen internet, valamint egy m\u00f3dja a csal\u00e1ddal \u00e9s a bar\u00e1tokkal val\u00f3 kommunik\u00e1ci\u00f3nak. A mobil-el\u0151fizet\u00e9sek piaca rendk\u00edv\u00fcl versenyk\u00e9pes, mivel sz\u00e1mos v\u00e1llalat k\u00edn\u00e1l cs\u00e1b\u00edt\u00f3 aj\u00e1nlatokat \u00fcgyfeleinek. A legnagyobb t\u00e1vk\u00f6zl\u00e9si v\u00e1llalat a Telenor, ezt k\u00f6veti a Telia, majd az Ice Norge \u00e9s m\u00e1sok.<\/p>\n\n<p class=\"wp-block-paragraph\">A Telenor stabil \u00e9s gyors internetet k\u00edn\u00e1l, amely lehet\u0151v\u00e9 teszi a t\u00e9v\u00e9n\u00e9z\u00e9st, a sorozatok streamel\u00e9s\u00e9t \u00e9s az otthoni munk\u00e1t. Emellett mobil-el\u0151fizet\u00e9st k\u00edn\u00e1l az egy\u00e9n \u00e9s a csal\u00e1d t\u00f6bbi tagja sz\u00e1m\u00e1ra is. V\u00e1laszthatunk fix adatcsomagot vagy havi korl\u00e1tlan adatforgalmat. A szolg\u00e1ltat\u00e1sokon k\u00edv\u00fcl mobiltelefonokat is \u00e1rul a fogyaszt\u00f3knak, \u00e9s ak\u00e1r hitelre is lehet venni.<\/p>\n\n<p class=\"wp-block-paragraph\">A Telia egy biztons\u00e1gos mobil el\u0151fizet\u00e9si szolg\u00e1ltat\u00e1s Norv\u00e9gi\u00e1ban. A Telia X el\u0151fizet\u00e9ssel p\u00e9ld\u00e1ul korl\u00e1tlan adatforgalmat, valamint automatikus biztos\u00edt\u00e1st kapunk a SIM-k\u00e1rty\u00e1val val\u00f3 vissza\u00e9l\u00e9s ellen, szem\u00e9lyazonoss\u00e1gi biztos\u00edt\u00e1st, Appkjop, szem\u00e9lyazonoss\u00e1gi biztos\u00edt\u00e1st \u00e9s Nettslettet.<\/p>\n\n<p class=\"wp-block-paragraph\">Az ukrajnai h\u00e1bor\u00fa miatt a Telia m\u00e9g azt is megk\u00f6nny\u00edtette sz\u00e1mukra, hogy otthon maradt szeretteikkel kommunik\u00e1ljanak. Annak \u00e9rdek\u00e9ben, hogy a fogyaszt\u00f3k k\u00f6nnyebben tarthass\u00e1k a kapcsolatot szeretteikkel, Ukrajn\u00e1ban nem kell fizetni az Ukrajn\u00e1ba ir\u00e1nyul\u00f3 \u00e9s az onnan ind\u00edtott h\u00edv\u00e1sok\u00e9rt. Fontos azonban megjegyezni, hogy ez a szok\u00e1sos vezet\u00e9kes \u00e9s mobilsz\u00e1mokra egyar\u00e1nt vonatkozik, de a k\u00fcl\u00f6nleges sz\u00e1mokra nem. Ugyanez vonatkozik az MMS-re \u00e9s az SMS-re is.<\/p>\n\n<p class=\"wp-block-paragraph\">Az Ice Norge mobil el\u0151fizet\u00e9seket, mobil sz\u00e9less\u00e1v\u00fa internetet \u00e9s mobiltelefonokat k\u00edn\u00e1l a fogyaszt\u00f3knak. A c\u00e9g alapvet\u0151 szerepet j\u00e1tszik az \u00faj norv\u00e9giai mobilh\u00e1l\u00f3zat ki\u00e9p\u00edt\u00e9s\u00e9ben, mivel t\u00f6bb adatot k\u00edn\u00e1l a fogyaszt\u00f3knak, de alacsony \u00e1ron. A c\u00e9g 2020-ban a legjobb \u00fcgyf\u00e9lszolg\u00e1lat \u00e9s 2021-ben a legjobb \u00fcgyf\u00e9lk\u00f6zpont d\u00edj\u00e1t nyerte el.<\/p>\n\n<p class=\"wp-block-paragraph\">Norv\u00e9gi\u00e1ban f\u0151k\u00e9nt <a href=\"http:\/\/scandinavia.life\/hu\/mobil-elofizetes-norvegiaban\/\">k\u00e9tf\u00e9le mobiltelefon-csomag<\/a>l\u00e9tezik. Fontos, hogy a k\u00e9nyelmet \u00e9s a k\u00f6lts\u00e9geket figyelembe v\u00e9ve v\u00e1lasszuk ki a legjobb tervet. Az orsz\u00e1gban a k\u00e9t legfontosabb mobilszolg\u00e1ltat\u00e1si terv az Abonnement (szerz\u0151d\u00e9ses) \u00e9s a Kontantkort (el\u0151fizet\u00e9ses). Aki r\u00f6vid v\u00edzummal rendelkezik, annak \u00e9rdemes a pay as you go-t v\u00e1lasztania, mivel csak n\u00e9h\u00e1ny dokumentumra van sz\u00fcks\u00e9g. Azonban azok, akik hosszabb ideig (t\u00f6bb mint 90 napig) szeretn\u00e9nek maradni, a szerz\u0151d\u00e9ses csomagot kell v\u00e1lasztaniuk.<\/p>\n\n<p class=\"wp-block-paragraph\">A mobil el\u0151fizet\u00e9s megszerz\u00e9s\u00e9hez a f\u0151 k\u00f6vetelm\u00e9ny a norv\u00e9g szem\u00e9lyes regisztr\u00e1ci\u00f3 (D-sz\u00e1m). Ezt a szerz\u0151d\u00e9s nyilv\u00e1ntart\u00e1sba v\u00e9telekor haszn\u00e1lj\u00e1k. A sz\u00e1mnak teh\u00e1t ellen\u0151rizhet\u0151nek \u00e9s \u00e9rv\u00e9nyesnek kell lennie.<\/p>\n\n<h2 class=\"wp-block-heading\">Tanulm\u00e1nyok Norv\u00e9gi\u00e1ban<\/h2>\n\n<p class=\"wp-block-paragraph\">Norv\u00e9gi\u00e1ban az egyik legjobb a magas tudom\u00e1nyos sz\u00ednvonal, az oktat\u00f3k \u00e9s a di\u00e1kok k\u00f6z\u00f6tti inform\u00e1lis kapcsolat, valamint az innovat\u00edv oktat\u00e1si m\u00f3dszerek. A nemzetk\u00f6zi di\u00e1koknak, k\u00f6zt\u00fck az ukr\u00e1noknak is, minden okuk megvan arra, hogy Norv\u00e9gi\u00e1ban tanuljanak, mivel ez egy technol\u00f3giailag fejlett, b\u00e9k\u00e9s \u00e9s biztons\u00e1gos t\u00e1rsadalom.<\/p>\n\n<p class=\"wp-block-paragraph\">Ha valaki Norv\u00e9gi\u00e1ban szerez diplom\u00e1t, azt az int\u00e9zm\u00e9nyek k\u00f6z\u00f6tti csereegyezm\u00e9nyeken vagy programokon kereszt\u00fcl teheti meg. Az is el\u0151fordulhat, hogy valaki csak \u00fagy elj\u00f6n Norv\u00e9gi\u00e1ba, \u00e9s a teljes mesterk\u00e9pz\u00e9st vagy alapk\u00e9pz\u00e9st elv\u00e9gzi. A norv\u00e9giai diplom\u00e1ra a <a href=\"http:\/\/studyinnorway.no\/\">studyinnorway.no<\/a> oldalon lehet jelentkezni.<\/p>\n\n<p class=\"wp-block-paragraph\">A jelenlegi ukrajnai h\u00e1bor\u00fa miatt a feh\u00e9rorosz, orosz \u00e9s ukr\u00e1n di\u00e1kok, akik nem tudnak hozz\u00e1f\u00e9rni a banksz\u00e1ml\u00e1jukhoz, \u00f6szt\u00f6nd\u00edjat kapnak. Az \u00f6szt\u00f6nd\u00edj fontos szerepet j\u00e1tszik majd abban, hogy seg\u00edtse ezeket a di\u00e1kokat karrierj\u00fck folytat\u00e1s\u00e1ban. Minden t\u00e1mogat\u00e1sra jogosult hallgat\u00f3 havonta k\u00f6r\u00fclbel\u00fcl 1191 eur\u00f3t kap, mivel a doktoranduszok 2175 eur\u00f3t kapnak. A program m\u00e1rciust\u00f3l augusztusig lesz el\u00e9rhet\u0151, \u00e9s a j\u00f6v\u0151ben lehet\u0151s\u00e9g van a meghosszabb\u00edt\u00e1sra.<\/p>\n\n<p class=\"wp-block-paragraph\">A miniszter szerint &#8222;sok ukr\u00e1n di\u00e1k Norv\u00e9gi\u00e1ban most nagyon neh\u00e9z id\u0151szakon megy kereszt\u00fcl, mind ment\u00e1lisan, mind anyagilag. Ezenk\u00edv\u00fcl fontos sz\u00e1munkra, hogy az orosz \u00e9s feh\u00e9rorosz di\u00e1kok is r\u00e9szt vegyenek ebben a programban. <a href=\"https:\/\/www.schengenvisainfo.com\/news\/norway-provides-financial-support-to-ukrainian-russian-belarus-students\/\">Ezek a di\u00e1kok ugyanolyan \u00e1rtatlanok a kialakult h\u00e1bor\u00faban, mint te \u00e9s \u00e9n<\/a>&#8222;. A miniszter \u00fagy v\u00e9li, hogy igazs\u00e1gtalan lenne a hallgat\u00f3kkal szemben, ha abbahagyn\u00e1k tanulm\u00e1nyaikat, mivel jelenleg anyagi neh\u00e9zs\u00e9gekkel k\u00fczdenek.<\/p>\n\n<p class=\"wp-block-paragraph\">A norv\u00e9giai csereprogramban r\u00e9szt vev\u0151 hallgat\u00f3k tov\u00e1bb\u00e1 ideiglenes tart\u00f3zkod\u00e1si enged\u00e9lyt kapnak, am\u00edg tanulm\u00e1nyaikat folytatj\u00e1k. Az egy\u00e9b k\u00e9rd\u00e9sek k\u00f6z\u00e9 tartoznak a lakhat\u00e1s, a nyelvi k\u00f6vetelm\u00e9nyek, a finansz\u00edroz\u00e1s, az oktat\u00e1s el\u0151tti dokument\u00e1ci\u00f3, a felv\u00e9teli k\u00f6vetelm\u00e9nyek \u00e9s a jelentkez\u00e9si hat\u00e1rid\u0151k.<\/p>\n\n<p class=\"wp-block-paragraph\">Az ukr\u00e1nok Norv\u00e9gi\u00e1ban tanulhatnak angol nyelv\u0171 programokat. A fels\u0151oktat\u00e1si jelentkez\u00e9si hat\u00e1rid\u0151 \u00e1prilis <sup>15<\/sup>. Az olyan int\u00e9zm\u00e9nyek, mint a Bergeni Egyetem rektora, Margareth Hagen, nagy \u00e9rdekl\u0151d\u00e9ssel ny\u00fajtanak seg\u00edts\u00e9get. M\u00edg az ukr\u00e1nok nem mehetnek haza, addig a Norv\u00e9gi\u00e1ban \u00e9l\u0151 orosz di\u00e1kok a szankci\u00f3k miatt elvesz\u00edthetik a hozz\u00e1f\u00e9r\u00e9st az otthoni banksz\u00e1ml\u00e1ikhoz. Ez azt jelenti, hogy mindkett\u0151j\u00fcknek seg\u00edts\u00e9gre van sz\u00fcks\u00e9ge.<\/p>\n\n<h3 class=\"wp-block-heading\">  Egyetemek Norv\u00e9gi\u00e1ban, amelyek Master of Ukraine Studies kurzust k\u00edn\u00e1lnak<\/h3>\n\n<ul class=\"wp-block-list\"><li>Bergeni Egyetem<\/li><li>Osl\u00f3i Egyetem<\/li><li>NLA University College<\/li><li>Nord University<\/li><li>Norv\u00e9g Tudom\u00e1nyos \u00e9s Technol\u00f3giai Egyetem<\/li><li>Bergeni Egyetem rektora Margareth Hagen<\/li><\/ul>\n\n<p class=\"wp-block-paragraph\">Alapvet\u0151en a norv\u00e9giai egyetemi napt\u00e1r <a href=\"http:\/\/scandinavia.life\/hu\/norvegiaban-tanul\/#more-3522\">minden \u00e9vben augusztust\u00f3l kezd\u0151dik<\/a>. Bizonyos esetekben azonban v\u00e1ltoztat\u00e1sokat lehet eszk\u00f6z\u00f6lni. A sikeres jelentkez\u00e9shez olyan programot kell v\u00e1lasztani, amely megfelel a kor\u00e1bbi v\u00e9gzetts\u00e9gnek. Ez megk\u00f6nny\u00edti a test\u00fclet sz\u00e1m\u00e1ra, hogy elfogadja a k\u00e9relmet, ahelyett, hogy a jelenlegi \u00e9s a kor\u00e1bbi k\u00e9pz\u00e9sek \u00f6sszevet\u00e9s\u00e9vel k\u00fcszk\u00f6dne, mivel az elutas\u00edt\u00e1s a felv\u00e9tel \u00e9rv\u00e9nytelen\u00edt\u00e9s\u00e9t eredm\u00e9nyezheti. Di\u00e1kk\u00e9nt Norv\u00e9gi\u00e1ban \u00e9lni nagyon k\u00f6lts\u00e9ges. Ez\u00e9rt az embernek megfelel\u0151en kell k\u00f6ltenie.<\/p>\n\n<p class=\"wp-block-paragraph\">A norv\u00e9g \u00f6nkorm\u00e1nyzatok arra sz\u00e1m\u00edtottak, hogy a h\u00e1bor\u00fa miatt jelenleg t\u00f6bb ukr\u00e1n \u00e9rkezik a nemzetbe. Az ukr\u00e1n gyermekek eset\u00e9ben a norv\u00e9g korm\u00e1ny beleegyezett, hogy regisztr\u00e1ci\u00f3 n\u00e9lk\u00fcl is megkapj\u00e1k az iskolai ell\u00e1t\u00e1st. Ennek oka, hogy a gyermekeknek joguk van az als\u00f3 k\u00f6z\u00e9pfok\u00fa \u00e9s \u00e1ltal\u00e1nos iskolai oktat\u00e1shoz, ha t\u00f6bb mint 3 h\u00f3napig Norv\u00e9gi\u00e1ban tart\u00f3zkodnak.<\/p>\n\n<p class=\"wp-block-paragraph\">Egy olyan helyen, mint Bergen, m\u00e1r l\u00e9trehoztak egy iskol\u00e1t ukr\u00e1n gyerekek sz\u00e1m\u00e1ra. Az \u00f6nkorm\u00e1nyzat nagym\u00e9rt\u00e9kben dolgozik azon, hogy a gyerekek a lehet\u0151 legjobb m\u00f3don fussanak. Emellett fontos, hogy a gyerekek valamilyen form\u00e1ban oktat\u00e1sban r\u00e9szes\u00fcljenek, hogy ne \u00e9rezz\u00e9k magukat kirekesztve t\u00e1rsaikt\u00f3l szerte a vil\u00e1gon. M\u00e9g a mag\u00e1nlakc\u00edmeken \u00e9l\u0151 gyerekek is a helyi iskol\u00e1kba j\u00e1rnak.<\/p>\n\n<h2 class=\"wp-block-heading\">V\u00e1s\u00e1rl\u00e1s Norv\u00e9gi\u00e1ban<\/h2>\n\n<p class=\"wp-block-paragraph\">A valuta az egyik legfontosabb dolog, amit v\u00e1s\u00e1rl\u00e1s el\u0151tt figyelembe kell venni. Norv\u00e9gia nem haszn\u00e1lja az eur\u00f3t, hivatalos p\u00e9nzneme a norv\u00e9g korona (NOK). 1 norv\u00e9g korona 3,37 ukr\u00e1n hrivny\u00e1nak felel meg, \u00e9s k\u00f6nnyen haszn\u00e1lhatjuk a Google valutav\u00e1lt\u00f3t. A legt\u00f6bb norv\u00e9giai \u00fczletben az \u00e1rc\u00e9dul\u00e1k NOK-ban vannak felt\u00fcntetve, ez\u00e9rt fontos, hogy \u00e1tv\u00e1ltjuk az \u00e1rakat, \u00e9s tudjuk, mennyit k\u00f6lt\u00fcnk b\u00e1rmire.<\/p>\n\n<p class=\"wp-block-paragraph\">A legt\u00f6bb norv\u00e9giai bev\u00e1s\u00e1rl\u00f3k\u00f6zpont reggel 9-t\u0151l este 8-ig tart nyitva. Szombatonk\u00e9nt azonban a szok\u00e1sos id\u0151pont el\u0151tt egy \u00f3r\u00e1val bez\u00e1rhatnak. Emellett a legt\u00f6bb bev\u00e1s\u00e1rl\u00f3k\u00f6zpont annyira <a href=\"http:\/\/scandinavia.life\/hu\/vasarlas-norvegiaban\/\">csal\u00e1dbar\u00e1t<\/a>. Ez azt jelenti, hogy van gyerekr\u00e9szleg, gyerekj\u00e1t\u00e9k-\u00e1llom\u00e1sok \u00e9s gyerekbolt, valamint egy hely, ahol enni \u00e9s sz\u00f3rakozni is lehet.<\/p>\n\n<p class=\"wp-block-paragraph\">Norv\u00e9gi\u00e1ban az \u00fczletek nagy r\u00e9sze elfogadja a hitelk\u00e1rty\u00e1s fizet\u00e9st. Ezek az \u00fczletek a legjobbak a n\u0151i, f\u00e9rfi \u00e9s gyermek divatruh\u00e1zat beszerz\u00e9s\u00e9re is.<\/p>\n\n<p class=\"wp-block-paragraph\">Ami a norv\u00e9giai szupermarketeket illeti, \u00fagy tartj\u00e1k, hogy itt a legdr\u00e1g\u00e1bbak az \u00e9lelmiszerek. Ez\u00e9rt az \u00e9lelmiszereket dr\u00e1g\u00e1nak fogja \u00e9rezni, \u00e9s ez az oka annak, hogy k\u00fcl\u00f6nb\u00f6z\u0151 szupermarketek alkalmaz\u00e1sai vannak, \u00e9s \u00f6ssze lehet hasonl\u00edtani az \u00e1rakat. A szupermarketek keres\u00e9s\u00e9nek legjobb m\u00f3dja a google maps \u00e9s a &#8222;szupermarketek a k\u00f6zelemben&#8221; keres\u00e9s.<\/p>\n\n<p class=\"wp-block-paragraph\">A legn\u00e9pszer\u0171bb \u00e1ruh\u00e1zl\u00e1nc Norv\u00e9gi\u00e1ban a Rema 1000. Rendszeres fogyaszt\u00f3k\u00e9nt fontos, hogy let\u00f6ltse a v\u00e1llalat alkalmaz\u00e1s\u00e1t. Ennek oka, hogy a tagok \u00e1ltal\u00e1ban 10% kedvezm\u00e9nyt kapnak minden gy\u00fcm\u00f6lcsre, z\u00f6lds\u00e9gre, valamint a gyakran v\u00e1s\u00e1rolt term\u00e9kekre. A Rema 1000 mellett a t\u00f6bbi n\u00e9pszer\u0171 t\u00e1rol\u00f3 a Joker, a Bunnpris, a Kiwi, a Coop \u00e9s a Meny.<\/p>\n\n<p class=\"wp-block-paragraph\">Norv\u00e9gi\u00e1ban a k\u00f6vetkez\u0151 helyeken lehet v\u00e1s\u00e1rolni:<\/p>\n\n<ul class=\"wp-block-list\"><li>Stavanger Storsenter<\/li><li>Lagunen Storsenter<\/li><li>Karl Johans Gate bev\u00e1s\u00e1rl\u00f3\u00f6vezet<\/li><li>Aker Brygge<\/li><li>Oslo City bev\u00e1s\u00e1rl\u00f3k\u00f6zpont<\/li><li>R\u00e9gi piac<\/li><li>Villvin piac<\/li><li>Viking piac<\/li><li>Mez\u0151gazdas\u00e1gi piac<\/li><li>Roros kar\u00e1csonyi v\u00e1s\u00e1r<\/li><\/ul>\n\n<p class=\"wp-block-paragraph\">Norv\u00e9gi\u00e1ban a mobilfizet\u00e9sen kereszt\u00fcl t\u00f6rt\u00e9n\u0151 p\u00e9nzkifizet\u00e9sek ter\u00e9n elmozdul\u00e1s tapasztalhat\u00f3. A f\u0151 mobilfizet\u00e9si m\u00f3d a <a href=\"https:\/\/vipps.no\/\">Vipps<\/a>. Az alkalmaz\u00e1st k\u00fcl\u00f6nb\u00f6z\u0151 dolgok elv\u00e9gz\u00e9s\u00e9re haszn\u00e1lj\u00e1k, t\u00f6bbek k\u00f6z\u00f6tt \u00e9lelmiszerv\u00e1s\u00e1rl\u00e1sra, sz\u00e1ml\u00e1k kifizet\u00e9s\u00e9re, j\u00f3t\u00e9konys\u00e1gi c\u00e9lokra t\u00f6rt\u00e9n\u0151 adom\u00e1nyoz\u00e1sra \u00e9s az \u00e1ruk \u00e1r\u00e1nak megoszt\u00e1s\u00e1ra a bar\u00e1tokkal.<\/p>\n\n<h2 class=\"wp-block-heading\">\u00c1ll\u00e1skeres\u00e9s Norv\u00e9gi\u00e1ban<\/h2>\n\n<p class=\"wp-block-paragraph\">Miut\u00e1n mened\u00e9ket kapt\u00e1l, itt az ideje, hogy munk\u00e1t tal\u00e1lj. A norv\u00e9g piacon nagyon k\u00e9pzett emberek dolgoznak. Norv\u00e9gi\u00e1ban munk\u00e1t tal\u00e1lni nem k\u00f6nny\u0171. Az embernek tudnia kell norv\u00e9gul, de n\u00e9h\u00e1ny v\u00e1llalatn\u00e1l vannak angol nyelv\u0171 \u00e1ll\u00e1sok.<\/p>\n\n<p class=\"wp-block-paragraph\">Amikor Norv\u00e9gi\u00e1ban pr\u00f3b\u00e1l munk\u00e1t tal\u00e1lni, fontos, hogy az adott helyhez kapcsol\u00f3d\u00f3 lehet\u0151s\u00e9geket keresse meg. Az embernek ismernie kell az adott helyen el\u00e9rhet\u0151 fizet\u00e9seket \u00e9s a legjobb munk\u00e1ltat\u00f3kat is, miel\u0151tt belev\u00e1gna. A norv\u00e9giai \u00e1ll\u00e1sok egy r\u00e9sz\u00e9t \u00e1ltal\u00e1ban sz\u00e1jhagyom\u00e1ny \u00fatj\u00e1n osztj\u00e1k meg.<\/p>\n\n<p class=\"wp-block-paragraph\">Az angol mint els\u0151 nyelv Norv\u00e9gi\u00e1ban hasznos, de nem ny\u00fajt t\u00f6bb el\u0151nyt. Ez\u00e9rt fontos, hogy valaki j\u00f3l tudjon norv\u00e9gul sz\u00f3ban \u00e9s \u00edr\u00e1sban. Ez\u00e1ltal t\u00f6bb munkalehet\u0151s\u00e9ghez juthatunk hozz\u00e1.<\/p>\n\n<p class=\"wp-block-paragraph\">A legjobb helyek, ahol a k\u00fclf\u00f6ldiek munk\u00e1t kaphatnak Norv\u00e9gi\u00e1ban:<\/p>\n\n<ul class=\"wp-block-list\"><li><a href=\"http:\/\/m.finn.no\/job\/fulltime\/search.html\">Finn.no<\/a>: ez a legjobb hely, ahol leg\u00e1lis \u00e1ll\u00e1sokat tal\u00e1lhatsz Norv\u00e9gi\u00e1ban<\/li><li><a href=\"https:\/\/www.jobbnorge.no\/\">Jobbnorge<\/a>: Az oldal f\u0151k\u00e9nt norv\u00e9g nyelv\u0171 \u00e1ll\u00e1shirdet\u00e9seket k\u00edn\u00e1l.<\/li><li><a href=\"http:\/\/www.jobsinoslo.com\/\">\u00c1ll\u00e1saj\u00e1nlatok Oslo<\/a>: az oldal f\u0151k\u00e9nt osl\u00f3i \u00e1ll\u00e1sokat k\u00edn\u00e1l.<\/li><li><a href=\"https:\/\/www.jobbdirekte.no\/\">Jobb Direkte<\/a>: Jobbkte: Amikor m\u00e1r nincs m\u00e1s lehet\u0151s\u00e9g az \u00e1ll\u00e1skeres\u00e9sre, akkor ez egy j\u00f3 hely az \u00e1ll\u00e1skeres\u00e9sre.<\/li><li>TheLocal.no: az oldal az angol nyelv\u0171 \u00e1ll\u00e1sok specialist\u00e1ja.<\/li><li><a href=\"http:\/\/www.careerjet.no\/\">Career Jet<\/a>: b\u00e1r norv\u00e9g nyelven van, ez egy j\u00f3 hely, ahov\u00e1 az ember felt\u00f6ltheti \u00f6n\u00e9letrajz\u00e1t, mik\u00f6zben k\u00fcl\u00f6nb\u00f6z\u0151 \u00e1ll\u00e1sokat keres.<\/li><li><a href=\"https:\/\/www.linkedin.com\/\">LinkedIn<\/a>: Az alkalmaz\u00e1son kereszt\u00fcl ki\u00e9p\u00edtheti h\u00e1l\u00f3zat\u00e1t, \u00e9s \u00e1ll\u00e1slehet\u0151s\u00e9geket kereshet Norv\u00e9gi\u00e1ban.<\/li><li><a href=\"https:\/\/www.learn4good.com\/jobs\/language\/english\/list\/country\/norway\/\">Learn4Good<\/a>: Egy is kap munk\u00e1t ezen az oldalon<\/li><\/ul>\n\n<p class=\"wp-block-paragraph\">A legjobb tippek a norv\u00e9giai \u00e1ll\u00e1sszerz\u00e9shez az, hogy \u00edrjon egy <a href=\"http:\/\/scandinavia.life\/hu\/allasszerzes-norvegiaban\/\">mag\u00e1val ragad\u00f3 \u00f6n\u00e9letrajzot<\/a>, amely felsorolja a k\u00e9pess\u00e9geit. Ha norv\u00e9g nyelven meghirdetett \u00e1ll\u00e1sokra p\u00e1ly\u00e1zik, az \u00f6n\u00e9letrajzot le kell ford\u00edtani norv\u00e9g nyelvre. Az \u00f6n\u00e9letrajznak fontos inform\u00e1ci\u00f3kat kell tartalmaznia a kor\u00e1bbi munkahelyekr\u0151l. Emellett nagyon magabiztosnak kell lenni az alkalmaz\u00e1ssal kapcsolatban, mik\u00f6zben kreat\u00edvnak kell lenni az alkalmaz\u00e1s elk\u00e9sz\u00edt\u00e9se sor\u00e1n. V\u00e9g\u00fcl, de nem utols\u00f3sorban j\u00f3, ha van n\u00e9mi inform\u00e1ci\u00f3 a norv\u00e9g munkaer\u0151piacr\u00f3l.<\/p>\n\n<p class=\"wp-block-paragraph\">A norv\u00e9giai munkav\u00e1llal\u00e1s kih\u00edv\u00e1sai<\/p>\n\n<ul class=\"wp-block-list\"><li>K\u00fclf\u00f6ldi n\u00e9v<\/li><li>Nepotizmus, mivel egyes munkahelyek nem nyilv\u00e1nosak<\/li><li>Nem megfelel\u0151 h\u00e1l\u00f3zat Norv\u00e9gi\u00e1ban<\/li><li>Nem norv\u00e9g egyetemen szerzett diploma<\/li><li>A nyelvi akad\u00e1ly, a norv\u00e9g nyelv nem \u00e9rt\u00e9se<\/li><li>A norv\u00e9g kultur\u00e1lis jelz\u00e9sek nem megfelel\u0151 ismerete<\/li><\/ul>\n\n<h2 class=\"wp-block-heading\">Hitelk\u00e1rtya Norv\u00e9gia<\/h2>\n\n<p class=\"wp-block-paragraph\">A norv\u00e9g \u00fczletek nagym\u00e9rt\u00e9kben elfogadj\u00e1k a hitel- \u00e9s bankk\u00e1rty\u00e1kat. A Norv\u00e9gi\u00e1ban ki\u00e1ll\u00edtott BankID megszerz\u00e9s\u00e9hez 15 \u00e9vn\u00e9l id\u0151sebbnek kell lenni. Ahhoz, hogy valaki hitelk\u00e1rty\u00e1t ig\u00e9nyelhessen, <a href=\"http:\/\/scandinavia.life\/hu\/hitelkartya-norvegia\/\">t\u00f6bb mint egy<\/a> \u00e9ve Norv\u00e9gi\u00e1ban kell \u00e9lnie. Ezenk\u00edv\u00fcl rendelkeznie kell egy norv\u00e9g banksz\u00e1ml\u00e1val, ahonnan a j\u00f6vedelme sz\u00e1rmazik.<\/p>\n\n<p class=\"wp-block-paragraph\">Az 1 \u00e9ves tart\u00f3zkod\u00e1s k\u00f6vetelm\u00e9ny\u00e9n k\u00edv\u00fcl a hitelkibocs\u00e1t\u00f3t\u00f3l f\u00fcgg\u0151 minimumk\u00f6vetelm\u00e9nynek is meg kell felelni. Az egy\u00e9b k\u00f6vetelm\u00e9nyek k\u00f6z\u00e9 tartozik a hitelk\u00e9pess\u00e9g \u00e9s a teljes munkaid\u0151s foglalkoztat\u00e1s igazol\u00e1sa. Tov\u00e1bb\u00e1, gyakran kell fizetni az \u00f6sszes sz\u00e1ml\u00e1t id\u0151ben.<\/p>\n\n<p class=\"wp-block-paragraph\">A hitelk\u00e1rtya ig\u00e9nyl\u00e9se \u00e1ltal\u00e1ban egyszer\u0171, \u00e9s online is elv\u00e9gezhet\u0151. A k\u00e9relmez\u0151 24 \u00f3r\u00e1n bel\u00fcl v\u00e1laszt kaphat. R\u00e1ad\u00e1sul v\u00e1ltozatos aj\u00e1nlatok \u00e1llnak rendelkez\u00e9sre, \u00e9s a d\u00f6nt\u00e9s meghozatala el\u0151tt \u00f6sszehasonl\u00edt\u00e1st is v\u00e9gezhet\u00fcnk.<\/p>\n\n<p class=\"wp-block-paragraph\">Ahhoz, hogy b\u00e1rki hitelk\u00e1rty\u00e1t kaphasson Norv\u00e9gi\u00e1ban, k\u00fcl\u00f6nb\u00f6z\u0151 k\u00f6vetelm\u00e9nyek vonatkoznak. Ezek a k\u00f6vetelm\u00e9nyek t\u00f6bbek k\u00f6z\u00f6tt a k\u00f6vetkez\u0151k:<\/p>\n\n<ul class=\"wp-block-list\"><li>Legal\u00e1bb 18 \u00e9vesnek kell lennie<\/li><li>Pozit\u00edv hitelt\u00f6rt\u00e9net<\/li><li>Akt\u00edv c\u00edm Norv\u00e9gi\u00e1ban<\/li><li>T\u00f6bb mint 1 \u00e9ve norv\u00e9giai lakos<\/li><li>Rendszeres j\u00f6vedelemmel rendelkezik<\/li><\/ul>\n\n<p class=\"wp-block-paragraph\">A k\u00f6vetkez\u0151 f\u0151bb hitelint\u00e9zeteket tal\u00e1lja Norv\u00e9gi\u00e1ban<\/p>\n\n<ul class=\"wp-block-list\"><li>Bank Norwegian AS<\/li><li>Santander Flexi Visa<\/li><li>Santander Red<\/li><li>re: tag Black<\/li><li>Ingyenes v\u00edzum<\/li><li>re: tag Gold<\/li><li>TF Bank Mastercard<\/li><li>Teljes Bank Mastercard<\/li><li>Ikano v\u00edzum<\/li><li>Arany er\u0151forr\u00e1s<\/li><\/ul>\n\n<h2 class=\"wp-block-heading\">Hitelfelv\u00e9tel Norv\u00e9gi\u00e1ban<\/h2>\n\n<p class=\"wp-block-paragraph\">Norv\u00e9gi\u00e1ban k\u00fcl\u00f6nb\u00f6z\u0151 m\u00f3don lehet hitelhez jutni, \u00e9s az egyik ilyen lehet\u0151s\u00e9g a bankok. A t\u00e1mogat\u00e1s \u00f6sszege 25 000 NOK \u00e9s 600 000 NOK k\u00f6z\u00f6tt lehet. A hitelfelv\u00e9tel el\u0151tt figyelembe vett t\u00e9nyez\u0151k k\u00f6z\u00e9 tartozik a hitelk\u00e9pess\u00e9g, a 23 \u00e9vn\u00e9l id\u0151sebb kor \u00e9s a sz\u00fcks\u00e9glet. Emellett a fogyaszt\u00f3i hitelk\u00f6lts\u00e9gek kamatai 7,4% \u00e9s 33,3% k\u00f6z\u00f6tt mozognak. A fogyaszt\u00f3i hitelk\u00f6lts\u00e9gekn\u00e9l figyelembe vett t\u00e9nyez\u0151k az aktu\u00e1lis banki aj\u00e1nlatok, a hitelt\u00f6rt\u00e9net \u00e9s az \u00f6sszeg.<\/p>\n\n<p class=\"wp-block-paragraph\">A hitelek t\u00f6rleszt\u0151r\u00e9szletei az ig\u00e9nyekt\u0151l f\u00fcgg\u0151en v\u00e1ltoznak. A maxim\u00e1lis id\u0151tartam azonban 5 \u00e9v. A bankoknak \u00e1ltal\u00e1ban nincs sz\u00fcks\u00e9g\u00fck biztos\u00edt\u00e9kra. Ennek oka, hogy a hitelfelv\u00e9tel el\u0151tt els\u0151sorban az egy\u00e9n hitelk\u00e9pess\u00e9g\u00e9t\u0151l f\u00fcggnek. A hitelfelv\u00e9tel sor\u00e1n a k\u00f6vetkez\u0151 l\u00e9p\u00e9seket kell k\u00f6vetni:<\/p>\n\n<ul class=\"wp-block-list\"><li>A k\u00e9relmek el\u0151k\u00e9sz\u00edt\u00e9se \u00e9s elk\u00fcld\u00e9se<\/li><li>A legjobb aj\u00e1nlat kiv\u00e1laszt\u00e1sa, valamint a bankkal val\u00f3 szerz\u0151d\u00e9sk\u00f6t\u00e9s a Bank ID seg\u00edts\u00e9g\u00e9vel<\/li><li>A k\u00f6lcs\u00f6nb\u0151l sz\u00e1rmaz\u00f3 p\u00e9nzeszk\u00f6z\u00f6k megjelennek a sz\u00e1ml\u00e1n<\/li><\/ul>\n\n<p class=\"wp-block-paragraph\">A bankok, ahol hitelt lehet felvenni: Bank Norwegian, Re:member, Bluestep, Nordea Direct, Resurs Bank, IKANO Bank \u00e9s mybank.<\/p>\n\n<h2 class=\"wp-block-heading\">A norv\u00e9g bev\u00e1ndorl\u00e1si hivatal \u00e9s a menek\u00fclteket fogad\u00f3 sz\u00e1llod\u00e1k elfogadnak-e aj\u00e1nd\u00e9kokat?<\/h2>\n\n<p class=\"wp-block-paragraph\">A norv\u00e9g bev\u00e1ndorl\u00e1si hivatal, az \u00f6nkorm\u00e1nyzatok \u00e9s a menek\u00fclteket fogad\u00f3 sz\u00e1llod\u00e1k nem fogadnak el semmilyen aj\u00e1nd\u00e9kot sz\u00e1mukra. Ha b\u00e1rkinek seg\u00edteni kell nekik, azt a k\u00f6vetkez\u0151 szervezeteken kereszt\u00fcl teheti meg:<\/p>\n\n<h3 class=\"wp-block-heading\">UNICEF<\/h3>\n\n<p class=\"wp-block-paragraph\">Az UNICEF k\u00fcl\u00f6nb\u00f6z\u0151 m\u00f3don igyekszik seg\u00edteni a menek\u00fclt gyermekeket. Ezek k\u00f6z\u00e9 tartozik az eg\u00e9szs\u00e9g\u00fcgyi ell\u00e1t\u00e1s \u00e9s v\u00e9delem, az oktat\u00e1s \u00e9s az orvosi ell\u00e1t\u00e1s, valamint a biztons\u00e1gos v\u00edzell\u00e1t\u00e1s sz\u00fcks\u00e9gleteinek kiel\u00e9g\u00edt\u00e9se. Emellett pszichol\u00f3giai ell\u00e1t\u00e1st is ny\u00fajt a gyermekeknek, mik\u00f6zben tov\u00e1bbra is foglalkozik a Covid-19 k\u00e9rd\u00e9s\u00e9vel. Az adom\u00e1nyokat a c\u00e9g <a href=\"https:\/\/www.unicef.no\/stott\/privat\/nod\/ukraina\">honlapj\u00e1n<\/a> lehet leadni.<\/p>\n\n<p class=\"wp-block-paragraph\">NRC (Norv\u00e9g Menek\u00fclt\u00fcgyi Tan\u00e1cs)<strong><\/strong><\/p>\n\n<p class=\"wp-block-paragraph\">A Norv\u00e9g Menek\u00fclt\u00fcgyi Tan\u00e1cs vil\u00e1gszerte seg\u00edt a menek\u00fclteknek. Az adom\u00e1nyokat az <a href=\"https:\/\/www.nrc.no\/\">NRC-n<\/a> kereszt\u00fcl juttatj\u00e1k el. \u00c1ltal\u00e1ban a menek\u00fcl\u00e9sre k\u00e9nyszer\u00fclt szem\u00e9lyeknek seg\u00edt. Azokat az embereket is \u00e9rinti a kitelep\u00edt\u00e9s<\/p>\n\n<h3 class=\"wp-block-heading\"><strong>Orvosok Hat\u00e1rok N\u00e9lk\u00fcl<\/strong><\/h3>\n\n<p class=\"wp-block-paragraph\">A jelenlegi koronav\u00edrusos megbeteged\u00e9sek \u00e9s m\u00e1s betegs\u00e9gek miatt a menek\u00fcltek orvosi seg\u00edts\u00e9gre szorulhatnak, mik\u00f6zben v\u00e9delmet keresnek. Ez\u00e9rt az Orvosok Hat\u00e1rok N\u00e9lk\u00fcl, m\u00e1s n\u00e9ven Leger Uten Grenser vagy Medecins Sans Frontieres a menek\u00fcltek\u00e9rt tev\u00e9kenykedik. Az adom\u00e1nyokat a <a href=\"https:\/\/www.legerutengrenser.no\/stott-oss\/gi-na\">weboldalukon<\/a> kereszt\u00fcl lehet beny\u00fajtani.<\/p>\n\n<h3 class=\"wp-block-heading\">A V\u00f6r\u00f6skereszt<\/h3>\n\n<p class=\"wp-block-paragraph\">A V\u00f6r\u00f6skereszt \u00e9vek \u00f3ta ny\u00fajtja szolg\u00e1ltat\u00e1sait a menek\u00fclteknek. Azon dolgoznak, hogy a lakosok a csal\u00e1dok sz\u00e1m\u00e1ra tiszt\u00e1lkod\u00e1si szereket, els\u0151seg\u00e9lyt, tiszta vizet \u00e9s \u00e9lelmiszert biztos\u00edtsanak. Ezenk\u00edv\u00fcl p\u00e9nzt adnak a r\u00e1szorul\u00f3knak, pszichol\u00f3giai t\u00e1mogat\u00e1st ny\u00fajtanak, \u00e9s k\u00f3rh\u00e1zakat l\u00e1tnak el gy\u00f3gy\u00e1szati seg\u00e9deszk\u00f6z\u00f6kkel. K\u00e1rty\u00e1s adom\u00e1nyoz\u00e1sra a <a href=\"https:\/\/www.rodekors.no\/stott-arbeidet\/gi-en-gave\/nodhjelp-til-ukraina\/\">weboldalukon<\/a> kereszt\u00fcl vagy ak\u00e1r a Vipps seg\u00edts\u00e9g\u00e9vel is van lehet\u0151s\u00e9g.<\/p>\n\n<h3 class=\"wp-block-heading\">Az Egyes\u00fclt Nemzetek Menek\u00fclt\u00fcgyi F\u0151biztoss\u00e1ga (UNHCR)<\/h3>\n\n<p class=\"wp-block-paragraph\">Az UNHCR 1950 \u00f3ta l\u00e9tezik. A szervezet a menek\u00fclteket sz\u00e1ll\u00e1s biztos\u00edt\u00e1s\u00e1val, a lerombolt otthonok jav\u00edt\u00e1s\u00e1val, t\u00e9li ruh\u00e1zat felaj\u00e1nl\u00e1s\u00e1val \u00e9s s\u00fcrg\u0151ss\u00e9gi ell\u00e1t\u00e1ssal seg\u00edti. Adom\u00e1nyozni az UNHCR <a href=\"https:\/\/donate.unhcr.org\/int\/en\/general#_ga=2.116684742.1352167225.1646147870-948574124.1646147870&amp;_gac=1.83486308.1646147878.CjwKCAiApfeQBhAUEiwA7K_UH30PQBkD2iVNNH8TAfzxSy-dNxBsLX3H4RbXy1lHEi8AgAHWkTsAjRoCZw4QAvD_BwE\">honlapj\u00e1n<\/a> kereszt\u00fcl lehet.<\/p>\n","protected":false},"excerpt":{"rendered":"<p>Norv\u00e9gia egy \u00c9szak-Eur\u00f3p\u00e1ban fekv\u0151 orsz\u00e1g gy\u00f6ngyszeme. Ha nem tal\u00e1lja \u00e9rdekesnek Norv\u00e9gia fjordjait, akkor tal\u00e1n a hull\u00e1mz\u00f3 t\u00e1j, a j\u00e9ggel bor\u00edtott hegyek \u00e9s a tengerparti v\u00e1rosok, p\u00e9ld\u00e1ul Kristiansand \u00e9s Bergen lesz valami \u00e9rdekes. \u00c1ltal\u00e1ban a norv\u00e9gok \u00e1ltal\u00e1ban bar\u00e1ts\u00e1gosak a k\u00fclf\u00f6ldiekkel \u00e9s a turist\u00e1kkal szemben, akik ott telepednek le. Minden \u00e9vben a vil\u00e1g k\u00fcl\u00f6nb\u00f6z\u0151 r\u00e9szeir\u0151l \u00e9rkeznek emberek<\/p>\n","protected":false},"author":1,"featured_media":56776,"comment_status":"closed","ping_status":"closed","sticky":false,"template":"","format":"standard","meta":{"footnotes":""},"categories":[24385],"tags":[25496,24400,24401,24398,24396,24539],"class_list":["post-57438","post","type-post","status-publish","format-standard","has-post-thumbnail","hentry","category-norvegia","tag-bevasarlas","tag-dolgozo","tag-expat-elet","tag-haz","tag-munka","tag-nyelv"],"_links":{"self":[{"href":"https:\/\/www.scandinavia.life\/hu\/wp-json\/wp\/v2\/posts\/57438","targetHints":{"allow":["GET"]}}],"collection":[{"href":"https:\/\/www.scandinavia.life\/hu\/wp-json\/wp\/v2\/posts"}],"about":[{"href":"https:\/\/www.scandinavia.life\/hu\/wp-json\/wp\/v2\/types\/post"}],"author":[{"embeddable":true,"href":"https:\/\/www.scandinavia.life\/hu\/wp-json\/wp\/v2\/users\/1"}],"replies":[{"embeddable":true,"href":"https:\/\/www.scandinavia.life\/hu\/wp-json\/wp\/v2\/comments?post=57438"}],"version-history":[{"count":13,"href":"https:\/\/www.scandinavia.life\/hu\/wp-json\/wp\/v2\/posts\/57438\/revisions"}],"predecessor-version":[{"id":148180,"href":"https:\/\/www.scandinavia.life\/hu\/wp-json\/wp\/v2\/posts\/57438\/revisions\/148180"}],"wp:featuredmedia":[{"embeddable":true,"href":"https:\/\/www.scandinavia.life\/hu\/wp-json\/wp\/v2\/media\/56776"}],"wp:attachment":[{"href":"https:\/\/www.scandinavia.life\/hu\/wp-json\/wp\/v2\/media?parent=57438"}],"wp:term":[{"taxonomy":"category","embeddable":true,"href":"https:\/\/www.scandinavia.life\/hu\/wp-json\/wp\/v2\/categories?post=57438"},{"taxonomy":"post_tag","embeddable":true,"href":"https:\/\/www.scandinavia.life\/hu\/wp-json\/wp\/v2\/tags?post=57438"}],"curies":[{"name":"wp","href":"https:\/\/api.w.org\/{rel}","templated":true}]}}