{"id":60814,"date":"2022-05-31T07:54:18","date_gmt":"2022-05-31T07:54:18","guid":{"rendered":"http:\/\/scandinavia.life\/lakasbiztositas-svedorszagban\/"},"modified":"2025-07-01T11:23:36","modified_gmt":"2025-07-01T11:23:36","slug":"lakasbiztositas-svedorszagban","status":"publish","type":"post","link":"https:\/\/www.scandinavia.life\/hu\/lakasbiztositas-svedorszagban\/","title":{"rendered":"Lak\u00e1sbiztos\u00edt\u00e1s Sv\u00e9dorsz\u00e1gban"},"content":{"rendered":"\n<p class=\"wp-block-paragraph\">K\u00fclf\u00f6ldik\u00e9nt val\u00f3sz\u00edn\u0171leg nem ismeri a sv\u00e9d lak\u00e1sbiztos\u00edt\u00e1si rendszert. Ebben a blogbejegyz\u00e9sben a sv\u00e9dorsz\u00e1gi lak\u00e1sbiztos\u00edt\u00e1s alapjait ismertetj\u00fck.<\/p>\n\n<p class=\"wp-block-paragraph\">Sv\u00e9dorsz\u00e1gban k\u00e9tf\u00e9le lak\u00e1sbiztos\u00edt\u00e1s l\u00e9tezik: <strong>\u00e9p\u00fcletbiztos\u00edt\u00e1s<\/strong> \u00e9s <strong>tartalombiztos\u00edt\u00e1s<\/strong>. Az \u00e9p\u00fcletbiztos\u00edt\u00e1s mag\u00e1ra az \u00e9p\u00fcletre, a tartalombiztos\u00edt\u00e1s pedig az \u00d6n ing\u00f3s\u00e1gaira terjed ki.<\/p>\n\n<p class=\"wp-block-paragraph\">Sv\u00e9dorsz\u00e1gban nem k\u00f6telez\u0151 lak\u00e1sbiztos\u00edt\u00e1st k\u00f6tni, de aj\u00e1nlott. Ha van jelz\u00e1loghitele, a hitelez\u0151je \u00e1ltal\u00e1ban megk\u00f6veteli, hogy mind az \u00e9p\u00fcletekre, mind a lak\u00e1startalomra vonatkoz\u00f3an legyen biztos\u00edt\u00e1sa.<\/p>\n\n<p class=\"wp-block-paragraph\">Van n\u00e9h\u00e1ny dolog, amit szem el\u0151tt kell tartani a sv\u00e9dorsz\u00e1gi lak\u00e1sbiztos\u00edt\u00e1s kiv\u00e1laszt\u00e1sakor. El\u0151sz\u00f6r is, olvassa el figyelmesen az apr\u00f3 bet\u0171s r\u00e9szt. Egyes biztos\u00edt\u00e1sok bizonyos t\u00edpus\u00fa k\u00e1rokra vonatkoz\u00f3an kiz\u00e1r\u00e1sokat vagy korl\u00e1toz\u00e1sokat tartalmaznak, ez\u00e9rt fontos tudni, hogy mi tartozik \u00e9s mi nem tartozik a biztos\u00edt\u00e1si k\u00f6rbe.<\/p>\n\n<p class=\"wp-block-paragraph\">M\u00e1sodszor, vegye figyelembe az \u00f6nr\u00e9szeket. Min\u00e9l magasabb az \u00f6nr\u00e9sz, ann\u00e1l alacsonyabb a biztos\u00edt\u00e1si d\u00edj, de t\u00f6bbet kell fizetnie a zseb\u00e9b\u0151l, ha k\u00e1rig\u00e9nyt kell \u00e9rv\u00e9nyes\u00edtenie.<\/p>\n\n<p class=\"wp-block-paragraph\">V\u00e9gezet\u00fcl gy\u0151z\u0151dj\u00f6n meg arr\u00f3l, hogy a v\u00e1lasztott c\u00e9ggel j\u00f3l \u00e9rzi mag\u00e1t. Vizsg\u00e1lja meg \u00fcgyf\u00e9lszolg\u00e1lati nyilv\u00e1ntart\u00e1sukat \u00e9s p\u00e9nz\u00fcgyi stabilit\u00e1sukat, hogy megbizonyosodjon arr\u00f3l, hogy ott lesznek \u00d6n mellett, ha ig\u00e9nyt kell t\u00e1masztania.<\/p>\n\n<h2 class=\"wp-block-heading\">Lak\u00e1sbiztos\u00edt\u00e1s Sv\u00e9dorsz\u00e1gban<\/h2>\n\n<p class=\"wp-block-paragraph\">Sv\u00e9dorsz\u00e1gban a lak\u00e1sbiztos\u00edt\u00e1s nem k\u00f6telez\u0151, de er\u0151sen aj\u00e1nlott.<\/p>\n\n<p class=\"wp-block-paragraph\">Sz\u00e1mos oka van annak, hogy valaki fontol\u00f3ra vegye a sv\u00e9dorsz\u00e1gi lak\u00e1sbiztos\u00edt\u00e1s megk\u00f6t\u00e9s\u00e9t. A leggyakoribb okok k\u00f6z\u00e9 tartozik:<\/p>\n\n<ol class=\"has-contrast-color has-base-2-background-color has-text-color has-background wp-block-list\"><li>\u00d6nnek Sv\u00e9dorsz\u00e1gban van otthona.<\/li><li>\u00d6n Sv\u00e9dorsz\u00e1gban tervezi, hogy h\u00e1zat v\u00e1s\u00e1rol.<\/li><li>\u00d6n Sv\u00e9dorsz\u00e1gban b\u00e9rel lak\u00e1st.<\/li><li><strong><a href=\"http:\/\/scandinavia.life\/hu\/svedorszagba-koltozes-tokeletes-utmutato-kezdoknek\/\">\u00d6n Sv\u00e9dorsz\u00e1gban \u00e9l\u0151 k\u00fclf\u00f6ldi \u00e1llampolg<\/a>\u00e1r.<\/strong><\/li><\/ol>\n\n<h2 class=\"wp-block-heading\">Mi\u00e9rt van sz\u00fcks\u00e9gem lak\u00e1sbiztos\u00edt\u00e1sra Sv\u00e9dorsz\u00e1gban?<\/h2>\n\n<p class=\"wp-block-paragraph\">Ha \u00d6nnek Sv\u00e9dorsz\u00e1gban van otthona, tal\u00e1n elgondolkodik azon, hogy mi\u00e9rt van sz\u00fcks\u00e9ge lak\u00e1sbiztos\u00edt\u00e1sra. A lak\u00e1sbiztos\u00edt\u00e1s nem k\u00f6telez\u0151 Sv\u00e9dorsz\u00e1gban, de er\u0151sen aj\u00e1nlott.<\/p>\n\n<p class=\"wp-block-paragraph\">Ennek oka az, hogy a legt\u00f6bb ember nem engedheti meg mag\u00e1nak, hogy zsebb\u0151l fizesse ki a lak\u00e1sjav\u00edt\u00e1sokat. Ha balesetet szenvedne vagy t\u0171z \u00fctn\u00e9 fel otthon\u00e1t, akkor \u00d6nt terheln\u00e9k az otthon\u00e1nak helyre\u00e1ll\u00edt\u00e1s\u00e1val kapcsolatos \u00f6sszes k\u00f6lts\u00e9g.<\/p>\n\n<p class=\"wp-block-paragraph\">Ez k\u00f6nnyen t\u00f6bb ezer doll\u00e1rba vagy m\u00e9g t\u00f6bbe ker\u00fclhet, ez\u00e9rt olyan fontos a lak\u00e1sbiztos\u00edt\u00e1s. A lak\u00e1sbiztos\u00edt\u00e1s fedezi a lak\u00e1s helyre\u00e1ll\u00edt\u00e1s\u00e1nak k\u00f6lts\u00e9geit, ha \u00d6n balesetet szenved vagy t\u0171z \u00fct\u00f6tt ki otthon\u00e1ban.<\/p>\n\n<h2 class=\"wp-block-heading\">Mire terjed ki a lak\u00e1sbiztos\u00edt\u00e1s Sv\u00e9dorsz\u00e1gban?<\/h2>\n\n<p class=\"wp-block-paragraph\">A sv\u00e9dorsz\u00e1gi lak\u00e1sbiztos\u00edt\u00e1s \u00e1ltal\u00e1ban a k\u00f6vetkez\u0151kre terjed ki:<\/p>\n\n<ul class=\"has-base-2-background-color has-background wp-block-list\"><li>Maga az \u00e9p\u00fclet<\/li><li>A lak\u00e1s tartalma, bele\u00e9rtve a b\u00fatorokat, k\u00e9sz\u00fcl\u00e9keket \u00e9s ruh\u00e1zatot.<\/li><li>Felel\u0151ss\u00e9g abban az esetben, ha valaki megs\u00e9r\u00fcl az \u00d6n ingatlan\u00e1n, vagy ha az \u00d6n ingatlana k\u00e1rt okoz valaki m\u00e1s tulajdon\u00e1ban.<\/li><\/ul>\n\n<p class=\"wp-block-paragraph\">A lak\u00e1sbiztos\u00edt\u00e1si k\u00f6tv\u00e9nyek azonban elt\u00e9r\u0151ek lehetnek, ez\u00e9rt fontos elolvasni a k\u00f6tv\u00e9ny apr\u00f3 bet\u0171s r\u00e9sz\u00e9t, hogy pontosan tudja, mi tartozik \u00e9s mi nem tartozik a biztos\u00edt\u00e1si fedezet al\u00e1. P\u00e9lda: Ha \u00d6nnek otthoni v\u00e1llalkoz\u00e1sa van, a lak\u00e1sbiztos\u00edt\u00e1si k\u00f6tv\u00e9nye nem fedezi az \u00fczleti tev\u00e9kenys\u00e9ggel kapcsolatos tev\u00e9kenys\u00e9geket.<\/p>\n\n<p class=\"wp-block-paragraph\">Ha pedig \u00e9rt\u00e9kes t\u00e1rgyai vannak, p\u00e9ld\u00e1ul \u00e9kszerek vagy m\u0171t\u00e1rgyak, akkor lehet, hogy tov\u00e1bbi biztos\u00edt\u00e1st kell k\u00f6tnie, amely fedezi ezeket a t\u00e1rgyakat abban az esetben, ha elvesznek, ellopj\u00e1k vagy megs\u00e9r\u00fclnek.<\/p>\n\n<p class=\"wp-block-paragraph\">Ezenk\u00edv\u00fcl a lak\u00e1sbiztos\u00edt\u00e1sok \u00e1ltal\u00e1ban rendelkeznek \u00f6nr\u00e9szesed\u00e9ssel, amely az az \u00f6sszeg, amelyet zsebb\u0151l kell kifizetnie, miel\u0151tt a biztos\u00edt\u00e1si k\u00f6tv\u00e9nye bel\u00e9pne. Ez\u00e9rt fontos, hogy fedezett k\u00e1r eset\u00e9n elegend\u0151 megtakar\u00edt\u00e1ssal rendelkezzen az \u00f6nr\u00e9sz fedez\u00e9s\u00e9re.<\/p>\n\n<p class=\"wp-block-paragraph\">Ha nem biztos benne, hogy a lak\u00e1sbiztos\u00edt\u00e1si k\u00f6tv\u00e9nye mire terjed ki, forduljon a biztos\u00edt\u00f3t\u00e1rsas\u00e1ghoz, \u00e9s k\u00e9rjen egy m\u00e1solatot a k\u00f6tv\u00e9nyr\u0151l, vagy besz\u00e9ljen a biztos\u00edt\u00e1si \u00fcgyn\u00f6k\u00e9vel.<\/p>\n\n<h2 class=\"wp-block-heading\">Mikor \u00e9rdemes lak\u00e1sbiztos\u00edt\u00e1st k\u00f6tni Sv\u00e9dorsz\u00e1gban?<\/h2>\n\n<p class=\"wp-block-paragraph\">A lak\u00e1sbiztos\u00edt\u00e1st m\u00e1r a h\u00e1z vagy lak\u00e1s megv\u00e1s\u00e1rl\u00e1sa ut\u00e1n meg kell k\u00f6tnie. Ha \u00d6n b\u00e9rli a lak\u00e1st, a b\u00e9rbead\u00f3ja felel\u0151s az \u00e9p\u00fclet biztos\u00edt\u00e1s\u00e1\u00e9rt, de \u00d6nnek kell biztos\u00edtania szem\u00e9lyes t\u00e1rgyait.<\/p>\n\n<p class=\"wp-block-paragraph\">Mivel a lak\u00e1sbiztos\u00edt\u00e1s k\u00f6lts\u00e9ge gyakran benne van a havi jelz\u00e1loghitel-fizet\u00e9sekben, fontos, hogy m\u00e1r a kezdetekt\u0151l fogva legyen biztos\u00edt\u00e1s. De ha nem v\u00e1s\u00e1rol lak\u00e1st, akkor is b\u00e1rmikor k\u00f6thet lak\u00e1sbiztos\u00edt\u00e1st, amennyiben rendelkezik a sz\u00fcks\u00e9ges dokumentumokkal.<\/p>\n\n<p class=\"wp-block-paragraph\">Lak\u00e1sbiztos\u00edt\u00e1s n\u00e9lk\u00fcl <a href=\"https:\/\/www.bankbazaar.com\/home-insurance\/guide\/why-is-house-insurance-important.html\">nem tan\u00e1csos<\/a>, mivel \u00edgy sz\u00e1mos kock\u00e1zatnak, p\u00e9ld\u00e1ul t\u0171znek, lop\u00e1snak \u00e9s \u00e1rv\u00edznek van kit\u00e9ve. Ezzel senki sem akar foglalkozni.<\/p>\n","protected":false},"excerpt":{"rendered":"<p>K\u00fclf\u00f6ldik\u00e9nt val\u00f3sz\u00edn\u0171leg nem ismeri a sv\u00e9d lak\u00e1sbiztos\u00edt\u00e1si rendszert. Ebben a blogbejegyz\u00e9sben a sv\u00e9dorsz\u00e1gi lak\u00e1sbiztos\u00edt\u00e1s alapjait ismertetj\u00fck. Sv\u00e9dorsz\u00e1gban k\u00e9tf\u00e9le lak\u00e1sbiztos\u00edt\u00e1s l\u00e9tezik: \u00e9p\u00fcletbiztos\u00edt\u00e1s \u00e9s tartalombiztos\u00edt\u00e1s. Az \u00e9p\u00fcletbiztos\u00edt\u00e1s mag\u00e1ra az \u00e9p\u00fcletre, a tartalombiztos\u00edt\u00e1s pedig az \u00d6n ing\u00f3s\u00e1gaira terjed ki. Sv\u00e9dorsz\u00e1gban nem k\u00f6telez\u0151 lak\u00e1sbiztos\u00edt\u00e1st k\u00f6tni, de aj\u00e1nlott. Ha van jelz\u00e1loghitele, a hitelez\u0151je \u00e1ltal\u00e1ban megk\u00f6veteli, hogy mind az \u00e9p\u00fcletekre, mind<\/p>\n","protected":false},"author":1,"featured_media":60798,"comment_status":"closed","ping_status":"closed","sticky":false,"template":"","format":"standard","meta":{"footnotes":""},"categories":[24472,24483],"tags":[24479,31159,26928],"class_list":["post-60814","post","type-post","status-publish","format-standard","has-post-thumbnail","hentry","category-elo","category-svedorszag","tag-berles-hu","tag-biztositasi-alternativak","tag-lakasbiztositas"],"_links":{"self":[{"href":"https:\/\/www.scandinavia.life\/hu\/wp-json\/wp\/v2\/posts\/60814","targetHints":{"allow":["GET"]}}],"collection":[{"href":"https:\/\/www.scandinavia.life\/hu\/wp-json\/wp\/v2\/posts"}],"about":[{"href":"https:\/\/www.scandinavia.life\/hu\/wp-json\/wp\/v2\/types\/post"}],"author":[{"embeddable":true,"href":"https:\/\/www.scandinavia.life\/hu\/wp-json\/wp\/v2\/users\/1"}],"replies":[{"embeddable":true,"href":"https:\/\/www.scandinavia.life\/hu\/wp-json\/wp\/v2\/comments?post=60814"}],"version-history":[{"count":1,"href":"https:\/\/www.scandinavia.life\/hu\/wp-json\/wp\/v2\/posts\/60814\/revisions"}],"predecessor-version":[{"id":153895,"href":"https:\/\/www.scandinavia.life\/hu\/wp-json\/wp\/v2\/posts\/60814\/revisions\/153895"}],"wp:featuredmedia":[{"embeddable":true,"href":"https:\/\/www.scandinavia.life\/hu\/wp-json\/wp\/v2\/media\/60798"}],"wp:attachment":[{"href":"https:\/\/www.scandinavia.life\/hu\/wp-json\/wp\/v2\/media?parent=60814"}],"wp:term":[{"taxonomy":"category","embeddable":true,"href":"https:\/\/www.scandinavia.life\/hu\/wp-json\/wp\/v2\/categories?post=60814"},{"taxonomy":"post_tag","embeddable":true,"href":"https:\/\/www.scandinavia.life\/hu\/wp-json\/wp\/v2\/tags?post=60814"}],"curies":[{"name":"wp","href":"https:\/\/api.w.org\/{rel}","templated":true}]}}