{"id":68760,"date":"2022-06-27T13:03:30","date_gmt":"2022-06-27T13:03:30","guid":{"rendered":"http:\/\/scandinavia.life\/a-skandinavok-vilagbajnoki-remenyei-daniaban-nyugszanak\/"},"modified":"2024-08-03T10:03:22","modified_gmt":"2024-08-03T10:03:22","slug":"a-skandinavok-vilagbajnoki-remenyei-daniaban-nyugszanak","status":"publish","type":"post","link":"https:\/\/www.scandinavia.life\/hu\/a-skandinavok-vilagbajnoki-remenyei-daniaban-nyugszanak\/","title":{"rendered":"A skandin\u00e1vok vil\u00e1gbajnoki rem\u00e9nyei D\u00e1ni\u00e1ban nyugszanak"},"content":{"rendered":"\n<p class=\"wp-block-paragraph\">A k\u00f6zel h\u00e1rom \u00e9vig tart\u00f3 selejtez\u0151sorozat ut\u00e1n az eredetileg t\u00f6bb mint 200 csapatb\u00f3l 32 csapat ker\u00fclt ki, akik a labdar\u00fag\u00e1s legnagyobb d\u00edj\u00e1nak elnyer\u00e9se rem\u00e9ny\u00e9ben utazhatnak Katarba. Ami Skandin\u00e1vi\u00e1t illeti, a sz\u0171k\u00edt\u00e9si folyamat n\u00e9gyr\u0151l egyre cs\u00f6kkentette a nevez\u0151k sz\u00e1m\u00e1t. A r\u00e9gi\u00f3 vil\u00e1gbajnoki rem\u00e9nyei D\u00e1ni\u00e1ban nyugszanak, ez\u00e9rt \u00e9rt\u00e9kelj\u00fck az es\u00e9lyeiket &#8211; \u00e9s n\u00e9zz\u00fck meg, mi t\u00f6rt\u00e9nt a t\u00f6bbi skandin\u00e1v rem\u00e9nys\u00e9ggel.  <\/p>\n\n<h2 class=\"wp-block-heading\"><strong>J\u00f3 \u00e9s rossz h\u00edrek a csoportsorsol\u00e1sr\u00f3l<\/strong> <\/h2>\n\n<p class=\"wp-block-paragraph\">A D csoport D\u00e1ni\u00e1nak &#8211; ez j\u00f3 \u00f3men kell, hogy legyen. A szurkol\u00f3k kev\u00e9sb\u00e9 lelkesedtek, hogy a c\u00edmv\u00e9d\u0151 Franciaorsz\u00e1got ugyanabban a csoportban l\u00e1tj\u00e1k. Val\u00f3j\u00e1ban volt egyfajta deja-vu \u00e9rz\u00e9s, mivel a D csoportban a 2018-as oroszorsz\u00e1gi C csoport n\u00e9gy csapat\u00e1b\u00f3l h\u00e1rom szerepel. Ausztr\u00e1lia ism\u00e9t ugyanabban a csoportban van, \u00e9s az egyetlen k\u00fcl\u00f6nbs\u00e9g, hogy Peru helyett Tun\u00e9zia.  <\/p>\n\n<p class=\"wp-block-paragraph\">Tun\u00e9zi\u00e1t nem szabad al\u00e1becs\u00fclni, \u00e9s val\u00f3sz\u00edn\u0171leg a szok\u00e1sos hangos szurkol\u00f3i csoportjukat is elhozz\u00e1k Katarba. D\u00e1nia, \u00e9s k\u00fcl\u00f6n\u00f6sen Christian Eriksen azonban sz\u00e1m\u00edthat arra, hogy az Euro 2020 esem\u00e9nyei ut\u00e1n a semlegesek a p\u00e1rtjukra \u00e1llnak. Ami Ausztr\u00e1li\u00e1t illeti, zsin\u00f3rban \u00f6t\u00f6dik alkalommal kvalifik\u00e1lt\u00e1k magukat, de az elm\u00falt h\u00e1rom vil\u00e1gbajnoks\u00e1gon egy meccset nyertek, \u00e9s a 2022-es katari vil\u00e1gbajnoks\u00e1g egyik legnagyobb sokkja lesz, ha a csoport negyedik hely\u00e9n k\u00edv\u00fcl m\u00e1shol v\u00e9geznek.  <\/p>\n\n<h2 class=\"wp-block-heading\"><strong>Negyedd\u00f6nt\u0151s t\u00f6rekv\u00e9sek<\/strong> <\/h2>\n\n<p class=\"wp-block-paragraph\">D\u00e1nia azonban nem csak a kies\u00e9ses szakaszba jut\u00e1s\u00e9rt k\u00fczd majd. M\u00e1r 24 \u00e9ve nem jutottak be a negyedd\u00f6nt\u0151be a 98-as franciaorsz\u00e1gi torn\u00e1n, de ez lesz a c\u00e9ljuk, \u00e9s az <a href=\"https:\/\/www.unibet.com\/us\/betting\/\" target=\"_blank\" rel=\"noreferrer noopener\">Unibet<\/a> legfrissebb <a href=\"https:\/\/www.unibet.com\/us\/betting\/\" target=\"_blank\" rel=\"noreferrer noopener\">sportfogad\u00e1si<\/a> oddsai szerint az <a href=\"https:\/\/www.unibet.com\/us\/betting\/\" target=\"_blank\" rel=\"noreferrer noopener\">USA<\/a> +180-as favorit a negyedd\u00f6nt\u0151be jut\u00e1sra. Ha minden a tervek szerint alakul, \u00e9s a D csoport m\u00e1sodik hely\u00e9n v\u00e9geznek, akkor a C csoport gy\u0151ztese ellen j\u00e1tszanak majd &#8211; Argent\u00edna a favorit, \u00e9s enn\u00e9l rosszabb sorsol\u00e1s is l\u00e9tezik. Hacsak nem t\u00f6rt\u00e9nik meglepet\u00e9s, akkor az Anglia elleni negyedd\u00f6nt\u0151re ny\u00edlik lehet\u0151s\u00e9g.  <\/p>\n\n<h2 class=\"wp-block-heading\"><strong>Azok, akik az \u00fat sz\u00e9l\u00e9re ker\u00fcltek<\/strong> <\/h2>\n\n<p class=\"wp-block-paragraph\">Szokatlan, hogy D\u00e1nia az eg\u00e9sz skandin\u00e1v vil\u00e1gbajnoks\u00e1g elv\u00e1r\u00e1sait a v\u00e1ll\u00e1n viszi. Sv\u00e9dorsz\u00e1g hi\u00e1nya volt az egyik legnagyobb meglepet\u00e9s a selejtez\u0151ben a n\u00e9gy \u00e9vvel ezel\u0151tti leny\u0171g\u00f6z\u0151 negyedd\u00f6nt\u0151s szerepl\u00e9s\u00fck ut\u00e1n. Ez\u00fattal Sv\u00e9dorsz\u00e1g helyezte mag\u00e1t nyom\u00e1s al\u00e1, amikor a selejtez\u0151ben dr\u00e1ga hib \u00e1t k\u00f6vetett el Gr\u00fazia ellen. Ezzel a r\u00e1j\u00e1tsz\u00e1s \u00fatj\u00e1ra k\u00fcldt\u00e9k \u0151ket, ahol Lengyelorsz\u00e1g v\u00e9get vetett az utols\u00f3 rem\u00e9nyeiknek.  <\/p>\n\n<p class=\"wp-block-paragraph\">Hasonl\u00f3 volt a helyzet Norv\u00e9gi\u00e1ban is. Erling Haaland lehet, hogy jelenleg a vil\u00e1g legjobb j\u00e1t\u00e9kosa, de m\u00e9g \u0151 sem tud mindent egyed\u00fcl csin\u00e1lni, \u00e9s a Hollandia \u00e1ltal t\u00e1masztott kih\u00edv\u00e1s t\u00fal nagy volt.  <\/p>\n\n<p class=\"wp-block-paragraph\">Ami Finnorsz\u00e1got illeti, az <a href=\"https:\/\/www.mediareferee.com\/finland-adds-to-the-european-championships-great-history-of-underdog-heroics\/\" target=\"_blank\" rel=\"noreferrer noopener\">Euro 2020 h\u0151sies es\u00e9lyteleneinek<\/a> egyel\u0151re a m\u00falt dics\u0151s\u00e9g\u00e9b\u0151l kell tov\u00e1bb \u00e9lni\u00fck. A selejtez\u0151ket nagyszer\u0171 st\u00edlusban kezdt\u00e9k, gy\u0151zelmet arattak Kazahszt\u00e1n \u00e9s Bosznia-Hercegovina felett, de a Franciaorsz\u00e1ggal azonos csoportba val\u00f3 besorol\u00e1suk miatt az Ukrajna elleni veres\u00e9g v\u00e9gzetesnek bizonyult.  <\/p>\n","protected":false},"excerpt":{"rendered":"<p>A k\u00f6zel h\u00e1rom \u00e9vig tart\u00f3 selejtez\u0151sorozat ut\u00e1n az eredetileg t\u00f6bb mint 200 csapatb\u00f3l 32 csapat ker\u00fclt ki, akik a labdar\u00fag\u00e1s legnagyobb d\u00edj\u00e1nak elnyer\u00e9se rem\u00e9ny\u00e9ben utazhatnak Katarba. Ami Skandin\u00e1vi\u00e1t illeti, a sz\u0171k\u00edt\u00e9si folyamat n\u00e9gyr\u0151l egyre cs\u00f6kkentette a nevez\u0151k sz\u00e1m\u00e1t. A r\u00e9gi\u00f3 vil\u00e1gbajnoki rem\u00e9nyei D\u00e1ni\u00e1ban nyugszanak, ez\u00e9rt \u00e9rt\u00e9kelj\u00fck az es\u00e9lyeiket &#8211; \u00e9s n\u00e9zz\u00fck meg, mi t\u00f6rt\u00e9nt a<\/p>\n","protected":false},"author":1,"featured_media":68210,"comment_status":"closed","ping_status":"closed","sticky":false,"template":"","format":"standard","meta":{"footnotes":""},"categories":[24384],"tags":[33872],"class_list":["post-68760","post","type-post","status-publish","format-standard","has-post-thumbnail","hentry","category-ihlet","tag-foci"],"_links":{"self":[{"href":"https:\/\/www.scandinavia.life\/hu\/wp-json\/wp\/v2\/posts\/68760","targetHints":{"allow":["GET"]}}],"collection":[{"href":"https:\/\/www.scandinavia.life\/hu\/wp-json\/wp\/v2\/posts"}],"about":[{"href":"https:\/\/www.scandinavia.life\/hu\/wp-json\/wp\/v2\/types\/post"}],"author":[{"embeddable":true,"href":"https:\/\/www.scandinavia.life\/hu\/wp-json\/wp\/v2\/users\/1"}],"replies":[{"embeddable":true,"href":"https:\/\/www.scandinavia.life\/hu\/wp-json\/wp\/v2\/comments?post=68760"}],"version-history":[{"count":1,"href":"https:\/\/www.scandinavia.life\/hu\/wp-json\/wp\/v2\/posts\/68760\/revisions"}],"predecessor-version":[{"id":148870,"href":"https:\/\/www.scandinavia.life\/hu\/wp-json\/wp\/v2\/posts\/68760\/revisions\/148870"}],"wp:featuredmedia":[{"embeddable":true,"href":"https:\/\/www.scandinavia.life\/hu\/wp-json\/wp\/v2\/media\/68210"}],"wp:attachment":[{"href":"https:\/\/www.scandinavia.life\/hu\/wp-json\/wp\/v2\/media?parent=68760"}],"wp:term":[{"taxonomy":"category","embeddable":true,"href":"https:\/\/www.scandinavia.life\/hu\/wp-json\/wp\/v2\/categories?post=68760"},{"taxonomy":"post_tag","embeddable":true,"href":"https:\/\/www.scandinavia.life\/hu\/wp-json\/wp\/v2\/tags?post=68760"}],"curies":[{"name":"wp","href":"https:\/\/api.w.org\/{rel}","templated":true}]}}