{"id":97079,"date":"2022-09-26T06:32:51","date_gmt":"2022-09-26T06:32:51","guid":{"rendered":"http:\/\/scandinavia.life\/margrethe-ii-dan-kiralyno\/"},"modified":"2025-07-07T16:45:04","modified_gmt":"2025-07-07T16:45:04","slug":"margrethe-ii-dan-kiralyno","status":"publish","type":"post","link":"https:\/\/www.scandinavia.life\/hu\/margrethe-ii-dan-kiralyno\/","title":{"rendered":"II. Margrethe d\u00e1n kir\u00e1lyn\u0151"},"content":{"rendered":"\n<p class=\"wp-block-paragraph\"><a href=\"https:\/\/www.bbc.com\/news\/uk-61585886\">II. Erzs\u00e9bet brit kir\u00e1lyn\u0151<\/a> nemr\u00e9giben bek\u00f6vetkezett <a href=\"https:\/\/www.bbc.com\/news\/uk-61585886\">hal\u00e1la<\/a> c\u00edmlapokra ker\u00fclt, \u00e9s a vil\u00e1g figyelm\u00e9t a temet\u00e9s\u00e9re ir\u00e1ny\u00edtotta. A kir\u00e1lyn\u0151 az Egyes\u00fclt Kir\u00e1lys\u00e1gban a v\u00e1lasztott korm\u00e1ny mellett m\u0171k\u00f6d\u0151 monarchia egyik legkiemelked\u0151bb alakja volt. A monarchia \u00e9s a demokr\u00e1cia e hibrid rendszere a vil\u00e1g m\u00e1s orsz\u00e1gaiban m\u00e9g mindig gyakorlat, \u00edgy D\u00e1ni\u00e1ban is. A visszafogott \u00e9letet \u00e9l\u0151 d\u00e1n kir\u00e1lyn\u0151 a maga m\u00f3dj\u00e1n befoly\u00e1solja az orsz\u00e1got. Tal\u00e1n itt az ideje, hogy boncolgassuk a tart\u00f3s <a href=\"https:\/\/www.kongehuset.dk\/en\/the-monarchy-in-denmark\/history\/\">d\u00e1n monarchi\u00e1t<\/a>.  <\/p>\n\n<p class=\"wp-block-paragraph\">A d\u00e1n monarchia a vil\u00e1g legr\u00e9gebbi uralkod\u00f3i k\u00f6z\u00e9 tartozik. Jelenleg a kir\u00e1lys\u00e1g \u00e9l\u00e9n II. Margrethe kir\u00e1lyn\u0151 \u00e1ll. Ide\u00e1lis esetben a sz\u00e1rmaz\u00e1sa t\u00f6bb mint ezer \u00e9vre vezethet\u0151 vissza a kir\u00e1lyig, aki \u00e1ll\u00edt\u00f3lag 900 k\u00f6r\u00fcl \u00e9lt. A d\u00e1n monarchia a mai napig a d\u00e1n kult\u00far\u00e1k, hagyom\u00e1nyok \u00e9s a d\u00e1n politikai t\u00f6rt\u00e9nelem szimb\u00f3luma. Szimbolikus szerepet j\u00e1tszik itthon \u00e9s k\u00fclf\u00f6ld\u00f6n egyar\u00e1nt. D\u00e1ni\u00e1n bel\u00fcl a monarchia feladata a j\u00f3 \u00fcgyek \u00fcdv\u00f6zl\u00e9se \u00e9s a k\u00fclf\u00f6ldi vezet\u0151k fogad\u00e1sa a magas rang\u00fa \u00e1llami vacsor\u00e1kon. Rendszeres l\u00e1togat\u00e1sokat tesznek a D\u00e1n Kir\u00e1lys\u00e1g szerves r\u00e9sz\u00e9t k\u00e9pez\u0151 Fer\u00f6er-szigetekre \u00e9s Gr\u00f6nlandra is.<\/p>\n\n<p class=\"wp-block-paragraph\">A d\u00e1nok t\u00f6bbs\u00e9ge csod\u00e1lja a kir\u00e1lyi csal\u00e1dot, \u00e9s ez a m\u00e9di\u00e1n kereszt\u00fcl megfigyelhet\u0151 nagysz\u00e1m\u00fa k\u00f6vet\u0151n kereszt\u00fcl is nyilv\u00e1nval\u00f3. Az orsz\u00e1g hat\u00e1rain k\u00edv\u00fcl a monarchia II. Margit kir\u00e1lyn\u0151 vezet\u00e9s\u00e9vel vezeti a d\u00e1n term\u00e9keket \u00e9s v\u00e1llalkoz\u00e1sokat k\u00fclf\u00f6ld\u00f6n n\u00e9pszer\u0171s\u00edt\u0151 deleg\u00e1ci\u00f3kat. B\u00e1r a kir\u00e1lyn\u0151 felel\u0151ss\u00e9ge az ilyen funkci\u00f3k el\u0151mozd\u00edt\u00e1sa, keveset tudunk r\u00f3la. Ebben a cikkben n\u00e9h\u00e1ny \u00e9rdekes t\u00e9nyt k\u00f6zl\u00f6k a d\u00e1n kir\u00e1lyn\u0151r\u0151l.<\/p>\n\n<h2 class=\"wp-block-heading\">II. Margit kir\u00e1lyn\u0151 beceneve Daisy<\/h2>\n\n<p class=\"wp-block-paragraph\">F\u00fcggetlen\u00fcl att\u00f3l, hogy mit mondanak az emberek a kir\u00e1lyi int\u00e9zm\u00e9nyr\u0151l, nyilv\u00e1nval\u00f3, hogy szinte minden d\u00e1n nagyra becs\u00fcli <a href=\"https:\/\/www.hellomagazine.com\/royalty\/2014041618240\/queen-margrethe-denmark-10-facts\/\">II Margrethe kir\u00e1lyn\u0151t<\/a>. 2022-ben lesz 50 \u00e9ve, hogy a kir\u00e1lyn\u0151 el\u0151sz\u00f6r l\u00e9pett tr\u00f3nra. A legt\u00f6bben a Margrethe n\u00e9vr\u0151l ismerik, amelynek francia v\u00e1ltozata a Marguerite, \u00e9s Daisynek ford\u00edthat\u00f3. Val\u00f3j\u00e1ban harmadik unokatestv\u00e9re, Erzs\u00e9bet angol kir\u00e1lyn\u0151 szokta \u0151t \u00edgy h\u00edvni. Minden \u00faj\u00e9v el\u0151est\u00e9j\u00e9n D\u00e1nia sz\u00e1mos utc\u00e1ja elcsendesedik, amikor Daisy a telev\u00edzi\u00f3ban besz\u00e9det mond a d\u00e1noknak. Aki gyakran hallgatja az ilyen alkalmakat, r\u00e1j\u00f6n, hogy besz\u00e9dei tele vannak a kedvess\u00e9gr\u0151l, a k\u00f6rnyezetv\u00e9delemr\u0151l \u00e9s a j\u00f3t\u00e9konykod\u00e1sr\u00f3l sz\u00f3l\u00f3 szavakkal.<\/p>\n\n<h2 class=\"wp-block-heading\">II. Margit kir\u00e1lyn\u0151 saj\u00e1t ruh\u00e1it tervezi<\/h2>\n\n<p class=\"wp-block-paragraph\">Az egyik legsz\u00f3rakoztat\u00f3bb t\u00e9ny a kir\u00e1lyn\u0151vel kapcsolatban, hogy \u0151 maga a saj\u00e1t tervez\u0151je. Val\u00f3j\u00e1ban a kir\u00e1lyn\u0151 \u00edzl\u00e9se a nem d\u00e1nosan \u00e9l\u00e9nk sz\u00ednek ir\u00e1nt p\u00e1ratlan. R\u00e1ad\u00e1sul nem szereti a s\u00fag\u00f3g\u00e9pet, hogy besz\u00e9ljen. Id\u0151nk\u00e9nt rendezetlen jegyzetf\u00fczeteit tal\u00e1lja, \u00e9s \u00edgy m\u00e9g besz\u00e9de k\u00f6zben is megpr\u00f3b\u00e1lja \u0151ket rendbe szedni. \u00c9rdekes m\u00f3don az asszisztensei nemr\u00e9giben meggy\u0151zt\u00e9k, hogy legal\u00e1bb a t\u0171z\u0151g\u00e9pet haszn\u00e1lja, hogy a k\u00f6nnyebb olvas\u00e1s \u00e9rdek\u00e9ben egy\u00fctt tartsa \u0151ket.  <\/p>\n\n<h2 class=\"wp-block-heading\">P\u00e1ratlan m\u0171v\u00e9szeti \u00e9rdekl\u0151d\u00e9s<\/h2>\n\n<p class=\"wp-block-paragraph\">Margrethe II. kir\u00e1lyn\u0151 &#8211; amellett, hogy a d\u00e1n \u00e1llamf\u0151 \u00e9s a d\u00e1n egyh\u00e1z feje &#8211; m\u0171v\u00e9sz is. Fiatal n\u0151k\u00e9nt k\u00fcl\u00f6nb\u00f6z\u0151 tev\u00e9kenys\u00e9gekkel foglalkozott, p\u00e9ld\u00e1ul festett, rajzolt, \u00e9s a Kir\u00e1lyi Balett d\u00edszleteit is \u0151 tervezte. Ide\u00e1lis esetben n\u00e9h\u00e1ny m\u0171v\u00e9szeti alkot\u00e1s\u00e1t m\u00fazeumban \u0151rzik D\u00e1ni\u00e1ban \u00e9s k\u00fclf\u00f6ld\u00f6n egyar\u00e1nt. T\u00e1jk\u00e9peit k\u00f6zelebbr\u0151l szem\u00fcgyre v\u00e9ve kider\u00fcl, hogy azok finomak \u00e9s minimalist\u00e1k. Ugyan\u00edgy k\u00e9pes pazar koll\u00e1zsokat \u00e9s absztrakt festm\u00e9nyeket is tervezni. M\u0171veinek egy r\u00e9sz\u00e9t egy \u00e9vtizeddel ezel\u0151tt a h\u00edres koppenh\u00e1gai Arken M\u00fazeumban \u00e1ll\u00edtott\u00e1k ki.<\/p>\n\n<h2 class=\"wp-block-heading\">II. Margrethe kir\u00e1lyn\u0151, D\u00e1nia eddigi legmen\u0151bb kir\u00e1lyn\u0151je<\/h2>\n\n<p class=\"wp-block-paragraph\">II. Margrethe kir\u00e1lyn\u0151t az egyik legmen\u0151bb vezet\u0151k\u00e9nt jellemezt\u00e9k eg\u00e9sz kontinent\u00e1lis Eur\u00f3p\u00e1ban. Szem\u00e9lyes szinten II. Margrethe nem sokat t\u00f6r\u0151dik a konvenci\u00f3kkal. Bemutatja, hogy \u0151 egy populista uralkod\u00f3. Ruhakollekci\u00f3j\u00e1t mindig a hivatalos felvonul\u00e1sokon l\u00e1thatjuk, ahol sz\u00edvesen b\u00fajik bele a lenge k\u00f6nt\u00f6sbe. Nyilv\u00e1nval\u00f3 teh\u00e1t, hogy a <a href=\"https:\/\/www.dw.com\/en\/worlds-coolest-queen-margrethe-of-denmark\/a-18384661\">kir\u00e1lyn\u0151 sz\u00e9p\u00e9rz\u00e9ke j\u00f3l meghat\u00e1rozott<\/a>. A kir\u00e1lyn\u0151 fiatal kor\u00e1ban is fenntartotta a r\u00e9g\u00e9szet \u00e9s a fest\u00e9szet ir\u00e1nti m\u00e9ly \u00e9rdekl\u0151d\u00e9s\u00e9t. Fiatal n\u0151k\u00e9nt hatalmas bels\u0151 \u00fatkeres\u00e9se arra \u00f6szt\u00f6n\u00f6zte, hogy a m\u0171v\u00e9szetek, a balett \u00e9s a filoz\u00f3fia ir\u00e1nti szenved\u00e9ly\u00e9nek h\u00f3doljon.<\/p>\n\n<h2 class=\"wp-block-heading\">II. Margrethe kir\u00e1lyn\u0151 legal\u00e1bb 5 nyelven besz\u00e9l<\/h2>\n\n<p class=\"wp-block-paragraph\">A kir\u00e1lyn\u0151 a <a href=\"https:\/\/www.arctic-council.org\/about\/states\/denmark\/\">D\u00e1n Kir\u00e1lys\u00e1g<\/a> legjobb sz\u00f3nokai k\u00f6z\u00e9 tartozik. Ezeket a k\u00e9pess\u00e9geket az \u00e1llami rendezv\u00e9nyeken \u00e9s minden \u00faj\u00e9v el\u0151est\u00e9j\u00e9n tartott hivatalos besz\u00e9dei sor\u00e1n is k\u00e9pes volt megmutatni. Foly\u00e9konyan besz\u00e9l angolul, d\u00e1nul, n\u00e9met\u00fcl, norv\u00e9gul \u00e9s sv\u00e9d\u00fcl.<\/p>\n\n<h2 class=\"wp-block-heading\">Bottom Line<\/h2>\n\n<p class=\"wp-block-paragraph\">Margrethe II. kir\u00e1lyn\u0151 alkotm\u00e1nyos uralkod\u00f3i szerepe mellett a <a href=\"https:\/\/www.howtoliveindenmark.com\/stories-about-life-in-denmark\/queen-margrethe-denmark-popular\/\">d\u00e1n kult\u00fara szimb\u00f3luma<\/a> is, mind belf\u00f6ld\u00f6n, mind k\u00fclf\u00f6ld\u00f6n. Tekintettel a kir\u00e1lyn\u0151 m\u0171v\u00e9szetek ir\u00e1nti szeretet\u00e9re, ne csod\u00e1lkozzunk azon, hogy saj\u00e1tos \u00f6lt\u00f6zk\u00f6d\u00e9si szok\u00e1sair\u00f3l is h\u00edres. Tov\u00e1bbra is \u0151 az egyik legjobb vezet\u0151, akit D\u00e1nia valaha is megv\u00e1lasztott. Vezet\u00e9se olyan fontos er\u00e9nyekre tan\u00edtott minket az \u00e9letben, mint a kedvess\u00e9g, a k\u00f6rnyezetv\u00e9delem \u00e9s a j\u00f3t\u00e9konykod\u00e1s. Az emberis\u00e9gnek el kell fogadnia a kir\u00e1lyn\u0151 tan\u00edt\u00e1s\u00e1t.  <\/p>\n","protected":false},"excerpt":{"rendered":"<p>II. Erzs\u00e9bet brit kir\u00e1lyn\u0151 nemr\u00e9giben bek\u00f6vetkezett hal\u00e1la c\u00edmlapokra ker\u00fclt, \u00e9s a vil\u00e1g figyelm\u00e9t a temet\u00e9s\u00e9re ir\u00e1ny\u00edtotta. A kir\u00e1lyn\u0151 az Egyes\u00fclt Kir\u00e1lys\u00e1gban a v\u00e1lasztott korm\u00e1ny mellett m\u0171k\u00f6d\u0151 monarchia egyik legkiemelked\u0151bb alakja volt. A monarchia \u00e9s a demokr\u00e1cia e hibrid rendszere a vil\u00e1g m\u00e1s orsz\u00e1gaiban m\u00e9g mindig gyakorlat, \u00edgy D\u00e1ni\u00e1ban is. A visszafogott \u00e9letet \u00e9l\u0151 d\u00e1n kir\u00e1lyn\u0151<\/p>\n","protected":false},"author":1,"featured_media":97021,"comment_status":"closed","ping_status":"closed","sticky":false,"template":"","format":"standard","meta":{"footnotes":""},"categories":[24754],"tags":[41079,41077,41071,41067],"class_list":["post-97079","post","type-post","status-publish","format-standard","has-post-thumbnail","hentry","category-dania-hu","tag-a-dan-kiralysag","tag-dan-kiralyi-csalad","tag-dan-monarchia","tag-ii-margrethe-kiralyno"],"_links":{"self":[{"href":"https:\/\/www.scandinavia.life\/hu\/wp-json\/wp\/v2\/posts\/97079","targetHints":{"allow":["GET"]}}],"collection":[{"href":"https:\/\/www.scandinavia.life\/hu\/wp-json\/wp\/v2\/posts"}],"about":[{"href":"https:\/\/www.scandinavia.life\/hu\/wp-json\/wp\/v2\/types\/post"}],"author":[{"embeddable":true,"href":"https:\/\/www.scandinavia.life\/hu\/wp-json\/wp\/v2\/users\/1"}],"replies":[{"embeddable":true,"href":"https:\/\/www.scandinavia.life\/hu\/wp-json\/wp\/v2\/comments?post=97079"}],"version-history":[{"count":3,"href":"https:\/\/www.scandinavia.life\/hu\/wp-json\/wp\/v2\/posts\/97079\/revisions"}],"predecessor-version":[{"id":154903,"href":"https:\/\/www.scandinavia.life\/hu\/wp-json\/wp\/v2\/posts\/97079\/revisions\/154903"}],"wp:featuredmedia":[{"embeddable":true,"href":"https:\/\/www.scandinavia.life\/hu\/wp-json\/wp\/v2\/media\/97021"}],"wp:attachment":[{"href":"https:\/\/www.scandinavia.life\/hu\/wp-json\/wp\/v2\/media?parent=97079"}],"wp:term":[{"taxonomy":"category","embeddable":true,"href":"https:\/\/www.scandinavia.life\/hu\/wp-json\/wp\/v2\/categories?post=97079"},{"taxonomy":"post_tag","embeddable":true,"href":"https:\/\/www.scandinavia.life\/hu\/wp-json\/wp\/v2\/tags?post=97079"}],"curies":[{"name":"wp","href":"https:\/\/api.w.org\/{rel}","templated":true}]}}