{"id":47489,"count":1,"description":"","link":"https:\/\/scandinavia.life\/hu\/\u00e1ltal\u00e1ban\/vegetarianus-etelek\/","name":"veget\u00e1ri\u00e1nus \u00e9telek","slug":"vegetarianus-etelek","taxonomy":"post_tag","meta":[],"_links":{"self":[{"href":"https:\/\/scandinavia.life\/hu\/wp-json\/wp\/v2\/tags\/47489","targetHints":{"allow":["GET"]}}],"collection":[{"href":"https:\/\/scandinavia.life\/hu\/wp-json\/wp\/v2\/tags"}],"about":[{"href":"https:\/\/scandinavia.life\/hu\/wp-json\/wp\/v2\/taxonomies\/post_tag"}],"wp:post_type":[{"href":"https:\/\/scandinavia.life\/hu\/wp-json\/wp\/v2\/posts?tags=47489"}],"curies":[{"name":"wp","href":"https:\/\/api.w.org\/{rel}","templated":true}]}}