{"id":118004,"date":"2024-01-08T09:36:42","date_gmt":"2024-01-08T09:36:42","guid":{"rendered":"http:\/\/scandinavia.life\/danijos-karalienes-margretes-ii-abdikacija\/"},"modified":"2025-07-09T21:29:32","modified_gmt":"2025-07-09T21:29:32","slug":"danijos-karalienes-margretes-ii-abdikacija","status":"publish","type":"post","link":"https:\/\/www.scandinavia.life\/lt\/danijos-karalienes-margretes-ii-abdikacija\/","title":{"rendered":"Danijos karalien\u0117s Margret\u0117s II abdikacija"},"content":{"rendered":"<p>Kai Danija atsisveikino su 2023 metais ir prad\u0117jo naujus 2024 metus, \u012fvyko ka\u017ekas \u012fsp\u016bdingo. Po 52 met\u0173 valdymo, karalien\u0117 Margrethe II paskelb\u0117 apie savo pasitraukim\u0105 nuo sosto. \u0160iuo metu jos vyriausiasis s\u016bnus, kronprincas Frederikas, ruo\u0161iasi perimti vald\u017ei\u0105.<\/p>\n<figure class=\"wp-block-image size-large\"><img loading=\"lazy\" decoding=\"async\" width=\"1024\" height=\"683\" src=\"https:\/\/scandinavia.life\/wp-content\/uploads\/2024\/01\/joseph-aeeCkvDBBm4-unsplash-1024x683.jpg\" alt=\"\" class=\"wp-image-115779\" srcset=\"https:\/\/www.scandinavia.life\/wp-content\/uploads\/2024\/01\/joseph-aeeCkvDBBm4-unsplash-1024x683.jpg 1024w, https:\/\/www.scandinavia.life\/wp-content\/uploads\/2024\/01\/joseph-aeeCkvDBBm4-unsplash-300x200.jpg 300w, https:\/\/www.scandinavia.life\/wp-content\/uploads\/2024\/01\/joseph-aeeCkvDBBm4-unsplash-768x512.jpg 768w, https:\/\/www.scandinavia.life\/wp-content\/uploads\/2024\/01\/joseph-aeeCkvDBBm4-unsplash-1536x1024.jpg 1536w, https:\/\/www.scandinavia.life\/wp-content\/uploads\/2024\/01\/joseph-aeeCkvDBBm4-unsplash-2048x1365.jpg 2048w\" sizes=\"auto, (max-width: 1024px) 100vw, 1024px\" \/><\/figure>\n<p>Visos Skandinavijos \u0161alys vis dar i\u0161laiko monarchijas, nepaisant to, kad pasaulis nuo j\u0173 tolsta. Nors \u0161is straipsnis n\u0117ra skirtas politiniams ar valdymo klausimams, verta pamin\u0117ti, kad Danija yra konstitucin\u0117 monarchija.<\/p>\n<p>Karalienei Margretai II palikus monarch\u0117s vair\u0105, naujas \u0161erifas perima <em><strong>Amalienborgo r\u016bmus<\/strong><\/em>. Gyvenantys ar planuojantys prad\u0117ti nauj\u0105 gyvenim\u0105 \u0161ioje \u0161alyje tur\u0117t\u0173 \u017einoti, kad jei visi planai bus \u012fgyvendinti, Danijos ministr\u0105 pirminink\u0105 skirs princas Frederikas.<\/p>\n<h2 class=\"wp-block-heading\"><strong>Karalien\u0117s arba jo didenyb\u0117s karaliaus vieta Danijos visuomen\u0117je<\/strong><\/h2>\n<p>Daugeliui Danija patraukli d\u0117l to, kad \u0161alyje vyrauja santykin\u0117 politin\u0117 ramyb\u0117. Rinkim\u0173 metu retai pasitaiko brav\u016bros ir pana\u0161i\u0173 dalyk\u0173, o tai gali b\u016bti susij\u0119 su \u0161alies valdymo strukt\u016bra. D\u0117l Danijos visuomen\u0117je vyraujan\u010dios tolerancijos ir susilaikymo kult\u016bros, politiniai sezonai yra daug ramesni.<\/p>\n<p>Danijos karalien\u0117, arba monarcho galva, turi ceremonialin\u0119 vald\u017ei\u0105, \u012fskaitant karali\u0161kojo sutikimo gali\u0105. Tai rei\u0161kia, kad, kol vyks kiti rinkim\u0173 ir politikos procesai, ji juos ratifikuos. Kitaip tariant, karalienei tenka pana\u0161us vaidmuo kaip kunigams, kurie i\u0161kilmingai atlieka religines apeigas, &#8211; ji tarsi jas patvirtina.<\/p>\n<p>Tur\u0117tum\u0117te \u017einoti, kaip stipriai danai saugo ir gerbia karalien\u0119. Kiekvien\u0173 Nauj\u0173j\u0173 met\u0173 i\u0161vakar\u0117se \u017emon\u0117s susirenka vien tam, kad pasiklausyt\u0173 i\u0161 r\u016bm\u0173 sklindan\u010dios \u017einios. \u0160tai kaip \u017emon\u0117s gerbia karalien\u0117s pad\u0117t\u012f.<\/p>\n<p>Galb\u016bt jums bus \u012fdomu su\u017einoti smulkesn\u0119 informacij\u0105 apie Danijos monarchij\u0105 (kongehuset) <a href=\"https:\/\/www.kongehuset.dk\/en\/\">\u010dia<\/a>. Nors karalien\u0117 Margret\u0117 II pasitraukia i\u0161 Danijos monarchijos, jos kadencija teb\u0117ra rekordin\u0117. Tiek daug \u017emoni\u0173 Danijoje \u0161iandien yra patyr\u0119 tik jos vie\u0161patavim\u0105, ir visuomen\u0117 gali tik tik\u0117tis, kad <strong><em>kronprincas Frederikas<\/em><\/strong> taip pat gerai j\u0105 valdys.<\/p>\n<h2 class=\"wp-block-heading\"><strong>Naujausi\u0173 laik\u0173 Danijos monarch\u0173 s\u0105ra\u0161as<\/strong><\/h2>\n<p>Gyvendami Danijoje arba atvykdami \u012f j\u0105, su\u017einosite \u0161iek tiek jos istorijos. Daug dokumentini\u0173 film\u0173 ir parod\u0173 \u0161alies muziejuose &#8211; puiki prad\u017eia. Jei Danij\u0105 greitai \u012fvertinsite kaip labai organizuot\u0105 visuomen\u0119, b\u016btina \u017einoti, kad \u0161i \u0161alis turi ilg\u0105 istorij\u0105. Kadangi monarchija gyvuoja jau daugiau nei 1200 met\u0173, ma\u017eiausiai tik\u0117jot\u0117s, kad \u0161alis bus socialiai netvarkinga.<\/p>\n<figure class=\"wp-block-image size-large\"><img loading=\"lazy\" decoding=\"async\" width=\"1024\" height=\"683\" src=\"https:\/\/scandinavia.life\/wp-content\/uploads\/2024\/01\/gegenwind-photo-8sDqRKZlrN0-unsplash-1024x683.jpg\" alt=\"\" class=\"wp-image-115803\" srcset=\"https:\/\/www.scandinavia.life\/wp-content\/uploads\/2024\/01\/gegenwind-photo-8sDqRKZlrN0-unsplash-1024x683.jpg 1024w, https:\/\/www.scandinavia.life\/wp-content\/uploads\/2024\/01\/gegenwind-photo-8sDqRKZlrN0-unsplash-300x200.jpg 300w, https:\/\/www.scandinavia.life\/wp-content\/uploads\/2024\/01\/gegenwind-photo-8sDqRKZlrN0-unsplash-768x512.jpg 768w, https:\/\/www.scandinavia.life\/wp-content\/uploads\/2024\/01\/gegenwind-photo-8sDqRKZlrN0-unsplash-1536x1024.jpg 1536w, https:\/\/www.scandinavia.life\/wp-content\/uploads\/2024\/01\/gegenwind-photo-8sDqRKZlrN0-unsplash-2048x1365.jpg 2048w\" sizes=\"auto, (max-width: 1024px) 100vw, 1024px\" \/><\/figure>\n<p>Trumpai per\u017evelg\u0119 \u0161alies istorij\u0105, pamatysime atvej\u0173, kai \u0161alis tiesiogine prasme susid\u016br\u0117 su sunkumais ir chaosu. Ta\u010diau laikui b\u0117gant \u017emon\u0117s i\u0161moko i\u0161vykti darniai ir su bendr\u0173 interes\u0173 jausmu, kur\u012f vainikavo Danijos monarchija.<\/p>\n<p>Jei norite i\u0161 tikr\u0173j\u0173 susipa\u017einti su Danijos politine istorija, \u012fskaitant monarchij\u0105, karalyst\u0119 ir jos raid\u0105, apsilankykite muziejuje. <a href=\"https:\/\/scandinavia.life\/kaershovedgard-in-denmark\/\">K\u0105 rei\u0161kia K\u00e6rshovedg\u00e5rd imigrantui<\/a> ir su\u017einokite daugiau apie \u0161i\u0105 \u012fdomi\u0105 \u0161al\u012f.<\/p>\n<p>Kad b\u016bt\u0173 papras\u010diau ir ai\u0161kiau, d\u0117mes\u012f sutelksime tik \u012f \u0160l\u0117zvigo-Hol\u0161teino-Sonderburgo-Gliuksburgo gimin\u0119, i\u0161 kurios kilusi karalien\u0117 Margret\u0117 II.<\/p>\n<p>Pateikiame trump\u0105 Danijos monarch\u0173, kuriuos gal\u0117jome greitai gauti, ap\u017evalg\u0105:<\/p>\n<ul>\n<li><em>Karalien\u0117 Margret\u0117 II<\/em><\/li>\n<li><em>Karalius Frydrichas IX<\/em><\/li>\n<li><em>Karalius Christian X-Christian Carl Frederik Alber<\/em><\/li>\n<li><em>Karalius Frederikas VIII-Kristianas Frederikas Vilhelmas Karlas<\/em><\/li>\n<li><em>Karalius Kristianas IX<\/em><\/li>\n<\/ul>\n<h2 class=\"wp-block-heading\"><strong>Nuostabus Danijos karali\u0161kosios \u0161eimos unikalumas<\/strong><\/h2>\n<p>Pamin\u0117jus karali\u0161k\u0105j\u0105 \u0161eim\u0105, beveik visiems \u012f galv\u0105 \u0161auna mintis apie puikius daiktus ir i\u0161skirtin\u012f gyvenim\u0105. I\u0161 istorini\u0173 \u012fra\u0161\u0173 ir pasakojim\u0173 \u017einote, kad karali\u0161kosios \u0161eimos da\u017enai gyvena nuostab\u0173 gyvenim\u0105 i\u0161skirtiniuose rajonuose, pavyzd\u017eiui, Bakingamo r\u016bm\u0173 karali\u0161kosiose rezidencijose.<\/p>\n<p>Ta\u010diau Danijos karali\u0161koji \u0161eima n\u0117ra tokia, kokios tikimasi i\u0161 kilming\u0173j\u0173. \u0160iandien \u0161eimos nariai gyvena \u012fprast\u0105 gyvenim\u0105, kaip ir visa Danijos visuomen\u0117. Jie ne tik eina apsipirkti, kaip ir visi kiti, bet ir naudojasi tomis pa\u010diomis vie\u0161osiomis paslaugomis.<\/p>\n<p>Tod\u0117l eidami su reikalais netoli r\u016bm\u0173 galite pasteb\u0117ti karalien\u0119 Margret\u0119 II arba jos \u0161eimos narius, kurie gyvena \u012fprast\u0105 gyvenim\u0105. Galb\u016bt tai yra puikus nuolankumo ir tarnyst\u0117s lyderyst\u0117s simbolis. Atrodo, kad Jantelovenas yra \u012fsi\u0161aknij\u0119s Danijos visuomen\u0117je, \u012fskaitant ir monarchij\u0105.<\/p>\n<h2 class=\"wp-block-heading\"><strong>Galutinis rezultatas<\/strong><\/h2>\n<p>Naujieji 2024-ieji metai Danijos visuomenei suteik\u0117 ne tik prog\u0105 atsinaujinti, bet ir pails\u0117ti nuo 52 metus trukusio karalien\u0117s <strong>Margret\u0117s II<\/strong> valdymo. \u017dmon\u0117s gyvena savo kasdien\u012f gyvenim\u0105, tikisi ir laukia, kad kronprincas Frederikas valdys tvirtai ir t\u0119s iki \u0161iol buvusi\u0105 taik\u0105.<\/p>\n","protected":false},"excerpt":{"rendered":"<p>Kai Danija atsisveikino su 2023 metais ir prad\u0117jo naujus 2024 metus, \u012fvyko ka\u017ekas \u012fsp\u016bdingo. Po 52 met\u0173 valdymo, karalien\u0117 Margrethe II paskelb\u0117 apie savo pasitraukim\u0105 nuo sosto. \u0160iuo metu jos vyriausiasis s\u016bnus, kronprincas Frederikas, ruo\u0161iasi perimti vald\u017ei\u0105. Visos Skandinavijos \u0161alys vis dar i\u0161laiko monarchijas, nepaisant to, kad pasaulis nuo j\u0173 tolsta. Nors \u0161is straipsnis n\u0117ra<\/p>\n","protected":false},"author":1,"featured_media":115769,"comment_status":"closed","ping_status":"closed","sticky":false,"template":"","format":"standard","meta":{"footnotes":""},"categories":[1541],"tags":[11103,41057,41048,43568,43597,43612,43575,43538],"class_list":["post-118004","post","type-post","status-publish","format-standard","has-post-thumbnail","hentry","category-danija","tag-amalienborgo-rumai","tag-danijos-karaliskoji-seima","tag-karaliene-margrete-ii-lt","tag-karalius-frydrichas-ix","tag-karalius-frydrichas-viii","tag-karalius-kristianas-ix","tag-karalius-kristianas-x","tag-kronprincas-frederikas"],"_links":{"self":[{"href":"https:\/\/www.scandinavia.life\/lt\/wp-json\/wp\/v2\/posts\/118004","targetHints":{"allow":["GET"]}}],"collection":[{"href":"https:\/\/www.scandinavia.life\/lt\/wp-json\/wp\/v2\/posts"}],"about":[{"href":"https:\/\/www.scandinavia.life\/lt\/wp-json\/wp\/v2\/types\/post"}],"author":[{"embeddable":true,"href":"https:\/\/www.scandinavia.life\/lt\/wp-json\/wp\/v2\/users\/1"}],"replies":[{"embeddable":true,"href":"https:\/\/www.scandinavia.life\/lt\/wp-json\/wp\/v2\/comments?post=118004"}],"version-history":[{"count":1,"href":"https:\/\/www.scandinavia.life\/lt\/wp-json\/wp\/v2\/posts\/118004\/revisions"}],"predecessor-version":[{"id":155118,"href":"https:\/\/www.scandinavia.life\/lt\/wp-json\/wp\/v2\/posts\/118004\/revisions\/155118"}],"wp:featuredmedia":[{"embeddable":true,"href":"https:\/\/www.scandinavia.life\/lt\/wp-json\/wp\/v2\/media\/115769"}],"wp:attachment":[{"href":"https:\/\/www.scandinavia.life\/lt\/wp-json\/wp\/v2\/media?parent=118004"}],"wp:term":[{"taxonomy":"category","embeddable":true,"href":"https:\/\/www.scandinavia.life\/lt\/wp-json\/wp\/v2\/categories?post=118004"},{"taxonomy":"post_tag","embeddable":true,"href":"https:\/\/www.scandinavia.life\/lt\/wp-json\/wp\/v2\/tags?post=118004"}],"curies":[{"name":"wp","href":"https:\/\/api.w.org\/{rel}","templated":true}]}}