{"id":121472,"date":"2023-01-10T05:13:57","date_gmt":"2023-01-10T05:13:57","guid":{"rendered":"http:\/\/scandinavia.life\/tyras-siaurieciu-mitologijoje-vienarankis-karo-ir-teisingumo-dievas\/"},"modified":"2024-03-09T19:46:39","modified_gmt":"2024-03-09T19:46:39","slug":"tyras-siaurieciu-mitologijoje-vienarankis-karo-ir-teisingumo-dievas","status":"publish","type":"post","link":"https:\/\/www.scandinavia.life\/lt\/tyras-siaurieciu-mitologijoje-vienarankis-karo-ir-teisingumo-dievas\/","title":{"rendered":"Tyras \u0161iaurie\u010di\u0173 mitologijoje: Vienarankis karo ir teisingumo dievas"},"content":{"rendered":"\n<p class=\"wp-block-paragraph\">Domit\u0117s norveg\u0173 mitologija ir norite daugiau su\u017einoti apie konkre\u010dius dievus? Reikia i\u0161siai\u0161kinti informacij\u0105 u\u017eduo\u010diai atlikti arba galb\u016bt ie\u0161kote \u012fkv\u0117pimo kitam romanui? Tuomet \u0161is straipsnis gali jus sudominti.<\/p>\n\n<p class=\"wp-block-paragraph\">\u0160iandien kalb\u0117sime apie mitin\u012f diev\u0105 Tyr\u0105 ir apie tai, kaip \u0161i fig\u016bra \u012fsilieja \u012f bendr\u0105 \u0160iaur\u0117s \u0161ali\u0173 sag\u0173 ir senov\u0117s mit\u0173 tinkl\u0105. M\u0117gaukit\u0117s!<\/p>\n\n<h2 class=\"wp-block-heading\"><a><\/a>Kas buvo Tyras?<\/h2>\n\n<p class=\"wp-block-paragraph\">Tyras &#8211; \u012fdomus dievas, minimas visoje <a href=\"http:\/\/scandinavia.life\/lt\/skandinavu-mitologijos-seimos-medis\/\">norveg\u0173 mitologijoje<\/a> ir atlik\u0119s \u012fvair\u0173 vaidmen\u012f. Tyras buvo laikomas karo, teisingumo ir garb\u0117s dievu. Jis da\u017enai vaizduojamas kaip dr\u0105sus ir kilnus karys, ta\u010diau jo istorija taip pat yra pasiaukojimo ir nesavanaudi\u0161kumo istorija.<\/p>\n\n<p class=\"wp-block-paragraph\">Pasakojama, kad Tyras yra Odino, vis\u0173 diev\u0173 t\u0117vo ir vyriausiojo dievo, ir Friggos, meil\u0117s, santuokos ir vaisingumo deiv\u0117s, s\u016bnus. Tai rei\u0161kia, kad jis yra Aesir, pagrindinio \u0161iaurie\u010di\u0173 mitologijos diev\u0173 panteono, narys, taip pat Thoro ir <a href=\"http:\/\/scandinavia.life\/lt\/loki-skandinavu-mitologija\/\">Lokio<\/a> brolis.<\/p>\n\n<h3 class=\"wp-block-heading\">Karo dievas<\/h3>\n\n<p class=\"wp-block-paragraph\">Tyras, karo dievas, \u017einomas d\u0117l savo dr\u0105sos ir narsos m\u016b\u0161yje. Jis laikomas dr\u0105siausiu i\u0161 vis\u0173 diev\u0173, o jo vardas da\u017enai siejamas su garbe ir dr\u0105sa. Manoma, kad pats \u017eodis &#8222;Tyr&#8221; kil\u0119s i\u0161 senov\u0117s norveg\u0173 kalbos \u017eod\u017eio &#8222;t\u00fdr&#8221;, kuris rei\u0161kia &#8222;dievas&#8221;.<\/p>\n\n<p class=\"wp-block-paragraph\">Ta\u010diau, kaip min\u0117ta, norveg\u0173 mitologijoje Tyras atliko ir daug kit\u0173 vaidmen\u0173. Jis taip pat gars\u0117jo kaip teisingumo dievas, palaikantis \u012fstatymus ir tai, kas teisinga \u0161iame pasaulyje. \u0160iuo po\u017ei\u016briu jis buvo socialin\u0117s tvarkos serg\u0117tojas, silpn\u0173j\u0173 ir engiam\u0173j\u0173 gyn\u0117jas.<\/p>\n\n<p class=\"wp-block-paragraph\">Pasak kai kuri\u0173 pasakojim\u0173, b\u016btent jis \u012f pasaul\u012f atne\u0161\u0117 teisingumo s\u0105vok\u0105, tod\u0117l da\u017enai galima rasti Tyro atvaizd\u0173, kuriuose jis laiko svarstykles, simbolizuojan\u010dias jo vaidmen\u012f subalansuojant teisingumo svarstykles.<\/p>\n\n<h3 class=\"wp-block-heading\">Kitos reik\u0161m\u0117s<\/h3>\n\n<p class=\"wp-block-paragraph\">Tyras taip pat buvo laikomas teis\u0117s ir tvarkos dievu, kurio da\u017enai buvo \u0161aukiamasi sprend\u017eiant teisinius klausimus ir gin\u010dus. Jis buvo laikomas teisingu ir ne\u0161ali\u0161ku teis\u0117ju, o jo sprendimai buvo laikomi galutiniais ir visuotinai gerbiami.<\/p>\n\n<p class=\"wp-block-paragraph\">Kai kuriuose mituose Tyras taip pat buvo siejamas su pasiaukojimo s\u0105voka ir id\u0117ja, kad did\u017ei\u0173 dalyk\u0173 galima pasiekti pasiaukojimu ir dr\u0105sa. Tai iliustruoja pasakojimas apie jo rankos paaukojim\u0105, kad suri\u0161t\u0173 Fenrir\u0105, apie kur\u012f i\u0161samiau kalb\u0117sime toliau, ta\u010diau \u0161i pasiaukojimo d\u0117l didesnio g\u0117rio id\u0117ja taip pat pastebima kituose mituose ir pasakose.<\/p>\n\n<h2 class=\"wp-block-heading\"><a><\/a>Pasaka apie Tyr\u0105 ir Fenrir\u0105<\/h2>\n\n<p class=\"wp-block-paragraph\">Viena i\u0161 <a href=\"https:\/\/norse-mythology.org\/tales\/the-binding-of-fenrir\/\">garsiausi\u0173 istorij\u0173 apie Tyr\u0105<\/a> yra ta, kad jis paaukojo savo rank\u0105 kovoje su did\u017eiuliu vilku Fenriru. Sakoma, kad Loki yra Fenriro t\u0117vas, o istorija pasakoja, kad vilkas u\u017eaugo Asgarde, kur d\u0117l savo ma\u017eesnio dyd\u017eio nebuvo laikomas pavojingu.<\/p>\n\n<p class=\"wp-block-paragraph\">Ta\u010diau vilkas greitai i\u0161augo, beveik stebuklingai, ir netrukus \u0117m\u0117 siaut\u0117ti diev\u0173 pasaulyje, kur naikino visk\u0105, su kuo susidurdavo. Visi dievai sutar\u0117, kad reikia nu\u017eudyti \u017ev\u0117r\u012f, ta\u010diau taip pat bijojo did\u017eiul\u0117s Fenriro j\u0117gos ir galios.<\/p>\n\n<p class=\"wp-block-paragraph\">Bijodami, kad gali pralaim\u0117ti atvir\u0105 m\u016b\u0161\u012f su Fenriru, dievai nusprend\u0117 vilk\u0105 suri\u0161ti magi\u0161ka grandine. Jiems pavyko kelis kartus surakinti vilk\u0105 grandin\u0117mis, ta\u010diau Fenriras pasirod\u0117 es\u0105s per stiprus ir sugeb\u0117jo i\u0161silaisvinti i\u0161 pirm\u0173j\u0173 dviej\u0173 grandini\u0173, kurias jie band\u0117 panaudoti.<\/p>\n\n<p class=\"wp-block-paragraph\">Po \u0161i\u0173 nes\u0117kming\u0173 bandym\u0173 su didel\u0117mis grandin\u0117mis dievai aplank\u0117 nyk\u0161tukus ir papra\u0161\u0117 j\u0173 pagaminti tre\u010di\u0105 grandin\u0119. \u0160i\u0105 grandin\u0119 jie pavadino Gleipniru, o jos gamybai naudojo \u017euv\u0173 kv\u0117pavim\u0105, pauk\u0161\u010di\u0173 seiles, loki\u0173 sausgysles, kaln\u0173 \u0161aknis, kat\u0117s leten\u0173 gars\u0105 ir moter\u0173 barzd\u0173 plaukus.<\/p>\n\n<p class=\"wp-block-paragraph\">Gleipniras buvo ma\u017ea grandin\u0117, palyginti su ankstesn\u0117mis, ta\u010diau j\u0105 magi\u0161kai \u012fsuko nyk\u0161tuk\u0173 ingredientai ir \u012fg\u016bd\u017eiai. Taigi Fenriras, pamat\u0119s \u0161i\u0105 nauj\u0105 grandin\u0119, papra\u0161\u0117 diev\u0173, kad kuris nors i\u0161 j\u0173 \u012fki\u0161t\u0173 rank\u0105 vilkui \u012f burn\u0105, nes nepasitik\u0117jo visu scenarijumi.<\/p>\n\n<p class=\"wp-block-paragraph\">Galiausiai <a href=\"https:\/\/en.wikipedia.org\/wiki\/T%C3%BDr\">Tyras savanori\u0161kai<\/a> \u012fki\u0161o rank\u0105 Fenrirui \u012f burn\u0105 kaip geros valios pa\u017ead\u0105, nes \u017einojo, kad vilkas grei\u010diausiai nuk\u0105s jam rank\u0105. S\u0117kmingai u\u017ed\u0117jus Gleipnir\u0105 Fenrirui ir sutvirtinus grandines, vilkas nebegal\u0117jo taip lengvai i\u0161silaisvinti ir supyk\u0119s nukando Tyrui rank\u0105.<\/p>\n\n<p class=\"wp-block-paragraph\">Nors tai kainavo Tyrui rank\u0105 ir jis patyr\u0117 daug skausmo d\u0117l savo pasiaukojimo, nesavanaudi\u0161kumas ir dr\u0105sa galiausiai i\u0161gelb\u0117jo dien\u0105. Vilkui padar\u0117 \u012fsp\u016bd\u012f Tyro dr\u0105sa ir garb\u0117. Tod\u0117l Fenriras leidosi magi\u0161kai suri\u0161amas grandine, o dievai gal\u0117jo j\u012f nugal\u0117ti ir atkurti tvark\u0105 pasaulyje.<\/p>\n\n<p class=\"wp-block-paragraph\">Tyro rankos paaukojimas da\u017enai laikomas jo atsidavimo teisingumui ir garbei simboliu. Tai taip pat primena nesavanaudi\u0161kumo ir noro aukotis d\u0117l didesnio g\u0117rio svarb\u0105.<\/p>\n\n<h2 class=\"wp-block-heading\"><a><\/a>Galutin\u0117s mintys<\/h2>\n\n<p class=\"wp-block-paragraph\">Nors Tyras n\u0117ra toks \u017einomas kaip kai kurie kiti norveg\u0173 mitologijos dievai, jis vaidino svarb\u0173 vaidmen\u012f mituose ir buvo daugelio gerbiamas d\u0117l savo dr\u0105sos, garb\u0117s ir atsidavimo teisingumui.<\/p>\n","protected":false},"excerpt":{"rendered":"<p>Domit\u0117s norveg\u0173 mitologija ir norite daugiau su\u017einoti apie konkre\u010dius dievus? Reikia i\u0161siai\u0161kinti informacij\u0105 u\u017eduo\u010diai atlikti arba galb\u016bt ie\u0161kote \u012fkv\u0117pimo kitam romanui? Tuomet \u0161is straipsnis gali jus sudominti. \u0160iandien kalb\u0117sime apie mitin\u012f diev\u0105 Tyr\u0105 ir apie tai, kaip \u0161i fig\u016bra \u012fsilieja \u012f bendr\u0105 \u0160iaur\u0117s \u0161ali\u0173 sag\u0173 ir senov\u0117s mit\u0173 tinkl\u0105. M\u0117gaukit\u0117s! Kas buvo Tyras? Tyras &#8211;<\/p>\n","protected":false},"author":1,"featured_media":101356,"comment_status":"closed","ping_status":"closed","sticky":false,"template":"","format":"standard","meta":{"footnotes":""},"categories":[14766],"tags":[26062,3613,46248],"class_list":["post-121472","post","type-post","status-publish","format-standard","has-post-thumbnail","hentry","category-istorija","tag-skandinavu-dievai-lt","tag-skandinavu-mitologija-lt","tag-tyr-lt"],"_links":{"self":[{"href":"https:\/\/www.scandinavia.life\/lt\/wp-json\/wp\/v2\/posts\/121472","targetHints":{"allow":["GET"]}}],"collection":[{"href":"https:\/\/www.scandinavia.life\/lt\/wp-json\/wp\/v2\/posts"}],"about":[{"href":"https:\/\/www.scandinavia.life\/lt\/wp-json\/wp\/v2\/types\/post"}],"author":[{"embeddable":true,"href":"https:\/\/www.scandinavia.life\/lt\/wp-json\/wp\/v2\/users\/1"}],"replies":[{"embeddable":true,"href":"https:\/\/www.scandinavia.life\/lt\/wp-json\/wp\/v2\/comments?post=121472"}],"version-history":[{"count":0,"href":"https:\/\/www.scandinavia.life\/lt\/wp-json\/wp\/v2\/posts\/121472\/revisions"}],"wp:featuredmedia":[{"embeddable":true,"href":"https:\/\/www.scandinavia.life\/lt\/wp-json\/wp\/v2\/media\/101356"}],"wp:attachment":[{"href":"https:\/\/www.scandinavia.life\/lt\/wp-json\/wp\/v2\/media?parent=121472"}],"wp:term":[{"taxonomy":"category","embeddable":true,"href":"https:\/\/www.scandinavia.life\/lt\/wp-json\/wp\/v2\/categories?post=121472"},{"taxonomy":"post_tag","embeddable":true,"href":"https:\/\/www.scandinavia.life\/lt\/wp-json\/wp\/v2\/tags?post=121472"}],"curies":[{"name":"wp","href":"https:\/\/api.w.org\/{rel}","templated":true}]}}