{"id":25005,"date":"2020-07-08T23:53:18","date_gmt":"2020-07-08T23:53:18","guid":{"rendered":"http:\/\/scandinavia.life\/lauzyti-skandinaviskus-stereotipus\/"},"modified":"2024-07-31T13:44:37","modified_gmt":"2024-07-31T13:44:37","slug":"lauzyti-skandinaviskus-stereotipus","status":"publish","type":"post","link":"https:\/\/www.scandinavia.life\/lt\/lauzyti-skandinaviskus-stereotipus\/","title":{"rendered":"Lau\u017eyti skandinavi\u0161kus stereotipus"},"content":{"rendered":"\n<p class=\"wp-block-paragraph\">Yra daug \u012fvairi\u0173 skandinavi\u0161k\u0173 stereotip\u0173, ir \u0161iandien mes sulau\u017eysime kelet\u0105 labiausiai paplitusi\u0173. Mes jau nebe<a href=\"http:\/\/scandinavia.life\/lt\/vikingu-laivu-muziejus\/\"> vikingai<\/a> daugelis \u017emoni\u0173 vis dar asocijuojasi su mumis, taip pat neturime balt\u0173j\u0173 loki\u0173, vaik\u0161tan\u010di\u0173 gatv\u0117mis. Pa\u017ei\u016br\u0117kime, kokie mes i\u0161 tikr\u0173j\u0173 esame skandinavai. <\/p>\n\n<h2 class=\"wp-block-heading\"><strong>Ne visi esame \u0161vies\u016bs, m\u0117lynomis akimis:<\/strong><\/h2>\n\n<p class=\"wp-block-paragraph\">\u017di\u016br\u0117k, suprantu. \u010cia gana da\u017eni \u0161vies\u016bs plaukai ir m\u0117lynos akys, ta\u010diau toli gra\u017eu ne visi tai turi. Ties\u0105 sakant, ruda \u010dia i\u0161 esm\u0117s yra tokia pat \u012fprasta. Taip pat,<a href=\"https:\/\/ourworldindata.org\/human-height\"> ne visi esame labai auk\u0161ti<\/a> . Kai kurie i\u0161 m\u016bs\u0173 yra auk\u0161ti, kai kurie &#8211; trumpi. Visai kaip ir visame pasaulyje. \u017dinoma, mes vidutini\u0161kai galime b\u016bti \u0161iek tiek auk\u0161tesni nei daugelis pasaulio \u0161ali\u0173, ta\u010diau tai nerei\u0161kia, kad negalite b\u016bti trumpas skandinavas!<br\/><\/p>\n\n<h2 class=\"wp-block-heading\"><strong>Balt\u0173j\u0173 loki\u0173 n\u0117ra<\/strong> &#8230;<\/h2>\n\n<p class=\"wp-block-paragraph\">Rimtai, i\u0161 kur \u0161is? Kiek \u017einau, Skandinavijoje niekada nebuvo balt\u0173j\u0173 loki\u0173, net \u0161iaurin\u0117je Norvegijoje ar \u0160vedijoje. \u017dinoma, \u017eiemos b\u016bna \u0161altos ir tikrai turime normali\u0173 loki\u0173, ta\u010diau neturime n\u0117 vieno baltosios me\u0161kos! Vienintel\u0117 Skandinavijos dalis, kurioje galite pamatyti balt\u0105j\u012f lok\u012f u\u017e zoologijos sodo rib\u0173<a href=\"http:\/\/scandinavia.life\/lt\/svalbardas-arkties-patirtis\/\"> Svalbardas<\/a> (i\u0161 tikr\u0173j\u0173 Norvegijos dalis). Kur galima paklausti, kur yra Svalbardas? Tai sala, esanti ma\u017edaug 500 myli\u0173 \u012f \u0161iaur\u0119 nuo \u0161iaurin\u0117s Norvegijos pakrant\u0117s. I\u0161 esm\u0117s, jei norite pamatyti poliarinius lokius, turite sumok\u0117ti u\u017e zoologijos sod\u0105 arba keliauti tikrai toli \u012f \u0161iaur\u0119. <\/p>\n\n<h2 class=\"wp-block-heading\"><strong>Mes turime vasaras<\/strong> &#8230;<\/h2>\n\n<p class=\"wp-block-paragraph\">I\u0161 tikr\u0173j\u0173 visoje Skandinavijoje yra vasara<a href=\"https:\/\/www.pandotrip.com\/top-10-things-to-see-and-do-during-scandinavian-summer-29185\/\"> kelis m\u0117nesius per metus<\/a>. \u017dinoma, \u017eiemos b\u016bna \u0161altos, bet vasara &#8211; tikrai \u0161ilta. Ties\u0105 sakant, \u0161iltos ir \u0161viesios vasaros mums padeda i\u0161gyventi \u0161altas ir tamsias \u017eiemas. Jei keliausite \u012f \u0161iaurin\u0119 Skandinavijos dal\u012f, pamatysite ka\u017ek\u0105 vadinamo \u201emidnattssol\u201c. Tai rei\u0161kia vidurnakt\u012f ir yra b\u016btent tai, saul\u0117 vidurnakt\u012f. Saul\u0117 niekada nenusileid\u017eia, ji \u0161viesi 24 valandas per par\u0105. Prie\u0161ingai, saul\u0117 niekada nepakyla \u017eiem\u0105., Tamsu 24 valandas per par\u0105. <\/p>\n\n<p class=\"wp-block-paragraph\">Bet kod\u0117l mes turime tokias gra\u017eias vasaras taip toli \u012f \u0161iaur\u0119? D\u0117l to, kas vadinama \u201eGulfstream\u201c. Jis atne\u0161a \u0161ilt\u0105 vanden\u012f ir or\u0105 i\u0161 piet\u0173 ir suteikia mums gana \u0161veln\u0173 klimat\u0105 i\u0161tisus metus. Be jo \u010dia greitai at\u0161alt\u0173, tod\u0117l esame labai laimingi, kad jis egzistuoja. <\/p>\n\n<h2 class=\"wp-block-heading\"><strong>Mes nebijome kit\u0173 \u017emoni\u0173<\/strong> &#8230;<\/h2>\n\n<p class=\"wp-block-paragraph\">\u017dinoma, mes klausom\u0117s prie dur\u0173, kad nesutiktume ko nors laiptais. \u017dinoma, mes laukiame autobuso keli\u0173 metr\u0173 atstumu vienas nuo kito. \u017dinoma, mes niekada nekalbame vie\u0161uoju transportu. Gerai, galb\u016bt mes bijome kit\u0173 \u017emoni\u0173. Tuo pa\u010diu galime b\u016bti tikrai atviri su \u017emon\u0117mis, kuriuos jau pa\u017e\u012fstame. Vakarien\u0117s, ypa\u010d vasar\u0105, yra normalios. Po darbo &#8211; tendencija, kuri tikrai traukia. <br\/><\/p>\n\n<p class=\"wp-block-paragraph\">Taigi, kokia tada yra m\u016bs\u0173 problema? Ar mes atviri<a href=\"https:\/\/www.vox.com\/science-and-health\/2017\/1\/28\/14425658\/fear-of-refugees-explained\"> ar mes bijome vienas kito<\/a> ? Mes nebijome \u017emoni\u0173, mes bijome svetim\u0173. Einant ir kalbantis su visi\u0161kai nepa\u017e\u012fstamu \u017emogumi, tai yra baisiausia, k\u0105 galime \u012fsivaizduoti. Mes kalbame su \u017emon\u0117mis, kuriuos pa\u017e\u012fstame, o ne su nepa\u017e\u012fstamais \u017emon\u0117mis. Tada kaip mes pa\u017e\u012fstame naujus \u017emones? S\u0105\u017einingai neturiu supratimo. <\/p>\n\n<h2 class=\"wp-block-heading\"><strong>Mes m\u0117gstame eiles<\/strong><\/h2>\n\n<p class=\"wp-block-paragraph\">\u010cia yra stereotipas, kurio nereikia lau\u017eyti, nes tai tiesa. Visoje Skandinavijoje rasite eili\u0173. \u012edomus dalykas &#8211; niekas niekada nevaik\u0161to pro eil\u0119 . Kada nors. Ta\u010diau eil\u0117 gali b\u016bti i\u0161sklaidyta, mes visi \u017einome, kas yra u\u017e m\u016bs\u0173 ir kas yra prie\u0161ais mus. Jei atvykstate \u012f Skandinavij\u0105, geriau i\u0161mokite taisyklingai eiliuoti.<br\/><br\/><\/p>\n","protected":false},"excerpt":{"rendered":"<p>Yra daug \u012fvairi\u0173 skandinavi\u0161k\u0173 stereotip\u0173, ir \u0161iandien mes sulau\u017eysime kelet\u0105 labiausiai paplitusi\u0173. Mes jau nebe vikingai daugelis \u017emoni\u0173 vis dar asocijuojasi su mumis, taip pat neturime balt\u0173j\u0173 loki\u0173, vaik\u0161tan\u010di\u0173 gatv\u0117mis. Pa\u017ei\u016br\u0117kime, kokie mes i\u0161 tikr\u0173j\u0173 esame skandinavai. Ne visi esame \u0161vies\u016bs, m\u0117lynomis akimis: \u017di\u016br\u0117k, suprantu. \u010cia gana da\u017eni \u0161vies\u016bs plaukai ir m\u0117lynos akys, ta\u010diau toli<\/p>\n","protected":false},"author":1,"featured_media":14976,"comment_status":"closed","ping_status":"closed","sticky":false,"template":"","format":"standard","meta":{"footnotes":""},"categories":[1596,4323],"tags":[14408,14386,3612,14366,14350,2072,22790],"class_list":["post-25005","post","type-post","status-publish","format-standard","has-post-thumbnail","hentry","category-ikvepimas","category-lankytinos-vietos-skandinavijoje","tag-fauna-lt","tag-gyvunai","tag-kultura-lt","tag-metu-laikai","tag-orai","tag-vikingai","tag-zmones"],"_links":{"self":[{"href":"https:\/\/www.scandinavia.life\/lt\/wp-json\/wp\/v2\/posts\/25005","targetHints":{"allow":["GET"]}}],"collection":[{"href":"https:\/\/www.scandinavia.life\/lt\/wp-json\/wp\/v2\/posts"}],"about":[{"href":"https:\/\/www.scandinavia.life\/lt\/wp-json\/wp\/v2\/types\/post"}],"author":[{"embeddable":true,"href":"https:\/\/www.scandinavia.life\/lt\/wp-json\/wp\/v2\/users\/1"}],"replies":[{"embeddable":true,"href":"https:\/\/www.scandinavia.life\/lt\/wp-json\/wp\/v2\/comments?post=25005"}],"version-history":[{"count":1,"href":"https:\/\/www.scandinavia.life\/lt\/wp-json\/wp\/v2\/posts\/25005\/revisions"}],"predecessor-version":[{"id":143779,"href":"https:\/\/www.scandinavia.life\/lt\/wp-json\/wp\/v2\/posts\/25005\/revisions\/143779"}],"wp:featuredmedia":[{"embeddable":true,"href":"https:\/\/www.scandinavia.life\/lt\/wp-json\/wp\/v2\/media\/14976"}],"wp:attachment":[{"href":"https:\/\/www.scandinavia.life\/lt\/wp-json\/wp\/v2\/media?parent=25005"}],"wp:term":[{"taxonomy":"category","embeddable":true,"href":"https:\/\/www.scandinavia.life\/lt\/wp-json\/wp\/v2\/categories?post=25005"},{"taxonomy":"post_tag","embeddable":true,"href":"https:\/\/www.scandinavia.life\/lt\/wp-json\/wp\/v2\/tags?post=25005"}],"curies":[{"name":"wp","href":"https:\/\/api.w.org\/{rel}","templated":true}]}}