{"id":122291,"date":"2023-01-02T09:22:43","date_gmt":"2023-01-02T09:22:43","guid":{"rendered":"http:\/\/scandinavia.life\/laimigu-jauno-2023-gadu-no-visas-skandinavijas\/"},"modified":"2025-07-02T20:28:21","modified_gmt":"2025-07-02T20:28:21","slug":"laimigu-jauno-2023-gadu-no-visas-skandinavijas","status":"publish","type":"post","link":"https:\/\/www.scandinavia.life\/lv\/laimigu-jauno-2023-gadu-no-visas-skandinavijas\/","title":{"rendered":"Laim\u012bgu jauno 2023. gadu no visas Skandin\u0101vijas"},"content":{"rendered":"\n<p class=\"wp-block-paragraph\">Jaun\u0101 2023. gada priek\u0161vakar\u0101 pils\u0113t\u0101s un rajonos vis\u0101 Skandin\u0101vij\u0101 vald\u012bja nepr\u0101ts, jo iedz\u012bvot\u0101ji bija saj\u016bsm\u0101. Ziemassv\u0113tku rot\u0101jumiem joproj\u0101m \u012br\u0113jot vietu gar galvenaj\u0101m iel\u0101m, tika p\u016bstas ugu\u0146o\u0161anas ier\u012bces, lai tikai paustu v\u0113l viena jaun\u0101 gada prieku. Cilv\u0113ki nepadev\u0101s ziemas aukstumam un kupl\u0101 skait\u0101 izg\u0101ja lauk\u0101, m\u0113t\u0101j\u0101s ar v\u012bna gl\u0101z\u0113m, dal\u012bj\u0101s ar cigare\u0161u p\u012bp\u0113m un vienk\u0101r\u0161i laimi izpl\u016bda \u0101r\u0101. T\u0101s jaunais gads un jauns s\u0101kums, ka neviens nevar\u0113ja aiztur\u0113t no svin\u012bb\u0101m.  <\/p>\n\n<figure class=\"wp-block-embed is-type-video is-provider-youtube wp-block-embed-youtube wp-embed-aspect-16-9 wp-has-aspect-ratio\"><div class=\"wp-block-embed__wrapper\">\n<iframe loading=\"lazy\" title=\"Happy New Year Live! \ud83c\udf86 London Fireworks 2023 \ud83d\udd34 BBC\" width=\"960\" height=\"540\" src=\"https:\/\/www.youtube.com\/embed\/2FcDNi1HkfI?feature=oembed\" frameborder=\"0\" allow=\"accelerometer; autoplay; clipboard-write; encrypted-media; gyroscope; picture-in-picture; web-share\" referrerpolicy=\"strict-origin-when-cross-origin\" allowfullscreen><\/iframe>\n<\/div><figcaption class=\"wp-element-caption\"><strong><em>Viss par jauno gadu vis\u0101 pasaul\u0113<\/em><\/strong><\/figcaption><\/figure>\n\n<p class=\"wp-block-paragraph\">Ja ir k\u0101di divi notikumi Gregora kalend\u0101r\u0101, kas patie\u0161\u0101m apbur un liek skandin\u0101viem b\u016bt \u013coti akt\u012bviem, tad tie ir \u0161\u0101di. <em>\n  <strong>Ziemassv\u0113tki<\/strong>\n<\/em> un Jaunais gads. Skandin\u0101vi vienm\u0113r ir saj\u016bta, ka vi\u0146i atdz\u012bvojas un nepak\u013caujas savai bie\u017ei vien garlaic\u012bgi aukstajai \u0101rienei. Vi\u0146i kliegs,<a href=\"http:\/\/scandinavia.life\/lv\/dzersanas-klubu-un-ballisu-kultura-danija\/\"> dzers, ball\u0113sies <\/a>un s\u016bt\u012bs d\u0101vanas k\u0101 traki. Ziemassv\u0113tku laik\u0101 valda nepr\u0101t\u012bgs sv\u0113tku noska\u0146ojums, kas turpin\u0101s ar\u012b jaunaj\u0101 gad\u0101.  <\/p>\n\n<h2 class=\"wp-block-heading\"><strong>Ziemassv\u0113tku egl\u012bte Skandin\u0101vij\u0101  <\/strong><\/h2>\n\n<p class=\"wp-block-paragraph\">Skandin\u0101vij\u0101 p\u0101rsteidz tas, k\u0101 vi\u0146i reli\u0123iski nodod trad\u012bcijas no paaudzes paaudz\u0113, gandr\u012bz nevainojami. Tradicion\u0101l\u0101 Ziemassv\u0113tku egl\u012bte, kas ir galvenais sv\u0113tku simbols, protams, l\u012bdz\u0101s. <em><strong>Ziemassv\u0113tku vec\u012btim<\/strong> <\/em>sv\u0113tku laik\u0101 nekad netr\u016bkst m\u0101j\u0101s. Parasti Ziemassv\u0113tku egl\u012bte tiek dievin\u0101ta, un t\u0101 tiek rot\u0101ta ar rot\u0101jumiem, sve\u010dturiem, lent\u012bt\u0113m, zeltu, sudrabu un citiem rot\u0101jumiem. Koks k\u013c\u016bst tik est\u0113tiski spilgts, t\u0101pat k\u0101 visu apk\u0101rt\u0113jo sejas.  <\/p>\n\n<figure class=\"wp-block-image size-large\"><img loading=\"lazy\" decoding=\"async\" width=\"716\" height=\"1024\" src=\"https:\/\/scandinavia.life\/wp-content\/uploads\/2023\/01\/lasse-bergqvist-gQLB1hykPPc-unsplash-716x1024.jpg\" alt=\"\" class=\"wp-image-100905\" srcset=\"https:\/\/www.scandinavia.life\/wp-content\/uploads\/2023\/01\/lasse-bergqvist-gQLB1hykPPc-unsplash-716x1024.jpg 716w, https:\/\/www.scandinavia.life\/wp-content\/uploads\/2023\/01\/lasse-bergqvist-gQLB1hykPPc-unsplash-210x300.jpg 210w, https:\/\/www.scandinavia.life\/wp-content\/uploads\/2023\/01\/lasse-bergqvist-gQLB1hykPPc-unsplash-768x1098.jpg 768w, https:\/\/www.scandinavia.life\/wp-content\/uploads\/2023\/01\/lasse-bergqvist-gQLB1hykPPc-unsplash-1074x1536.jpg 1074w, https:\/\/www.scandinavia.life\/wp-content\/uploads\/2023\/01\/lasse-bergqvist-gQLB1hykPPc-unsplash-1432x2048.jpg 1432w, https:\/\/www.scandinavia.life\/wp-content\/uploads\/2023\/01\/lasse-bergqvist-gQLB1hykPPc-unsplash-scaled.jpg 1790w\" sizes=\"auto, (max-width: 716px) 100vw, 716px\" \/><figcaption class=\"wp-element-caption\"><em><strong>Ziemassv\u0113tku egl\u012bte ievada liel\u0101s svin\u012bbas Skandin\u0101vij\u0101<\/strong><\/em><\/figcaption><\/figure>\n\n<p class=\"wp-block-paragraph\">S\u012bk\u0101ku inform\u0101ciju par skandin\u0101vu Ziemassv\u0113tku egl\u012bti var atrast <a href=\"https:\/\/scandification.com\/how-to-get-the-scandinavian-christmas-tree-look\/\">\u0161eit<\/a>.  <\/p>\n\n<p class=\"wp-block-paragraph\">Vien\u012bgais, par ko m\u0113s varam piekrist, ir tas, ka Skandin\u0101vij\u0101 Ziemassv\u0113tki nekad netiek svin\u0113ti bez Ziemassv\u0113tku egl\u012btes. Dienu pirms liel\u0101s dienas cilv\u0113ki s\u0101k gatavot un rot\u0101t egl\u012bti. Lai to izgatavotu, ir nepiecie\u0161amas gaismas un da\u017e\u0101das lietas. Tiem, kuri var piek\u013c\u016bt kokam pa\u0161i, ir iesp\u0113jams nok\u0101pt me\u017e\u0101 un uz\u0146emt egli. T\u0101s apbr\u012bnojam\u0101 forma labi kompens\u0113 Ziemassv\u0113tku egl\u012bti. Bet tie, kas dz\u012bvo pils\u0113t\u0101s, vienm\u0113r var ieg\u0101d\u0101ties no p\u0101rdev\u0113jiem. Paties\u012bb\u0101 m\u0101ksl\u012bgo rot\u0101jumu cien\u012bt\u0101ji izmanto dekorat\u012bv\u0101s plastmasas egl\u012btes.  <\/p>\n\n<p class=\"wp-block-paragraph\">Ir daudz deta\u013cu par Ziemassv\u0113tku svin\u012bb\u0101m, ar t\u0101m saist\u012btaj\u0101m trad\u012bcij\u0101m, \u0113dieniem un svin\u012bb\u0101m, kas t\u0101m seko. \u0160\u012bs un daudz specifisk\u0101kas nor\u0101des ir atrodamas \u0161eit.  <\/p>\n\n<h2 class=\"wp-block-heading\"><strong>Jaun\u0101 gada svin\u012bbu trakums Skandin\u0101vij\u0101<\/strong><\/h2>\n\n<p class=\"wp-block-paragraph\">Jaun\u0101 gada sagaid\u012b\u0161ana nav viegls uzdevums vis\u0101 pasaul\u0113. No Sidnejas l\u012bdz Havaju sal\u0101m un visur citur cilv\u0113ki nov\u0113rt\u0113 \u0161o br\u012bdi, kas notiek tikai reizi gad\u0101. Liel\u0101kaj\u0101 da\u013c\u0101 gad\u012bjumu jaunais gads mums visiem ir t\u012brs laiks, kad varam rakst\u012bt jaunas ap\u0146em\u0161an\u0101s, veidot jaunus pl\u0101nus un iez\u012bm\u0113t jaunus ce\u013cus. Jaunaj\u0101 gad\u0101 tiek pie\u0146emti daudzi l\u0113mumi, kad m\u0113s izv\u0113rt\u0113jam tikko aizvad\u012bto gadu. Skandin\u0101vij\u0101 situ\u0101cija nav cit\u0101da. Paties\u012bb\u0101 jaun\u0101 gada noska\u0146ojums ir tik uzl\u0101d\u0113ts.  <\/p>\n\n<figure class=\"wp-block-image size-large\"><img loading=\"lazy\" decoding=\"async\" width=\"683\" height=\"1024\" src=\"https:\/\/scandinavia.life\/wp-content\/uploads\/2023\/01\/zuza-galczynska-c5_eQi4rrjA-unsplash-683x1024.jpg\" alt=\"\" class=\"wp-image-100929\" srcset=\"https:\/\/www.scandinavia.life\/wp-content\/uploads\/2023\/01\/zuza-galczynska-c5_eQi4rrjA-unsplash-683x1024.jpg 683w, https:\/\/www.scandinavia.life\/wp-content\/uploads\/2023\/01\/zuza-galczynska-c5_eQi4rrjA-unsplash-200x300.jpg 200w, https:\/\/www.scandinavia.life\/wp-content\/uploads\/2023\/01\/zuza-galczynska-c5_eQi4rrjA-unsplash-768x1152.jpg 768w, https:\/\/www.scandinavia.life\/wp-content\/uploads\/2023\/01\/zuza-galczynska-c5_eQi4rrjA-unsplash-1024x1536.jpg 1024w, https:\/\/www.scandinavia.life\/wp-content\/uploads\/2023\/01\/zuza-galczynska-c5_eQi4rrjA-unsplash-1365x2048.jpg 1365w, https:\/\/www.scandinavia.life\/wp-content\/uploads\/2023\/01\/zuza-galczynska-c5_eQi4rrjA-unsplash-scaled.jpg 1706w\" sizes=\"auto, (max-width: 683px) 100vw, 683px\" \/><figcaption class=\"wp-element-caption\"><strong><em>Hurrah, mums jauns gads<\/em><\/strong><\/figcaption><\/figure>\n\n<p class=\"wp-block-paragraph\">Ugu\u0146o\u0161ana, ugu\u0146o\u0161ana, svilpieni, kliedzieni, ball\u012btes, l\u012bksm\u012bbas &#8211; to Skandin\u0101vij\u0101 noz\u012bm\u0113 jaunais gads. Vairum\u0101 gad\u012bjumu cilv\u0113ki aizdedzina sveces atpaka\u013cskait\u012b\u0161anas laik\u0101, un p\u0113d\u0113j\u0101 svec\u012bte tiek aizdegta gada p\u0113d\u0113j\u0101 dien\u0101. T\u0101s nekad nav garlaic\u012bgi, lai neteiktu vair\u0101k.<\/p>\n\n<p class=\"wp-block-paragraph\">Tie, kuri patie\u0161\u0101m v\u0113las izbaud\u012bt Jaungada vakaru, pulc\u0113jas grup\u0101s kop\u0101 ar draugiem un \u0123imeni. Pie dz\u0113rieniem un \u0113dieniem cilv\u0113ki paliek l\u012bdz v\u0113lai naktij. Da\u017eas min\u016btes l\u012bdz jaun\u0101 gada s\u0101kumam skandin\u0101vi dodas \u0101r\u0101 ar ugu\u0146o\u0161anas ier\u012bc\u0113m un izgaismo debesis, lai svin\u0113tu sv\u0113tkus.  <\/p>\n\n<p class=\"wp-block-paragraph\"><a href=\"https:\/\/www.fiftydegreesnorth.com\/eu\/article\/new-years-eve-fireworks-in-the-nordic-capitals\">Jaun\u0101 gada svin\u012bbas<\/a> vis\u0101 Skandin\u0101vij\u0101 ir gandr\u012bz l\u012bdz\u012bgas, un pat viesi var viegli iesaist\u012bties. Tas vienm\u0113r ir br\u012bdis, kad pat introverti cilv\u0113ki uz \u012bsu br\u012bdi atveras, lai baud\u012btu. Ja k\u0101d\u0101 no \u0161iem Jaun\u0101 gada priek\u0161vakariem nok\u013c\u016bsiet Skandin\u0101vij\u0101, esiet gatavi piedz\u012bvot dz\u012bves mirk\u013cus.  <\/p>\n","protected":false},"excerpt":{"rendered":"<p>Jaun\u0101 2023. gada priek\u0161vakar\u0101 pils\u0113t\u0101s un rajonos vis\u0101 Skandin\u0101vij\u0101 vald\u012bja nepr\u0101ts, jo iedz\u012bvot\u0101ji bija saj\u016bsm\u0101. Ziemassv\u0113tku rot\u0101jumiem joproj\u0101m \u012br\u0113jot vietu gar galvenaj\u0101m iel\u0101m, tika p\u016bstas ugu\u0146o\u0161anas ier\u012bces, lai tikai paustu v\u0113l viena jaun\u0101 gada prieku. Cilv\u0113ki nepadev\u0101s ziemas aukstumam un kupl\u0101 skait\u0101 izg\u0101ja lauk\u0101, m\u0113t\u0101j\u0101s ar v\u012bna gl\u0101z\u0113m, dal\u012bj\u0101s ar cigare\u0161u p\u012bp\u0113m un vienk\u0101r\u0161i laimi<\/p>\n","protected":false},"author":1,"featured_media":100966,"comment_status":"closed","ping_status":"closed","sticky":false,"template":"","format":"standard","meta":{"footnotes":""},"categories":[1550],"tags":[],"class_list":["post-122291","post","type-post","status-publish","format-standard","has-post-thumbnail","hentry","category-dzivo"],"_links":{"self":[{"href":"https:\/\/www.scandinavia.life\/lv\/wp-json\/wp\/v2\/posts\/122291","targetHints":{"allow":["GET"]}}],"collection":[{"href":"https:\/\/www.scandinavia.life\/lv\/wp-json\/wp\/v2\/posts"}],"about":[{"href":"https:\/\/www.scandinavia.life\/lv\/wp-json\/wp\/v2\/types\/post"}],"author":[{"embeddable":true,"href":"https:\/\/www.scandinavia.life\/lv\/wp-json\/wp\/v2\/users\/1"}],"replies":[{"embeddable":true,"href":"https:\/\/www.scandinavia.life\/lv\/wp-json\/wp\/v2\/comments?post=122291"}],"version-history":[{"count":1,"href":"https:\/\/www.scandinavia.life\/lv\/wp-json\/wp\/v2\/posts\/122291\/revisions"}],"predecessor-version":[{"id":154673,"href":"https:\/\/www.scandinavia.life\/lv\/wp-json\/wp\/v2\/posts\/122291\/revisions\/154673"}],"wp:featuredmedia":[{"embeddable":true,"href":"https:\/\/www.scandinavia.life\/lv\/wp-json\/wp\/v2\/media\/100966"}],"wp:attachment":[{"href":"https:\/\/www.scandinavia.life\/lv\/wp-json\/wp\/v2\/media?parent=122291"}],"wp:term":[{"taxonomy":"category","embeddable":true,"href":"https:\/\/www.scandinavia.life\/lv\/wp-json\/wp\/v2\/categories?post=122291"},{"taxonomy":"post_tag","embeddable":true,"href":"https:\/\/www.scandinavia.life\/lv\/wp-json\/wp\/v2\/tags?post=122291"}],"curies":[{"name":"wp","href":"https:\/\/api.w.org\/{rel}","templated":true}]}}