{"id":76139,"date":"2022-08-19T20:21:37","date_gmt":"2022-08-19T20:21:37","guid":{"rendered":"http:\/\/scandinavia.life\/koss-murgs-nomainot-arvalstu-autovaditaja-apliecibu-pret-danijas-vaditaja-apliecibu-2\/"},"modified":"2024-08-03T10:11:49","modified_gmt":"2024-08-03T10:11:49","slug":"koss-murgs-nomainot-arvalstu-autovaditaja-apliecibu-pret-danijas-vaditaja-apliecibu-2","status":"publish","type":"post","link":"https:\/\/www.scandinavia.life\/lv\/koss-murgs-nomainot-arvalstu-autovaditaja-apliecibu-pret-danijas-vaditaja-apliecibu-2\/","title":{"rendered":"Ko\u0161s murgs, nomainot \u0101rvalstu autovad\u012bt\u0101ja apliec\u012bbu pret D\u0101nijas vad\u012bt\u0101ja apliec\u012bbu"},"content":{"rendered":"\n<p class=\"wp-block-paragraph\">Pl\u0101nojot p\u0101rcel\u0161anos uz D\u0101niju no \u0101rzem\u0113m, cilv\u0113ki, visticam\u0101k, aizmirst par noteikt\u0101m prasm\u0113m, kas v\u0113l\u0101k k\u013c\u016bst nepiecie\u0161amas. \u0100rzemniekiem, kas ierodas D\u0101nij\u0101, teiksim, no \u0100frikas vai \u0100zijas, t\u0101das lietas k\u0101 autovad\u012bt\u0101ja apliec\u012bba ir k\u0101 sapnis. Iesp\u0113jams, j\u016bs saprotat, ka da\u017e\u0101s valst\u012bs automa\u0161\u012bnas ieg\u0101de ir luksusa lieta. \u0160\u012b realit\u0101te at\u0161\u0137iras no D\u0101nijas, kur pat pusaud\u017ei brauc ar modern\u0101m automa\u0161\u012bn\u0101m. Tiem laim\u012bgajiem, kuri pirms do\u0161an\u0101s uz D\u0101niju apg\u016bst autovad\u012b\u0161anas apm\u0101c\u012bbu, \u012bst\u0101 pieredze rodas tad, kad main\u0101s automa\u0161\u012bnas.<\/p>\n\n<p class=\"wp-block-paragraph\">Vairum\u0101 gad\u012bjumu cilv\u0113ki dom\u0101, ka vi\u0146u \u0101rzemju autovad\u012bt\u0101ja apliec\u012bba autom\u0101tiski tiks pie\u0146emta, lai to nomain\u012btu pret D\u0101nijas vad\u012bt\u0101ja apliec\u012bbu. T\u0101lu no t\u0101. Faktiskais mai\u0146as process var b\u016bt gr\u016bts, un da\u017ei cilv\u0113ki ar v\u0101ju sirdi pat atsak\u0101s no t\u0101. Ir tik daudz st\u0101stu par \u0101rzemniekiem, kuri, uzs\u0101kot autovad\u012bt\u0101ja apliec\u012bbas mai\u0146as procesu, non\u0101k strupce\u013c\u0101, lai nok\u0101rtotu praktiskos un teor\u0113tiskos brauk\u0161anas eks\u0101menus D\u0101nij\u0101.  <\/p>\n\n<p class=\"wp-block-paragraph\">Nem\u0113\u0123inot nevienu bied\u0113t vai padar\u012bt to neiesp\u0113jamu, autovad\u012bt\u0101ja apliec\u012bbas mai\u0146a uz D\u0101nijas apliec\u012bbu nav vienk\u0101r\u0161s process, Tas nav tas, ko j\u016bs iedom\u0101j\u0101ties, ka vienk\u0101r\u0161i paraksta p\u0101ris pap\u012bru un tad huh! j\u016bs esat gatavs. P\u016bks n\u0113. Pirms D\u0101nijas vad\u012bt\u0101ja apliec\u012bbas izsnieg\u0161anas jums b\u016bs j\u0101iziet krimin\u0101listikas p\u0101rbaudes, j\u0101re\u0123istr\u0113jas autoskol\u0101, j\u0101nok\u0101rto gan teorijas, gan praktiskie eks\u0101meni.  <\/p>\n\n<p class=\"wp-block-paragraph\">Ieteicams izlas\u012bt: <a href=\"http:\/\/scandinavia.life\/lv\/autovaditaja-aplieciba-danija\/#more-2927\">Autovad\u012bt\u0101ja apliec\u012bba D\u0101nij\u0101<\/a><\/p>\n\n<h2 class=\"wp-block-heading\">\u0100rzemnieka statusa transportl\u012bdzek\u013ca vad\u012b\u0161ana D\u0101nij\u0101<\/h2>\n\n<p class=\"wp-block-paragraph\">Baudot apbr\u012bnojamo uztur\u0113\u0161anos D\u0101nij\u0101, brauk\u0161ana ar priv\u0101to automa\u0161\u012bnu k\u013c\u016bst par t\u0101s glaz\u016bru. Protams, j\u016bs v\u0113laties iepaz\u012bt un p\u0101rvietoties pa D\u0101niju, kas nav viegli ar sabiedrisko transportu. Ja jums ir sava automa\u0161\u012bna un prasme vad\u012bt automa\u0161\u012bnu, tas b\u016bs laba apdro\u0161in\u0101\u0161ana j\u016bsu komfortam D\u0101nij\u0101. D\u0101nij\u0101 auto, ar ko braukt, nekad nav liels izaicin\u0101jums. Paties\u0101 v\u0113rt\u012bba ir autovad\u012bt\u0101ja apliec\u012bba.  <\/p>\n\n<p class=\"wp-block-paragraph\">Sabiedriskais transports ir perfekti saska\u0146ots ar grafikiem. Ta\u010du priv\u0101ta automa\u0161\u012bna un autovad\u012bt\u0101ja dokuments <a href=\"http:\/\/scandinavia.life\/lv\/autovaditaja-aplieciba-danija\/#more-2927\">sniedz jums zin\u0101mu elast\u012bbas, kontroles un uzticam\u012bbas l\u012bmeni<\/a>. Past\u0101v ar\u012b \u013coti liela iesp\u0113ja, ka jums k\u0101 \u0101rzemniekam D\u0101nij\u0101 jau pieder automa\u0161\u012bna m\u0101j\u0101s un jums ir autovad\u012bt\u0101ja apliec\u012bba.<\/p>\n\n<p class=\"wp-block-paragraph\">T\u0101p\u0113c, atrodoties D\u0101nij\u0101, jums, protams, b\u016bs diezgan sare\u017e\u0123\u012bti izmantot sabiedrisko transportu. T\u0101p\u0113c spiediens ieg\u0101d\u0101ties automa\u0161\u012bnu un s\u0101kt braukt b\u016bs \u0101rk\u0101rt\u012bgi liels. Tom\u0113r autovad\u012bt\u0101ja apliec\u012bba D\u0101nij\u0101 var izmaks\u0101t vai nu gandr\u012bz neko, vai ar\u012b \u013coti d\u0101rgi iekr\u0101pties j\u016bsu kabat\u0101s.  <\/p>\n\n<h2 class=\"wp-block-heading\">  Vai D\u0101nij\u0101 past\u0101v univers\u0101ls autovad\u012bt\u0101ja apliec\u012bbas ieg\u016b\u0161anas standarts?<\/h2>\n\n<p class=\"wp-block-paragraph\">J\u016bs nevarat vienk\u0101r\u0161i s\u0101kt braukt D\u0101nij\u0101, negaidot, ka tiks iev\u0113rota pareiz\u0101 proced\u016bra. Protams, jums j\u0101p\u0101rliecin\u0101s, ka j\u016bsu \u0101rvalstu autovad\u012bt\u0101ja apliec\u012bba ir reglament\u0113ta un at\u013cauta darbam D\u0101nij\u0101.  <\/p>\n\n<p class=\"wp-block-paragraph\">Lai gan brauk\u0161anai D\u0101nij\u0101 ar \u0101rzemju autovad\u012bt\u0101ja apliec\u012bbu ir noteikta proced\u016bra, nav univers\u0101la standarta autovad\u012bt\u0101ja apliec\u012bbas ieg\u016b\u0161anai. Tas noz\u012bm\u0113, ka gan <a href=\"https:\/\/www.insider.com\/countries-cost-price-driver-license-comparison-2018-9\">izmaksas,<\/a> gan <a href=\"https:\/\/www.insider.com\/countries-cost-price-driver-license-comparison-2018-9\">gr\u016bt\u012bbas, kas saist\u012btas ar autovad\u012bt\u0101ja apliec\u012bbas ieg\u016b\u0161anu D\u0101nij\u0101, ir \u013coti at\u0161\u0137ir\u012bgas<\/a>. Par nodarb\u012bbu un apm\u0101c\u012bbu stund\u0101m var b\u016bt j\u0101maks\u0101 papildu maksa, kas var pieaugt.  <\/p>\n\n<p class=\"wp-block-paragraph\">Ta\u010du kopum\u0101 autovad\u012bt\u0101ja apliec\u012bbas ieg\u016b\u0161anas proced\u016bra D\u0101nij\u0101 ir diezgan standarta, ta\u010du \u013coti d\u0101rga. Tas viss kop\u0101 veido teorijas nodarb\u012bbu, teorijas eks\u0101mena, brauk\u0161anas nodarb\u012bbu un brauk\u0161anas eks\u0101mena izmaksas. D\u0101nij\u0101 tas parasti maks\u0101 10 000 DKK.<\/p>\n\n<h2 class=\"wp-block-heading\">ES\/EEZ \u0101rzemju vad\u012bt\u0101ja apliec\u012bbas apmai\u0146a pret D\u0101nijas vad\u012bt\u0101ja apliec\u012bbu<\/h2>\n\n<p class=\"wp-block-paragraph\">\u0100rvalstu rezidentiem D\u0101nij\u0101 p\u0113c p\u0101rcel\u0161an\u0101s uz D\u0101niju ir j\u0101nomaina sava \u0101rzemju vad\u012bt\u0101ja apliec\u012bba pret D\u0101nijas vad\u012bt\u0101ja apliec\u012bbu. Noteikumi un nosac\u012bjumi, kas attiecas uz j\u016bsu \u0101rzemju vad\u012bt\u0101ja apliec\u012bbas apmai\u0146u pret D\u0101nijas vad\u012bt\u0101ja apliec\u012bbu, ir atkar\u012bgi no valsts, kas izsniegusi j\u016bsu s\u0101kotn\u0113jo vad\u012bt\u0101ja apliec\u012bbu.  <\/p>\n\n<p class=\"wp-block-paragraph\">Tom\u0113r ir paredz\u0113ts, ka j\u016bsu \u0101rzemju vad\u012bt\u0101ja apliec\u012bba j\u0101nomaina 180 dienu laik\u0101 p\u0113c iece\u013co\u0161anas D\u0101nij\u0101. Tas parasti ir sp\u0113k\u0101 no dienas, kad esat ieradies valst\u012b ar m\u0113r\u0137i uztur\u0113ties.  <\/p>\n\n<p class=\"wp-block-paragraph\">Ja j\u016bsu vad\u012bt\u0101ja apliec\u012bba ir izdota EEZ un ES valst\u012bs, ir \u013coti iesp\u0113jams, ka varat to izmantot D\u0101nij\u0101. J\u016bs varat br\u012bvi apmain\u012bt \u0101rzemju vad\u012bt\u0101ja apliec\u012bbu pret D\u0101nijas vad\u012bt\u0101ja apliec\u012bbu, nemaks\u0101jot nek\u0101das izmaksas un neprasot nek\u0101dus papildu brauk\u0161anas eks\u0101menus.<\/p>\n\n<p class=\"wp-block-paragraph\">Lab\u0101s zi\u0146as ir pieejamas ar\u012b ikvienam, kam ir Austr\u0101lijas galvaspils\u0113tas, Braz\u012blijas, Jap\u0101nas, Dienvidkorejas, Krievijas, Ukrainas un \u0160veices autovad\u012bt\u0101ja apliec\u012bba. Ja j\u016bsu vad\u012bt\u0101ja apliec\u012bba ir izdota \u0161aj\u0101s valst\u012bs, varat to br\u012bvi apmain\u012bt pret D\u0101nijas vad\u012bt\u0101ja apliec\u012bbu.  <\/p>\n\n<p class=\"wp-block-paragraph\">Lai \u0161\u012b apmai\u0146a b\u016btu veiksm\u012bga, papildus jau eso\u0161ajai licencei jums j\u0101iesniedz ar\u012b \u0101rsta medic\u012bnisk\u0101s deklar\u0101cijas veidlapa. L\u012bdztekus tam ir j\u0101iesniedz ar\u012b parakst\u012bta rakstiska deklar\u0101cija, ka p\u0113d\u0113jo piecu gadu laik\u0101 jums nav bijusi liegta transportl\u012bdzek\u013ca vad\u012b\u0161anas ties\u012bbu at\u0146em\u0161ana. Turkl\u0101t j\u016bsu apliec\u012bba nedr\u012bkst b\u016bt izsniegta vai ierobe\u017eota ar \u012bpa\u0161iem nosac\u012bjumiem.  <\/p>\n\n<h2 class=\"wp-block-heading\">\u0100rvalstu autovad\u012bt\u0101ja apliec\u012bbas, kas nav ES\/EEZ dal\u012bbvalsts, apmai\u0146a pret D\u0101nijas vad\u012bt\u0101ja apliec\u012bbu<\/h2>\n\n<p class=\"wp-block-paragraph\">T\u0101das valstis k\u0101 Singap\u016bra, ASV, Austr\u0101lija, Kan\u0101da. Serbijai, Jaunz\u0113landei, Izra\u0113lai, Hercegovinai, \u010c\u012blei un Menas salai ir piem\u0113rojami tie pa\u0161i iepriek\u0161 min\u0113tie nosac\u012bjumi. Tom\u0113r jums papildus ir j\u0101iesniedz deklar\u0101cija, ka jums ir divu gadu faktisk\u0101 d\u0101\u0146u autovad\u012bt\u0101ja pieredze.  <\/p>\n\n<p class=\"wp-block-paragraph\">Tas noz\u012bm\u0113, ka jums ir j\u0101b\u016bt autovad\u012bt\u0101ja apliec\u012bbai un j\u0101b\u016bt akt\u012bvi vad\u012bju\u0161am transportl\u012bdzekli divus gadus. Lai gan Apvienot\u0101 Karaliste neietilpst iepriek\u0161 min\u0113taj\u0101 kategorij\u0101, tom\u0113r past\u0101v iesp\u0113ja, ka j\u016bs varat apmain\u012bt savu vad\u012bt\u0101ja apliec\u012bbu pret D\u0101nijas vad\u012bt\u0101ja apliec\u012bbu. Ta\u010du tas ir iesp\u0113jams tikai tad, ja tas atbilst ES noteikumiem pirms Brexit. Apvienot\u0101s Karalistes vad\u012bt\u0101ja apliec\u012bb\u0101m p\u0113c 2021. gada<sup>1. janv\u0101ra<\/sup> tiks piem\u0113rots t\u0101ds pats re\u017e\u012bms k\u0101 &#8220;tre\u0161o valstu&#8221; vad\u012bt\u0101ja apliec\u012bb\u0101m.<\/p>\n\n<p class=\"wp-block-paragraph\">Citu \u0101rvalstu autovad\u012bt\u0101ja apliec\u012bbu gad\u012bjum\u0101 personai ir ties\u012bbas to izmantot, lai brauktu D\u0101nij\u0101. Past\u0101v atruna, ka \u0161\u0101das \u0101rvalstu vad\u012bt\u0101ja apliec\u012bbas dr\u012bkst izmantot tikai uz laiku, kas nep\u0101rsniedz 90 dienas. Ta\u010du tas ir iesp\u0113jams tikai p\u0113c tam, kad esat re\u0123istr\u0113jies k\u0101 dz\u012bvojo\u0161s D\u0101nij\u0101. Noteikumi at\u013cauj izmantot \u0101rzemju autovad\u012bt\u0101ja apliec\u012bbas, kas iespiestas fran\u010du vai ang\u013cu valod\u0101. Ta\u010du D\u0101nijas noteikumi pie\u013cauj ar\u012b lat\u012b\u0146u valodas burtus ar tulkojumu ang\u013cu, d\u0101\u0146u vai fran\u010du valod\u0101.<\/p>\n\n<p class=\"wp-block-paragraph\">Ja j\u016bsu \u0101rzemju vad\u012bt\u0101ja apliec\u012bba neatbilst noteiktajiem nosac\u012bjumiem, pirms brauk\u0161anas D\u0101nij\u0101 jums b\u016bs j\u0101sa\u0146em starptautisk\u0101 vad\u012bt\u0101ja apliec\u012bba. D\u0101nij\u0101 to parasti d\u0113v\u0113 par &#8220;kontrollerende koreprove&#8221;. Kontrolbrauk\u0161anas eks\u0101mens \u013caus jums apmain\u012bt \u0101rzemju vad\u012bt\u0101ja apliec\u012bbu pret D\u0101nijas vad\u012bt\u0101ja apliec\u012bbu.  <\/p>\n\n<h2 class=\"wp-block-heading\">Jaunas autovad\u012bt\u0101ja apliec\u012bbas ieg\u016b\u0161ana D\u0101nij\u0101  <\/h2>\n\n<p class=\"wp-block-paragraph\"><a href=\"https:\/\/lifeinaalborg.wordpress.com\/2014\/03\/24\/driving-in-denmark-exchanging-ones-license\/\">Autovad\u012bt\u0101ja apliec\u012bbas apmai\u0146a D\u0101nij\u0101 notiek saska\u0146\u0101 ar da\u017e\u0101diem noteikumiem,<\/a> \u0146emot v\u0113r\u0101 j\u016bsu izcelsmes vietu. Tom\u0113r tiem, kam nekad nav bijusi autovad\u012bt\u0101ja apliec\u012bba, ir j\u0101iziet 7 stundu ilga pirm\u0101s pal\u012bdz\u012bbas snieg\u0161anas nodarb\u012bba satiksmes jom\u0101. Turkl\u0101t 28 teorijas nodarb\u012bbas, 4 praktisk\u0101s manevru trases nodarb\u012bbas, 16 satiksmes brauk\u0161anas nodarb\u012bbas un 4 progres\u012bv\u0101s brauk\u0161anas nodarb\u012bbas uz slidenas trases. Visi \u0161ie nosac\u012bjumi ir j\u0101izpilda, pirms j\u016bs varat k\u0101rtot teorijas un brauk\u0161anas eks\u0101menu.<\/p>\n","protected":false},"excerpt":{"rendered":"<p>Pl\u0101nojot p\u0101rcel\u0161anos uz D\u0101niju no \u0101rzem\u0113m, cilv\u0113ki, visticam\u0101k, aizmirst par noteikt\u0101m prasm\u0113m, kas v\u0113l\u0101k k\u013c\u016bst nepiecie\u0161amas. \u0100rzemniekiem, kas ierodas D\u0101nij\u0101, teiksim, no \u0100frikas vai \u0100zijas, t\u0101das lietas k\u0101 autovad\u012bt\u0101ja apliec\u012bba ir k\u0101 sapnis. Iesp\u0113jams, j\u016bs saprotat, ka da\u017e\u0101s valst\u012bs automa\u0161\u012bnas ieg\u0101de ir luksusa lieta. \u0160\u012b realit\u0101te at\u0161\u0137iras no D\u0101nijas, kur pat pusaud\u017ei brauc ar modern\u0101m<\/p>\n","protected":false},"author":1,"featured_media":73572,"comment_status":"closed","ping_status":"closed","sticky":false,"template":"","format":"standard","meta":{"footnotes":""},"categories":[1549,1550,2216],"tags":[37556,4684,38172,23831,38154,37538],"class_list":["post-76139","post","type-post","status-publish","format-standard","has-post-thumbnail","hentry","category-danija-lv","category-dzivo","category-parvietojas","tag-apmainit-vaditaja-apliecibu","tag-brauksana","tag-brauksanas-apmaciba","tag-brauksanas-testi","tag-danijas-vaditaja-aplieciba","tag-vaditaja-aplieciba-lv"],"_links":{"self":[{"href":"https:\/\/www.scandinavia.life\/lv\/wp-json\/wp\/v2\/posts\/76139","targetHints":{"allow":["GET"]}}],"collection":[{"href":"https:\/\/www.scandinavia.life\/lv\/wp-json\/wp\/v2\/posts"}],"about":[{"href":"https:\/\/www.scandinavia.life\/lv\/wp-json\/wp\/v2\/types\/post"}],"author":[{"embeddable":true,"href":"https:\/\/www.scandinavia.life\/lv\/wp-json\/wp\/v2\/users\/1"}],"replies":[{"embeddable":true,"href":"https:\/\/www.scandinavia.life\/lv\/wp-json\/wp\/v2\/comments?post=76139"}],"version-history":[{"count":8,"href":"https:\/\/www.scandinavia.life\/lv\/wp-json\/wp\/v2\/posts\/76139\/revisions"}],"predecessor-version":[{"id":149652,"href":"https:\/\/www.scandinavia.life\/lv\/wp-json\/wp\/v2\/posts\/76139\/revisions\/149652"}],"wp:featuredmedia":[{"embeddable":true,"href":"https:\/\/www.scandinavia.life\/lv\/wp-json\/wp\/v2\/media\/73572"}],"wp:attachment":[{"href":"https:\/\/www.scandinavia.life\/lv\/wp-json\/wp\/v2\/media?parent=76139"}],"wp:term":[{"taxonomy":"category","embeddable":true,"href":"https:\/\/www.scandinavia.life\/lv\/wp-json\/wp\/v2\/categories?post=76139"},{"taxonomy":"post_tag","embeddable":true,"href":"https:\/\/www.scandinavia.life\/lv\/wp-json\/wp\/v2\/tags?post=76139"}],"curies":[{"name":"wp","href":"https:\/\/api.w.org\/{rel}","templated":true}]}}