{"id":97926,"date":"2022-09-26T12:38:28","date_gmt":"2022-09-26T12:38:28","guid":{"rendered":"http:\/\/scandinavia.life\/isa-informacija-par-sengenas-vizu\/"},"modified":"2024-03-10T22:17:48","modified_gmt":"2024-03-10T22:17:48","slug":"isa-informacija-par-sengenas-vizu","status":"publish","type":"post","link":"https:\/\/www.scandinavia.life\/lv\/isa-informacija-par-sengenas-vizu\/","title":{"rendered":"\u012asa inform\u0101cija par \u0160engenas v\u012bzu"},"content":{"rendered":"\n<p class=\"wp-block-paragraph\">Vai pl\u0101nojat apmekl\u0113t k\u0101du vai vair\u0101kas Eiropas valstis un interes\u0113jaties, k\u0101da veida v\u012bza jums ir nepiecie\u0161ama? \u0160engenas v\u012bza \u013cauj apmekl\u0113t visas <a href=\"https:\/\/visaguide.world\/europe\/schengen-visa\/schengen-area-countries-list\/\">\u0160engenas zonas<\/a> Eiropas valstis. Tom\u0113r iece\u013co\u0161anas ost\u0101 jums ir j\u0101uzr\u0101da <a href=\"https:\/\/visaguide.world\/travel-insurance\/europe\/schengen-visa-insurance\/\">ce\u013cojuma apdro\u0161in\u0101\u0161anas apliecin\u0101jums<\/a>, finan\u0161u l\u012bdzek\u013cu apliecin\u0101jums un pier\u0101d\u012bjums <a href=\"https:\/\/visaguide.world\/tips\/proof-of-accommodation-visa-application\/\">par izmitin\u0101\u0161anu Eirop\u0101<\/a>.<\/p>\n\n<p class=\"wp-block-paragraph\">\u0160engenas v\u012bzu var piepras\u012bt ne agr\u0101k k\u0101 se\u0161us m\u0113ne\u0161us pirms pl\u0101not\u0101 ce\u013cojuma. Ta\u010du pieteikums j\u0101iesniedz vismaz 15 dienas pirms dienas, kad pl\u0101nojat ce\u013cot. \u0160engenas v\u012bza ir \u012bstermi\u0146a v\u012bza, un ar to var uztur\u0113ties tikai l\u012bdz 90 dien\u0101m 180 dienu laik\u0101.  <\/p>\n\n<p class=\"wp-block-paragraph\">Tas, cik ilgi uztur\u0113sieties valst\u012b, ir atkar\u012bgs no v\u0113stniec\u012bbas l\u0113muma. Vi\u0146i var jums pie\u0161\u0137irt vair\u0101k vai maz\u0101k dienu atkar\u012bb\u0101 no t\u0101, ko uzskata par piem\u0113rotu. T\u0101pat vi\u0146i nosaka agr\u0101ko datumu, kad j\u016bs varat iece\u013cot, un p\u0113d\u0113jo datumu, kad varat izce\u013cot.  <\/p>\n\n<h2 class=\"wp-block-heading\">Kur var sa\u0146emt \u0160engenas v\u012bzu?<\/h2>\n\n<p class=\"wp-block-paragraph\">\u0160engenas v\u012bzu var sa\u0146emt jebkur\u0101 no <a href=\"https:\/\/visaguide.world\/europe\/schengen-visa\/schengen-area-countries-list\/\">\u0160engenas valst\u012bm<\/a>. Visas 26 \u0160engenas zonas valstis ir vienoju\u0161\u0101s likvid\u0113t visas iek\u0161\u0113j\u0101s robe\u017eas. T\u0101d\u0113j\u0101di t\u0101m ir kop\u012bga politika attiec\u012bb\u0101 uz v\u012bz\u0101m. Tom\u0113r v\u012bzas sa\u0146em\u0161anas k\u0101rt\u012bba un nepiecie\u0161amie dokumenti da\u017e\u0101d\u0101s \u0160engenas valst\u012bs at\u0161\u0137iras.  <\/p>\n\n<h2 class=\"wp-block-heading\">Kam nepiecie\u0161ama \u0160engenas v\u012bza?  <\/h2>\n\n<p class=\"wp-block-paragraph\">Ja v\u0113laties <a href=\"https:\/\/visaguide.world\/europe\/schengen-visa\/who-needs-schengen-visa\/\">iece\u013cot<\/a> k\u0101d\u0101 no \u0160engenas valst\u012bm, jums b\u016bs nepiecie\u0161ama \u0160engenas v\u012bza, ja esat no valsts, kas nav \u0160engenas valsts. \u0160\u012b v\u012bza ir vajadz\u012bga ar\u012b tad, ja j\u016bsu valstij ar ES nav nosl\u0113gts nol\u012bgums par v\u012bzu atvieglotu izsnieg\u0161anu. J\u0101\u0146em v\u0113r\u0101 ar\u012b tas, ka no 2023. gada novembra vis\u0101m person\u0101m, uz kur\u0101m attiecas bezv\u012bzu re\u017e\u012bms, b\u016bs j\u0101piesak\u0101s <a href=\"https:\/\/visaguide.world\/online\/etias\/\">ETIAS<\/a>.<\/p>\n\n<p class=\"wp-block-paragraph\">\u0160engenas v\u012bzu var izsniegt, ja v\u0113laties apmekl\u0113t draugus vai \u0123imenes locek\u013cus vai ofici\u0101lus apmekl\u0113jumus. To var ieg\u0101d\u0101ties ar\u012b biznesa, medic\u012bnas, t\u016brisma\/apskates viz\u012bt\u0113m vai ce\u013cojumiem p\u0113tniec\u012bbas, sporta vai kult\u016bras apmai\u0146as programm\u0101s.  <\/p>\n\n<h2 class=\"wp-block-heading\">\u0160engenas v\u012bzu veidi<\/h2>\n\n<p class=\"wp-block-paragraph\">Visas iepriek\u0161 min\u0113tajiem m\u0113r\u0137iem izsniegt\u0101s v\u012bzas parasti tiek d\u0113v\u0113tas par C kategorijas v\u012bz\u0101m. Tom\u0113r \u0160engenas v\u012bzu var izsniegt ar\u012b \u012bpa\u0161os apst\u0101k\u013cos, piem\u0113ram, ja nepiecie\u0161ams \u0161\u0137\u0113rsot k\u0101du no \u0160engenas valstu lidost\u0101m. \u0160\u0101da veida v\u012bzu sauc ar\u012b par A kategorijas v\u012bzu.  <\/p>\n\n<p class=\"wp-block-paragraph\">\u0160engenas v\u012bzas var iedal\u012bt ar\u012b atkar\u012bb\u0101 no iece\u013co\u0161anas rei\u017eu skaita un valstu skaita, kuras var apmekl\u0113t. T\u0101s ir vienot\u0101 \u0160engenas v\u012bza un v\u012bza ar ierobe\u017eotu teritori\u0101lo der\u012bgumu.<\/p>\n\n<h3 class=\"wp-block-heading\">1. Vienot\u0101s \u0160engenas v\u012bzas (USV)<\/h3>\n\n<p class=\"wp-block-paragraph\">Vienot\u0101 \u0160engenas v\u012bza (USV) noz\u012bm\u0113, ka se\u0161u m\u0113ne\u0161u laik\u0101 varat ce\u013cot un uztur\u0113ties \u0160engenas valst\u012bs 90 dienas vai maz\u0101k. Vienreiz\u0113j\u0101s iece\u013co\u0161anas ASV v\u012bza \u013cauj iece\u013cot \u0160engenas valst\u012b vienu reizi un uztur\u0113ties taj\u0101 l\u012bdz v\u012bzas der\u012bguma termi\u0146a beig\u0101m. V\u012bzas der\u012bguma termi\u0146\u0161 beidzas pat tad, ja j\u016bs izce\u013cojat pirms 90 dien\u0101m.  <\/p>\n\n<p class=\"wp-block-paragraph\">Dubult\u0101 ieraksta USV<strong> <\/strong>no otras puses, t\u0101 \u013cauj t\u0101s tur\u0113t\u0101jam iece\u013cot \u0160engenas valst\u012b divreiz, kam\u0113r t\u0101 ir der\u012bga.  <strong> <\/strong>V\u012bzas der\u012bguma termi\u0146\u0161 beidzas, ja p\u0113c otr\u0101s iece\u013co\u0161anas izce\u013cojat no valsts. Visbeidzot, daudzk\u0101rt\u0113j\u0101s iece\u013co\u0161anas v\u012bza \u013cauj t\u0101s tur\u0113t\u0101jam iece\u013cot \u0160engenas zon\u0101 p\u0113c iesp\u0113jas vair\u0101k rei\u017eu pirms t\u0101s der\u012bguma termi\u0146a beig\u0101m.<\/p>\n\n<h3 class=\"wp-block-heading\">2. Teritori\u0101li ierobe\u017eota der\u012bguma v\u012bzas (LTV)<\/h3>\n\n<p class=\"wp-block-paragraph\">Ar ierobe\u017eota teritori\u0101l\u0101 der\u012bguma (LTV) v\u012bzu j\u016bs varat uztur\u0113ties tikai taj\u0101 \u0160engenas valst\u012b, kas jums izsniegusi v\u012bzu. T\u0101 ne\u013cauj jums p\u0101rcelties no vienas valsts uz citu, un to var pie\u0161\u0137irt tikai starptautisku saist\u012bbu vai hum\u0101nu iemeslu d\u0113\u013c.<\/p>\n\n<h2 class=\"wp-block-heading\">Cik maks\u0101 \u0160engenas v\u012bzas piepras\u012b\u0161ana?  <\/h2>\n\n<p class=\"wp-block-paragraph\">Pieteikuma <a href=\"https:\/\/visaguide.world\/europe\/schengen-visa\/fee\/\">maksa par<\/a> \u0160engenas v\u012bzas sa\u0146em\u0161anu ir atkar\u012bga no t\u0101, vai esat pieaugu\u0161ais vai b\u0113rns. Pieaugu\u0161ie maks\u0101 80 \u20ac, bet b\u0113rni vecum\u0101 no 6 l\u012bdz 12 gadiem &#8211; 45 \u20ac. Saglab\u0101jiet kv\u012bti, jo t\u0101 jums b\u016bs nepiecie\u0161ama p\u0113c pieteikuma apstr\u0101des. Ja pieteikums tiek noraid\u012bts, atk\u0101rtoti iesniedzot pieteikumu, ir j\u0101maks\u0101 jauna pieteikuma maksa.  <\/p>\n\n<p class=\"wp-block-paragraph\">Ja j\u016bsu \u0123imenes loceklis ir Eiropas Savien\u012bbas (ES) vai Eiropas Ekonomikas zonas (EEZ) pilsonis, v\u012bzu varat sa\u0146emt bez maksas. Tas attiecas tikai uz gad\u012bjumiem, kad ce\u013cojat kop\u0101 ar savu \u0123imenes locekli vai pl\u0101nojat vi\u0146am pievienoties, lai kur vi\u0146\u0161 ar\u012b dotos.  <\/p>\n\n<p class=\"wp-block-paragraph\">.\u00a0<\/p>\n","protected":false},"excerpt":{"rendered":"<p>Vai pl\u0101nojat apmekl\u0113t k\u0101du vai vair\u0101kas Eiropas valstis un interes\u0113jaties, k\u0101da veida v\u012bza jums ir nepiecie\u0161ama? \u0160engenas v\u012bza \u013cauj apmekl\u0113t visas \u0160engenas zonas Eiropas valstis. Tom\u0113r iece\u013co\u0161anas ost\u0101 jums ir j\u0101uzr\u0101da ce\u013cojuma apdro\u0161in\u0101\u0161anas apliecin\u0101jums, finan\u0161u l\u012bdzek\u013cu apliecin\u0101jums un pier\u0101d\u012bjums par izmitin\u0101\u0161anu Eirop\u0101. \u0160engenas v\u012bzu var piepras\u012bt ne agr\u0101k k\u0101 se\u0161us m\u0113ne\u0161us pirms pl\u0101not\u0101 ce\u013cojuma. Ta\u010du<\/p>\n","protected":false},"author":1,"featured_media":97281,"comment_status":"closed","ping_status":"closed","sticky":false,"template":"","format":"standard","meta":{"footnotes":""},"categories":[3306,1477],"tags":[37576,41361,41360,41805,41809],"class_list":["post-97926","post","type-post","status-publish","format-standard","has-post-thumbnail","hentry","category-celosana","category-uncategorized-lv","tag-celosana-sengenas-zona","tag-sengenas","tag-sengenas-valstis","tag-sengenas-viza","tag-vienotas-sengenas-vizas"],"_links":{"self":[{"href":"https:\/\/www.scandinavia.life\/lv\/wp-json\/wp\/v2\/posts\/97926","targetHints":{"allow":["GET"]}}],"collection":[{"href":"https:\/\/www.scandinavia.life\/lv\/wp-json\/wp\/v2\/posts"}],"about":[{"href":"https:\/\/www.scandinavia.life\/lv\/wp-json\/wp\/v2\/types\/post"}],"author":[{"embeddable":true,"href":"https:\/\/www.scandinavia.life\/lv\/wp-json\/wp\/v2\/users\/1"}],"replies":[{"embeddable":true,"href":"https:\/\/www.scandinavia.life\/lv\/wp-json\/wp\/v2\/comments?post=97926"}],"version-history":[{"count":2,"href":"https:\/\/www.scandinavia.life\/lv\/wp-json\/wp\/v2\/posts\/97926\/revisions"}],"predecessor-version":[{"id":137248,"href":"https:\/\/www.scandinavia.life\/lv\/wp-json\/wp\/v2\/posts\/97926\/revisions\/137248"}],"wp:featuredmedia":[{"embeddable":true,"href":"https:\/\/www.scandinavia.life\/lv\/wp-json\/wp\/v2\/media\/97281"}],"wp:attachment":[{"href":"https:\/\/www.scandinavia.life\/lv\/wp-json\/wp\/v2\/media?parent=97926"}],"wp:term":[{"taxonomy":"category","embeddable":true,"href":"https:\/\/www.scandinavia.life\/lv\/wp-json\/wp\/v2\/categories?post=97926"},{"taxonomy":"post_tag","embeddable":true,"href":"https:\/\/www.scandinavia.life\/lv\/wp-json\/wp\/v2\/tags?post=97926"}],"curies":[{"name":"wp","href":"https:\/\/api.w.org\/{rel}","templated":true}]}}