{"id":117946,"date":"2024-01-08T09:36:42","date_gmt":"2024-01-08T09:36:42","guid":{"rendered":"http:\/\/scandinavia.life\/niezwykla-abdykacja-dunskiej-krolowej-malgorzaty-ii\/"},"modified":"2025-07-09T21:29:23","modified_gmt":"2025-07-09T21:29:23","slug":"niezwykla-abdykacja-dunskiej-krolowej-malgorzaty-ii","status":"publish","type":"post","link":"https:\/\/scandinavia.life\/pl\/niezwykla-abdykacja-dunskiej-krolowej-malgorzaty-ii\/","title":{"rendered":"Niezwyk\u0142a abdykacja du\u0144skiej kr\u00f3lowej Ma\u0142gorzaty II"},"content":{"rendered":"<p>Gdy Dania \u017cegna\u0142a rok 2023 i rozpoczyna\u0142a nowy rok 2024, mia\u0142o miejsce wydarzenie, kt\u00f3re na zawsze zmieni\u0142o oblicze du\u0144skiej monarchii. Po 52 latach rz\u0105d\u00f3w kr\u00f3lowa Ma\u0142gorzata II og\u0142osi\u0142a swoj\u0105 abdykacj\u0119. W obliczu tej zmiany, jej najstarszy syn, ksi\u0105\u017c\u0119 koronny Frederik, przygotowuje si\u0119 do obj\u0119cia tronu.<\/p>\n<figure class=\"wp-block-image size-large\"><img loading=\"lazy\" decoding=\"async\" width=\"1024\" height=\"683\" src=\"https:\/\/scandinavia.life\/wp-content\/uploads\/2024\/01\/joseph-aeeCkvDBBm4-unsplash-1024x683.jpg\" alt=\"\" class=\"wp-image-115779\" srcset=\"https:\/\/scandinavia.life\/wp-content\/uploads\/2024\/01\/joseph-aeeCkvDBBm4-unsplash-1024x683.jpg 1024w, https:\/\/scandinavia.life\/wp-content\/uploads\/2024\/01\/joseph-aeeCkvDBBm4-unsplash-300x200.jpg 300w, https:\/\/scandinavia.life\/wp-content\/uploads\/2024\/01\/joseph-aeeCkvDBBm4-unsplash-768x512.jpg 768w, https:\/\/scandinavia.life\/wp-content\/uploads\/2024\/01\/joseph-aeeCkvDBBm4-unsplash-1536x1024.jpg 1536w, https:\/\/scandinavia.life\/wp-content\/uploads\/2024\/01\/joseph-aeeCkvDBBm4-unsplash-2048x1365.jpg 2048w\" sizes=\"auto, (max-width: 1024px) 100vw, 1024px\" \/><\/figure>\n<p>Fascynuj\u0105ce jest to, \u017ce wszystkie kraje skandynawskie wci\u0105\u017c zachowuj\u0105 monarchi\u0119, mimo \u017ce \u015bwiat coraz bardziej od nich odchodzi. Dania, jako monarchia konstytucyjna, wci\u0105\u017c odgrywa istotn\u0105 rol\u0119 w \u017cyciu spo\u0142ecznym i politycznym kraju.<\/p>\n<h2><strong>Rola nowego monarchy w du\u0144skim spo\u0142ecze\u0144stwie<\/strong><\/h2>\n<p>Po abdykacji kr\u00f3lowej Ma\u0142gorzaty II, nowy szeryf przejmuje pa\u0142ac Amalienborg. <em><strong>Pa\u0142ac Amalienborg<\/strong><\/em> to miejsce, gdzie ksi\u0105\u017c\u0119 Frederik b\u0119dzie mia\u0142 mo\u017cliwo\u015b\u0107 mianowania nowego du\u0144skiego premiera, je\u015bli wszystko p\u00f3jdzie zgodnie z planem.<\/p>\n<p>Jednym z atut\u00f3w Danii jest jej wzgl\u0119dny spok\u00f3j polityczny. W czasie wybor\u00f3w rzadko dochodzi do dramatycznych sytuacji, co mo\u017ce by\u0107 zwi\u0105zane z unikaln\u0105 struktur\u0105 zarz\u0105dzania krajem. Kultura tolerancji i umiaru sprawia, \u017ce sezon polityczny w Danii jest znacznie spokojniejszy.<\/p>\n<p>Kr\u00f3lowa, jako g\u0142owa pa\u0144stwa, pe\u0142ni funkcj\u0119 ceremonialn\u0105. Posiada moc zgody kr\u00f3lewskiej, co oznacza, \u017ce ratyfikuje procesy wyborcze i polityczne. W ten spos\u00f3b jej rola przypomina kap\u0142an\u00f3w, kt\u00f3rzy certyfikuj\u0105 religijne ceremonie.<\/p>\n<p>Du\u0144czycy darz\u0105 kr\u00f3low\u0105 ogromnym szacunkiem. Ka\u017cdego roku, w wigili\u0119 Nowego Roku, zbieraj\u0105 si\u0119, aby wys\u0142ucha\u0107 jej przes\u0142ania. To \u015bwiadczy o g\u0142\u0119bokim podziwie, jakim j\u0105 obdarzaj\u0105.<\/p>\n<p>Wi\u0119cej informacji o du\u0144skiej monarchii (kongehuset) <a href=\"https:\/\/www.kongehuset.dk\/en\/\">mo\u017cesz znale\u017a\u0107 tutaj<\/a>.<\/p>\n<p>Odej\u015bcie kr\u00f3lowej Ma\u0142gorzaty II oznacza nowy rozdzia\u0142 w historii Danii. Wiele os\u00f3b zna tylko jej rz\u0105dy, a spo\u0142ecze\u0144stwo ma nadziej\u0119, \u017ce <strong><em>ksi\u0105\u017c\u0119 koronny Frederik<\/em><\/strong> r\u00f3wnie\u017c poprowadzi kraj z sukcesem.<\/p>\n<h2><strong>Historia du\u0144skich monarch\u00f3w<\/strong><\/h2>\n<p>Mieszkaj\u0105c w Danii lub planuj\u0105c przyjazd do tego kraju, warto zapozna\u0107 si\u0119 z jego bogat\u0105 histori\u0105. Wiele muze\u00f3w i dokument\u00f3w filmowych oferuje doskona\u0142e \u017ar\u00f3d\u0142a wiedzy na ten temat.<\/p>\n<p>Dania ma d\u0142ug\u0105 histori\u0119 monarchii, kt\u00f3ra trwa ju\u017c ponad 1200 lat. Mo\u017cna \u015bmia\u0142o stwierdzi\u0107, \u017ce kraj jest doskonale zorganizowany spo\u0142ecznie.<\/p>\n<figure class=\"wp-block-image size-large\"><img loading=\"lazy\" decoding=\"async\" width=\"1024\" height=\"683\" src=\"https:\/\/scandinavia.life\/wp-content\/uploads\/2024\/01\/gegenwind-photo-8sDqRKZlrN0-unsplash-1024x683.jpg\" alt=\"\" class=\"wp-image-115803\" srcset=\"https:\/\/scandinavia.life\/wp-content\/uploads\/2024\/01\/gegenwind-photo-8sDqRKZlrN0-unsplash-1024x683.jpg 1024w, https:\/\/scandinavia.life\/wp-content\/uploads\/2024\/01\/gegenwind-photo-8sDqRKZlrN0-unsplash-300x200.jpg 300w, https:\/\/scandinavia.life\/wp-content\/uploads\/2024\/01\/gegenwind-photo-8sDqRKZlrN0-unsplash-768x512.jpg 768w, https:\/\/scandinavia.life\/wp-content\/uploads\/2024\/01\/gegenwind-photo-8sDqRKZlrN0-unsplash-1536x1024.jpg 1536w, https:\/\/scandinavia.life\/wp-content\/uploads\/2024\/01\/gegenwind-photo-8sDqRKZlrN0-unsplash-2048x1365.jpg 2048w\" sizes=\"auto, (max-width: 1024px) 100vw, 1024px\" \/><\/figure>\n<p>Historia Danii zna przypadki chaosu, jednak z biegiem lat spo\u0142ecze\u0144stwo nauczy\u0142o si\u0119 odnajdywa\u0107 harmoni\u0119, kt\u00f3rej symbolem jest du\u0144ska monarchia.<\/p>\n<p>Aby lepiej pozna\u0107 du\u0144sk\u0105 histori\u0119 polityczn\u0105 oraz monarchi\u0119, warto odwiedzi\u0107 muzea, kt\u00f3re oferuj\u0105 ciekawe wystawy.<\/p>\n<p>Skupimy si\u0119 teraz na dynastii Szlezwik-Holsztyn-Sonderburg-Gl\u00fccksburg, z kt\u00f3rej wywodzi si\u0119 kr\u00f3lowa Ma\u0142gorzata II.<\/p>\n<p>Oto kr\u00f3tki przegl\u0105d ostatnich du\u0144skich monarch\u00f3w:<\/p>\n<ul>\n<li><em>Kr\u00f3lowa Ma\u0142gorzata II<\/em><\/li>\n<li><em>Kr\u00f3l Fryderyk IX<\/em><\/li>\n<li><em>Kr\u00f3l Christian X<\/em><\/li>\n<li><em>Kr\u00f3l Fryderyk VIII<\/em><\/li>\n<li><em>Kr\u00f3l Christian IX<\/em><\/li>\n<\/ul>\n<h2><strong>Codzienne \u017cycie du\u0144skiej rodziny kr\u00f3lewskiej<\/strong><\/h2>\n<p>Na my\u015bl o rodzinie kr\u00f3lewskiej wi\u0119kszo\u015b\u0107 ludzi wyobra\u017ca sobie luksus i wyj\u0105tkowe \u017cycie. Z historycznych zapis\u00f3w wiadomo, \u017ce rodziny kr\u00f3lewskie cz\u0119sto \u017cyj\u0105 w ekskluzywnych rezydencjach. Jednak du\u0144ska rodzina kr\u00f3lewska nie wpisuje si\u0119 w ten stereotyp.<\/p>\n<p>Cz\u0142onkowie rodziny kr\u00f3lewskiej prowadz\u0105 \u017cycie podobne do zwyk\u0142ych Du\u0144czyk\u00f3w. Regularnie robi\u0105 zakupy i korzystaj\u0105 z publicznych udogodnie\u0144, co czyni ich bliskimi obywatelom.<\/p>\n<p>Mo\u017cesz ich spotka\u0107 w codziennych sytuacjach, co stanowi symbol pokory i przyw\u00f3dztwa. Zasady Janteloven, kt\u00f3re promuj\u0105 skromno\u015b\u0107 i umiar, s\u0105 widoczne tak\u017ce w monarchii.<\/p>\n<h2><strong>Podsumowanie<\/strong><\/h2>\n<p>Rok 2024 przynosi du\u0144skiemu spo\u0142ecze\u0144stwu szans\u0119 na nowy start po 52 latach panowania kr\u00f3lowej <strong>Ma\u0142gorzaty<\/strong> II. W miar\u0119 jak Du\u0144czycy zajmuj\u0105 si\u0119 swoimi codziennymi sprawami, maj\u0105 nadziej\u0119, \u017ce ksi\u0105\u017c\u0119 koronny Frederik b\u0119dzie rz\u0105dzi\u0142 z m\u0119\u017cno\u015bci\u0105, kontynuuj\u0105c dotychczasowy pok\u00f3j. Je\u015bli interesuje Ci\u0119 \u017cycie i praca w Danii, wi\u0119cej informacji znajdziesz w artykule o <a href=\"https:\/\/scandinavia.life\/working-in-denmark\/\">pracy w Danii<\/a> oraz w kategorii <a href=\"https:\/\/scandinavia.life\/denmark\/aarhus\/\">Aarhus<\/a>.<\/p>\n","protected":false},"excerpt":{"rendered":"<p>Gdy Dania \u017cegna\u0142a rok 2023 i rozpoczyna\u0142a nowy rok 2024, mia\u0142o miejsce wydarzenie, kt\u00f3re na zawsze zmieni\u0142o oblicze du\u0144skiej monarchii. Po 52 latach rz\u0105d\u00f3w kr\u00f3lowa Ma\u0142gorzata II og\u0142osi\u0142a swoj\u0105 abdykacj\u0119. W obliczu tej zmiany, jej najstarszy syn, ksi\u0105\u017c\u0119 koronny Frederik, przygotowuje si\u0119 do obj\u0119cia tronu. Fascynuj\u0105ce jest to, \u017ce wszystkie kraje skandynawskie wci\u0105\u017c zachowuj\u0105 monarchi\u0119,<\/p>\n","protected":false},"author":1,"featured_media":115771,"comment_status":"closed","ping_status":"closed","sticky":false,"template":"","format":"standard","meta":{"footnotes":""},"categories":[3947],"tags":[40994,43373,43387,43359,43382,40984,43356,11198],"class_list":["post-117946","post","type-post","status-publish","format-standard","has-post-thumbnail","hentry","category-dania","tag-dunska-rodzina-krolewska","tag-krol-christian-x","tag-krol-chrystian-ix","tag-krol-fryderyk-ix","tag-krol-fryderyk-viii","tag-krolowa-malgorzata-ii","tag-ksiaze-koronny-frederik","tag-palac-amalienborg"],"_links":{"self":[{"href":"https:\/\/scandinavia.life\/pl\/wp-json\/wp\/v2\/posts\/117946","targetHints":{"allow":["GET"]}}],"collection":[{"href":"https:\/\/scandinavia.life\/pl\/wp-json\/wp\/v2\/posts"}],"about":[{"href":"https:\/\/scandinavia.life\/pl\/wp-json\/wp\/v2\/types\/post"}],"author":[{"embeddable":true,"href":"https:\/\/scandinavia.life\/pl\/wp-json\/wp\/v2\/users\/1"}],"replies":[{"embeddable":true,"href":"https:\/\/scandinavia.life\/pl\/wp-json\/wp\/v2\/comments?post=117946"}],"version-history":[{"count":1,"href":"https:\/\/scandinavia.life\/pl\/wp-json\/wp\/v2\/posts\/117946\/revisions"}],"predecessor-version":[{"id":155104,"href":"https:\/\/scandinavia.life\/pl\/wp-json\/wp\/v2\/posts\/117946\/revisions\/155104"}],"wp:featuredmedia":[{"embeddable":true,"href":"https:\/\/scandinavia.life\/pl\/wp-json\/wp\/v2\/media\/115771"}],"wp:attachment":[{"href":"https:\/\/scandinavia.life\/pl\/wp-json\/wp\/v2\/media?parent=117946"}],"wp:term":[{"taxonomy":"category","embeddable":true,"href":"https:\/\/scandinavia.life\/pl\/wp-json\/wp\/v2\/categories?post=117946"},{"taxonomy":"post_tag","embeddable":true,"href":"https:\/\/scandinavia.life\/pl\/wp-json\/wp\/v2\/tags?post=117946"}],"curies":[{"name":"wp","href":"https:\/\/api.w.org\/{rel}","templated":true}]}}