{"id":121460,"date":"2023-01-10T05:18:41","date_gmt":"2023-01-10T05:18:41","guid":{"rendered":"http:\/\/scandinavia.life\/wszystko-o-zyciu-i-osiagnieciach-haralda-v-z-norwegii\/"},"modified":"2024-08-03T10:19:24","modified_gmt":"2024-08-03T10:19:24","slug":"wszystko-o-zyciu-i-osiagnieciach-haralda-v-z-norwegii","status":"publish","type":"post","link":"https:\/\/www.scandinavia.life\/pl\/wszystko-o-zyciu-i-osiagnieciach-haralda-v-z-norwegii\/","title":{"rendered":"Wszystko o \u017cyciu i osi\u0105gni\u0119ciach Haralda V z Norwegii"},"content":{"rendered":"\n<h2 class=\"wp-block-heading\">Wczesne dni Haralda V<\/h2>\n\n<p class=\"wp-block-paragraph\">Harald V jest obecnym kr\u00f3lem Norwegii. Urodzi\u0142 si\u0119 21 lutego 1937 r. w Skaugum, Asker, Norwegia. Jest synem Olava V, kt\u00f3ry by\u0142 kr\u00f3lem Norwegii w latach 1957-1991, i M\u00e4rthy Louise, ksi\u0119\u017cniczki Szwecji.<\/p>\n\n<p class=\"wp-block-paragraph\">Harald V kszta\u0142ci\u0142 si\u0119 w Royal Palace School w Oslo, a nast\u0119pnie studiowa\u0142 histori\u0119, socjologi\u0119 i ekonomi\u0119 na Uniwersytecie Oksfordzkim w Anglii. S\u0142u\u017cy\u0142 w norweskiej marynarce wojennej i uko\u0144czy\u0142 szkolenie oficerskie w Norweskiej Akademii Marynarki Wojennej.<\/p>\n\n<p class=\"wp-block-paragraph\">Olav V, ojciec Haralda V, zosta\u0142 kr\u00f3lem Norwegii w 1957 roku. Kiedy Olav V zmar\u0142 w 1991 r., Harald V zosta\u0142 jego nast\u0119pc\u0105. Zosta\u0142 koronowany 23 czerwca 1991 r. podczas ceremonii w <a href=\"http:\/\/scandinavia.life\/pl\/katedra-w-nidaros-glowna-atrakcja-turystyczna\/\">katedrze Nidaros<\/a> w Trondheim.<\/p>\n\n<figure class=\"wp-block-image size-large\"><a href=\"http:\/\/scandinavia.life\/pl\/katedra-w-nidaros-glowna-atrakcja-turystyczna\/\"><img loading=\"lazy\" decoding=\"async\" width=\"1024\" height=\"687\" src=\"https:\/\/scandinavia.life\/wp-content\/uploads\/2023\/01\/nidaros-cathedral-5754051_1920-1024x687.jpg\" alt=\"\" class=\"wp-image-101392\" srcset=\"https:\/\/www.scandinavia.life\/wp-content\/uploads\/2023\/01\/nidaros-cathedral-5754051_1920-1024x687.jpg 1024w, https:\/\/www.scandinavia.life\/wp-content\/uploads\/2023\/01\/nidaros-cathedral-5754051_1920-300x201.jpg 300w, https:\/\/www.scandinavia.life\/wp-content\/uploads\/2023\/01\/nidaros-cathedral-5754051_1920-768x516.jpg 768w, https:\/\/www.scandinavia.life\/wp-content\/uploads\/2023\/01\/nidaros-cathedral-5754051_1920-1536x1031.jpg 1536w, https:\/\/www.scandinavia.life\/wp-content\/uploads\/2023\/01\/nidaros-cathedral-5754051_1920.jpg 1920w\" sizes=\"auto, (max-width: 1024px) 100vw, 1024px\" \/><\/a><figcaption class=\"wp-element-caption\">Nidaros &#8211; katedra, w kt\u00f3rej koronowano Haralda V.<\/figcaption><\/figure>\n\n<h2 class=\"wp-block-heading\"><a><\/a>Kr\u00f3lewskie wi\u0119zi<\/h2>\n\n<p class=\"wp-block-paragraph\">Linia rodzinna jest powi\u0105zana z <a href=\"https:\/\/en.wikipedia.org\/wiki\/House_of_Gl%C3%BCcksburg\">rodem Gl\u00fccksburg<\/a>, star\u0105 i presti\u017cow\u0105 lini\u0105 rodziny kr\u00f3lewskiej si\u0119gaj\u0105c\u0105 1825 roku, a jej zwi\u0105zki z rodem Oldenburg si\u0119gaj\u0105 XV wieku. Harald V i jego rodzina maj\u0105 wi\u0119c powi\u0105zania z wieloma innymi rodzinami kr\u00f3lewskimi w Europie.<\/p>\n\n<p class=\"wp-block-paragraph\">Z rodu Gl\u00fccksburg wywodz\u0105 si\u0119 \u015blady Kr\u00f3lestwa Danii, Kr\u00f3lestwa Grecji i Kr\u00f3lestwa Islandii. <a href=\"http:\/\/scandinavia.life\/pl\/szybkie-fakty-o-norwegii\/\">Norwegia<\/a> ma wi\u0119c wiele powi\u0105za\u0144 z innymi rodzinami kr\u00f3lewskimi i narodami na ca\u0142ym \u015bwiecie.<\/p>\n\n<p class=\"wp-block-paragraph\">A ze wzgl\u0119du na ich zwi\u0105zek z rodem Oldenburg\u00f3w, istniej\u0105 r\u00f3wnie\u017c \u015blady Karola XIII ze Szwecji, Miko\u0142aja II z Rosji, a tak\u017ce licznych ksi\u0105\u017c\u0105t i hrabi\u00f3w na przestrzeni wiek\u00f3w.<\/p>\n\n<h2 class=\"wp-block-heading\"><a><\/a>Rodzina Haralda V<\/h2>\n\n<p class=\"wp-block-paragraph\">Harald V jest m\u0119\u017cem kr\u00f3lowej Sonji, wcze\u015bniej znanej jako Sonja Haraldsen, od 1968 roku. Maj\u0105 dwoje dzieci, ksi\u0119cia koronnego Haakona (ur. 1973) i ksi\u0119\u017cniczk\u0119 M\u00e4rth\u0119 Louise (ur. 1971).<\/p>\n\n<p class=\"wp-block-paragraph\">Przed po\u015blubieniem kr\u00f3lowej Sonji, oboje byli razem przez dziewi\u0119\u0107 lat w nieco sekretnym zwi\u0105zku. W latach 50-tych i 60-tych wci\u0105\u017c istnia\u0142y pewne naciski na Haralda V, aby po\u015blubi\u0142 kr\u00f3lewsk\u0105 osob\u0119 z b\u0142\u0119kitn\u0105 krwi\u0105. Wiadomo, \u017ce Harald V powiedzia\u0142 swojemu ojcu, kr\u00f3lowi Olavowi V, \u017ce pozostanie bez\u017cenny do ko\u0144ca \u017cycia, je\u015bli nie b\u0119dzie w stanie po\u015blubi\u0107 kr\u00f3lowej Sonji.<\/p>\n\n<p class=\"wp-block-paragraph\">Harald V z Norwegii s\u0142ynie z bycia kochaj\u0105cym cz\u0142onkiem rodziny. Cytuje si\u0119, \u017ce powiedzia\u0142 kiedy\u015b: <em>&#8222;Czas, kt\u00f3ry sp\u0119dzamy razem, jest nasz\u0105 najcenniejsz\u0105 w\u0142asno\u015bci\u0105&#8221;<\/em>.<\/p>\n\n<h2 class=\"wp-block-heading\"><a><\/a>Bycie ksi\u0119ciem koronnym Norwegii<\/h2>\n\n<p class=\"wp-block-paragraph\">Przed wst\u0105pieniem na tron i zostaniem kr\u00f3lem Norwegii, Harald V by\u0142 ksi\u0119ciem koronnym przez wiele lat, do\u015bwiadczaj\u0105c II wojny \u015bwiatowej, staraj\u0105c si\u0119 o prac\u0119 w r\u00f3\u017cnych instytucjach edukacyjnych, a nawet uczestnicz\u0105c w kilku igrzyskach olimpijskich.<\/p>\n\n<p class=\"wp-block-paragraph\">Podczas II wojny \u015bwiatowej jego ojciec, kt\u00f3ry by\u0142 w\u00f3wczas ksi\u0119ciem koronnym, pozosta\u0142 w Norwegii ze swoim ojcem, kr\u00f3lem Olavem, podczas gdy Harald V i wi\u0119kszo\u015b\u0107 jego rodziny uciek\u0142a z kraju z powodu obaw przed niemieck\u0105 inwazj\u0105.<\/p>\n\n<p class=\"wp-block-paragraph\">Ostatecznie zamieszka\u0142 w Waszyngtonie, gdzie osobi\u015bcie widzia\u0142 Franklina D. Roosevelta, a tak\u017ce odwiedzi\u0142 grup\u0119 norweskich \u017co\u0142nierzy, kt\u00f3rzy trenowali w USA.<\/p>\n\n<p class=\"wp-block-paragraph\">Harald V powr\u00f3ci\u0142 pod koniec 1945 r., gdzie jako pierwszy cz\u0142onek rodziny ucz\u0119szcza\u0142 do szko\u0142y publicznej, a nast\u0119pnie studiowa\u0142 na Uniwersytecie w Oslo, ucz\u0119szcza\u0142 do Szko\u0142y Kandydat\u00f3w Kawalerii w Trandum, zapisa\u0142 si\u0119 do Norweskiej Akademii Wojskowej, a tak\u017ce studiowa\u0142 histori\u0119, ekonomi\u0119 i polityk\u0119 w Oksfordzie w Balliol College.<\/p>\n\n<p class=\"wp-block-paragraph\">Bra\u0142 udzia\u0142 w <a href=\"https:\/\/content.time.com\/time\/subscriber\/article\/0,33009,898168-2,00.html\">Igrzyskach Olimpijskich w Tokio w 1964 roku<\/a>, gdzie \u017ceglowa\u0142 na jachcie <em>Fram III<\/em> w klasie jacht\u00f3w 5,5-metrowych. P\u00f3\u017aniej bra\u0142 tak\u017ce udzia\u0142 w Igrzyskach Olimpijskich w 1968 roku w Meksyku i Igrzyskach Olimpijskich w 1972 roku w Monachium. By\u0107 mo\u017ce jest to co\u015b, co odziedziczy\u0142 po swoim ojcu, kt\u00f3ry sam zdoby\u0142 z\u0142oty medal w \u017ceglarstwie na igrzyskach olimpijskich.<\/p>\n\n<h2 class=\"wp-block-heading\"><a><\/a>Panowanie Haralda V<\/h2>\n\n<p class=\"wp-block-paragraph\">Jako kr\u00f3l, Harald V skupi\u0142 si\u0119 na promowaniu mi\u0119dzynarodowego zrozumienia i wsp\u00f3\u0142pracy, szczeg\u00f3lnie poprzez swoj\u0105 prac\u0119 jako patron r\u00f3\u017cnych organizacji kulturalnych i humanitarnych. By\u0142 tak\u017ce silnym or\u0119downikiem ochrony \u015brodowiska i wspiera\u0142 wysi\u0142ki na rzecz zachowania naturalnych siedlisk i promowania zr\u00f3wnowa\u017conego rozwoju.<\/p>\n\n<p class=\"wp-block-paragraph\">Jako kr\u00f3l Norwegii, Harald V mia\u0142 wiele obowi\u0105zk\u00f3w publicznych do wykonania na przestrzeni lat. Od spotka\u0144 z niezliczonymi g\u0142owami pa\u0144stw, po spotkania z norwesk\u0105 Rad\u0105 Stanu, premierem Norwegii i ministrem spraw zagranicznych w celu regularnych dyskusji na tematy krajowe.<\/p>\n\n<p class=\"wp-block-paragraph\">Od koronacji w 1991 r. a\u017c do 2012 r. by\u0142 r\u00f3wnie\u017c uwa\u017cany za formaln\u0105 g\u0142ow\u0119 Ko\u015bcio\u0142a Norwegii. Poprawka do norweskiej konstytucji w 2012 r. zmieni\u0142a jego rol\u0119, a w 2018 r. status \u015bwi\u0119tego zosta\u0142 r\u00f3wnie\u017c usuni\u0119ty z konstytucji.<\/p>\n\n<p class=\"wp-block-paragraph\">Innym godnym uwagi osi\u0105gni\u0119ciem jest jego walka i sukces w pokonaniu raka p\u0119cherza moczowego w 2003 i 2004 roku. Przez pewien czas nie by\u0142 w stanie wype\u0142nia\u0107 obowi\u0105zk\u00f3w kr\u00f3la z powodu choroby, ale p\u00f3\u017aniej wyzdrowia\u0142 i uda\u0142o mu si\u0119 wr\u00f3ci\u0107 do swoich kr\u00f3lewskich zada\u0144.<\/p>\n","protected":false},"excerpt":{"rendered":"<p>Wczesne dni Haralda V Harald V jest obecnym kr\u00f3lem Norwegii. Urodzi\u0142 si\u0119 21 lutego 1937 r. w Skaugum, Asker, Norwegia. Jest synem Olava V, kt\u00f3ry by\u0142 kr\u00f3lem Norwegii w latach 1957-1991, i M\u00e4rthy Louise, ksi\u0119\u017cniczki Szwecji. Harald V kszta\u0142ci\u0142 si\u0119 w Royal Palace School w Oslo, a nast\u0119pnie studiowa\u0142 histori\u0119, socjologi\u0119 i ekonomi\u0119 na Uniwersytecie<\/p>\n","protected":false},"author":1,"featured_media":101384,"comment_status":"closed","ping_status":"closed","sticky":false,"template":"","format":"standard","meta":{"footnotes":""},"categories":[2364],"tags":[6090,14726,46241],"class_list":["post-121460","post","type-post","status-publish","format-standard","has-post-thumbnail","hentry","category-norwegia","tag-harald-v-pl","tag-monarchia","tag-royalty-pl"],"_links":{"self":[{"href":"https:\/\/www.scandinavia.life\/pl\/wp-json\/wp\/v2\/posts\/121460","targetHints":{"allow":["GET"]}}],"collection":[{"href":"https:\/\/www.scandinavia.life\/pl\/wp-json\/wp\/v2\/posts"}],"about":[{"href":"https:\/\/www.scandinavia.life\/pl\/wp-json\/wp\/v2\/types\/post"}],"author":[{"embeddable":true,"href":"https:\/\/www.scandinavia.life\/pl\/wp-json\/wp\/v2\/users\/1"}],"replies":[{"embeddable":true,"href":"https:\/\/www.scandinavia.life\/pl\/wp-json\/wp\/v2\/comments?post=121460"}],"version-history":[{"count":1,"href":"https:\/\/www.scandinavia.life\/pl\/wp-json\/wp\/v2\/posts\/121460\/revisions"}],"predecessor-version":[{"id":150374,"href":"https:\/\/www.scandinavia.life\/pl\/wp-json\/wp\/v2\/posts\/121460\/revisions\/150374"}],"wp:featuredmedia":[{"embeddable":true,"href":"https:\/\/www.scandinavia.life\/pl\/wp-json\/wp\/v2\/media\/101384"}],"wp:attachment":[{"href":"https:\/\/www.scandinavia.life\/pl\/wp-json\/wp\/v2\/media?parent=121460"}],"wp:term":[{"taxonomy":"category","embeddable":true,"href":"https:\/\/www.scandinavia.life\/pl\/wp-json\/wp\/v2\/categories?post=121460"},{"taxonomy":"post_tag","embeddable":true,"href":"https:\/\/www.scandinavia.life\/pl\/wp-json\/wp\/v2\/tags?post=121460"}],"curies":[{"name":"wp","href":"https:\/\/api.w.org\/{rel}","templated":true}]}}