{"id":121320,"date":"2023-01-10T05:20:23","date_gmt":"2023-01-10T05:20:23","guid":{"rendered":"http:\/\/scandinavia.life\/avrupanin-en-yuksek-daglari-icin-gezgin-rehberi\/"},"modified":"2024-08-03T10:25:15","modified_gmt":"2024-08-03T10:25:15","slug":"avrupanin-en-yuksek-daglari-icin-gezgin-rehberi","status":"publish","type":"post","link":"https:\/\/www.scandinavia.life\/tr\/avrupanin-en-yuksek-daglari-icin-gezgin-rehberi\/","title":{"rendered":"Avrupa&#8217;n\u0131n en y\u00fcksek da\u011flar\u0131 i\u00e7in gezgin rehberi"},"content":{"rendered":"\n<p class=\"wp-block-paragraph\">\u0130nsano\u011flu y\u00fczlerce y\u0131ld\u0131r y\u00fcksek da\u011flara do\u011fru bakm\u0131\u015f ve bu devlere t\u0131rmanmay\u0131 dilemi\u015ftir. Bunun atalar\u0131m\u0131zdan bize ge\u00e7en temel bir i\u00e7g\u00fcd\u00fcden, heyecan ve spora kadar pek \u00e7ok nedeni var.<\/p>\n\n<p class=\"wp-block-paragraph\">\u00c7o\u011fu insan Kilimanjaro ya da Everest Da\u011f\u0131&#8217;na t\u0131rmanmay\u0131 hayal etse de, <a href=\"https:\/\/en.wikipedia.org\/wiki\/List_of_highest_points_of_European_countries\">Avrupa&#8217;da<\/a> ke\u015ffedilmeyi ve t\u0131rman\u0131lmay\u0131 bekleyen pek \u00e7ok <a href=\"https:\/\/en.wikipedia.org\/wiki\/List_of_highest_points_of_European_countries\">y\u00fcksek da\u011f<\/a> vard\u0131r. Bu yaz\u0131da Avrupa&#8217;n\u0131n en y\u00fcksek 10 da\u011f\u0131n\u0131 ele alaca\u011f\u0131z ve t\u0131rman\u0131labilecek da\u011flar i\u00e7in bir rehber sunaca\u011f\u0131z.<\/p>\n\n<h2 class=\"wp-block-heading\"><a><\/a>Mont Blanc<\/h2>\n\n<p class=\"wp-block-paragraph\">Bu etkileyici da\u011f hem Fransa hem de \u0130talya&#8217;da, daha do\u011frusu 4.810 metre y\u00fcksekli\u011fe ula\u015ft\u0131\u011f\u0131 Frans\u0131z Alpleri&#8217;nde yer almaktad\u0131r. Ayn\u0131 zamanda Avrupa&#8217;n\u0131n en y\u00fcksek da\u011f\u0131d\u0131r ve gerekli fiziksel uygunlu\u011fa ve da\u011fc\u0131l\u0131k becerilerine sahip ki\u015filer taraf\u0131ndan t\u0131rman\u0131labilir.<\/p>\n\n<p class=\"wp-block-paragraph\">Mont Blanc t\u0131rman\u0131\u015f i\u00e7in pop\u00fcler bir da\u011fd\u0131r ve her y\u0131l binlerce ziyaret\u00e7i \u00e7ekmektedir. Bununla birlikte, da\u011f ciddi bir haz\u0131rl\u0131k yap\u0131lmadan t\u0131rman\u0131lacak bir yer de\u011fildir ve t\u0131rmanmaya kalk\u0131\u015fmadan \u00f6nce uygun bilgi, beceri ve deneyime sahip olmak \u00f6nemlidir.<\/p>\n\n<h2 class=\"wp-block-heading\"><a><\/a>Monte Rosa<\/h2>\n\n<p class=\"wp-block-paragraph\">Monte Rosa, deniz seviyesinden 4.634 metre y\u00fcksekli\u011fiyle Avrupa&#8217;n\u0131n en y\u00fcksek ikinci da\u011f\u0131d\u0131r.<\/p>\n\n<p class=\"wp-block-paragraph\"><a href=\"https:\/\/www.visitmonterosa.com\/en\/\">Da\u011fa t\u0131rmanmak<\/a>, g\u00fczel \u00e7evrenin tad\u0131n\u0131 \u00e7\u0131karmak ya da kayak veya snowboard yapmak isteyen pek \u00e7ok ki\u015finin her y\u0131l ziyaret etti\u011fi \u0130svi\u00e7re Alpleri&#8217;nde yer almaktad\u0131r.<\/p>\n\n<p class=\"wp-block-paragraph\">Monte Rosa&#8217;n\u0131n zirvesine giden, zorluk derecesi orta ile \u00e7ok zorlu aras\u0131nda de\u011fi\u015fen birka\u00e7 rota vard\u0131r. Monte Rosa&#8217;ya t\u0131rmanan \u00e7o\u011fu ki\u015fi, bunu talimat, destek ve g\u00fcvenlik ekipman\u0131 sa\u011flayabilecek bir da\u011f rehberinin yard\u0131m\u0131yla yapar.<\/p>\n\n<h2 class=\"wp-block-heading\"><a><\/a>Piz Bernina<\/h2>\n\n<p class=\"wp-block-paragraph\">Piz Bernina, Do\u011fu Alpler&#8217;in en y\u00fcksek zirvesi ve \u0130svi\u00e7re&#8217;nin Graub\u00fcnden kantonunun en y\u00fcksek da\u011f\u0131d\u0131r. Alpler&#8217;in Bernina S\u0131rada\u011flar\u0131&#8217;nda, \u0130svi\u00e7re ve \u0130talya s\u0131n\u0131r\u0131nda yer almaktad\u0131r.<\/p>\n\n<p class=\"wp-block-paragraph\">Deniz seviyesinden 4.049 metre y\u00fcksekli\u011fe sahip olan da\u011f, Alpler&#8217;in en do\u011fusunda yer alan ve y\u00fcksekli\u011fi 4.000 metrenin \u00fczerinde olan zirvedir. Ayn\u0131 zamanda Do\u011fu Alpler&#8217;de tamamen \u0130svi\u00e7re s\u0131n\u0131rlar\u0131 i\u00e7inde kalan en y\u00fcksek zirvedir.<\/p>\n\n<p class=\"wp-block-paragraph\">Da\u011f ayn\u0131 zamanda Do\u011fu Alpler&#8217;deki en b\u00fcy\u00fck buzul olan Morteratsch Buzulu da dahil olmak \u00fczere bir\u00e7ok buzula ev sahipli\u011fi yapmaktad\u0131r. Da\u011f, \u00e7e\u015fitli flora ve faunaya ev sahipli\u011fi yapan koruma alt\u0131ndaki bir alan olan \u0130svi\u00e7re Ulusal Park\u0131&#8217;nda yer almaktad\u0131r.<\/p>\n\n<h2 class=\"wp-block-heading\"><a><\/a>Matterhorn<\/h2>\n\n<p class=\"wp-block-paragraph\">Matterhorn, Alpler&#8217;de \u0130svi\u00e7re ve \u0130talya s\u0131n\u0131r\u0131nda bulunan bir da\u011fd\u0131r. Deniz seviyesinden 4.478 metre y\u00fcksekli\u011fiyle Alpler&#8217;in en y\u00fcksek ve en ikonik zirvelerinden biridir. Da\u011f, Pennine Alpleri&#8217;nin bir par\u00e7as\u0131d\u0131r ve Monte Rosa masifinin bir par\u00e7as\u0131d\u0131r.<\/p>\n\n<p class=\"wp-block-paragraph\">Da\u011f\u0131n kendine \u00f6zg\u00fc \u015fekli, Matterhorn&#8217;un \u0130svi\u00e7re Alpleri&#8217;nin bir sembol\u00fc haline gelmesine ve hatta \u0130svi\u00e7re ulusal bayra\u011f\u0131nda yer almas\u0131na neden olmu\u015ftur. Pop\u00fcler bir turistik cazibe merkezidir ve \u00e7evredeki bir\u00e7ok yerden g\u00f6r\u00fclebilir.<\/p>\n\n<h2 class=\"wp-block-heading\"><a><\/a>Grossglockner<\/h2>\n\n<p class=\"wp-block-paragraph\">Avrupa&#8217;da t\u0131rman\u0131lmas\u0131 en kolay ve en y\u00fcksek da\u011flardan biri olan Grossglocker, deniz seviyesinden 3.798 metre y\u00fcksekli\u011fiyle ayn\u0131 zamanda Tirol&#8217;e yak\u0131n bir konumda yer alan Avusturya&#8217;n\u0131n da en y\u00fcksek da\u011f\u0131d\u0131r.<\/p>\n\n<p class=\"wp-block-paragraph\">B\u00f6lge, muhte\u015fem manzaralar\u0131n yan\u0131 s\u0131ra muhte\u015fem manzaralara sahip k\u0131vr\u0131ml\u0131 bir da\u011f yolunu takdir edenler i\u00e7in ola\u011fan\u00fcst\u00fc bir s\u00fcr\u00fc\u015f sunan <a href=\"https:\/\/www.grossglockner.at\/gg\/en\/index\">Y\u00fcksek Alp Yolu<\/a> ile de tan\u0131nmaktad\u0131r.<\/p>\n\n<p class=\"wp-block-paragraph\">Belirtildi\u011fi gibi, Grossglocker &#8220;zor de\u011fil&#8221; olarak derecelendirilmi\u015f bir da\u011fd\u0131r, yani yeni ba\u015flayanlar ve orta d\u00fczey da\u011fc\u0131lar i\u00e7in ke\u015ffetmek i\u00e7in harika bir yerdir. T\u0131rmanmak i\u00e7in y\u0131l\u0131n en yayg\u0131n zaman\u0131, hayat\u0131n tad\u0131n\u0131 sonuna kadar \u00e7\u0131karabilece\u011finiz yaz aylar\u0131d\u0131r.<\/p>\n\n<h2 class=\"wp-block-heading\"><a><\/a>Dufourspitze<\/h2>\n\n<p class=\"wp-block-paragraph\">4.634 metre y\u00fckseklikteki Dufourspitze, \u0130svi\u00e7re&#8217;nin en y\u00fcksek zirvesi ve Dufour Zirvesi&#8217;nden sonra Monte Rosa masifinin ikinci en y\u00fcksek zirvesidir. Pennine Alpleri&#8217;nde, \u0130svi\u00e7re ve \u0130talya s\u0131n\u0131r\u0131nda yer almaktad\u0131r.<\/p>\n\n<p class=\"wp-block-paragraph\">Dufourspitze, ad\u0131n\u0131 \u0130svi\u00e7re Konfederasyonu&#8217;nun kurulmas\u0131nda kilit rol oynayan \u0130svi\u00e7reli m\u00fchendis ve askeri subay Guillaume-Henri Dufour&#8217;dan alm\u0131\u015ft\u0131r. Da\u011fa ilk kez 1855 y\u0131l\u0131nda Edward Whymper liderli\u011findeki \u0130svi\u00e7reli ve \u0130ngiliz da\u011fc\u0131lardan olu\u015fan bir ekip taraf\u0131ndan t\u0131rman\u0131lm\u0131\u015ft\u0131r.<\/p>\n\n<h2 class=\"wp-block-heading\"><a><\/a>Dom<\/h2>\n\n<p class=\"wp-block-paragraph\">Dom, \u0130svi\u00e7re&#8217;nin Graub\u00fcnden kantonunun en y\u00fcksek da\u011f\u0131 ve Lepontine Alplerinin en y\u00fcksek da\u011f\u0131d\u0131r. Valais kantonunda, Zermatt kasabas\u0131 yak\u0131nlar\u0131nda yer almaktad\u0131r.<\/p>\n\n<p class=\"wp-block-paragraph\">Deniz seviyesinden 4.545 metre y\u00fcksekli\u011fe sahip devasa bir zirvedir. Da\u011f, \u0130svi\u00e7re Ulusal Park\u0131&#8217;nda yer almaktad\u0131r ve nispeten yap\u0131labilir t\u0131rman\u0131\u015f nedeniyle da\u011fc\u0131lar i\u00e7in olduk\u00e7a pop\u00fcler bir yer haline gelmi\u015ftir.<\/p>\n\n<h2 class=\"wp-block-heading\"><a><\/a>Gunnbj\u00f8rn Fjeld<\/h2>\n\n<p class=\"wp-block-paragraph\">Listemizdeki en k\u0131sa yerlerden biri olsa da, bir\u00e7ok insan buray\u0131 tamamen g\u00f6zden ka\u00e7\u0131rd\u0131\u011f\u0131 i\u00e7in konumunun kendisi bahsetmeye de\u011fer k\u0131l\u0131yor. Bunun nedeni Gunnbj\u00f8rn Fjeld&#8217;in Gr\u00f6nland&#8217;da ve dolay\u0131s\u0131yla Kuzey I\u015f\u0131klar\u0131n\u0131 deneyimleme \u015fans\u0131na sahip olaca\u011f\u0131n\u0131z Danimarka&#8217;n\u0131n bir par\u00e7as\u0131 olmas\u0131d\u0131r.<\/p>\n\n<p class=\"wp-block-paragraph\">Gr\u00f6nland&#8217;\u0131n do\u011fu taraf\u0131ndaki Watkins Da\u011flar\u0131&#8217;n\u0131n bir par\u00e7as\u0131d\u0131r, yani \u0130zlanda&#8217;ya Gr\u00f6nland&#8217;\u0131n ba\u015fkenti Nuuk&#8217;tan daha yak\u0131nd\u0131r. Da\u011f\u0131n y\u00fcksekli\u011fi 3.694 metredir ve a\u015f\u0131r\u0131 bir iklimde yer almaktad\u0131r, bu da t\u0131rmanmak i\u00e7in ciddi beceriler gerektirece\u011fi anlam\u0131na gelir, ancak bir\u00e7ok ki\u015fi bunu zaten ba\u015far\u0131yla yapm\u0131\u015ft\u0131r.<\/p>\n\n<h2 class=\"wp-block-heading\"><a><\/a>Elbruz<\/h2>\n\n<p class=\"wp-block-paragraph\">Baz\u0131lar\u0131 Rusya&#8217;n\u0131n Avrupa&#8217;n\u0131n bir par\u00e7as\u0131 olmad\u0131\u011f\u0131n\u0131 iddia etse de, biz yine de bu listeye dahil etmenin uygun olaca\u011f\u0131n\u0131 d\u00fc\u015f\u00fcnd\u00fck. K\u0131tan\u0131n bu b\u00f6l\u00fcm\u00fcnde, birka\u00e7 \u00fclkeyi kapsayan Kafkas s\u0131rada\u011flar\u0131 \u00fczerinde \u00e7ok say\u0131da y\u00fcksek da\u011f bulunmaktad\u0131r. Burada bahsedebilece\u011fimiz di\u011fer \u00f6nemli noktalar ise G\u00fcrcistan&#8217;daki Ushba ve Tetnuldi da\u011flar\u0131d\u0131r.<\/p>\n\n<p class=\"wp-block-paragraph\">Elbrus, deniz seviyesinden 5.642 metre gibi etkileyici bir y\u00fckseklikte olup bu listedeki en y\u00fcksek da\u011fd\u0131r. Belirtildi\u011fi gibi, Rusya&#8217;da yer almaktad\u0131r ve bu nedenle Avrupa&#8217;n\u0131n bir par\u00e7as\u0131 olup olmad\u0131\u011f\u0131 tart\u0131\u015fmaya a\u00e7\u0131kt\u0131r.  <\/p>\n\n<p class=\"wp-block-paragraph\">Zirveye g\u00fcvenli bir \u015fekilde ula\u015fmak i\u00e7in yakla\u015f\u0131k 8-12 g\u00fcn gerekmektedir. T\u0131rman\u0131\u015f\u0131n t\u00fcm mesafesi, \u00e7o\u011fu daha d\u00fc\u015f\u00fck rak\u0131mlarda yap\u0131lacak olan 60 milden fazla y\u00fcr\u00fcmenizle sonu\u00e7lan\u0131r.<\/p>\n","protected":false},"excerpt":{"rendered":"<p>\u0130nsano\u011flu y\u00fczlerce y\u0131ld\u0131r y\u00fcksek da\u011flara do\u011fru bakm\u0131\u015f ve bu devlere t\u0131rmanmay\u0131 dilemi\u015ftir. Bunun atalar\u0131m\u0131zdan bize ge\u00e7en temel bir i\u00e7g\u00fcd\u00fcden, heyecan ve spora kadar pek \u00e7ok nedeni var. \u00c7o\u011fu insan Kilimanjaro ya da Everest Da\u011f\u0131&#8217;na t\u0131rmanmay\u0131 hayal etse de, Avrupa&#8217;da ke\u015ffedilmeyi ve t\u0131rman\u0131lmay\u0131 bekleyen pek \u00e7ok y\u00fcksek da\u011f vard\u0131r. Bu yaz\u0131da Avrupa&#8217;n\u0131n en y\u00fcksek 10 da\u011f\u0131n\u0131<\/p>\n","protected":false},"author":1,"featured_media":101439,"comment_status":"closed","ping_status":"closed","sticky":false,"template":"","format":"standard","meta":{"footnotes":""},"categories":[31430],"tags":[46197,46187],"class_list":["post-121320","post","type-post","status-publish","format-standard","has-post-thumbnail","hentry","category-esin","tag-avrupa","tag-en-yuksek-daglar"],"_links":{"self":[{"href":"https:\/\/www.scandinavia.life\/tr\/wp-json\/wp\/v2\/posts\/121320","targetHints":{"allow":["GET"]}}],"collection":[{"href":"https:\/\/www.scandinavia.life\/tr\/wp-json\/wp\/v2\/posts"}],"about":[{"href":"https:\/\/www.scandinavia.life\/tr\/wp-json\/wp\/v2\/types\/post"}],"author":[{"embeddable":true,"href":"https:\/\/www.scandinavia.life\/tr\/wp-json\/wp\/v2\/users\/1"}],"replies":[{"embeddable":true,"href":"https:\/\/www.scandinavia.life\/tr\/wp-json\/wp\/v2\/comments?post=121320"}],"version-history":[{"count":1,"href":"https:\/\/www.scandinavia.life\/tr\/wp-json\/wp\/v2\/posts\/121320\/revisions"}],"predecessor-version":[{"id":150729,"href":"https:\/\/www.scandinavia.life\/tr\/wp-json\/wp\/v2\/posts\/121320\/revisions\/150729"}],"wp:featuredmedia":[{"embeddable":true,"href":"https:\/\/www.scandinavia.life\/tr\/wp-json\/wp\/v2\/media\/101439"}],"wp:attachment":[{"href":"https:\/\/www.scandinavia.life\/tr\/wp-json\/wp\/v2\/media?parent=121320"}],"wp:term":[{"taxonomy":"category","embeddable":true,"href":"https:\/\/www.scandinavia.life\/tr\/wp-json\/wp\/v2\/categories?post=121320"},{"taxonomy":"post_tag","embeddable":true,"href":"https:\/\/www.scandinavia.life\/tr\/wp-json\/wp\/v2\/tags?post=121320"}],"curies":[{"name":"wp","href":"https:\/\/api.w.org\/{rel}","templated":true}]}}