{"id":122355,"date":"2023-01-02T09:22:43","date_gmt":"2023-01-02T09:22:43","guid":{"rendered":"http:\/\/scandinavia.life\/iskandinavyanin-dort-bir-yanindan-2023-yeni-yiliniz-kutlu-olsun\/"},"modified":"2025-07-02T20:30:46","modified_gmt":"2025-07-02T20:30:46","slug":"iskandinavyanin-dort-bir-yanindan-2023-yeni-yiliniz-kutlu-olsun","status":"publish","type":"post","link":"https:\/\/www.scandinavia.life\/tr\/iskandinavyanin-dort-bir-yanindan-2023-yeni-yiliniz-kutlu-olsun\/","title":{"rendered":"\u0130skandinavya&#8217;n\u0131n d\u00f6rt bir yan\u0131ndan 2023 yeni y\u0131l\u0131n\u0131z kutlu olsun"},"content":{"rendered":"\n<p class=\"wp-block-paragraph\">Yeni 2023 y\u0131l\u0131n\u0131n arifesinde, \u0130skandinavya&#8217;n\u0131n d\u00f6rt bir yan\u0131ndaki \u015fehirler ve mahalleler, sakinlerinin b\u00fcy\u00fck co\u015fku g\u00f6sterileriyle \u00e7\u0131lg\u0131na d\u00f6nd\u00fc. Noel s\u00fcsleri hala ana caddelerde yer kiralarken, yeni bir y\u0131l\u0131n daha mutlulu\u011funu ifade etmek i\u00e7in havai fi\u015fekler patlat\u0131ld\u0131. \u0130nsanlar k\u0131\u015f\u0131n delici so\u011fu\u011funa meydan okuyarak, \u015farap kadehlerini savurarak, sigaralar\u0131n\u0131 payla\u015farak ve mutluluktan havalara u\u00e7arak ak\u0131n etti. Yeni bir y\u0131l ve kimsenin kutlamalardan geri duramayaca\u011f\u0131 yeni bir ba\u015flang\u0131\u00e7.  <\/p>\n\n<figure class=\"wp-block-embed is-type-video is-provider-youtube wp-block-embed-youtube wp-embed-aspect-16-9 wp-has-aspect-ratio\"><div class=\"wp-block-embed__wrapper\">\n<iframe loading=\"lazy\" title=\"Happy New Year Live! \ud83c\udf86 London Fireworks 2023 \ud83d\udd34 BBC\" width=\"960\" height=\"540\" src=\"https:\/\/www.youtube.com\/embed\/2FcDNi1HkfI?feature=oembed\" frameborder=\"0\" allow=\"accelerometer; autoplay; clipboard-write; encrypted-media; gyroscope; picture-in-picture; web-share\" referrerpolicy=\"strict-origin-when-cross-origin\" allowfullscreen><\/iframe>\n<\/div><figcaption class=\"wp-element-caption\"><strong><em>D\u00fcnya genelinde her \u015fey yeni y\u0131lla ilgili<\/em><\/strong><\/figcaption><\/figure>\n\n<p class=\"wp-block-paragraph\">Miladi Takvim&#8217;de \u0130skandinavlar\u0131 ger\u00e7ekten b\u00fcy\u00fcleyen ve s\u00fcper aktif k\u0131lan iki olay varsa, bunlar <em>\n  <strong>Noel<\/strong>\n<\/em> ve yeni y\u0131l. \u0130skandinavlar\u0131n her zaman hayat\u0131n i\u00e7ine dald\u0131klar\u0131 ve \u00e7o\u011fu zaman s\u0131k\u0131c\u0131 olan so\u011fuk g\u00f6r\u00fcn\u00fcmlerine meydan okuduklar\u0131 bir his vard\u0131r. Ba\u011f\u0131racaklar,<a href=\"http:\/\/scandinavia.life\/tr\/danimarkada-icki-kulup-ve-parti-kulturu\/\"> i\u00e7ecekler, parti <\/a>yapacaklar ve \u00e7\u0131lg\u0131nlar gibi hediyeler g\u00f6nderecekler. Noel&#8217;de \u00e7\u0131lg\u0131nca bir kutlama havas\u0131 esiyor ve bu hava yeni y\u0131la da yay\u0131l\u0131yor.  <\/p>\n\n<h2 class=\"wp-block-heading\"><strong>\u0130skandinavya&#8217;da Noel a\u011fac\u0131  <\/strong><\/h2>\n\n<p class=\"wp-block-paragraph\">\u0130skandinavya ile ilgili \u00e7arp\u0131c\u0131 bir \u015fey de geleneklerini neredeyse hi\u00e7 kat\u0131ks\u0131z bir \u015fekilde bir nesilden di\u011ferine aktarmalar\u0131d\u0131r. Kutlamalar\u0131n en \u00f6nemli sembol\u00fc olan geleneksel Noel a\u011fac\u0131n\u0131n yan\u0131 s\u0131ra elbette <em><strong>Noel Baba<\/strong> <\/em>mimikler bayram sezonunda evlerden hi\u00e7 eksik olmaz. Normalde Noel a\u011fac\u0131na tap\u0131l\u0131r ve s\u00fcsler, mumluklar, kurdeleler, alt\u0131n, g\u00fcm\u00fc\u015f gibi s\u00fcslemeler yap\u0131l\u0131r. A\u011fa\u00e7, t\u0131pk\u0131 etraftaki herkesin y\u00fcz\u00fc gibi estetik a\u00e7\u0131dan \u00e7ok parlak g\u00f6r\u00fcn\u00fcr.  <\/p>\n\n<figure class=\"wp-block-image size-large\"><img loading=\"lazy\" decoding=\"async\" width=\"716\" height=\"1024\" src=\"https:\/\/scandinavia.life\/wp-content\/uploads\/2023\/01\/lasse-bergqvist-gQLB1hykPPc-unsplash-716x1024.jpg\" alt=\"\" class=\"wp-image-100905\" srcset=\"https:\/\/www.scandinavia.life\/wp-content\/uploads\/2023\/01\/lasse-bergqvist-gQLB1hykPPc-unsplash-716x1024.jpg 716w, https:\/\/www.scandinavia.life\/wp-content\/uploads\/2023\/01\/lasse-bergqvist-gQLB1hykPPc-unsplash-210x300.jpg 210w, https:\/\/www.scandinavia.life\/wp-content\/uploads\/2023\/01\/lasse-bergqvist-gQLB1hykPPc-unsplash-768x1098.jpg 768w, https:\/\/www.scandinavia.life\/wp-content\/uploads\/2023\/01\/lasse-bergqvist-gQLB1hykPPc-unsplash-1074x1536.jpg 1074w, https:\/\/www.scandinavia.life\/wp-content\/uploads\/2023\/01\/lasse-bergqvist-gQLB1hykPPc-unsplash-1432x2048.jpg 1432w, https:\/\/www.scandinavia.life\/wp-content\/uploads\/2023\/01\/lasse-bergqvist-gQLB1hykPPc-unsplash-scaled.jpg 1790w\" sizes=\"auto, (max-width: 716px) 100vw, 716px\" \/><figcaption class=\"wp-element-caption\"><em><strong>Noel a\u011fac\u0131 \u0130skandinavya&#8217;daki b\u00fcy\u00fck kutlamalar\u0131n habercisi<\/strong><\/em><\/figcaption><\/figure>\n\n<p class=\"wp-block-paragraph\">\u0130skandinav Noel a\u011fac\u0131 hakk\u0131nda daha fazla ayr\u0131nt\u0131ya <a href=\"https:\/\/scandification.com\/how-to-get-the-scandinavian-christmas-tree-look\/\">buradan<\/a> ula\u015fabilirsiniz.  <\/p>\n\n<p class=\"wp-block-paragraph\">Kabul edebilece\u011fimiz bir \u015fey varsa o da \u0130skandinavya&#8217;da Noel a\u011fac\u0131n\u0131n olmad\u0131\u011f\u0131 bir Noel kutlamas\u0131n\u0131n asla olmayaca\u011f\u0131d\u0131r. B\u00fcy\u00fck g\u00fcne yakla\u015fan g\u00fcnlerde insanlar a\u011fac\u0131 kurmaya ve s\u00fcslemeye ba\u015flar. Bunu yapmak i\u00e7in \u0131\u015f\u0131klar ve \u00e7e\u015fitli malzemeler gerekiyor. A\u011faca kendi ba\u015f\u0131na eri\u015febilenler i\u00e7in ormana inmek ve k\u00f6knar toplamak m\u00fcmk\u00fcnd\u00fcr. \u015ea\u015f\u0131rt\u0131c\u0131 \u015fekli Noel a\u011fac\u0131n\u0131 telafi ediyor. Ancak \u015fehirlerde ya\u015fayanlar her zaman sat\u0131c\u0131lardan bir tane sat\u0131n alabilirler. Asl\u0131nda, yapay s\u00fcslemeleri sevenler s\u00fcs plastik Noel a\u011fa\u00e7lar\u0131na y\u00f6neliyor.  <\/p>\n\n<p class=\"wp-block-paragraph\">Noel kutlamalar\u0131, etraf\u0131ndaki gelenekler, yemekler ve ard\u0131ndan gelen parti hakk\u0131nda pek \u00e7ok ayr\u0131nt\u0131 var. Bunlar ve \u00e7ok daha spesifik ipu\u00e7lar\u0131 burada.  <\/p>\n\n<h2 class=\"wp-block-heading\"><strong>\u0130skandinavya&#8217;da yeni y\u0131l kutlama \u00e7\u0131lg\u0131nl\u0131\u011f\u0131<\/strong><\/h2>\n\n<p class=\"wp-block-paragraph\">Yeni bir y\u0131la girmek d\u00fcnyan\u0131n her yerinde kolay bir i\u015f de\u011fildir. Sidney&#8217;den Hawaii&#8217;ye ve aradaki her yerde insanlar y\u0131lda sadece bir kez gelen bu an\u0131n tad\u0131n\u0131 \u00e7\u0131kar\u0131yor. \u00c7o\u011fu durumda, yeni bir y\u0131l hepimize yeni kararlar yazmak, yeni planlar yapmak ve yeni yollar \u00e7izmek i\u00e7in temiz bir sayfa sunar. Yeni y\u0131lda, yeni biten y\u0131l\u0131n muhasebesini yaparken pek \u00e7ok karar al\u0131yoruz. \u0130skandinavya&#8217;da da durum farkl\u0131 de\u011fil. Asl\u0131nda, yeni y\u0131l havas\u0131 \u00e7ok g\u00fc\u00e7l\u00fc.  <\/p>\n\n<figure class=\"wp-block-image size-large\"><img loading=\"lazy\" decoding=\"async\" width=\"683\" height=\"1024\" src=\"https:\/\/scandinavia.life\/wp-content\/uploads\/2023\/01\/zuza-galczynska-c5_eQi4rrjA-unsplash-683x1024.jpg\" alt=\"\" class=\"wp-image-100929\" srcset=\"https:\/\/www.scandinavia.life\/wp-content\/uploads\/2023\/01\/zuza-galczynska-c5_eQi4rrjA-unsplash-683x1024.jpg 683w, https:\/\/www.scandinavia.life\/wp-content\/uploads\/2023\/01\/zuza-galczynska-c5_eQi4rrjA-unsplash-200x300.jpg 200w, https:\/\/www.scandinavia.life\/wp-content\/uploads\/2023\/01\/zuza-galczynska-c5_eQi4rrjA-unsplash-768x1152.jpg 768w, https:\/\/www.scandinavia.life\/wp-content\/uploads\/2023\/01\/zuza-galczynska-c5_eQi4rrjA-unsplash-1024x1536.jpg 1024w, https:\/\/www.scandinavia.life\/wp-content\/uploads\/2023\/01\/zuza-galczynska-c5_eQi4rrjA-unsplash-1365x2048.jpg 1365w, https:\/\/www.scandinavia.life\/wp-content\/uploads\/2023\/01\/zuza-galczynska-c5_eQi4rrjA-unsplash-scaled.jpg 1706w\" sizes=\"auto, (max-width: 683px) 100vw, 683px\" \/><figcaption class=\"wp-element-caption\"><strong><em>Ya\u015fas\u0131n, bizim i\u00e7in yeni bir y\u0131l.<\/em><\/strong><\/figcaption><\/figure>\n\n<p class=\"wp-block-paragraph\">Havai fi\u015fekler, ulumalar, \u0131sl\u0131klar, ba\u011f\u0131r\u0131\u015flar, partiler, ne\u015feli i\u015faretler, ne ararsan\u0131z var; \u0130skandinavya&#8217;da yeni y\u0131l\u0131n anlam\u0131 budur. \u00c7o\u011fu durumda, insanlar geri say\u0131m s\u0131ras\u0131nda mum yakarlar ve son mumun y\u0131l\u0131n son g\u00fcn\u00fcnde yak\u0131lmas\u0131 beklenir. En hafif tabiriyle hi\u00e7 s\u0131k\u0131c\u0131 de\u011fil.<\/p>\n\n<p class=\"wp-block-paragraph\">Y\u0131lba\u015f\u0131 gecesinin tad\u0131n\u0131 ger\u00e7ekten \u00e7\u0131karmak isteyenler, arkada\u015flar\u0131 ve aileleriyle gruplar halinde bir araya gelirler. \u0130nsanlar i\u00e7ki ve yemek i\u00e7in gece ge\u00e7 saatlere kadar ayakta kal\u0131rlar. Yeni y\u0131l\u0131n ba\u015flamas\u0131na birka\u00e7 dakika kala \u0130skandinavlar bir grup havai fi\u015fekle d\u0131\u015far\u0131 \u00e7\u0131kar ve kutlama i\u00e7in g\u00f6ky\u00fcz\u00fcn\u00fc ayd\u0131nlat\u0131rlard\u0131.  <\/p>\n\n<p class=\"wp-block-paragraph\">\u0130skandinavya&#8217;daki <a href=\"https:\/\/www.fiftydegreesnorth.com\/eu\/article\/new-years-eve-fireworks-in-the-nordic-capitals\">yeni y\u0131l kutlamalar\u0131<\/a> neredeyse birbirine benziyor ve ziyaret\u00e7iler bile kolayca kat\u0131labiliyor. Bu her zaman, i\u00e7e d\u00f6n\u00fck olanlar\u0131n bile k\u0131sa s\u00fcreli\u011fine keyif almak i\u00e7in a\u00e7\u0131ld\u0131\u011f\u0131 bir and\u0131r. Bu yeni y\u0131l arifelerinden birinde kendinizi \u0130skandinavya&#8217;da bulursan\u0131z, hayat\u0131n\u0131z boyunca unutamayaca\u011f\u0131n\u0131z anlar ya\u015famaya haz\u0131r olun.  <\/p>\n","protected":false},"excerpt":{"rendered":"<p>Yeni 2023 y\u0131l\u0131n\u0131n arifesinde, \u0130skandinavya&#8217;n\u0131n d\u00f6rt bir yan\u0131ndaki \u015fehirler ve mahalleler, sakinlerinin b\u00fcy\u00fck co\u015fku g\u00f6sterileriyle \u00e7\u0131lg\u0131na d\u00f6nd\u00fc. Noel s\u00fcsleri hala ana caddelerde yer kiralarken, yeni bir y\u0131l\u0131n daha mutlulu\u011funu ifade etmek i\u00e7in havai fi\u015fekler patlat\u0131ld\u0131. \u0130nsanlar k\u0131\u015f\u0131n delici so\u011fu\u011funa meydan okuyarak, \u015farap kadehlerini savurarak, sigaralar\u0131n\u0131 payla\u015farak ve mutluluktan havalara u\u00e7arak ak\u0131n etti. Yeni bir y\u0131l<\/p>\n","protected":false},"author":1,"featured_media":100974,"comment_status":"closed","ping_status":"closed","sticky":false,"template":"","format":"standard","meta":{"footnotes":""},"categories":[31516],"tags":[],"class_list":["post-122355","post","type-post","status-publish","format-standard","has-post-thumbnail","hentry","category-yasamak"],"_links":{"self":[{"href":"https:\/\/www.scandinavia.life\/tr\/wp-json\/wp\/v2\/posts\/122355","targetHints":{"allow":["GET"]}}],"collection":[{"href":"https:\/\/www.scandinavia.life\/tr\/wp-json\/wp\/v2\/posts"}],"about":[{"href":"https:\/\/www.scandinavia.life\/tr\/wp-json\/wp\/v2\/types\/post"}],"author":[{"embeddable":true,"href":"https:\/\/www.scandinavia.life\/tr\/wp-json\/wp\/v2\/users\/1"}],"replies":[{"embeddable":true,"href":"https:\/\/www.scandinavia.life\/tr\/wp-json\/wp\/v2\/comments?post=122355"}],"version-history":[{"count":1,"href":"https:\/\/www.scandinavia.life\/tr\/wp-json\/wp\/v2\/posts\/122355\/revisions"}],"predecessor-version":[{"id":154681,"href":"https:\/\/www.scandinavia.life\/tr\/wp-json\/wp\/v2\/posts\/122355\/revisions\/154681"}],"wp:featuredmedia":[{"embeddable":true,"href":"https:\/\/www.scandinavia.life\/tr\/wp-json\/wp\/v2\/media\/100974"}],"wp:attachment":[{"href":"https:\/\/www.scandinavia.life\/tr\/wp-json\/wp\/v2\/media?parent=122355"}],"wp:term":[{"taxonomy":"category","embeddable":true,"href":"https:\/\/www.scandinavia.life\/tr\/wp-json\/wp\/v2\/categories?post=122355"},{"taxonomy":"post_tag","embeddable":true,"href":"https:\/\/www.scandinavia.life\/tr\/wp-json\/wp\/v2\/tags?post=122355"}],"curies":[{"name":"wp","href":"https:\/\/api.w.org\/{rel}","templated":true}]}}