{"id":125135,"date":"2023-02-07T20:17:24","date_gmt":"2023-02-07T20:17:24","guid":{"rendered":"http:\/\/scandinavia.life\/malmo-hakkinda-heyecan-verici-detaylar\/"},"modified":"2024-03-09T21:08:47","modified_gmt":"2024-03-09T21:08:47","slug":"malmo-hakkinda-heyecan-verici-detaylar","status":"publish","type":"post","link":"https:\/\/www.scandinavia.life\/tr\/malmo-hakkinda-heyecan-verici-detaylar\/","title":{"rendered":"Malm\u00f6 hakk\u0131nda heyecan verici detaylar"},"content":{"rendered":"\n<p class=\"wp-block-paragraph\">\u0130sve\u00e7&#8217;in de bir par\u00e7as\u0131 oldu\u011fu \u0130skandinavya, ula\u015f\u0131mda fosil yak\u0131t kullan\u0131m\u0131n\u0131n azalt\u0131lmas\u0131n\u0131 desteklemenin yan\u0131 s\u0131ra sa\u011fl\u0131kl\u0131 bir ya\u015fam tarz\u0131n\u0131n te\u015fvik edilmesinde de \u00f6nc\u00fcl\u00fck etmektedir. Etrafta dola\u015fan bu kadar \u00e7ok elektrikli araba ve yeni gelenlerin onlar hakk\u0131nda ne d\u00fc\u015f\u00fcnece\u011fini umursamadan scooterlar\u0131n\u0131, kaykaylar\u0131n\u0131, bisikletlerini s\u00fcren insanlar g\u00f6rmenize \u015fa\u015fmamal\u0131. \u0130sve\u00e7liler ve \u0130skandinavlar i\u00e7in bisiklete binmek ya da motorlu olmayan herhangi bir ula\u015f\u0131m arac\u0131n\u0131 kullanmak, d\u00fcnyay\u0131 ye\u015fillendirmeye y\u00f6nelik bir\u00e7ok k\u00fc\u00e7\u00fck \u015fampiyonluk eylemi aras\u0131nda say\u0131lmaktad\u0131r. \u0130\u015fte bu temel, bisikletle Malm\u00f6 hakk\u0131nda bir konu\u015fma i\u00e7in zemin haz\u0131rl\u0131yor.  <\/p>\n\n<figure class=\"wp-block-embed is-type-video is-provider-youtube wp-block-embed-youtube wp-embed-aspect-16-9 wp-has-aspect-ratio\"><div class=\"wp-block-embed__wrapper\">\n<iframe loading=\"lazy\" title=\"Cycling in Malm\u00f6 (Sweden) from a Dutch perspective\" width=\"960\" height=\"540\" src=\"https:\/\/www.youtube.com\/embed\/FXZyF1ZXPiY?feature=oembed\" frameborder=\"0\" allow=\"accelerometer; autoplay; clipboard-write; encrypted-media; gyroscope; picture-in-picture; web-share\" referrerpolicy=\"strict-origin-when-cross-origin\" allowfullscreen><\/iframe>\n<\/div><figcaption class=\"wp-element-caption\"><em><a href=\"https:\/\/www.youtube.com\/watch?v=FXZyF1ZXPiY\">Malm\u00f6&#8217;y\u00fc bisikletle<\/a> tam anlam\u0131yla deneyimleyin<\/em><\/figcaption><\/figure>\n\n<p class=\"wp-block-paragraph\">Tahmin edebilece\u011finiz gibi, <a href=\"https:\/\/www.youtube.com\/watch?v=FXZyF1ZXPiY\">bisikletle Mal<\/a> m\u00f6, Malm\u00f6 \u015fehrinde motorsuz ula\u015f\u0131m\u0131 te\u015fvik etmek i\u00e7in bir yol anlam\u0131na gelmektedir. Sonu\u00e7ta bisiklet\u00e7iler de iyi bir fiziksel forma sahip olur ve zorlu kronik ve kardiyovask\u00fcler hastal\u0131klara yakalanmaktan kurtulurlar.  <\/p>\n\n<h2 class=\"wp-block-heading\"><strong>Malm\u00f6 hakk\u0131nda biraz bilgi<\/strong><\/h2>\n\n<p class=\"wp-block-paragraph\">\u0130skandinavya b\u00f6lgelerinden ve \u00f6zellikle \u0130sve\u00e7&#8217;teki \u015fehirlerden bahsederken Malm\u00f6 en iyi \u015fehirlerden biri olarak \u00f6ne \u00e7\u0131k\u0131yor. \u0130sve\u00e7&#8217;in eski ba\u015fkenti Malm\u00f6, g\u00fczel bah\u00e7eler, sevimli eski evler, kafeler ve al\u0131\u015fveri\u015f merkezleriyle s\u00fcsl\u00fc ola\u011fan\u00fcst\u00fc bir \u00e7ar\u015f\u0131, fantastik blok evler ve \u00e7ekici yap\u0131lar gibi g\u00f6z al\u0131c\u0131 \u00f6zellikleriyle ho\u015f bir yerdir.  <\/p>\n\n<p class=\"wp-block-paragraph\">Bu \u00e7arp\u0131c\u0131 \u015fehri gezmek i\u00e7in neden en az \u00fc\u00e7 g\u00fcnl\u00fck bir tatil ge\u00e7irmeniz gerekti\u011fini a\u00e7\u0131klayan pek \u00e7ok neden var. Al\u0131\u015fveri\u015f ve e\u011flence noktalar\u0131nda, Malm\u00f6 liman kentinde, kumsallarda ve g\u00fczel do\u011fada inan\u0131lmaz bir kar\u015f\u0131la\u015fma ya\u015fayacaks\u0131n\u0131z.  <\/p>\n\n<p class=\"wp-block-paragraph\">\u0130sve\u00e7&#8217;in en b\u00fcy\u00fck \u00fc\u00e7\u00fcnc\u00fc \u015fehri olan Malm\u00f6, 700.000&#8217;den fazla n\u00fcfusa ev sahipli\u011fi yapmaktad\u0131r ve bu da Malm\u00f6&#8217;y\u00fc gama d\u00fczeyinde bir k\u00fcresel \u015fehir olarak d\u00fc\u015f\u00fcnd\u00fcrmektedir. <a href=\"https:\/\/en.wikipedia.org\/wiki\/Malm%C3%B6\">\n  <em>D\u00fcnya \u015eehirleri Ara\u015ft\u0131rma A\u011f\u0131<\/em>\n<\/a> ve K\u00fcreselle\u015fme.  <\/p>\n\n<h2 class=\"wp-block-heading\"><strong>Malm\u00f6&#8217;y\u00fc enine boyuna gezmek i\u00e7in bisiklete ihtiyac\u0131n\u0131z var<\/strong><\/h2>\n\n<p class=\"wp-block-paragraph\">Malm\u00f6&#8217;deki t\u00fcm bu harika yerlerde dola\u015fmak, \u00f6zellikle de etrafta y\u00fcr\u00fcyorsan\u0131z, s\u0131k\u0131c\u0131 olabilir. <a href=\"https:\/\/expateuropa.com\/insurance-in-sweden\/#more-7648\">\u0130sve\u00e7&#8217;<\/a>te araba sahibi olmak ve <a href=\"https:\/\/expateuropa.com\/insurance-in-sweden\/#more-7648\">sigorta<\/a> yapt\u0131rmak yerine bisiklet kullanmak, Malm\u00f6&#8217;d <a href=\"https:\/\/expateuropa.com\/insurance-in-sweden\/#more-7648\">e<\/a> dola\u015fmak i\u00e7in kullanabilece\u011finiz bir ba\u015fka heyecan verici ula\u015f\u0131m arac\u0131d\u0131r. \u00d6zellikle Malm\u00f6&#8217;y\u00fc sadece birka\u00e7 g\u00fcnl\u00fc\u011f\u00fcne ziyaret eden bir gezginseniz, bisiklet sat\u0131n alma konusunda endi\u015felenmenize gerek yoktur.<\/p>\n\n<p class=\"wp-block-paragraph\">  Malmo by bike, birka\u00e7 g\u00fcnl\u00fc\u011f\u00fcne Malmo&#8217;yu gezen bir g\u00f6\u00e7men olarak bile Malmo&#8217;da dola\u015fmak i\u00e7in kullanabilece\u011finiz bisikletleri kiralad\u0131\u011f\u0131 i\u00e7in sizi koruyor. Kiral\u0131k bisikletleri t\u00fcm y\u0131l boyunca kullanabilirsiniz.  <\/p>\n\n<figure class=\"wp-block-image size-large\"><img loading=\"lazy\" decoding=\"async\" width=\"1024\" height=\"640\" src=\"http:\/\/scandinavia.life\/wp-content\/uploads\/2023\/02\/dovile-ramoskaite-x8rDSFN2DpY-unsplash-1024x640.jpg\" alt=\"\" class=\"wp-image-102798\" srcset=\"https:\/\/www.scandinavia.life\/wp-content\/uploads\/2023\/02\/dovile-ramoskaite-x8rDSFN2DpY-unsplash-1024x640.jpg 1024w, https:\/\/www.scandinavia.life\/wp-content\/uploads\/2023\/02\/dovile-ramoskaite-x8rDSFN2DpY-unsplash-300x187.jpg 300w, https:\/\/www.scandinavia.life\/wp-content\/uploads\/2023\/02\/dovile-ramoskaite-x8rDSFN2DpY-unsplash-768x480.jpg 768w, https:\/\/www.scandinavia.life\/wp-content\/uploads\/2023\/02\/dovile-ramoskaite-x8rDSFN2DpY-unsplash-1536x959.jpg 1536w, https:\/\/www.scandinavia.life\/wp-content\/uploads\/2023\/02\/dovile-ramoskaite-x8rDSFN2DpY-unsplash-2048x1279.jpg 2048w\" sizes=\"auto, (max-width: 1024px) 100vw, 1024px\" \/><figcaption class=\"wp-element-caption\"><em><a href=\"https:\/\/www.youtube.com\/watch?v=FXZyF1ZXPiY\">Bisikletle<\/a> bir <a href=\"https:\/\/www.youtube.com\/watch?v=FXZyF1ZXPiY\">Malm\u00f6<\/a> kiralay\u0131n ve yola \u00e7\u0131k\u0131n<\/em><\/figcaption><\/figure>\n\n<p class=\"wp-block-paragraph\">Malm\u00f6&#8217;de y\u0131ll\u0131k bir tatiliniz varsa, y\u0131ll\u0131k bilet sat\u0131n alabilirsiniz ve ayn\u0131 \u015fey \u00fc\u00e7 g\u00fcnl\u00fck bir seyahatiniz varsa, \u00fc\u00e7 g\u00fcn boyunca eri\u015fim elde etti\u011finizde de ge\u00e7erlidir. Malm\u00f6&#8217;deki bisikletler hakk\u0131nda en \u00e7ok keyif alaca\u011f\u0131n\u0131z \u015feylerden biri, buradaki \u00e7o\u011fu insan\u0131n yeri ke\u015ffetmek i\u00e7in bisiklete binmeyi sevmesidir.  <\/p>\n\n<h2 class=\"wp-block-heading\"><strong>Bisikletle Malm\u00f6 b\u00f6yle i\u015fliyor<\/strong><\/h2>\n\n<p class=\"wp-block-paragraph\">Ula\u015f\u0131m biletlerinizi almak gibi bir\u00e7ok ba\u015fvuru y\u00f6ntemi gibi, bisiklet almak i\u00e7in de belirli ayr\u0131nt\u0131lara sahip olman\u0131z ve bir bisiklete eri\u015fmek i\u00e7in gerekli ad\u0131mlar\u0131 atman\u0131z gerekecektir. Malmo by bike, Malmo&#8217;dayken \u015fehirde kolay hareket etmek i\u00e7in bir bisiklete eri\u015fmenize yard\u0131mc\u0131 olabilecek Malmo&#8217;da bir bisiklet kiralama sistemidir. Malm\u00f6 \u00e7evresinde daha ucuz bir ula\u015f\u0131m arac\u0131 olan bisiklet kiralaman\u0131za yard\u0131mc\u0131 olacaklar\u0131 i\u00e7in bu ad\u0131mlara dikkat etmenizde fayda var.  <\/p>\n\n<h2 class=\"wp-block-heading\"><em>1. <strong>Bisiklet sahibi olmak i\u00e7in kart\u0131n\u0131z\u0131 s\u00fctuna koyun<\/strong><\/em><\/h2>\n\n<p class=\"wp-block-paragraph\">Bir bisikleti teslim almaya ba\u015flamak i\u00e7in \u00f6ncelikle Malmo by bike&#8217;daki kimlik ve PIN kodunuzu kullanman\u0131z gerekir. Ekrandan, bisikleti kiralad\u0131\u011f\u0131n\u0131z yerdeki set rakam\u0131n\u0131 okuyabilirsiniz. Ekran, istasyon bo\u015fsa bir bisiklete eri\u015febilece\u011finiz en yak\u0131n yerleri g\u00f6sterecektir.  <\/p>\n\n<h2 class=\"wp-block-heading\"><em>2. <strong>Se\u00e7ti\u011finiz \u00f6zel bisikleti de\u011ferlendirin<\/strong><\/em><\/h2>\n\n<p class=\"wp-block-paragraph\">Yap\u0131, bisikletin nas\u0131l etkili bir \u015fekilde \u00e7al\u0131\u015ft\u0131\u011f\u0131n\u0131 de\u011ferlendirmenize yard\u0131mc\u0131 olmak i\u00e7in 2 dakika verir. Bisikletten memnun kalmazsan\u0131z, istasyonlara iade edebilir ve ba\u015fka bir bisiklet bulmak i\u00e7in \u00f6deme i\u015flemine ba\u015flayabilirsiniz. Bilgisayar gibi, bu sistem de hat\u0131rlayabilmesi ve reddetti\u011finiz ayn\u0131 d\u00f6ng\u00fcy\u00fc size sunmamas\u0131 a\u00e7\u0131s\u0131ndan ilgin\u00e7tir.  <\/p>\n\n<h2 class=\"wp-block-heading\"><em>3. <strong>Bisiklete binmeye ba\u015flay\u0131n ve i\u015fte gidiyorsunuz&#8230;.Yolculu\u011funuzun tad\u0131n\u0131 \u00e7\u0131kar\u0131n<\/strong><\/em><\/h2>\n\n<p class=\"wp-block-paragraph\">Malm\u00f6, benzersiz ve unutulmaz bir bisiklet turuna sahip olman\u0131z i\u00e7in \u00e7oktan ayarland\u0131. 510 km&#8217;den fazla bisiklet yolunun keyfini \u00e7\u0131karacaks\u0131n\u0131z. Bisiklet her seferinde bir saat kullan\u0131labilir. Zaman\u0131n\u0131z\u0131 t\u00fcketmeden \u00f6nce, bisikleti iade edebilece\u011finiz bir bisiklet istasyonu bulman\u0131z \u00e7ok \u00f6nemli olacakt\u0131r. Bir saatin etrafta dola\u015fman\u0131z i\u00e7in yeterli olmad\u0131\u011f\u0131n\u0131 d\u00fc\u015f\u00fcn\u00fcyorsan\u0131z tekrar bisiklet kiralayacaks\u0131n\u0131z.  <\/p>\n\n<h2 class=\"wp-block-heading\"><strong>Malm\u00f6&#8217;den bisikletle d\u00f6n\u00fc\u015f<\/strong><\/h2>\n\n<p class=\"wp-block-paragraph\">Bisikleti iade etti\u011finiz yerin enerjili ve ba\u011fl\u0131 oldu\u011fundan emin olmal\u0131s\u0131n\u0131z. D\u00f6ng\u00fcy\u00fc vermeden \u00f6nce, ye\u015fil \u0131\u015f\u0131k yanan bo\u015f bir yer aray\u0131n. Sonra bisiklet s\u00fctunlar\u0131n\u0131 deliklere yerle\u015ftirip \u0131\u015f\u0131\u011f\u0131n par\u0131ldamay\u0131 b\u0131rak\u0131p k\u0131rm\u0131z\u0131ya d\u00f6nmesini beklersiniz. G\u00fcvenlik amac\u0131yla bisikletin do\u011fru \u015fekilde kilitlendi\u011finden emin olmal\u0131s\u0131n\u0131z.  <\/p>\n\n<p class=\"wp-block-paragraph\">Bisikleti kilitlemek i\u00e7in kart\u0131n\u0131z\u0131 okuyucuya yerle\u015ftirin. Bisikletinizin do\u011fru \u015fekilde yerle\u015ftirildi\u011finden emin olmak i\u00e7in, bisikleti ilk ald\u0131\u011f\u0131n\u0131zda yerle\u015ftirdi\u011finiz kullan\u0131c\u0131 kimli\u011fini ve PIN kodunu kullan\u0131n. Ekranda bisikletin g\u00fcvenli bir \u015fekilde iade edildi\u011fine dair bir mesaj g\u00f6r\u00fcnt\u00fclenmelidir. Ayr\u0131ca 0770-78 24 24 numaral\u0131 telefondan m\u00fc\u015fteri hizmetleriyle ileti\u015fime ge\u00e7ebilirsiniz.<\/p>\n\n<h2 class=\"wp-block-heading\"><strong>Malm\u00f6 by bike i\u00e7in abonelikler ve fiyatlar<\/strong><\/h2>\n\n<p class=\"wp-block-paragraph\">Bisikleti kullanaca\u011f\u0131n\u0131z s\u00fcreye ba\u011fl\u0131 olarak, abonelikler ve fiyatlar farkl\u0131d\u0131r. Bu, bisikletinizi kiralamadan \u00f6nce, birka\u00e7 g\u00fcn veya hatta bir y\u0131l boyunca bisiklete binmenizi garanti edecek yeterli paran\u0131z oldu\u011fundan emin olman\u0131z gerekti\u011fi anlam\u0131na gelir.<\/p>\n\n<h3 class=\"wp-block-heading\"><strong><em>Y\u0131ll\u0131k Abonelik<\/em><\/strong><\/h3>\n\n<p class=\"wp-block-paragraph\">365 g\u00fcn: 250 SEK<\/p>\n\n<ul class=\"wp-block-list\">\n<li>Kiraland\u0131\u011f\u0131 andan itibaren iyi niyetli 365 g\u00fcn.<\/li>\n\n\n\n<li>\u00c7alkant\u0131l\u0131 kesintileri s\u0131n\u0131rlamak i\u00e7in aboneler her y\u0131l otomatik olarak.<\/li>\n\n\n\n<li>365 g\u00fcnl\u00fck bir s\u00fcre i\u00e7inde s\u0131n\u0131rs\u0131z 1 saatlik s\u00fcr\u00fc\u015fler.<\/li>\n\n\n\n<li>Malmo&#8217;yu kullanarak bisiklet kart\u0131 veya PIN kodu ile de kredi verebilirsiniz.<\/li>\n\n\n\n<li>75 SEK kar\u015f\u0131l\u0131\u011f\u0131nda bir kask sat\u0131n al\u0131n.<\/li>\n<\/ul>\n\n<h3 class=\"wp-block-heading\"><strong>K\u0131sa D\u00f6nem Abonelik<\/strong><\/h3>\n\n<p class=\"wp-block-paragraph\">24 saat: 80 SEK<\/p>\n\n<p class=\"wp-block-paragraph\">72 saat: 165 SEK<\/p>\n\n<ul class=\"wp-block-list\">\n<li>\u0130\u015fe al\u0131nd\u0131\u011f\u0131 andan itibaren 24 veya 72 saat boyunca iyi niyetli.<\/li>\n\n\n\n<li>24\/72 saatlik bir s\u00fcre i\u00e7inde s\u0131n\u0131rs\u0131z 1 saatlik yolculuk.<\/li>\n\n\n\n<li>Kredi almak i\u00e7in bir PIN kodu kullanabilirsiniz.<\/li>\n\n\n\n<li>Bisikleti kiralamak veya iade etmek i\u00e7in web sitesine veya se\u00e7ilen istasyonlara eri\u015febilirsiniz.  <\/li>\n<\/ul>\n\n<h2 class=\"wp-block-heading\"><strong>Malm\u00f6&#8217;y\u00fc bisikletle kullan\u0131rken haklar\u0131n\u0131z\u0131 bilin<\/strong><\/h2>\n\n<p class=\"wp-block-paragraph\">Malm\u00f6&#8217;de bisiklet kiralamadan \u00f6nce haklar\u0131n\u0131z\u0131 bilmeniz de \u00f6nemlidir. Bir bisiklet alabilir ve a\u011f\u0131r bir \u015fekilde \u00fccretlendirilebilirsiniz. Bu durum \u00e7o\u011funlukla fiyatlar\u0131 ve abonelikleri iyi bilmeyenlerin ba\u015f\u0131na gelmektedir. Malmo by bike aboneli\u011fi, Malmo&#8217;da herhangi bir zamanda s\u0131n\u0131rl\u0131 bir s\u00fcre i\u00e7in bir kiral\u0131k bisiklet kiralaman\u0131z\u0131 gerektirir.  <\/p>\n\n<p class=\"wp-block-paragraph\">Abonelik s\u00fcreniz boyunca \u015fehirde dola\u015fmak i\u00e7in ihtiya\u00e7 duydu\u011funuz s\u0131kl\u0131kta bisiklet kiralayabilirsiniz. Ancak, her zeminde, bisikleti en fazla 1 saat kullanma hakk\u0131na sahipsiniz.  <\/p>\n","protected":false},"excerpt":{"rendered":"<p>\u0130sve\u00e7&#8217;in de bir par\u00e7as\u0131 oldu\u011fu \u0130skandinavya, ula\u015f\u0131mda fosil yak\u0131t kullan\u0131m\u0131n\u0131n azalt\u0131lmas\u0131n\u0131 desteklemenin yan\u0131 s\u0131ra sa\u011fl\u0131kl\u0131 bir ya\u015fam tarz\u0131n\u0131n te\u015fvik edilmesinde de \u00f6nc\u00fcl\u00fck etmektedir. Etrafta dola\u015fan bu kadar \u00e7ok elektrikli araba ve yeni gelenlerin onlar hakk\u0131nda ne d\u00fc\u015f\u00fcnece\u011fini umursamadan scooterlar\u0131n\u0131, kaykaylar\u0131n\u0131, bisikletlerini s\u00fcren insanlar g\u00f6rmenize \u015fa\u015fmamal\u0131. \u0130sve\u00e7liler ve \u0130skandinavlar i\u00e7in bisiklete binmek ya da motorlu olmayan<\/p>\n","protected":false},"author":1,"featured_media":102795,"comment_status":"closed","ping_status":"closed","sticky":false,"template":"","format":"standard","meta":{"footnotes":""},"categories":[31690],"tags":[49740,49637,49750,49738],"class_list":["post-125135","post","type-post","status-publish","format-standard","has-post-thumbnail","hentry","category-isvec","tag-bisiklet","tag-bisikletle-malmo","tag-malmo-tr","tag-malmo-cevresinde-bisiklet"],"_links":{"self":[{"href":"https:\/\/www.scandinavia.life\/tr\/wp-json\/wp\/v2\/posts\/125135","targetHints":{"allow":["GET"]}}],"collection":[{"href":"https:\/\/www.scandinavia.life\/tr\/wp-json\/wp\/v2\/posts"}],"about":[{"href":"https:\/\/www.scandinavia.life\/tr\/wp-json\/wp\/v2\/types\/post"}],"author":[{"embeddable":true,"href":"https:\/\/www.scandinavia.life\/tr\/wp-json\/wp\/v2\/users\/1"}],"replies":[{"embeddable":true,"href":"https:\/\/www.scandinavia.life\/tr\/wp-json\/wp\/v2\/comments?post=125135"}],"version-history":[{"count":0,"href":"https:\/\/www.scandinavia.life\/tr\/wp-json\/wp\/v2\/posts\/125135\/revisions"}],"wp:featuredmedia":[{"embeddable":true,"href":"https:\/\/www.scandinavia.life\/tr\/wp-json\/wp\/v2\/media\/102795"}],"wp:attachment":[{"href":"https:\/\/www.scandinavia.life\/tr\/wp-json\/wp\/v2\/media?parent=125135"}],"wp:term":[{"taxonomy":"category","embeddable":true,"href":"https:\/\/www.scandinavia.life\/tr\/wp-json\/wp\/v2\/categories?post=125135"},{"taxonomy":"post_tag","embeddable":true,"href":"https:\/\/www.scandinavia.life\/tr\/wp-json\/wp\/v2\/tags?post=125135"}],"curies":[{"name":"wp","href":"https:\/\/api.w.org\/{rel}","templated":true}]}}