{"id":68188,"date":"2016-01-17T13:22:40","date_gmt":"2016-01-17T13:22:40","guid":{"rendered":"http:\/\/scandinavia.life\/umea-huslar-sehri\/"},"modified":"2024-03-10T20:31:36","modified_gmt":"2024-03-10T20:31:36","slug":"umea-huslar-sehri","status":"publish","type":"post","link":"https:\/\/www.scandinavia.life\/tr\/umea-huslar-sehri\/","title":{"rendered":"Ume\u00e5 &#8211; Hu\u015f a\u011fa\u00e7lar\u0131 \u015fehri"},"content":{"rendered":"<h2 style=\"text-align: center;\"><strong>Ume\u00e5<\/strong><\/h2>\n<p>Ume\u00e5, \u0130sve\u00e7&#8217;in g\u00fcneyindeki V\u00e4sterbotten&#8217;de Ume <a href=\"http:\/\/www.geographic.org\/geographic_names\/name.php?uni=-3475803&amp;fid=5930&amp;c=sweden\" target=\"_blank\" rel=\"noopener noreferrer\">Nehri<\/a> &#8216;nin a\u011fz\u0131nda yer almaktad\u0131r. <a href=\"http:\/\/arcticcircle.org\/\" target=\"_blank\" rel=\"noopener noreferrer\">Kuzey Kutup Dairesi<\/a>&#8216;nin sadece 400 kilometre g\u00fcneyinde yer almas\u0131na ra\u011fmen yemye\u015fil ve capcanl\u0131. Burada k\u0131\u015flar uzun ve so\u011fuk ge\u00e7erken, k\u0131sa yazlar olduk\u00e7a s\u0131cakt\u0131r. Bu, Ume\u00e5&#8217;y\u0131 ziyaret etmek ve turistik yerleri g\u00f6rmek i\u00e7in y\u0131l\u0131n en iyi zaman\u0131d\u0131r.<\/p>\n<h2 style=\"text-align: center;\"><strong>Ume\u00e5 Hakk\u0131nda E\u011flenceli Bilgiler<\/strong><\/h2>\n<ul>\n<li>\u015eehir 1622 y\u0131l\u0131nda Kral Gustav II Adolf taraf\u0131ndan kurulmu\u015ftur.<\/li>\n<li>Di\u011fer bir\u00e7ok \u0130skandinav \u015fehri gibi Ume\u00e5 da Haziran 1888&#8217;de \u00e7\u0131kan yang\u0131nla harap oldu ve 3000 sakinin yakla\u015f\u0131k %90&#8217;\u0131 evsiz kald\u0131.<\/li>\n<li>Yang\u0131n\u0131n ard\u0131ndan b\u00f6lge sakinleri, gelecekte yang\u0131nlar\u0131n yay\u0131lmas\u0131n\u0131 \u00f6nlemek amac\u0131yla geni\u015f caddeler boyunca hu\u015f a\u011fa\u00e7lar\u0131 dikti. G\u00fcn\u00fcm\u00fczde \u015fehir genellikle &#8220;Hu\u015f A\u011fac\u0131 \u015eehri&#8221; olarak an\u0131lmaktad\u0131r. Asl\u0131nda Ume\u00e5&#8217;n\u0131n hokey tak\u0131m\u0131 <a href=\"http:\/\/www.bjorkloven.com\/\" target=\"_blank\" rel=\"noopener noreferrer\">Bj\u00f6rkl\u00f6ven<\/a>, do\u011frudan &#8220;hu\u015f a\u011fac\u0131 yapraklar\u0131&#8221; anlam\u0131na gelmektedir.<\/li>\n<li>Ume\u00e5, kentte kurulan \u00fcniversite sayesinde \u0130sve\u00e7&#8217;in en h\u0131zl\u0131 b\u00fcy\u00fcyen \u015fehirlerinden biridir. Her y\u0131l 1000&#8217;den fazla yeni sakin \u015fehre ta\u015f\u0131nmaktad\u0131r.<\/li>\n<li>Ume\u00e5 2009 y\u0131l\u0131nda Avrupa K\u00fclt\u00fcr Ba\u015fkenti se\u00e7ilmi\u015ftir.<a href=\"http:\/\/scandinavia.life\/wp-content\/uploads\/2016\/01\/guillaume_de_basly-art_in_ume%C3%A5-4678.jpg\" rel=\"attachment wp-att-1227\"><img loading=\"lazy\" decoding=\"async\" class=\"wp-image-1227 alignleft\" src=\"http:\/\/scandinavia.life\/wp-content\/uploads\/2016\/01\/guillaume_de_basly-art_in_ume%C3%A5-4678-200x300.jpg\" alt=\"Ume\u00e5\" width=\"160\" height=\"240\"><\/a><\/li>\n<\/ul>\n<h2 style=\"text-align: center;\"><strong>Ume\u00e5&#8217;n\u0131n Ana \u015e\u00f6hret \u0130ddias\u0131  <\/strong><\/h2>\n<p>Orada ya\u015fayanlara &#8211; ve Avrupa&#8217;n\u0131n geri kalan\u0131na &#8211; g\u00f6re Ume\u00e5 e\u015fsiz bir k\u00fclt\u00fcrel deneyim sundu\u011fu i\u00e7in benzersizdir. Asl\u0131nda, ba\u015fka hi\u00e7bir \u015feye benzemeyen bir tatil deneyimi ya\u015famak isteyen d\u00fcnyan\u0131n &#8220;a\u00e7\u0131k fikirli&#8221; insanlar\u0131 taraf\u0131ndan en iyi \u015fekilde de\u011ferlendirildi\u011fi s\u00f6yleniyor. \u015eehir, heykel parklar\u0131na, &#8220;G\u00f6r\u00fcnt\u00fc M\u00fczesi &#8220;ne ve gezegendeki en e\u015fsiz ve \u00fcrk\u00fct\u00fcc\u00fc sergilerden baz\u0131lar\u0131na sahip di\u011fer bir\u00e7ok m\u00fczeye ev sahipli\u011fi yapmaktad\u0131r. \u00c7ok say\u0131da k\u0131\u015f sporu mevcuttur ve hatta y\u0131l\u0131n uygun zamanlar\u0131nda geleneksel k\u00f6pek k\u0131zaklar\u0131yla bir geziye \u00e7\u0131kabilirsiniz.<\/p>\n<h2 style=\"text-align: center;\"><strong>Konaklama Yerleri, Restoranlar ve Gezilecek Yerler<\/strong><\/h2>\n<p>Ume\u00e5&#8217;daki oteller l\u00fcks ve modernden rustik ve uygun fiyatl\u0131ya kadar \u00e7e\u015fitlilik g\u00f6sterir. En pop\u00fcler olanlardan biri, evdeki t\u00fcm olanaklar\u0131 i\u00e7eren y\u00fcksek kaliteli odalara sahip Hotell Entre Noir&#8217;dir. D\u00fcz ekran TV&#8217;ler, konforlu yataklar, muhte\u015fem banyolar ve hatta ak\u015fam yeme\u011fi bile bu d\u00fcnyan\u0131n d\u0131\u015f\u0131nda. B\u00fct\u00e7eniz k\u0131s\u0131tl\u0131ysa, temizlik ve tazelik konusundaki \u00fcn\u00fc ile Best Western Hotel Botnia&#8217;y\u0131 d\u00fc\u015f\u00fcnebilirsiniz. Odalar fiyat\u0131na g\u00f6re geni\u015ftir ve b\u00fct\u00e7enize uygun olmas\u0131 i\u00e7in f\u0131rf\u0131rlar biraz azalt\u0131lm\u0131\u015f olsa da, kesinlikle kendinizi evinizde hissedeceksiniz.<\/p>\n<p><a href=\"http:\/\/scandinavia.life\/wp-content\/uploads\/2016\/01\/j%C3%B6rgen_wiklund-reindeer-3021.jpg\" rel=\"attachment wp-att-1228\"><img loading=\"lazy\" decoding=\"async\" class=\"size-medium wp-image-1228 alignright\" src=\"http:\/\/scandinavia.life\/wp-content\/uploads\/2016\/01\/j%C3%B6rgen_wiklund-reindeer-3021-300x200.jpg\" alt=\"Ume\u00e5\" width=\"300\" height=\"200\"><\/a><\/p>\n<p style=\"text-align: left;\">\n<p>Ac\u0131kt\u0131\u011f\u0131n\u0131zda, <a href=\"https:\/\/foursquare.com\/v\/bar--k%C3%B6k-vita-bj%C3%B6rn\/4bf2632d9319a59393e2ca51\" target=\"_blank\" rel=\"noopener noreferrer\">Vita Bj\u00f6rn<\/a>&#8216;\u00fc ziyaret etmek i\u00e7in zaman ay\u0131rd\u0131\u011f\u0131n\u0131zdan emin olun. Teknedeki bu restoran, k\u0131sa s\u00fcrede unutamayaca\u011f\u0131n\u0131z bir yemek deneyimidir ve size g\u00fczel bir teknenin g\u00fcvertesinde klasik \u0130skandinav yemeklerinin tad\u0131n\u0131 \u00e7\u0131karma f\u0131rsat\u0131 sunar. Ayr\u0131ca burger, salata ve hatta dana bonfile gibi daha geleneksel yiyecekler de bulabilirsiniz. E\u011fer ekonomik bir yemek istiyorsan\u0131z, R\u00e5dhusgrillen tam size g\u00f6re. \u0130sve\u00e7&#8217;in vazge\u00e7ilmezi olan geleneksel rull-kebab\u0131n yan\u0131 s\u0131ra yerel pizza ve di\u011fer tan\u0131d\u0131k yiyecekleri de bulabilirsiniz.<\/p>\n<p><a href=\"http:\/\/scandinavia.life\/wp-content\/uploads\/2016\/01\/j%C3%B6rgen_wiklund-bergudden_light_house_-3020.jpg\" rel=\"attachment wp-att-1225\"><img loading=\"lazy\" decoding=\"async\" class=\"size-medium wp-image-1225 alignleft\" src=\"http:\/\/scandinavia.life\/wp-content\/uploads\/2016\/01\/j%C3%B6rgen_wiklund-bergudden_light_house_-3020-300x200.jpg\" alt=\"Ume\u00e5\" width=\"300\" height=\"200\"><\/a><\/p>\n<p style=\"text-align: left;\">Ume\u00e5&#8217;da da g\u00f6r\u00fclecek ve yap\u0131lacak \u00e7ok \u015fey var. E\u011fer aktif biriyseniz Tavelsj\u00f6leden&#8217;de y\u00fcr\u00fcy\u00fc\u015f yapmay\u0131 d\u00fc\u015f\u00fcnebilirsiniz. Yol boyunca pek \u00e7ok farkl\u0131 manzara ile i\u015faretlenmi\u015ftir ve \u0130sve\u00e7&#8217;in en iyi jeolojilerinden baz\u0131lar\u0131n\u0131 da deneyimleyeceksiniz. <sup>17<\/sup> &#8216;nci y\u00fczy\u0131l\u0131n ortalar\u0131nda in\u015fa edilmi\u015f olan Parish Kilisesi&#8217;ni mutlaka gezin. \u015eehir merkezine bakan devasa bir \u00e7an kulesine sahip neo-gotik bir yap\u0131d\u0131r. Son olarak, merkezin kendisini incelemek i\u00e7in en az bir g\u00fcn ay\u0131rd\u0131\u011f\u0131n\u0131zdan emin olun. D\u00fczinelerce kafe, ma\u011faza, d\u00fckkan, sokak yeme\u011fi sat\u0131c\u0131lar\u0131 ve daha fazlas\u0131na sahiptir.<\/p>\n","protected":false},"excerpt":{"rendered":"<p>Ume\u00e5 Ume\u00e5, \u0130sve\u00e7&#8217;in g\u00fcneyindeki V\u00e4sterbotten&#8217;de Ume Nehri &#8216;nin a\u011fz\u0131nda yer almaktad\u0131r. Kuzey Kutup Dairesi&#8216;nin sadece 400 kilometre g\u00fcneyinde yer almas\u0131na ra\u011fmen yemye\u015fil ve capcanl\u0131. Burada k\u0131\u015flar uzun ve so\u011fuk ge\u00e7erken, k\u0131sa yazlar olduk\u00e7a s\u0131cakt\u0131r. Bu, Ume\u00e5&#8217;y\u0131 ziyaret etmek ve turistik yerleri g\u00f6rmek i\u00e7in y\u0131l\u0131n en iyi zaman\u0131d\u0131r. Ume\u00e5 Hakk\u0131nda E\u011flenceli Bilgiler \u015eehir 1622 y\u0131l\u0131nda Kral<\/p>\n","protected":false},"author":1,"featured_media":63243,"comment_status":"closed","ping_status":"closed","sticky":false,"template":"","format":"standard","meta":{"footnotes":""},"categories":[31430,31690,32662],"tags":[32783,32950,32958,32992,31751,31758,31708,32969,32976,32986,33007,33019,33027],"class_list":["post-68188","post","type-post","status-publish","format-standard","has-post-thumbnail","hentry","category-esin","category-isvec","category-umea-tr","tag-birches-sehri","tag-bjorkloven-hokey-takimi","tag-bolge-kilisesi-umea","tag-goruntu-muzesi","tag-iskandinav-sehirleri","tag-iskandinav-sehri","tag-kuzey-kutup-dairesi","tag-radhusgrillen-tr","tag-radhusgrillen-umea-tr","tag-tavelsjoleden-tr","tag-ume-nehri","tag-umea-tr","tag-vita-bjorn-umea-tr"],"_links":{"self":[{"href":"https:\/\/www.scandinavia.life\/tr\/wp-json\/wp\/v2\/posts\/68188","targetHints":{"allow":["GET"]}}],"collection":[{"href":"https:\/\/www.scandinavia.life\/tr\/wp-json\/wp\/v2\/posts"}],"about":[{"href":"https:\/\/www.scandinavia.life\/tr\/wp-json\/wp\/v2\/types\/post"}],"author":[{"embeddable":true,"href":"https:\/\/www.scandinavia.life\/tr\/wp-json\/wp\/v2\/users\/1"}],"replies":[{"embeddable":true,"href":"https:\/\/www.scandinavia.life\/tr\/wp-json\/wp\/v2\/comments?post=68188"}],"version-history":[{"count":1,"href":"https:\/\/www.scandinavia.life\/tr\/wp-json\/wp\/v2\/posts\/68188\/revisions"}],"predecessor-version":[{"id":133495,"href":"https:\/\/www.scandinavia.life\/tr\/wp-json\/wp\/v2\/posts\/68188\/revisions\/133495"}],"wp:featuredmedia":[{"embeddable":true,"href":"https:\/\/www.scandinavia.life\/tr\/wp-json\/wp\/v2\/media\/63243"}],"wp:attachment":[{"href":"https:\/\/www.scandinavia.life\/tr\/wp-json\/wp\/v2\/media?parent=68188"}],"wp:term":[{"taxonomy":"category","embeddable":true,"href":"https:\/\/www.scandinavia.life\/tr\/wp-json\/wp\/v2\/categories?post=68188"},{"taxonomy":"post_tag","embeddable":true,"href":"https:\/\/www.scandinavia.life\/tr\/wp-json\/wp\/v2\/tags?post=68188"}],"curies":[{"name":"wp","href":"https:\/\/api.w.org\/{rel}","templated":true}]}}