{"id":68553,"date":"2020-04-05T07:45:28","date_gmt":"2020-04-05T07:45:28","guid":{"rendered":"http:\/\/scandinavia.life\/gurbetciler-icin-neden-isvec\/"},"modified":"2024-08-03T10:03:34","modified_gmt":"2024-08-03T10:03:34","slug":"gurbetciler-icin-neden-isvec","status":"publish","type":"post","link":"https:\/\/www.scandinavia.life\/tr\/gurbetciler-icin-neden-isvec\/","title":{"rendered":"Gurbet\u00e7iler i\u00e7in neden \u0130sve\u00e7?"},"content":{"rendered":"\n<p class=\"wp-block-paragraph\">D\u00fcnya hi\u00e7 bu kadar ba\u011flant\u0131l\u0131 olmam\u0131\u015ft\u0131. Bir haftadan az bir s\u00fcrede, d\u00fcnyay\u0131 dola\u015fabiliriz. Bu nedenle, mutlaka do\u011fdu\u011funuz \u00fclkede ya\u015famak zorunda de\u011filsiniz. Asl\u0131nda istedi\u011finiz yerde ya\u015fayabilirsiniz. Peki, t\u00fcm bu se\u00e7eneklerle neden \u0130sve\u00e7&#8217;i se\u00e7melisiniz? Bug\u00fcn bu makalede bug\u00fcn hakk\u0131nda konu\u015faca\u011f\u0131m\u0131z \u015fey tam olarak budur. <\/p>\n\n<h2 class=\"wp-block-heading\"><strong>Ya\u015fam kalitesi<\/strong><\/h2>\n\n<p class=\"wp-block-paragraph\">\u0130sve\u00e7&#8217;in harika bir ya\u015fam kalitesine sahip oldu\u011fu bir s\u0131r de\u011fil. Bir kere, \u0130sve\u00e7&#8217;te ya\u015fayan t\u00fcm insanlar her y\u0131l 25 g\u00fcn <a href=\"https:\/\/www.unionen.se\/in-english\/annual-vacation\">\u00fccretli izin<\/a> al\u0131rlar. Bu tatil g\u00fcnlerini almak i\u015fverenler taraf\u0131ndan te\u015fvik ediliyor ve yasalar, isterseniz yaz aylar\u0131nda en az d\u00f6rt hafta tatil yapabilece\u011finizi belirtiyor. <\/p>\n\n<h2 class=\"wp-block-heading\"><strong>Maa\u015f<\/strong><\/h2>\n\n<p class=\"wp-block-paragraph\">Bir Amerikan maa\u015f\u0131n\u0131 \u0130sve\u00e7 maa\u015f\u0131yla kar\u015f\u0131la\u015ft\u0131r\u0131rsan\u0131z, Amerikan maa\u015f\u0131 muhtemelen daha b\u00fcy\u00fck olacakt\u0131r. Ancak, t\u00fcm masraflar\u0131 da hesaba katmal\u0131y\u0131z. \u0130sve\u00e7&#8217;te sa\u011fl\u0131k hizmeti t\u00fcm vatanda\u015flar i\u00e7in tamamen \u00fccretsizdir. Ayr\u0131ca <a href=\"https:\/\/www.study.eu\/article\/study-in-sweden-for-free-what-you-need-to-know\">okul, okul \u00f6\u011fle yeme\u011fi gibi \u00fccretsizdir<\/a> . Vatanda\u015fsan\u0131z ve i\u015f bulam\u0131yorsan\u0131z, h\u00fck\u00fcmet taraf\u0131ndan \u201csocialbidrag\u201d ad\u0131 verilen bir miktar \u00f6deme al\u0131rs\u0131n\u0131z. Tasarruf edebilece\u011finiz bir di\u011fer yer ise farkl\u0131 aktivitelerdir. Burada \u0130sve\u00e7&#8217;te t\u00fcm \u015firketler \u00e7al\u0131\u015fanlar\u0131na \u201cfriskv\u00e5rdsbidrag\u201d ad\u0131 verilen bir \u015fey sunuyor. Bu, kayak veya y\u00fczme gibi herhangi bir aktivite i\u00e7in \u00f6deyece\u011finiz bir miktar parad\u0131r. T\u00fcm maliyeti kar\u015f\u0131lamaz ama daha sa\u011fl\u0131kl\u0131 bir ya\u015fama giden yolda size yard\u0131mc\u0131 olur. <\/p>\n\n<p class=\"wp-block-paragraph\">Sa\u011fl\u0131k hizmetleri \u00fccretsiz olmas\u0131na ra\u011fmen, k\u00f6t\u00fc olmaktan uzakt\u0131r. \u0130sve\u00e7&#8217;te hastalan\u0131rsan\u0131z, sa\u011fl\u0131kl\u0131 bir iyile\u015fme sa\u011flamak i\u00e7in son teknoloji t\u0131p ve tesisler sunabiliriz. Ayn\u0131 zamanda, hastalanma \u015fans\u0131n\u0131z zay\u0131ft\u0131r. \u0130sve\u00e7, b\u00fcy\u00fck \u015fehirlerde bile harika bir hava kalitesine sahiptir. <\/p>\n\n<h2 class=\"wp-block-heading\"><strong>Emeklilik<\/strong><\/h2>\n\n<p class=\"wp-block-paragraph\">65 ya\u015f\u0131n \u00fczerindeyseniz ve \u0130sve\u00e7&#8217;te \u00e7al\u0131\u015ft\u0131ysan\u0131z, devlet taraf\u0131ndan finanse edilen bir emekli maa\u015f\u0131 alabilirsiniz. \u015eirketlerin, devlet emekli maa\u015f\u0131na katk\u0131da bulunan kendi emeklilik planlar\u0131na sahip olmalar\u0131 da yayg\u0131nd\u0131r. Temel olarak bu, \u0130sve\u00e7&#8217;te \u00e7al\u0131\u015ft\u0131ysan\u0131z ve <a href=\"http:\/\/scandinavia.life\/tr\/oturma-izni-isvec\/\">bir vatanda\u015fsan\u0131z<\/a> , 65&#8217;i ge\u00e7er ge\u00e7mez hayat\u0131n\u0131z\u0131n geri kalan\u0131nda \u00e7al\u0131\u015fmak zorunda kalmayaca\u011f\u0131n\u0131z anlam\u0131na gelir. Bu \u0130sve\u00e7&#8217;te bir g\u00f6\u00e7men olmak i\u00e7in tek ba\u015f\u0131na harika bir neden. <\/p>\n\n<h2 class=\"wp-block-heading\"><strong>Do\u011fa<\/strong><\/h2>\n\n<p class=\"wp-block-paragraph\">\u0130sve\u00e7&#8217;te \u201callemansr\u00e4tten\u201d diye bir \u015fey var. Bu, arazinin sahibi kim olursa olsun, her yerde ormana \u00e7\u0131kman\u0131za izin verildi\u011fi anlam\u0131na gelir. <a href=\"https:\/\/visitsweden.com\/what-to-do\/nature-outdoors\/nature\/sustainable-and-rural-tourism\/freedomtoroam\/\">\u0130sve\u00e7&#8217;teki t\u00fcm do\u011fa, aksi \u00f6zellikle belirtilmedik\u00e7e \u00fccretsizdir<\/a> . Hatta istedi\u011finiz yerde az ya da \u00e7ok kamp yapman\u0131za bile izin veriliyor. Bir gece kalma izniniz var, sonra kamp\u0131n\u0131z\u0131 ta\u015f\u0131mak zorundas\u0131n\u0131z. Kontrol alt\u0131nda tuttu\u011funuz s\u00fcrece yemek ve \u0131s\u0131nmak i\u00e7in ate\u015f yakman\u0131za da izin verilir. <\/p>\n\n<p class=\"wp-block-paragraph\">\u201callemansr\u00e4tten\u201din son faydas\u0131, birinin bah\u00e7esinde olmad\u0131\u011f\u0131n\u0131z s\u00fcrece do\u011fada \u00e7ilek ve meyve toplaman\u0131za izin verilmesidir. Do\u011fay\u0131 ve \u00f6zg\u00fcrl\u00fc\u011f\u00fc seviyorsan\u0131z, \u0130sve\u00e7 sizin i\u00e7in m\u00fckemmel bir yer. Tabii ki, hala milli parklar var ama herhangi bir yere \u00e7\u0131kabilmek size ba\u015fka birka\u00e7 \u00fclkenin sunabilece\u011fi belirli bir \u00f6zg\u00fcrl\u00fck veriyor. <\/p>\n\n<p class=\"wp-block-paragraph\">\u0130sve\u00e7&#8217;te neden g\u00f6\u00e7men olman\u0131z gerekti\u011fine dair bu k\u0131sa makaleyi be\u011fenece\u011finizi umuyoruz. Kim olursan\u0131z olun, \u0130sve\u00e7&#8217;in ya\u015famak i\u00e7in d\u00fcnyan\u0131n en iyi \u00fclkelerinden biri oldu\u011funa ger\u00e7ekten inan\u0131yoruz. Bu kadar kuzeye gitmek \u00fcrk\u00fct\u00fcc\u00fc gelebilir ama neredeyse pi\u015fman olmayaca\u011f\u0131n\u0131za s\u00f6z verebiliriz. \u0130n\u015fallah en k\u0131sa zamanda burada bulu\u015furuz. <\/p>\n","protected":false},"excerpt":{"rendered":"<p>D\u00fcnya hi\u00e7 bu kadar ba\u011flant\u0131l\u0131 olmam\u0131\u015ft\u0131. Bir haftadan az bir s\u00fcrede, d\u00fcnyay\u0131 dola\u015fabiliriz. Bu nedenle, mutlaka do\u011fdu\u011funuz \u00fclkede ya\u015famak zorunda de\u011filsiniz. Asl\u0131nda istedi\u011finiz yerde ya\u015fayabilirsiniz. Peki, t\u00fcm bu se\u00e7eneklerle neden \u0130sve\u00e7&#8217;i se\u00e7melisiniz? Bug\u00fcn bu makalede bug\u00fcn hakk\u0131nda konu\u015faca\u011f\u0131m\u0131z \u015fey tam olarak budur. Ya\u015fam kalitesi \u0130sve\u00e7&#8217;in harika bir ya\u015fam kalitesine sahip oldu\u011fu bir s\u0131r de\u011fil. Bir<\/p>\n","protected":false},"author":1,"featured_media":63591,"comment_status":"closed","ping_status":"closed","sticky":false,"template":"","format":"standard","meta":{"footnotes":""},"categories":[31430,33704,31690],"tags":[33738,31459,33754,33746,33620],"class_list":["post-68553","post","type-post","status-publish","format-standard","has-post-thumbnail","hentry","category-esin","category-is","category-isvec","tag-aylik-maas","tag-calisma","tag-doga","tag-emeklilik","tag-yasam-kalitesi"],"_links":{"self":[{"href":"https:\/\/www.scandinavia.life\/tr\/wp-json\/wp\/v2\/posts\/68553","targetHints":{"allow":["GET"]}}],"collection":[{"href":"https:\/\/www.scandinavia.life\/tr\/wp-json\/wp\/v2\/posts"}],"about":[{"href":"https:\/\/www.scandinavia.life\/tr\/wp-json\/wp\/v2\/types\/post"}],"author":[{"embeddable":true,"href":"https:\/\/www.scandinavia.life\/tr\/wp-json\/wp\/v2\/users\/1"}],"replies":[{"embeddable":true,"href":"https:\/\/www.scandinavia.life\/tr\/wp-json\/wp\/v2\/comments?post=68553"}],"version-history":[{"count":1,"href":"https:\/\/www.scandinavia.life\/tr\/wp-json\/wp\/v2\/posts\/68553\/revisions"}],"predecessor-version":[{"id":148897,"href":"https:\/\/www.scandinavia.life\/tr\/wp-json\/wp\/v2\/posts\/68553\/revisions\/148897"}],"wp:featuredmedia":[{"embeddable":true,"href":"https:\/\/www.scandinavia.life\/tr\/wp-json\/wp\/v2\/media\/63591"}],"wp:attachment":[{"href":"https:\/\/www.scandinavia.life\/tr\/wp-json\/wp\/v2\/media?parent=68553"}],"wp:term":[{"taxonomy":"category","embeddable":true,"href":"https:\/\/www.scandinavia.life\/tr\/wp-json\/wp\/v2\/categories?post=68553"},{"taxonomy":"post_tag","embeddable":true,"href":"https:\/\/www.scandinavia.life\/tr\/wp-json\/wp\/v2\/tags?post=68553"}],"curies":[{"name":"wp","href":"https:\/\/api.w.org\/{rel}","templated":true}]}}