{"id":68849,"date":"2020-07-20T11:44:25","date_gmt":"2020-07-20T11:44:25","guid":{"rendered":"http:\/\/scandinavia.life\/calisma-hayatina-baslamak\/"},"modified":"2024-07-31T13:46:01","modified_gmt":"2024-07-31T13:46:01","slug":"calisma-hayatina-baslamak","status":"publish","type":"post","link":"https:\/\/www.scandinavia.life\/tr\/calisma-hayatina-baslamak\/","title":{"rendered":"\u00c7al\u0131\u015fma Hayat\u0131na Ba\u015flamak"},"content":{"rendered":"\n<p class=\"wp-block-paragraph\"><a href=\"http:\/\/scandinavia.life\/tr\/danimarkada-egitim\/\">Danimarka&#8217;ya gelen uluslararas\u0131<\/a> bir <a href=\"http:\/\/scandinavia.life\/tr\/danimarkada-egitim\/\">\u00f6\u011frenci<\/a> olarak, kamp\u00fcsteki ilk g\u00fcn\u00fcmde \u00fcniversitenin bana yard\u0131mc\u0131 olma jestini g\u00f6rmezden geldi\u011fim i\u00e7in pi\u015fmanl\u0131k duydum. Nitekim \u00fcniversite, hen\u00fcz Kenya&#8217;dayken bana g\u00f6nderdi\u011fi tan\u0131t\u0131m yaz\u0131s\u0131nda bunu a\u00e7\u0131k\u00e7a ifade etmi\u015fti. Temsilcileri taraf\u0131ndan <a href=\"https:\/\/www.sdu.dk\/-\/media\/files\/om_sdu\/byerne\/kolding\/student+services_all+students.pdf?la=da&amp;hash=FB50875BC13CC3118D48142A3E6862BC8047A44B\">kabul<\/a> edilmeyi organize edebilmeleri i\u00e7in kendileriyle \u00f6nceden ileti\u015fim kurmam gerekti\u011fini vurgulad\u0131lar. Temsilcinin ayr\u0131ca kamp\u00fcs \u00e7evresindeki kritik tesisler hakk\u0131nda beni y\u00f6nlendirmesi gerekiyordu. K\u0131z karde\u015fimin halihaz\u0131rda Danimarka&#8217;da ikamet etti\u011finden emin olarak, kendi yolumu se\u00e7tim ve sonunda ac\u0131 \u00e7ektim.<\/p>\n\n<figure class=\"wp-block-image size-large is-resized\"><img loading=\"lazy\" decoding=\"async\" src=\"https:\/\/scandinavia.life\/wp-content\/uploads\/2020\/07\/First-day-campus.jpeg\" alt=\"\" class=\"wp-image-2190\" width=\"586\" height=\"390\" srcset=\"https:\/\/www.scandinavia.life\/wp-content\/uploads\/2020\/07\/First-day-campus.jpeg 500w, https:\/\/www.scandinavia.life\/wp-content\/uploads\/2020\/07\/First-day-campus-300x200.jpeg 300w\" sizes=\"auto, (max-width: 586px) 100vw, 586px\" \/><figcaption class=\"wp-element-caption\">E\u011fitim Yolculu\u011fu Ba\u015fl\u0131yor<\/figcaption><\/figure>\n\n<h2 class=\"wp-block-heading\">Kamp\u00fcsteki \u0130lk G\u00fcn \u0130\u00e7in Planlar<\/h2>\n\n<p class=\"wp-block-paragraph\">Deneyimin dramatik ve hayal k\u0131r\u0131kl\u0131\u011f\u0131 yaratacak \u015fekilde sonu\u00e7lanmamas\u0131 i\u00e7in <a href=\"http:\/\/scandinavia.life\/tr\/iskandinavyada-okumak-icin-basvururken-kacinilmasi-gereken-hatalar\/\">\u00fcniversitedeki ilk g\u00fcnle ilgili \u00f6nceden plan yapmak<\/a> \u00e7ok \u00f6nemlidir. <a href=\"https:\/\/www.sdu.dk\/en\">G\u00fcney Danimarka \u00dcniversitesi<\/a> &#8216;ndeki ilk ziyaretimi ger\u00e7ekle\u015ftirdi\u011fimde k\u0131\u015f mevsimiydi. Danimarka&#8217;da k\u0131\u015f mevsimi son derece so\u011fuk ge\u00e7iyor, etrafta dola\u015fmak ve d\u0131\u015far\u0131da kalmak kendimi so\u011fuk havaya maruz b\u0131rakmak anlam\u0131na geliyordu.<\/p>\n\n<figure class=\"wp-block-gallery has-nested-images columns-default is-cropped wp-block-gallery-1 is-layout-flex wp-block-gallery-is-layout-flex\">\n<figure class=\"wp-block-image size-large\"><img loading=\"lazy\" decoding=\"async\" width=\"500\" height=\"750\" data-id=\"2189\" src=\"https:\/\/scandinavia.life\/wp-content\/uploads\/2020\/07\/First-day.jpeg\" alt=\"\" class=\"wp-image-2189\" srcset=\"https:\/\/www.scandinavia.life\/wp-content\/uploads\/2020\/07\/First-day.jpeg 500w, https:\/\/www.scandinavia.life\/wp-content\/uploads\/2020\/07\/First-day-200x300.jpeg 200w\" sizes=\"auto, (max-width: 500px) 100vw, 500px\" \/><\/figure>\n<figcaption class=\"blocks-gallery-caption wp-element-caption\">\u0130lk g\u00fcn sizi gezdirecek biri<\/figcaption><\/figure>\n\n<h2 class=\"wp-block-heading\">Kamp\u00fcsteki \u0130lk G\u00fcnde Yap\u0131lan Hatalar<\/h2>\n\n<p class=\"wp-block-paragraph\">Do\u011fru yapmam gereken bir \u015fey varsa o da \u00fcniversitenin beni kabul etmesini organize etmekti. Yine de y\u00f6n gibi bir \u015feyi kontrol etmem gerekirse diye telefonumda internet olurdu. Ayr\u0131ca k\u0131\u015fa uygun daha a\u011f\u0131r giysiler giyerdim.<\/p>\n\n<p class=\"wp-block-paragraph\">Uluslararas\u0131 bir \u00f6\u011frenci olarak e\u011fitim almak, <a href=\"http:\/\/scandinavia.life\/tr\/burssuz-yurt-disinda-okumak\/\">tam burs<\/a> kazanm\u0131\u015f olsan\u0131z bile bir\u00e7ok finansal gereksinimi beraberinde getirir. \u0130lk g\u00fcnden itibaren, para ihtiyac\u0131m\u0131 kar\u015f\u0131lamak i\u00e7in ger\u00e7ekten iyi bir miktara ihtiyac\u0131m olaca\u011f\u0131 zaten belliydi.  <\/p>\n\n<h2 class=\"wp-block-heading\">\u00c7al\u0131\u015fmalar i\u00e7in Erken Gelmek<\/h2>\n\n<p class=\"wp-block-paragraph\">Her zaman, eldeki t\u00fcm imk\u00e2nlar\u0131 kullanarak, e\u011fitim i\u00e7in do\u011fru zamanda, hatta oturma izni izin veriyorsa daha \u00f6nce gelmek iyi olacakt\u0131r. Zaman\u0131nda varmak, \u00e7al\u0131\u015fmalar ba\u015flamadan \u00f6nce ki\u015finin yeni ortam\u0131 deneyimlemesine olanak tan\u0131r. Ka\u00e7\u0131rd\u0131\u011f\u0131m baz\u0131 \u00f6nemli \u00f6\u011frenci \u00f6ncesi etkinlikler aras\u0131nda oryantasyon, Odense&#8217;deki ana kamp\u00fcse bir ziyaret ve bir \u00f6\u011frenci a\u00e7\u0131l\u0131\u015f partisi vard\u0131.  <\/p>\n\n<p class=\"wp-block-paragraph\">E\u011fitim ba\u015flamadan \u00f6nce \u00fclkeye gelmemem, \u00f6\u011frenci arkada\u015flar\u0131mla ve sistemle ileti\u015fimimin kopuk oldu\u011fu anlam\u0131na geliyor. \u00c7ok dik bir \u00f6\u011frenme e\u011frisi izlemek zorunda kald\u0131m, di\u011fer \u00f6\u011frencilerle sosyalle\u015fmek i\u00e7in elimden geldi\u011fince \u00e7abalarken, a\u011f\u0131rl\u0131k fo \u00e7al\u0131\u015fmalar\u0131 da \u00e7ok fazla oluyordu. Bu durum, en az\u0131ndan e\u011fitimimin ilk \u00e7eyre\u011finde sosyalle\u015fmemi b\u00fcy\u00fck \u00f6l\u00e7\u00fcde engelledi.<\/p>\n\n<h2 class=\"wp-block-heading\">Y\u00fcksek Lisans Program\u0131m\u0131n Niteli\u011fi<\/h2>\n\n<p class=\"wp-block-paragraph\">Program\u0131m, hem sosyal bilimleri hem de do\u011fa bilimlerini entegre etmesi anlam\u0131nda disiplinler aras\u0131d\u0131r. Do\u011fa bilimleri ge\u00e7mi\u015finden geldi\u011fim i\u00e7in yeni sosyal bilim kavramlar\u0131na al\u0131\u015fmam ve \u00f6\u011frenmem gerekti. Zorlay\u0131c\u0131 bir \u015fekilde, bu kavramlardan baz\u0131lar\u0131 ben \u00fcniversiteye gelmeden \u00f6nce daha \u00f6nceki derslerde a\u00e7\u0131klanm\u0131\u015ft\u0131.  <\/p>\n\n<p class=\"wp-block-paragraph\">D\u00fcr\u00fcst olmak gerekirse, baz\u0131 kavramlar\u0131 meslekta\u015f\u0131m \u00f6\u011frenciler gibi hemen uygulayamamak beni \u00fczd\u00fc. Yeti\u015fmek i\u00e7in notlar\u0131 ve al\u0131\u015ft\u0131rmalar\u0131 h\u0131zl\u0131ca kontrol etmem gerekti. Kendimi \u00f6fkeli ve aptal hissetmek istemedim! Kendimi derinlemesine ve yo\u011fun bir \u015fekilde okumaya verdim. Bu yakla\u015f\u0131m i\u015fe yarad\u0131. \u0130ki hafta i\u00e7inde kursu tamamlam\u0131\u015ft\u0131m.<\/p>\n\n<h2 class=\"wp-block-heading\">\u00d6\u011frenme Y\u00f6ntemleri ve Sunum  <\/h2>\n\n<figure class=\"wp-block-image size-large\"><img loading=\"lazy\" decoding=\"async\" width=\"1024\" height=\"683\" src=\"https:\/\/scandinavia.life\/wp-content\/uploads\/2020\/07\/Group-Work-1024x683.jpeg\" alt=\"\" class=\"wp-image-2188\" srcset=\"https:\/\/www.scandinavia.life\/wp-content\/uploads\/2020\/07\/Group-Work-1024x683.jpeg 1024w, https:\/\/www.scandinavia.life\/wp-content\/uploads\/2020\/07\/Group-Work-300x200.jpeg 300w, https:\/\/www.scandinavia.life\/wp-content\/uploads\/2020\/07\/Group-Work-768x512.jpeg 768w, https:\/\/www.scandinavia.life\/wp-content\/uploads\/2020\/07\/Group-Work.jpeg 1051w\" sizes=\"auto, (max-width: 1024px) 100vw, 1024px\" \/><figcaption class=\"wp-element-caption\">Grup \u00c7al\u0131\u015fmas\u0131<\/figcaption><\/figure>\n\n<p class=\"wp-block-paragraph\">Y\u00fcksek lisans program\u0131m\u0131 yava\u015f yava\u015f Danimarka&#8217;da almak akademik hayat\u0131mdaki en iyi deneyimlerden biri oldu. \u00d6\u011frenim telkin edici de\u011fildir, yani e\u011fitmenler ders kitaplar\u0131ndaki heyecan verici bilgileri nihai ger\u00e7ek olarak ele almazlar. G\u00fcnl\u00fck dersler sorgulama, bilgiyi ara\u015ft\u0131rma, kavramlar\u0131 ve teorileri ele\u015ftirme \u00fczerineydi. Bir\u00e7ok bilgi k\u0131r\u0131nt\u0131s\u0131ndan daha fazla bilgi sahibi olur ve meydan okuruz.  <\/p>\n\n<h2 class=\"wp-block-heading\">Grup \u00c7al\u0131\u015fmas\u0131<\/h2>\n\n<p class=\"wp-block-paragraph\">Grup \u00c7al\u0131\u015fmas\u0131 ve ekip \u00e7al\u0131\u015fmas\u0131, Danimarka&#8217;daki Y\u00fcksek Lisans \u00d6\u011frencileri i\u00e7in tipik bir \u00f6\u011frenme y\u00f6ntemidir. Derslerimin \u00e7o\u011funda \u00f6\u011fretim g\u00f6revlileri sosyal ve etkile\u015fimsel \u00f6\u011frenmeyi vurguluyor. Buradaki fikir, \u00f6\u011frencilerin s\u0131n\u0131rlamalar\u0131n\u0131n, korkular\u0131n\u0131n ve sosyal engellerinin \u00fcstesinden gelerek \u00f6\u011frenmeden en iyi \u015fekilde yararlanmalar\u0131na yard\u0131mc\u0131 olmakt\u0131r.  <\/p>\n\n<p class=\"wp-block-paragraph\">Amfilerde ve d\u0131\u015far\u0131da, \u00f6\u011fretim g\u00f6revlisinin kendisini tek bilgi kayna\u011f\u0131 olarak g\u00f6rmedi\u011fi akranlar aras\u0131 \u00f6\u011frenmeye kat\u0131ld\u0131k. Asl\u0131nda \u00e7o\u011fu, kendilerinin de bizden bir \u015feyler \u00f6\u011frenmek i\u00e7in programda olduklar\u0131n\u0131 vurguluyor. Bu bile tek ba\u015f\u0131na y\u00fcksek d\u00fczeyli ele\u015ftirel ve yarat\u0131c\u0131 d\u00fc\u015f\u00fcnmenin h\u0131z\u0131n\u0131 belirler.<\/p>\n\n<h2 class=\"wp-block-heading\">Ders Oturumlar\u0131<\/h2>\n\n<figure class=\"wp-block-image size-large is-resized\"><img loading=\"lazy\" decoding=\"async\" src=\"https:\/\/scandinavia.life\/wp-content\/uploads\/2020\/07\/Lecture-1024x683.jpeg\" alt=\"\" class=\"wp-image-2187\" width=\"594\" height=\"395\" srcset=\"https:\/\/www.scandinavia.life\/wp-content\/uploads\/2020\/07\/Lecture-1024x683.jpeg 1024w, https:\/\/www.scandinavia.life\/wp-content\/uploads\/2020\/07\/Lecture-300x200.jpeg 300w, https:\/\/www.scandinavia.life\/wp-content\/uploads\/2020\/07\/Lecture-768x512.jpeg 768w, https:\/\/www.scandinavia.life\/wp-content\/uploads\/2020\/07\/Lecture.jpeg 1050w\" sizes=\"auto, (max-width: 594px) 100vw, 594px\" \/><figcaption class=\"wp-element-caption\">Tipik Ders Oturumu<\/figcaption><\/figure>\n\n<p class=\"wp-block-paragraph\">Program\u0131m\u0131n multidisipliner yap\u0131s\u0131, \u00e7e\u015fitli teoriler, hipotezler, y\u00f6ntemler ve modellerle \u00e7al\u0131\u015ft\u0131\u011f\u0131m\u0131z anlam\u0131na geliyordu; bunlar\u0131n \u00e7o\u011fu benim i\u00e7in yeniydi. E\u011fitmenlerin fikirleri herkesin anlayabilece\u011fi \u015fekilde a\u00e7\u0131klamalar\u0131 harika bir \u015feydi. Yaz\u0131l\u0131m, ders kitaplar\u0131 ve \u00e7al\u0131\u015fma a\u011flar\u0131 gibi \u00f6\u011frenme yard\u0131mc\u0131lar\u0131 Danimarka&#8217;da \u00f6\u011frenmeyi ger\u00e7ekten harika bir deneyim haline getiriyor. Haftada sadece iki ya da \u00fc\u00e7 dersle, \u00f6zel bir \u00e7al\u0131\u015fma yapmak i\u00e7in zaman ay\u0131rabiliyor ya da sadece merakl\u0131 bir \u015fekilde okumak i\u00e7in k\u00fct\u00fcphaneyi ziyaret edebiliyordum.<\/p>\n\n<h2 class=\"wp-block-heading\">Danimarka&#8217;da \u00dcniversite S\u0131navlar\u0131<\/h2>\n\n<p class=\"wp-block-paragraph\">Odak noktas\u0131n\u0131n her zaman s\u0131navlar\u0131 ge\u00e7mek ve s\u0131nav kitap\u00e7\u0131klar\u0131na test yazmak oldu\u011fu bir e\u011fitim sisteminden gelen biri olarak, Danimarka&#8217;da i\u015fler ayn\u0131 de\u011fildi. Danimarka&#8217;da notlar bir odak noktas\u0131d\u0131r, evet, ancak de\u011ferlendirme \u015fekli \u00f6\u011frencileri geleneksel bilginin \u00f6tesinde d\u00fc\u015f\u00fcnmeye zorlayacak \u015fekildedir. IQ&#8217;mun y\u00fckseldi\u011fini hissetti\u011fime bahse girerim (abart\u0131 olsa da).<\/p>\n","protected":false},"excerpt":{"rendered":"<p>Danimarka&#8217;ya gelen uluslararas\u0131 bir \u00f6\u011frenci olarak, kamp\u00fcsteki ilk g\u00fcn\u00fcmde \u00fcniversitenin bana yard\u0131mc\u0131 olma jestini g\u00f6rmezden geldi\u011fim i\u00e7in pi\u015fmanl\u0131k duydum. Nitekim \u00fcniversite, hen\u00fcz Kenya&#8217;dayken bana g\u00f6nderdi\u011fi tan\u0131t\u0131m yaz\u0131s\u0131nda bunu a\u00e7\u0131k\u00e7a ifade etmi\u015fti. Temsilcileri taraf\u0131ndan kabul edilmeyi organize edebilmeleri i\u00e7in kendileriyle \u00f6nceden ileti\u015fim kurmam gerekti\u011fini vurgulad\u0131lar. Temsilcinin ayr\u0131ca kamp\u00fcs \u00e7evresindeki kritik tesisler hakk\u0131nda beni y\u00f6nlendirmesi gerekiyordu. K\u0131z<\/p>\n","protected":false},"author":1,"featured_media":63870,"comment_status":"closed","ping_status":"closed","sticky":false,"template":"","format":"standard","meta":{"footnotes":""},"categories":[33938,31430,33936,33287],"tags":[33943,33959,33953],"class_list":["post-68849","post","type-post","status-publish","format-standard","has-post-thumbnail","hentry","category-egitim","category-esin","category-gercek-hayat-deneyimleri","category-oturma-izni","tag-danimarka-okumak","tag-uluslararasi-ogrenci","tag-ustalar-danimarka"],"_links":{"self":[{"href":"https:\/\/www.scandinavia.life\/tr\/wp-json\/wp\/v2\/posts\/68849","targetHints":{"allow":["GET"]}}],"collection":[{"href":"https:\/\/www.scandinavia.life\/tr\/wp-json\/wp\/v2\/posts"}],"about":[{"href":"https:\/\/www.scandinavia.life\/tr\/wp-json\/wp\/v2\/types\/post"}],"author":[{"embeddable":true,"href":"https:\/\/www.scandinavia.life\/tr\/wp-json\/wp\/v2\/users\/1"}],"replies":[{"embeddable":true,"href":"https:\/\/www.scandinavia.life\/tr\/wp-json\/wp\/v2\/comments?post=68849"}],"version-history":[{"count":3,"href":"https:\/\/www.scandinavia.life\/tr\/wp-json\/wp\/v2\/posts\/68849\/revisions"}],"predecessor-version":[{"id":143983,"href":"https:\/\/www.scandinavia.life\/tr\/wp-json\/wp\/v2\/posts\/68849\/revisions\/143983"}],"wp:featuredmedia":[{"embeddable":true,"href":"https:\/\/www.scandinavia.life\/tr\/wp-json\/wp\/v2\/media\/63870"}],"wp:attachment":[{"href":"https:\/\/www.scandinavia.life\/tr\/wp-json\/wp\/v2\/media?parent=68849"}],"wp:term":[{"taxonomy":"category","embeddable":true,"href":"https:\/\/www.scandinavia.life\/tr\/wp-json\/wp\/v2\/categories?post=68849"},{"taxonomy":"post_tag","embeddable":true,"href":"https:\/\/www.scandinavia.life\/tr\/wp-json\/wp\/v2\/tags?post=68849"}],"curies":[{"name":"wp","href":"https:\/\/api.w.org\/{rel}","templated":true}]}}