{"id":68854,"date":"2020-07-08T23:26:56","date_gmt":"2020-07-08T23:26:56","guid":{"rendered":"http:\/\/scandinavia.life\/iskandinavyaya-gelmeli-misin\/"},"modified":"2024-08-03T10:03:44","modified_gmt":"2024-08-03T10:03:44","slug":"iskandinavyaya-gelmeli-misin","status":"publish","type":"post","link":"https:\/\/www.scandinavia.life\/tr\/iskandinavyaya-gelmeli-misin\/","title":{"rendered":"\u0130skandinavya&#8217;ya gelmeli misin?"},"content":{"rendered":"\n<p class=\"wp-block-paragraph\">Bu, herkesin farkl\u0131 oldu\u011fu i\u00e7in cevaplamas\u0131 ger\u00e7ekten zor bir soru. Cevap verebiliriz ama bu cevap herkese uymaz. Bu nedenle, tam olarak bu konuya bir makale ay\u0131rmaya karar verdik. Bunu okuduktan sonra buraya ta\u015f\u0131nman\u0131n size g\u00f6re olup olmad\u0131\u011f\u0131n\u0131 kesinlikle anlayacaks\u0131n\u0131z. <\/p>\n\n<h2 class=\"wp-block-heading\"><strong>Karanl\u0131\u011f\u0131n tad\u0131n\u0131 \u00e7\u0131kar\u0131yor musun?<\/strong><\/h2>\n\n<p class=\"wp-block-paragraph\">Sadece y\u00fczle\u015felim. <a href=\"http:\/\/scandinavia.life\/tr\/tromso\/\">Y\u0131l\u0131n yar\u0131s\u0131 karanl\u0131k olacak<\/a> . Ger\u00e7ekten karanl\u0131k gibi. G\u00fcne\u015fin tad\u0131n\u0131 \u00e7\u0131kar\u0131rsan\u0131z, ba\u015f\u0131n\u0131z belada demektir. K\u0131\u015flar\u0131m\u0131z karanl\u0131k, \u00f6zellikle zaman zaman kar ya\u011fmad\u0131\u011f\u0131 zaman. B\u00fct\u00fcn bunlara ra\u011fmen, biz \u0130skandinavlar hayatta kal\u0131yoruz, yani siz yapabilirsiniz. Sadece al\u0131\u015fmal\u0131s\u0131n, hepsi bu.<br\/><br\/>Ayr\u0131ca bahar\u0131 da unutmuyoruz. Sonunda k\u0131\u015f yerini bahara b\u0131rakt\u0131\u011f\u0131nda ve g\u00fcne\u015f yeniden ortaya \u00e7\u0131kt\u0131\u011f\u0131nda&#8230; Bundan daha g\u00fczel bir \u015fey olamaz. Herkes evinden \u00e7\u0131k\u0131p havan\u0131n tad\u0131n\u0131 \u00e7\u0131karmak ve sonunda yeniden g\u00fcne\u015fi g\u00f6rmek i\u00e7in d\u0131\u015far\u0131 \u00e7\u0131kar. Yani, elbette, k\u0131\u015flar uzun ve karanl\u0131k ama ilkbahar ve yaz bunu telafi ediyor. Yine de, hayatta kalmak i\u00e7in g\u00fcne\u015fe ihtiyac\u0131n\u0131z varsa, k\u0131\u015f\u0131n \u0130skandinavya size g\u00f6re olmayabilir. <\/p>\n\n<h2 class=\"wp-block-heading\"><strong>Alkole ihtiyac\u0131n var m\u0131?<\/strong><\/h2>\n\n<p class=\"wp-block-paragraph\">Burada alkol alamazs\u0131n diye de\u011fil. Sadece di\u011fer bir\u00e7ok \u00fclkeye k\u0131yasla \u00e7ok zor. \u015earap veya bira gibi bir \u015fey istiyorsan\u0131z \u201c <a href=\"https:\/\/www.omsystembolaget.se\/english\/\">Systembolaget<\/a> \u201de veya di\u011fer \u00fclkelerdeki muadillerine gitmelisiniz. T\u00fcm alkoller \u00fczerinde tekelleri var ve onu sat\u0131n alabilece\u011finiz tek yer oras\u0131. Oh, ve her Pazar kapan\u0131yorlar. Yani, elbette lik\u00f6r\u00fcn\u00fcz\u00fc alabilirsiniz, ancak di\u011fer bir\u00e7ok yer kadar kolay olmayacak. Bu iyi bir \u015fey mi yoksa k\u00f6t\u00fc bir \u015fey mi? Buna karar vermek sana kalm\u0131\u015f. <\/p>\n\n<h2 class=\"wp-block-heading\"><strong>Sadece \u0131l\u0131k suda y\u00fczebilir misin?<\/strong><\/h2>\n\n<p class=\"wp-block-paragraph\">O zaman \u0130zlanda&#8217;ya ta\u015f\u0131nmad\u0131\u011f\u0131n\u0131z ve kapl\u0131calarda y\u00fczmedi\u011finiz s\u00fcrece \u015fans\u0131n\u0131z kalmaz. Yazlar\u0131m\u0131z olduk\u00e7a s\u0131cak ge\u00e7se de sular so\u011fuk kal\u0131r. \u00d6zellikle okyanustaki su. Y\u00fczmeyi seviyorsan\u0131z, bir Viking olmal\u0131 ve so\u011fukla ba\u015f etmelisiniz.<br\/><br\/>\u0130yi bir g\u00fcnde, su s\u0131cakl\u0131\u011f\u0131 20 santigrat dereceye \u00e7\u0131kabilir ve bu iyi bir g\u00fcnd\u00fcr. Okyanusta b\u00f6yle bir \u015fey g\u00f6rmek \u00e7ok nadirdir. 18 derece s\u0131radan bir yaz aylar\u0131nda \u00e7ok daha yayg\u0131nd\u0131r. Tabii ki \u0130skandinav k\u00fclt\u00fcr\u00fcn\u00fcn b\u00fcy\u00fck bir k\u0131sm\u0131 buz banyosu. \u00dczerinde buz olan bir g\u00f6l buluyoruz. Sonra bir delik a\u00e7\u0131p i\u00e7eri atl\u0131yoruz. Hi\u00e7bir \u015fey buz gibi bir g\u00f6lde g\u00fczel bir banyo yapmak gibi zihninizi temizlemez. Baz\u0131 insanlar \u00f6nce saunada oturmak ister ama ger\u00e7ek bir Viking&#8217;in bu t\u00fcr \u015feylere ihtiyac\u0131 yoktur.<br\/><br\/>Elbette bu \u00e7o\u011fu insan i\u00e7in bir anla\u015fma k\u0131r\u0131c\u0131 de\u011fil ama en az\u0131ndan buraya ta\u015f\u0131nmay\u0131 d\u00fc\u015f\u00fcn\u00fcyorsan\u0131z bahsetmeye de\u011fer.<\/p>\n\n<h2 class=\"wp-block-heading\"><strong>S\u0131rada nas\u0131l duraca\u011f\u0131n\u0131z\u0131 biliyor musunuz?<\/strong><\/h2>\n\n<p class=\"wp-block-paragraph\">\u0130skandinavya&#8217;da sorular\u0131m\u0131za \u00e7ok d\u00fc\u015fk\u00fcn\u00fcz. Kimin \u00f6n\u00fcm\u00fczde, kimin arkam\u0131zda oldu\u011funu biliyoruz ve inan\u0131n hi\u00e7 s\u0131ra ge\u00e7miyorsunuz. Kimse bir \u015fey s\u00f6ylemeyecek ama yanl\u0131\u015f bir \u015fey yapt\u0131\u011f\u0131n\u0131 bileceksin. S\u0131rada duram\u0131yorsan, se\u00e7eneklere ihtiyac\u0131n var. \u00c7ok h\u0131zl\u0131 \u00f6\u011fren ya da buraya gelme. Ayr\u0131ca, \u00e7izgiyi tan\u0131mlamay\u0131 da \u00f6\u011frenmelisiniz. \u00c7izgi olabilecek bir yere var\u0131rsan\u0131z, bunun bir \u00e7izgi oldu\u011funu varsay\u0131n ve kendinizi en son s\u0131raya koyun. <\/p>\n\n<p class=\"wp-block-paragraph\">Umar\u0131m art\u0131k \u0130skandinavya&#8217;n\u0131n sizin i\u00e7in olup olmad\u0131\u011f\u0131n\u0131 biliyorsunuzdur. Emin de\u011filseniz, gelin ve ziyaret edin! Is\u0131rmayaca\u011f\u0131m\u0131za s\u00f6z verebilirim. <\/p>\n","protected":false},"excerpt":{"rendered":"<p>Bu, herkesin farkl\u0131 oldu\u011fu i\u00e7in cevaplamas\u0131 ger\u00e7ekten zor bir soru. Cevap verebiliriz ama bu cevap herkese uymaz. Bu nedenle, tam olarak bu konuya bir makale ay\u0131rmaya karar verdik. Bunu okuduktan sonra buraya ta\u015f\u0131nman\u0131n size g\u00f6re olup olmad\u0131\u011f\u0131n\u0131 kesinlikle anlayacaks\u0131n\u0131z. Karanl\u0131\u011f\u0131n tad\u0131n\u0131 \u00e7\u0131kar\u0131yor musun? Sadece y\u00fczle\u015felim. Y\u0131l\u0131n yar\u0131s\u0131 karanl\u0131k olacak . Ger\u00e7ekten karanl\u0131k gibi. G\u00fcne\u015fin tad\u0131n\u0131<\/p>\n","protected":false},"author":1,"featured_media":63685,"comment_status":"closed","ping_status":"closed","sticky":false,"template":"","format":"standard","meta":{"footnotes":""},"categories":[31436,33821,31355],"tags":[33787,33592,31403,33962,33966],"class_list":["post-68854","post","type-post","status-publish","format-standard","has-post-thumbnail","hentry","category-alisveris","category-one-cikan","category-uncategorized-tr","tag-alkol","tag-iklim","tag-kultur-tr","tag-sistembolaj","tag-siyaset"],"_links":{"self":[{"href":"https:\/\/www.scandinavia.life\/tr\/wp-json\/wp\/v2\/posts\/68854","targetHints":{"allow":["GET"]}}],"collection":[{"href":"https:\/\/www.scandinavia.life\/tr\/wp-json\/wp\/v2\/posts"}],"about":[{"href":"https:\/\/www.scandinavia.life\/tr\/wp-json\/wp\/v2\/types\/post"}],"author":[{"embeddable":true,"href":"https:\/\/www.scandinavia.life\/tr\/wp-json\/wp\/v2\/users\/1"}],"replies":[{"embeddable":true,"href":"https:\/\/www.scandinavia.life\/tr\/wp-json\/wp\/v2\/comments?post=68854"}],"version-history":[{"count":1,"href":"https:\/\/www.scandinavia.life\/tr\/wp-json\/wp\/v2\/posts\/68854\/revisions"}],"predecessor-version":[{"id":148909,"href":"https:\/\/www.scandinavia.life\/tr\/wp-json\/wp\/v2\/posts\/68854\/revisions\/148909"}],"wp:featuredmedia":[{"embeddable":true,"href":"https:\/\/www.scandinavia.life\/tr\/wp-json\/wp\/v2\/media\/63685"}],"wp:attachment":[{"href":"https:\/\/www.scandinavia.life\/tr\/wp-json\/wp\/v2\/media?parent=68854"}],"wp:term":[{"taxonomy":"category","embeddable":true,"href":"https:\/\/www.scandinavia.life\/tr\/wp-json\/wp\/v2\/categories?post=68854"},{"taxonomy":"post_tag","embeddable":true,"href":"https:\/\/www.scandinavia.life\/tr\/wp-json\/wp\/v2\/tags?post=68854"}],"curies":[{"name":"wp","href":"https:\/\/api.w.org\/{rel}","templated":true}]}}