{"id":69135,"date":"2020-08-17T10:37:38","date_gmt":"2020-08-17T10:37:38","guid":{"rendered":"http:\/\/scandinavia.life\/norvec-hakkinda-birkac-kisa-bilgi\/"},"modified":"2024-08-03T10:03:25","modified_gmt":"2024-08-03T10:03:25","slug":"norvec-hakkinda-birkac-kisa-bilgi","status":"publish","type":"post","link":"https:\/\/www.scandinavia.life\/tr\/norvec-hakkinda-birkac-kisa-bilgi\/","title":{"rendered":"Norve\u00e7 hakk\u0131nda h\u0131zl\u0131 bilgiler"},"content":{"rendered":"\n<p class=\"wp-block-paragraph\">Norve\u00e7, anakara topraklar\u0131 \u0130skandinav Yar\u0131madas\u0131&#8217;nda bulunan bir Kuzey Avrupa \u00fclkesidir. \u00dclkenin kuzey do\u011fusunda Finlandiya ve Rusya, g\u00fcneyinde ise Skagerrak Bo\u011faz\u0131 ve di\u011fer taraf\u0131nda Danimarka yer almaktad\u0131r.  <\/p>\n\n<p class=\"wp-block-paragraph\">Norve\u00e7&#8217;in k\u0131y\u0131 \u015feridi geni\u015ftir ve Kuzey Atlantik Okyanusu&#8217;na bakmaktad\u0131r. Bu denizcilik etkisi Norve\u00e7&#8217;in ikliminde de g\u00f6r\u00fclmektedir; deniz k\u0131y\u0131lar\u0131 d\u00fc\u015f\u00fck kara s\u0131cakl\u0131klar\u0131na sahiptir, ancak i\u00e7 kesimlere do\u011fru ilerledik\u00e7e, daha so\u011fuk olsa da, d\u00fcnyan\u0131n bu t\u00fcr kuzey enlemlerindeki di\u011fer b\u00f6lgelerine k\u0131yasla \u00e7ok daha \u0131l\u0131mand\u0131r.<\/p>\n\n<h2 class=\"wp-block-heading\">K\u00fc\u00e7\u00fck bir n\u00fcfusa sahip monar\u015fi<\/h2>\n\n<p class=\"wp-block-paragraph\">Norve\u00e7&#8217;in n\u00fcfusu Ekim 2013&#8217;te 5.096.300 ki\u015fiydi ve 2060 y\u0131l\u0131na kadar \u00fclkede 7 milyondan fazla ki\u015finin ya\u015fayaca\u011f\u0131 tahmin ediliyordu. \u00dclke, G\u00fcney ve Orta Avrupa, Afrika, Orta Do\u011fu, Asya ve \u00f6tesinden g\u00f6\u00e7menleri kendine \u00e7ekmi\u015ftir.<\/p>\n\n<p class=\"wp-block-paragraph\">Norve\u00e7, devlet g\u00fcc\u00fcn\u00fcn parlamento, kabine ve y\u00fcksek mahkeme aras\u0131nda b\u00f6l\u00fcnd\u00fc\u011f\u00fc anayasal monar\u015fiye sahip \u00fcniter egemen bir devlettir.  <\/p>\n\n<p class=\"wp-block-paragraph\">\u015eu anki Norve\u00e7 Kral\u0131 Glucksburg Hanedan\u0131&#8217;ndan V. Harald&#8217;d\u0131r. Norve\u00e7&#8217;in 2013 y\u0131l\u0131ndan bu yana ba\u015fbakan\u0131 Jens Stoltenberg&#8217;in yerine ge\u00e7en Erna Solberg&#8217;dir.  <\/p>\n\n<p class=\"wp-block-paragraph\">The kingdom was established when several petty kingdom merged and has since existed continuously for a span of 1,148 years, although from 1814 to 1905, it was in a personal union with the Kingdom of Sweden.<\/p>\n\n<h2 class=\"wp-block-heading\">Jeopolitik durum  <\/h2>\n\n<p class=\"wp-block-paragraph\">During the first world war, Norway was neutral and remained neutral until it was invaded and occupied in April 1940 by the Germans until the end of the Second World War.<\/p>\n\n<p class=\"wp-block-paragraph\">Norve\u00e7&#8217;te hem idari hem de siyasi alt b\u00f6l\u00fcmlerin iki seviyesi vard\u0131r: bunlar il\u00e7eler ve belediyelerdir.  <\/p>\n\n<p class=\"wp-block-paragraph\">Geleneksel b\u00f6lgeler, Sami Parlamentosu ve Finnmark Yasas\u0131 arac\u0131l\u0131\u011f\u0131yla Sami halk\u0131 (Norve\u00e7&#8217;in yerli halk\u0131) taraf\u0131ndan belirlenmekte ve etkilenmektedir.  <\/p>\n\n<p class=\"wp-block-paragraph\">\u00dclke, <a href=\"https:\/\/norwegianscitechnews.com\/2019\/12\/norway-is-the-eus-most-integrated-non-eu-country\/\">Avrupa Birli\u011fi<\/a> ve Amerika Birle\u015fik Devletleri <a href=\"https:\/\/norwegianscitechnews.com\/2019\/12\/norway-is-the-eus-most-integrated-non-eu-country\/\">ile yak\u0131n ba\u011flar\u0131n\u0131<\/a> s\u00fcrd\u00fcrmektedir. Norve\u00e7 ayn\u0131 zamanda Birle\u015fmi\u015f Milletler NATO, Avrupa Konseyi, Avrupa Serbest Ticaret Birli\u011fi ve Nordik Konseyi, DT\u00d6 ve di\u011ferlerinin kurucu \u00fcye \u00fclkelerinden biridir. Norve\u00e7 dili, Danca ve \u0130sve\u00e7\u00e7e ile kar\u015f\u0131l\u0131kl\u0131 anla\u015f\u0131labilirli\u011fi payla\u015fmaktad\u0131r.<\/p>\n\n<h2 class=\"wp-block-heading\">Refah ve ekonomi<\/h2>\n\n<p class=\"wp-block-paragraph\">Norve\u00e7, evrensel sa\u011fl\u0131k hizmetleri ve kapsaml\u0131 bir sosyal g\u00fcvenlik sistemi sa\u011flayarak \u0130skandinav refah modelini takip etmekte ve de\u011ferleri e\u015fitlik\u00e7i fikirlere dayanmaktad\u0131r.  <\/p>\n\n<p class=\"wp-block-paragraph\">\u00dclkenin sanayi sekt\u00f6rleri geni\u015f petrol rezervleri, do\u011fal gaz, mineraller, deniz \u00fcr\u00fcnleri, tatl\u0131 su ve kereste ile geli\u015fmektedir. Petrol end\u00fcstrisi \u00fclkenin GSYH&#8217;sinin d\u00f6rtte birini olu\u015fturmaktad\u0131r.  <\/p>\n\n<p class=\"wp-block-paragraph\">Norve\u00e7, Orta Do\u011fu d\u0131\u015f\u0131nda ki\u015fi ba\u015f\u0131na d\u00fc\u015fen petrol ve do\u011fal gaz miktar\u0131nda d\u00fcnyan\u0131n en b\u00fcy\u00fck \u00fcreticisi konumundad\u0131r.<\/p>\n\n<h2 class=\"wp-block-heading\">Y\u00fcksek ki\u015fi ba\u015f\u0131 gelir ve geli\u015fmi\u015flik endeksi<\/h2>\n\n<p class=\"wp-block-paragraph\">D\u00fcnya Bankas\u0131 ve IMF listelerinde Norve\u00e7, d\u00fcnyada ki\u015fi ba\u015f\u0131na d\u00fc\u015fen gelirin en y\u00fcksek oldu\u011fu d\u00f6rd\u00fcnc\u00fc \u00fclkedir. \u00dclke, CIA&#8217;in \u00f6zerk b\u00f6lge ve y\u00f6releri de i\u00e7eren ki\u015fi ba\u015f\u0131na d\u00fc\u015fen GSY\u0130H listesinde on birinci s\u0131rada yer almaktad\u0131r.  <\/p>\n\n<p class=\"wp-block-paragraph\">Norve\u00e7&#8217;in devlet varl\u0131k fonu 1 trilyon dolar\u0131n \u00fczerinde olup d\u00fcnyan\u0131n en b\u00fcy\u00fc\u011f\u00fcd\u00fcr. Ayr\u0131ca, Norve\u00e7 2009 y\u0131l\u0131ndan bu yana \u0130nsani Geli\u015fme alan\u0131nda d\u00fcnyada ilk s\u0131rada yer almaktad\u0131r.  <\/p>\n\n<p class=\"wp-block-paragraph\">Kalk\u0131nma Endeksi s\u0131ralamas\u0131nda, 2001-2006 y\u0131llar\u0131 aras\u0131nda da bu pozisyonda kalm\u0131\u015ft\u0131r. Norve\u00e7, 2017 D\u00fcnya Mutluluk Raporu&#8217;nda birinci s\u0131rada yer alm\u0131\u015ft\u0131r ve d\u00fcnyadaki en d\u00fc\u015f\u00fck su\u00e7 oranlar\u0131ndan birine sahiptir.  <\/p>\n","protected":false},"excerpt":{"rendered":"<p>Norve\u00e7, anakara topraklar\u0131 \u0130skandinav Yar\u0131madas\u0131&#8217;nda bulunan bir Kuzey Avrupa \u00fclkesidir. \u00dclkenin kuzey do\u011fusunda Finlandiya ve Rusya, g\u00fcneyinde ise Skagerrak Bo\u011faz\u0131 ve di\u011fer taraf\u0131nda Danimarka yer almaktad\u0131r. Norve\u00e7&#8217;in k\u0131y\u0131 \u015feridi geni\u015ftir ve Kuzey Atlantik Okyanusu&#8217;na bakmaktad\u0131r. Bu denizcilik etkisi Norve\u00e7&#8217;in ikliminde de g\u00f6r\u00fclmektedir; deniz k\u0131y\u0131lar\u0131 d\u00fc\u015f\u00fck kara s\u0131cakl\u0131klar\u0131na sahiptir, ancak i\u00e7 kesimlere do\u011fru ilerledik\u00e7e, daha so\u011fuk<\/p>\n","protected":false},"author":1,"featured_media":64022,"comment_status":"closed","ping_status":"closed","sticky":false,"template":"","format":"standard","meta":{"footnotes":""},"categories":[31431],"tags":[34216,33788,34172,34217,33791,33966],"class_list":["post-69135","post","type-post","status-publish","format-standard","has-post-thumbnail","hentry","category-norvec","tag-anayasa","tag-ekonomi-tr","tag-gercekler","tag-gsyih","tag-refah","tag-siyaset"],"_links":{"self":[{"href":"https:\/\/www.scandinavia.life\/tr\/wp-json\/wp\/v2\/posts\/69135","targetHints":{"allow":["GET"]}}],"collection":[{"href":"https:\/\/www.scandinavia.life\/tr\/wp-json\/wp\/v2\/posts"}],"about":[{"href":"https:\/\/www.scandinavia.life\/tr\/wp-json\/wp\/v2\/types\/post"}],"author":[{"embeddable":true,"href":"https:\/\/www.scandinavia.life\/tr\/wp-json\/wp\/v2\/users\/1"}],"replies":[{"embeddable":true,"href":"https:\/\/www.scandinavia.life\/tr\/wp-json\/wp\/v2\/comments?post=69135"}],"version-history":[{"count":4,"href":"https:\/\/www.scandinavia.life\/tr\/wp-json\/wp\/v2\/posts\/69135\/revisions"}],"predecessor-version":[{"id":148765,"href":"https:\/\/www.scandinavia.life\/tr\/wp-json\/wp\/v2\/posts\/69135\/revisions\/148765"}],"wp:featuredmedia":[{"embeddable":true,"href":"https:\/\/www.scandinavia.life\/tr\/wp-json\/wp\/v2\/media\/64022"}],"wp:attachment":[{"href":"https:\/\/www.scandinavia.life\/tr\/wp-json\/wp\/v2\/media?parent=69135"}],"wp:term":[{"taxonomy":"category","embeddable":true,"href":"https:\/\/www.scandinavia.life\/tr\/wp-json\/wp\/v2\/categories?post=69135"},{"taxonomy":"post_tag","embeddable":true,"href":"https:\/\/www.scandinavia.life\/tr\/wp-json\/wp\/v2\/tags?post=69135"}],"curies":[{"name":"wp","href":"https:\/\/api.w.org\/{rel}","templated":true}]}}