{"id":69355,"date":"2020-11-16T15:19:11","date_gmt":"2020-11-16T15:19:11","guid":{"rendered":"http:\/\/scandinavia.life\/odensede-hava-durumu\/"},"modified":"2024-08-03T10:03:49","modified_gmt":"2024-08-03T10:03:49","slug":"odensede-hava-durumu","status":"publish","type":"post","link":"https:\/\/www.scandinavia.life\/tr\/odensede-hava-durumu\/","title":{"rendered":"Odense \u015fehrinde Hava Durumu"},"content":{"rendered":"\n<p class=\"wp-block-paragraph\">Hava durumu, yeni bir yere seyahat etmeden \u00f6nce dikkat edilmesi gereken en \u00f6nemli hususlardan biridir. Bir edebiyat harikalar diyar\u0131 olan ve sunabilece\u011fi pek \u00e7ok \u015fey bulunan <a href=\"http:\/\/scandinavia.life\/tr\/odensede-hizli-expat-kilavuzu\/\">Danimarka&#8217;n\u0131n \u00fc\u00e7\u00fcnc\u00fc b\u00fcy\u00fck \u015fehri Odense<\/a>&#8216;yi ziyaret etmek istiyorsan\u0131z, hava durumu hakk\u0131nda bilmeniz gereken her \u015feyi \u00f6\u011frenmek i\u00e7in okumaya devam edin.<\/p>\n\n<h2 class=\"wp-block-heading\"><strong>S\u0131cakl\u0131k<\/strong><strong><\/strong><\/h2>\n\n<p class=\"wp-block-paragraph\">Y\u0131l\u0131n zaman\u0131na ba\u011fl\u0131 olarak, Odense&#8217;nin ortalama s\u0131cakl\u0131\u011f\u0131 b\u00fcy\u00fck \u00f6l\u00e7\u00fcde de\u011fi\u015fir. Y\u0131l\u0131n yakla\u015f\u0131k yar\u0131s\u0131nda so\u011fuk hissedilir. Di\u011fer yar\u0131s\u0131nda ise ya\u011f\u0131\u015f ihtimali ile birlikte olduk\u00e7a keyifli hissediliyor. Buray\u0131 ziyaret etmek i\u00e7in en uygun zaman, s\u0131cakl\u0131\u011f\u0131n ideal oldu\u011fu <sup>14<\/sup> May\u0131s &#8211; <sup>23<\/sup> Eyl\u00fcl tarihleri aras\u0131d\u0131r. Ayr\u0131ca Odense, Haziran-A\u011fustos aylar\u0131 aras\u0131nda en y\u00fcksek s\u0131cakl\u0131\u011f\u0131n ya\u015fand\u0131\u011f\u0131 b\u00f6lgedir.<\/p>\n\n<ul class=\"wp-block-list\"><li>G\u00fcn \u0130\u00e7inde Ortalama En Y\u00fcksek S\u0131cakl\u0131k: 75,5\u00b0F\/24,2\u00b0C<\/li><li>Gece Boyunca Ortalama En Y\u00fcksek S\u0131cakl\u0131k: 56\u00b0F\/13,3\u00b0C<\/li><\/ul>\n\n<h2 class=\"wp-block-heading\">Nas\u0131l Hissettiriyor?<\/h2>\n\n<p class=\"wp-block-paragraph\">Y\u00fcksek nem ile daha y\u00fcksek s\u0131cakl\u0131k, ger\u00e7ek s\u0131cakl\u0131k de\u011ferinden \u00e7ok daha s\u0131cak hissedilir. Ayr\u0131ca, daha y\u00fcksek r\u00fczgarlarla daha d\u00fc\u015f\u00fck s\u0131cakl\u0131k, ger\u00e7ek s\u0131cakl\u0131k de\u011ferinden \u00e7ok daha so\u011fuk hissettirir. Bu y\u00fczden &#8220;hissedilen&#8221; s\u0131cakl\u0131\u011f\u0131 bilmek \u00f6nemlidir. Odense \u015fehrinde aylara g\u00f6re ortalama s\u0131cakl\u0131klar\u0131n listesi.<\/p>\n\n<ul class=\"wp-block-list\"><li><strong>Jan<\/strong><ul><li><strong>Ortalama Y\u00fcksek: <\/strong>38\u00b0F\/3,3\u00b0C<\/li><\/ul><\/li><li><strong>\u015eubat<\/strong><ul><li><strong>Ortalama Y\u00fcksek:<\/strong> 39,2\u00b0F\/4\u00b0C  <\/li><\/ul><\/li><li><strong>Mar<\/strong><ul><li><strong>Ortalama Y\u00fcksek:<\/strong> 44\u00b0F\/6,7\u00b0C  <\/li><\/ul><\/li><li><strong>Nisan<\/strong><strong>     <\/strong><strong><\/strong><ul><li><strong>Ortalama Y\u00fcksek:<\/strong> 53\u00b0F\/11,7\u00b0C<\/li><\/ul><\/li><li><strong>May\u0131s<\/strong><ul><li><strong>Ortalama Y\u00fcksek:<\/strong> 61\u00b0F\/16,1\u00b0C<\/li><\/ul><\/li><li><strong>Haziran<\/strong><ul><li><strong>Ortalama Y\u00fcksek:<\/strong> 64,7\u00b0F\/18,2\u00b0C  <\/li><\/ul><\/li><li><strong>Temmuz<\/strong><ul><li><strong>Ortalama Y\u00fcksek:<\/strong> 72,3\u00b0F\/22,4\u00b0C  <\/li><\/ul><\/li><li><strong>A\u011fustos<\/strong><ul><li><strong>Ortalama Y\u00fcksek:<\/strong> 71,1\u00b0F\/21,7\u00b0C  <\/li><\/ul><\/li><li><strong>Eyl\u00fcl<\/strong><ul><li><strong>Ortalama Y\u00fcksek:<\/strong> 63\u00b0F\/17,2\u00b0C<\/li><\/ul><\/li><li><strong>Ekim<\/strong><ul><li><strong>Ortalama Y\u00fcksek:<\/strong> 55,5\u00b0F\/13,1\u00b0C  <\/li><\/ul><\/li><li><strong>Kas\u0131m<\/strong><ul><li><strong>Ortalama Y\u00fcksek: <\/strong>47,6\u00b0F\/8,7\u00b0C<\/li><\/ul><\/li><li><strong>Aral\u0131k<\/strong><ul><li><strong>Ortalama Y\u00fcksek:<\/strong> 42,7\u00b0F\/5,9\u00b0C<\/li><\/ul><\/li><\/ul>\n\n<h2 class=\"wp-block-heading\">Ya\u011f\u0131\u015f<\/h2>\n\n<p class=\"wp-block-paragraph\"> Odense &#8216;nin en az ya\u011f\u0131\u015f ald\u0131\u011f\u0131 aylar \u015eubat ile Nisan aras\u0131d\u0131r. \u00d6te yandan, Ocak ay\u0131n\u0131n ilk yar\u0131s\u0131nda ya\u011f\u0131\u015f ihtimali y\u00fcksektir. Haftada ortalama d\u00f6rt g\u00fcn ya\u011fmur ya da kar ya\u011far.<\/p>\n\n<h2 class=\"wp-block-heading\">R\u00fczgar ve Nem<\/h2>\n\n<p class=\"wp-block-paragraph\">Odense&#8217;de r\u00fczgar y\u0131l boyunca \u0131l\u0131ml\u0131 seyreder. Ancak Aral\u0131k ay\u0131 en r\u00fczgarl\u0131 ay olurken, Ocak ve Mart aylar\u0131 s\u0131ras\u0131yla ikinci ve \u00fc\u00e7\u00fcnc\u00fc s\u0131rada yer almaktad\u0131r. Ocak ay\u0131nda ortalama r\u00fczgar h\u0131z\u0131 saatte yakla\u015f\u0131k 11,4 mil (saatte 18,4 kilometre) veya 9,9 knot&#8217;t\u0131r. Ancak, Aral\u0131k ay\u0131 en fazla s\u00fcrekli r\u00fczgar\u0131n g\u00f6r\u00fcld\u00fc\u011f\u00fc ayd\u0131r. Aral\u0131k ay\u0131n\u0131n ortalar\u0131nda, ortalama en y\u00fcksek s\u00fcrekli r\u00fczgar h\u0131z\u0131 genellikle 16,4 knot&#8217;a ula\u015f\u0131r.<br\/>Ortalaman\u0131n \u00fczerinde ve a\u015f\u0131r\u0131 nemin oldu\u011fu aylar Kas\u0131m (Y\u00fczde 87,2 Nem) ve Nisan (Y\u00fczde 67 Nem) aylar\u0131d\u0131r. Ayr\u0131ca, nem oran\u0131 y\u0131l boyunca ortalaman\u0131n \u00fczerinde kalmaktad\u0131r.<\/p>\n\n<h2 class=\"wp-block-heading\">Referanslar:<\/h2>\n\n<p class=\"wp-block-paragraph\"><a href=\"https:\/\/weatherspark.com\/y\/68594\/Average-Weather-in-Odense-Denmark-Year-Round\">https:\/\/weatherspark.com\/y\/68594\/Average-Weather-in-Odense-Denmark-Year-Round<\/a><\/p>\n\n<p class=\"wp-block-paragraph\"><a href=\"https:\/\/www.weather-atlas.com\/en\/denmark\/odense-climate\">https:\/\/www.weather-atlas.com\/en\/denmark\/odense-climate<\/a><\/p>\n\n<p class=\"wp-block-paragraph\"><a href=\"https:\/\/freemeteo.co.uk\/weather\/odense\/current-weather\/location\/?gid=2615876&amp;language=english&amp;country=denmark\">https:\/\/freemeteo.co.uk\/weather\/odense\/current-weather\/location\/?gid=2615876&amp;language=english&amp;country=denmark<\/a><\/p>\n\n<p class=\"wp-block-paragraph\"><a href=\"https:\/\/championtraveler.com\/dates\/best-time-to-visit-odense-dk\/\">https:\/\/championtraveler.com\/dates\/best-time-to-visit-odense-dk\/<\/a><\/p>\n","protected":false},"excerpt":{"rendered":"<p>Hava durumu, yeni bir yere seyahat etmeden \u00f6nce dikkat edilmesi gereken en \u00f6nemli hususlardan biridir. Bir edebiyat harikalar diyar\u0131 olan ve sunabilece\u011fi pek \u00e7ok \u015fey bulunan Danimarka&#8217;n\u0131n \u00fc\u00e7\u00fcnc\u00fc b\u00fcy\u00fck \u015fehri Odense&#8216;yi ziyaret etmek istiyorsan\u0131z, hava durumu hakk\u0131nda bilmeniz gereken her \u015feyi \u00f6\u011frenmek i\u00e7in okumaya devam edin. S\u0131cakl\u0131k Y\u0131l\u0131n zaman\u0131na ba\u011fl\u0131 olarak, Odense&#8217;nin ortalama s\u0131cakl\u0131\u011f\u0131 b\u00fcy\u00fck<\/p>\n","protected":false},"author":1,"featured_media":64071,"comment_status":"closed","ping_status":"closed","sticky":false,"template":"","format":"standard","meta":{"footnotes":""},"categories":[32808,31516],"tags":[31504,34021,31751,31758,31384,32300],"class_list":["post-69355","post","type-post","status-publish","format-standard","has-post-thumbnail","hentry","category-odense-tr","category-yasamak","tag-alisveris","tag-hava","tag-iskandinav-sehirleri","tag-iskandinav-sehri","tag-iskandinavya","tag-konut"],"_links":{"self":[{"href":"https:\/\/www.scandinavia.life\/tr\/wp-json\/wp\/v2\/posts\/69355","targetHints":{"allow":["GET"]}}],"collection":[{"href":"https:\/\/www.scandinavia.life\/tr\/wp-json\/wp\/v2\/posts"}],"about":[{"href":"https:\/\/www.scandinavia.life\/tr\/wp-json\/wp\/v2\/types\/post"}],"author":[{"embeddable":true,"href":"https:\/\/www.scandinavia.life\/tr\/wp-json\/wp\/v2\/users\/1"}],"replies":[{"embeddable":true,"href":"https:\/\/www.scandinavia.life\/tr\/wp-json\/wp\/v2\/comments?post=69355"}],"version-history":[{"count":3,"href":"https:\/\/www.scandinavia.life\/tr\/wp-json\/wp\/v2\/posts\/69355\/revisions"}],"predecessor-version":[{"id":148916,"href":"https:\/\/www.scandinavia.life\/tr\/wp-json\/wp\/v2\/posts\/69355\/revisions\/148916"}],"wp:featuredmedia":[{"embeddable":true,"href":"https:\/\/www.scandinavia.life\/tr\/wp-json\/wp\/v2\/media\/64071"}],"wp:attachment":[{"href":"https:\/\/www.scandinavia.life\/tr\/wp-json\/wp\/v2\/media?parent=69355"}],"wp:term":[{"taxonomy":"category","embeddable":true,"href":"https:\/\/www.scandinavia.life\/tr\/wp-json\/wp\/v2\/categories?post=69355"},{"taxonomy":"post_tag","embeddable":true,"href":"https:\/\/www.scandinavia.life\/tr\/wp-json\/wp\/v2\/tags?post=69355"}],"curies":[{"name":"wp","href":"https:\/\/api.w.org\/{rel}","templated":true}]}}