{"id":69645,"date":"2020-11-18T17:05:20","date_gmt":"2020-11-18T17:05:20","guid":{"rendered":"http:\/\/scandinavia.life\/iskandinavya-hakkinda-her-sey-sizin-icin\/"},"modified":"2022-07-01T13:14:58","modified_gmt":"2022-07-01T13:14:58","slug":"iskandinavya-hakkinda-her-sey-sizin-icin","status":"publish","type":"post","link":"https:\/\/www.scandinavia.life\/tr\/iskandinavya-hakkinda-her-sey-sizin-icin\/","title":{"rendered":"\u0130skandinavya hakk\u0131nda her \u015fey sizin i\u00e7in"},"content":{"rendered":"\n<p class=\"wp-block-paragraph\">G\u00f6r\u00fcn\u00fc\u015fte \u0130skandinavya, g\u00f6\u00e7 etmeye de\u011fer bir b\u00f6lge hakk\u0131ndaki tipik fikirlerimizle uyu\u015fmuyor. Her zaman k\u00fcresel man\u015fetlere \u00e7\u0131km\u0131yor, k\u00fc\u00e7\u00fck bir n\u00fcfusu var ve a\u00e7\u0131k\u00e7as\u0131 \u00e7o\u011fumuz yer hakk\u0131nda ger\u00e7ekten fazla bir \u015fey bilmiyoruz. G\u00f6\u00e7\u00fc d\u00fc\u015f\u00fcnd\u00fc\u011f\u00fcm\u00fczde, \u00e7o\u011fu insan otomatik olarak Amerika Birle\u015fik Devletleri&#8217;ne ve onun Amerikan R\u00fcyas\u0131 vaadine y\u00f6neliyor. Bu soruyu soruyor, ger\u00e7ekten \u0130skandinavya&#8217;ya ta\u015f\u0131nmal\u0131 m\u0131s\u0131n\u0131z?<\/p>\n\n<figure class=\"wp-block-image size-large\"><img loading=\"lazy\" decoding=\"async\" width=\"1024\" height=\"551\" src=\"http:\/\/scandinavia.life\/wp-content\/uploads\/2022\/01\/lofoten-g888004698_1920-1024x551.jpg\" alt=\"\" class=\"wp-image-40855\" srcset=\"https:\/\/www.scandinavia.life\/wp-content\/uploads\/2022\/01\/lofoten-g888004698_1920-1024x551.jpg 1024w, https:\/\/www.scandinavia.life\/wp-content\/uploads\/2022\/01\/lofoten-g888004698_1920-300x162.jpg 300w, https:\/\/www.scandinavia.life\/wp-content\/uploads\/2022\/01\/lofoten-g888004698_1920-768x414.jpg 768w, https:\/\/www.scandinavia.life\/wp-content\/uploads\/2022\/01\/lofoten-g888004698_1920-1536x827.jpg 1536w, https:\/\/www.scandinavia.life\/wp-content\/uploads\/2022\/01\/lofoten-g888004698_1920.jpg 1920w\" sizes=\"auto, (max-width: 1024px) 100vw, 1024px\" \/><figcaption>Lofoten, Norve\u00e7<\/figcaption><\/figure>\n\n<p class=\"wp-block-paragraph\">D\u00fcr\u00fcst olmak gerekirse, neden yapmaman\u0131z gerekti\u011fini anlam\u0131yoruz. \u0130skandinavya&#8217;n\u0131n m\u00fckemmel bir refah devleti oldu\u011fu inkar edilemez. B\u00f6lgede ya\u015fayan Danimarkal\u0131lar, Finliler, \u0130sve\u00e7liler ve Norve\u00e7liler buray\u0131 ya\u015famaya de\u011fer bir yer haline getirmek i\u00e7in durmaks\u0131z\u0131n \u00e7al\u0131\u015ft\u0131lar. D\u00fcnyan\u0131n geri kalan\u0131 y\u00fcksek vergileri ve sosyalist-demokratik bir modeli cayd\u0131r\u0131rken, \u0130skandinavlar tam tersini yap\u0131yor ve olduk\u00e7a ba\u015far\u0131l\u0131 oldular. <\/p>\n\n<p class=\"wp-block-paragraph\">Sonu\u00e7 olarak, \u0130skandinavya m\u00fckemmel bir ya\u015fam standard\u0131na sahip bir b\u00f6lgedir. \u00d6rne\u011fin Norve\u00e7, 189 \u00fclke aras\u0131nda en y\u00fcksek \u0130nsani Geli\u015fme Endeksi&#8217;ne sahiptir. Di\u011fer \u00fclkeler de \u00e7ok geride de\u011fil. Bu vahiy g\u00f6z \u00f6n\u00fcne al\u0131nd\u0131\u011f\u0131nda, evet, \u0130skandinavya&#8217;ya ta\u015f\u0131nmak ger\u00e7ekten lehinize olabilir. \u0130skandinavya&#8217;ya ta\u015f\u0131nman\u0131n nas\u0131l bir \u015fey olabilece\u011fi hakk\u0131nda daha fazla bilgi edinmek i\u00e7in okumaya devam edin!<\/p>\n\n<h2 class=\"wp-block-heading\">\u0130skandinav K\u00fclt\u00fcr\u00fc Nas\u0131ld\u0131r?<\/h2>\n\n<p class=\"wp-block-paragraph\">K\u00fclt\u00fcrel ko\u015fullar esas olarak yeni ortamlara ne kadar iyi uyum sa\u011flayabilece\u011finizi belirler. K\u00fclt\u00fcr, ta\u015f\u0131nmaya karar vermeden \u00f6nce dikkate al\u0131nmas\u0131 gereken b\u00fcy\u00fck bir fakt\u00f6rd\u00fcr. \u0130skandinav k\u00fclt\u00fcr\u00fcnde ya\u015famay\u0131 bu y\u00fczden seveceksiniz:<\/p>\n\n<h3 class=\"wp-block-heading\">\u0130\u015fbirli\u011fine De\u011fer Verir<\/h3>\n\n<p class=\"wp-block-paragraph\">\u0130skandinav ya\u015fam\u0131n\u0131n her alan\u0131nda kendini g\u00f6steren temel k\u00fclt\u00fcrel de\u011fer, ko\u015fulsuz i\u015fbirli\u011fidir. Kolektif \u00e7abaya ve katk\u0131ya inan\u0131rlar, bundan hi\u00e7bir \u015fey elde edemeseler bile. \u0130skandinavya&#8217;da hayat\u0131 herkes i\u00e7in daha iyi hale getirmek i\u00e7in \u00fczerinize d\u00fc\u015feni yapmaya \u00e7al\u0131\u015ft\u0131\u011f\u0131n\u0131zdan emin olmal\u0131s\u0131n\u0131z. Otob\u00fcste koltuk teklif etmekten, birinin ihtiyac\u0131 oldu\u011funda bor\u00e7 para vermeye kadar, i\u015fbirli\u011fi g\u00fcnl\u00fck \u0130skandinav ya\u015fam\u0131na entegre edilmi\u015ftir.<\/p>\n\n<figure class=\"wp-block-image size-large\"><img loading=\"lazy\" decoding=\"async\" width=\"1024\" height=\"683\" src=\"http:\/\/scandinavia.life\/wp-content\/uploads\/2020\/11\/antonio-janeski-CHVTt0aGbx0-unsplash-1024x683.jpg\" alt=\"\" class=\"wp-image-2885\" srcset=\"https:\/\/www.scandinavia.life\/wp-content\/uploads\/2020\/11\/antonio-janeski-CHVTt0aGbx0-unsplash-1024x683.jpg 1024w, https:\/\/www.scandinavia.life\/wp-content\/uploads\/2020\/11\/antonio-janeski-CHVTt0aGbx0-unsplash-300x200.jpg 300w, https:\/\/www.scandinavia.life\/wp-content\/uploads\/2020\/11\/antonio-janeski-CHVTt0aGbx0-unsplash-768x512.jpg 768w, https:\/\/www.scandinavia.life\/wp-content\/uploads\/2020\/11\/antonio-janeski-CHVTt0aGbx0-unsplash-1536x1024.jpg 1536w, https:\/\/www.scandinavia.life\/wp-content\/uploads\/2020\/11\/antonio-janeski-CHVTt0aGbx0-unsplash-2048x1365.jpg 2048w\" sizes=\"auto, (max-width: 1024px) 100vw, 1024px\" \/><\/figure>\n\n<h3 class=\"wp-block-heading\">E\u015fitlik\u00e7idir<\/h3>\n\n<p class=\"wp-block-paragraph\">\u0130skandinavya da herhangi bir ayr\u0131mc\u0131l\u0131\u011fa izin vermemesi anlam\u0131nda ilericidir. Her \u0130skandinav, tamamen \u00f6zerktir ve t\u00fcm ya\u015fam f\u0131rsatlar\u0131na ve tesislerine sahip olma hakk\u0131na sahiptir. Se\u00e7ici ayr\u0131cal\u0131klar d\u00fcnyan\u0131n ba\u015fka yerlerinde \u00fcz\u00fcc\u00fc bir ger\u00e7ek olabilir ama \u0130skandinavya&#8217;da durum ayn\u0131 de\u011fil. <\/p>\n\n<h3 class=\"wp-block-heading\">\u0130skandinavlar Pratiktir<\/h3>\n\n<p class=\"wp-block-paragraph\">\u0130skandinavlar y\u00fcksek bir \u0130GE&#8217;ye sahip olduklar\u0131ndan, tutarl\u0131 \u00e7aba ve geli\u015ftirme yoluyla bunu ayn\u0131 tutmaya kararl\u0131lar. Bu ama\u00e7, \u0130skandinav toplumunun m\u00fcmk\u00fcn oldu\u011funca pratik olmas\u0131n\u0131 gerektirir. Sa\u011fl\u0131k ya da sosyal meseleler ya da siyaset ya da e\u011fitim ya da hukuk ve d\u00fczen olsun, g\u00fcnl\u00fck hayatlar\u0131n\u0131 kesintiye u\u011fratabilecek herhangi bir ho\u015fg\u00f6r\u00fcye neredeyse hi\u00e7 tolerans g\u00f6stermezler. <\/p>\n\n<p class=\"wp-block-paragraph\">Bu, ele al\u0131nmas\u0131 gereken \u00e7ok \u015fey gibi gelebilir, ancak asl\u0131nda olduk\u00e7a organizeler. Y\u0131llarca s\u00fcren uygulama ve d\u00fcr\u00fcst davran\u0131\u015f, \u0130skandinavya halk\u0131n\u0131n her durumda h\u0131zl\u0131 pratikli\u011fi benimsemesine yol a\u00e7t\u0131.<\/p>\n\n<h3 class=\"wp-block-heading\">Kavga Etmezler <\/h3>\n\n<p class=\"wp-block-paragraph\">\u0130skandinavlar, zaman kaybetme konusunda ho\u015fg\u00f6r\u00fcs\u00fczl\u00fckleri nedeniyle bir sorun oldu\u011funda tart\u0131\u015fmaya girmezler. Daha \u00f6nce de belirtti\u011fimiz gibi, \u0130skandinavlar pratik olmayan ve y\u00fczeysel olan hi\u00e7bir \u015feyden ho\u015flanmazlar. Birbirleriyle aralar\u0131 iyi olmasa bile, duygular\u0131n\u0131 m\u00fcmk\u00fcn olan en sessiz \u015fekilde belli edeceklerdir. \u0130skandinavlar tart\u0131\u015farak enerjilerini bo\u015fa harcamak yerine, farkl\u0131l\u0131klar\u0131n\u0131 hemen ve en az kinle \u00e7\u00f6zmeye \u00e7al\u0131\u015f\u0131rlar. <\/p>\n\n<h2 class=\"wp-block-heading\">\u0130skandinavya G\u00fcvenli mi?<\/h2>\n\n<p class=\"wp-block-paragraph\">Bir sonraki b\u00fcy\u00fck soruya ge\u00e7elim: \u0130skandinav b\u00f6lgesinde ya\u015famak g\u00fcvenli mi?<\/p>\n\n<p class=\"wp-block-paragraph\">Su\u00e7 faaliyeti, nereye ta\u015f\u0131naca\u011f\u0131n\u0131za karar verirken dikkate alman\u0131z gereken \u00f6nemli bir noktad\u0131r. Neyse ki, \u0130skandinavlar d\u00fcnyadaki en g\u00fcvenli insanlardan baz\u0131lar\u0131. Bu \u00fclkeleri New York, Londra veya Paris&#8217;in b\u00fcy\u00fck, hareketli caddeleriyle kar\u015f\u0131la\u015ft\u0131r\u0131rsan\u0131z, \u0130skandinav b\u00f6lgesi ya\u015famak i\u00e7in neredeyse sorunsuz bir yer. Daha hafif bir notla, son derece s\u0131k\u0131c\u0131 bir su\u00e7 s\u0131n\u0131f\u0131na sahip olduklar\u0131n\u0131 s\u00f6yleyebilirsiniz!<\/p>\n\n<figure class=\"wp-block-image size-large\"><img loading=\"lazy\" decoding=\"async\" width=\"1024\" height=\"683\" src=\"http:\/\/scandinavia.life\/wp-content\/uploads\/2020\/11\/matthew-waring-MJAoiige14E-unsplash-1024x683.jpg\" alt=\"\" class=\"wp-image-2886\" srcset=\"https:\/\/www.scandinavia.life\/wp-content\/uploads\/2020\/11\/matthew-waring-MJAoiige14E-unsplash-1024x683.jpg 1024w, https:\/\/www.scandinavia.life\/wp-content\/uploads\/2020\/11\/matthew-waring-MJAoiige14E-unsplash-300x200.jpg 300w, https:\/\/www.scandinavia.life\/wp-content\/uploads\/2020\/11\/matthew-waring-MJAoiige14E-unsplash-768x512.jpg 768w, https:\/\/www.scandinavia.life\/wp-content\/uploads\/2020\/11\/matthew-waring-MJAoiige14E-unsplash-1536x1024.jpg 1536w, https:\/\/www.scandinavia.life\/wp-content\/uploads\/2020\/11\/matthew-waring-MJAoiige14E-unsplash-2048x1365.jpg 2048w\" sizes=\"auto, (max-width: 1024px) 100vw, 1024px\" \/><\/figure>\n\n<h2 class=\"wp-block-heading\">Kanun ve D\u00fczen Durumu <\/h2>\n\n<p class=\"wp-block-paragraph\">Di\u011fer her \u015fey gibi, su\u00e7 devriyesi de \u0130skandinavya sokaklar\u0131nda dakik ve kapsaml\u0131. Elbette ara s\u0131ra birka\u00e7 soygun, h\u0131rs\u0131zl\u0131k, cinayet ve hatta bombal\u0131 sald\u0131r\u0131 olabilir, ancak genel olarak, d\u00fcnyan\u0131n \u00e7o\u011funlu\u011fu gibi bir kabus de\u011fil.<\/p>\n\n<p class=\"wp-block-paragraph\"> \u0130skandinav kolluk kuvvetleri ve istihbarat te\u015fkilatlar\u0131, uyar\u0131lara ve yard\u0131m \u00e7a\u011fr\u0131lar\u0131na yan\u0131t verme konusunda uygundur. Su\u00e7lu bulunurlarsa, su\u00e7lular\u0131 tamamen sorumlu tutan iyi tan\u0131mlanm\u0131\u015f ve etkili bir ceza kanunu da vard\u0131r. <\/p>\n\n<h2 class=\"wp-block-heading\">\u0130nsanlar Sosyal Sorumludur<\/h2>\n\n<p class=\"wp-block-paragraph\">\u0130skandinavlar, \u00e7evrelerinin da\u011f\u0131n\u0131k olmas\u0131n\u0131 pek sevmezler. Etraflar\u0131nda olup bitenlere g\u00f6z kulak olurlar. \u00dclkede yeniyseniz, size sormadan bilecekler. Bir \u015fey sakl\u0131yorsan, onu kolayca y\u00fcz\u00fcne okurlar. Yard\u0131ma ihtiyac\u0131n\u0131z olursa, siz istemeseniz bile onlar sizin i\u00e7in orada olacaklar. <\/p>\n\n<p class=\"wp-block-paragraph\">\u0130skandinavlar, yaramazl\u0131k yapmamalar\u0131 anlam\u0131nda da sorumludur. Bisikletinizi, bebek araban\u0131z\u0131, hatta araban\u0131z\u0131 sokakta kilitli halde b\u0131rakabilirsiniz ama kimse onu almaya cesaret edemez. Bir dizi insan\u0131 b\u00f6yle k\u00fc\u00e7\u00fck, g\u00fcnl\u00fck su\u00e7lar i\u015flemekten al\u0131koyan genel bir g\u00fcvenlik fikridir.<\/p>\n\n<h2 class=\"wp-block-heading\">\u0130skandinavya&#8217;da Ya\u015fam Kalitesi Nedir?<\/h2>\n\n<p class=\"wp-block-paragraph\">\u0130skandinavlar\u0131n tuhaf gelenekleri var. Yenilebilir her \u015feyi meyan k\u00f6k\u00fc ile ba\u011flarlar. \u00c7ok miktarda alkol t\u00fcketirler. K\u0131\u015f aylar\u0131nda ekstra huysuzdurlar.<\/p>\n\n<p class=\"wp-block-paragraph\">Ama her ulusun tuhaf avantajlar\u0131 vard\u0131r, de\u011fil mi? Onlar\u0131 di\u011ferlerinden farkl\u0131 ve benzersiz k\u0131lan da budur. Kula\u011fa sa\u00e7ma gelse de, insanlar\u0131n birbirleriyle kolayca ba\u011flant\u0131 kurmas\u0131na yard\u0131mc\u0131 oluyorlar. O halde \u0130skandinavlar\u0131n tuhaf oldu\u011fu ger\u00e7ekten do\u011fru mu? Olabilir, ama onlar da kendi yollar\u0131nda m\u00fckemmeller. \u015eu ger\u00e7ekleri g\u00f6z \u00f6n\u00fcnde bulundurun:<\/p>\n\n<h2 class=\"wp-block-heading\">\u0130skandinav \u00fclkeleri d\u00fcnyan\u0131n en mutlu \u00fclkeleri<\/h2>\n\n<p class=\"wp-block-paragraph\">BM taraf\u0131ndan yay\u0131nlanan D\u00fcnya Mutluluk Raporlar\u0131na bakarsan\u0131z, bunlar\u0131n \u00e7o\u011funda \u0130skandinav \u00fclkelerinin genellikle en \u00fcst s\u0131rada yer ald\u0131\u011f\u0131n\u0131 fark edeceksiniz. Onlar sand\u0131\u011f\u0131m\u0131z kadar ciddi, kaba ve sert hayvanlar de\u011filler. Hi\u00e7bir \u015fekilde kavga etmezler veya birbirlerine sayg\u0131s\u0131zl\u0131k etmezler. \u0130nsan onuru bir de\u011fere sahiptir ve her ne pahas\u0131na olursa olsun korunur.<\/p>\n\n<figure class=\"wp-block-image size-large\"><img loading=\"lazy\" decoding=\"async\" width=\"1024\" height=\"768\" src=\"http:\/\/scandinavia.life\/wp-content\/uploads\/2020\/11\/denise-jones-jj4x2mlEYQ0-unsplash-1024x768.jpg\" alt=\"\" class=\"wp-image-2887\" srcset=\"https:\/\/www.scandinavia.life\/wp-content\/uploads\/2020\/11\/denise-jones-jj4x2mlEYQ0-unsplash-1024x768.jpg 1024w, https:\/\/www.scandinavia.life\/wp-content\/uploads\/2020\/11\/denise-jones-jj4x2mlEYQ0-unsplash-300x225.jpg 300w, https:\/\/www.scandinavia.life\/wp-content\/uploads\/2020\/11\/denise-jones-jj4x2mlEYQ0-unsplash-768x576.jpg 768w, https:\/\/www.scandinavia.life\/wp-content\/uploads\/2020\/11\/denise-jones-jj4x2mlEYQ0-unsplash-1536x1152.jpg 1536w, https:\/\/www.scandinavia.life\/wp-content\/uploads\/2020\/11\/denise-jones-jj4x2mlEYQ0-unsplash-2048x1536.jpg 2048w, https:\/\/www.scandinavia.life\/wp-content\/uploads\/2020\/11\/denise-jones-jj4x2mlEYQ0-unsplash-160x120.jpg 160w\" sizes=\"auto, (max-width: 1024px) 100vw, 1024px\" \/><\/figure>\n\n<p class=\"wp-block-paragraph\">Bu ki\u015filer ayn\u0131 zamanda t\u00fcm insanlar i\u00e7in hayat\u0131n gerekliliklerinin kolayla\u015ft\u0131r\u0131lmas\u0131n\u0131 sa\u011flarlar. Zengin, fakir, az\u0131nl\u0131klar, etnik k\u00f6kenler, fiziksel veya zihinsel engelli insanlar, ya\u015fam \u015fanslar\u0131n\u0131 ke\u015ffetme konusunda e\u015fit haklara sahiptir. T\u00fcm bu de\u011ferler, \u0130skandinavlar\u0131 d\u00fcnyan\u0131n en mutlu insanlar\u0131ndan biri haline getirmeye katk\u0131da bulundu. Endi\u015feleri ve stresleri var ama ayn\u0131 zamanda t\u00fcm zorluklar\u0131n \u00fcstesinden gelme yollar\u0131n\u0131 da biliyorlar.<\/p>\n\n<h2 class=\"wp-block-heading\">Olduk\u00e7a Rahat Bir \u00c7al\u0131\u015fma Programlar\u0131 Var<\/h2>\n\n<p class=\"wp-block-paragraph\">\u0130skandinavlar i\u015fkolik de\u011filler. 9-5 s\u00fcreleri bitti\u011finde, ofis y\u00fcklerini do\u011frudan evlerine ta\u015f\u0131malar\u0131n\u0131 ve sabah\u0131n \u00fc\u00e7\u00fcne kadar yazmalar\u0131n\u0131 beklemeye cesaret edemezsiniz. Bunun yerine, s\u0131k s\u0131k izin verirler ve i\u015f i\u00e7in daha az hafta i\u00e7i g\u00fcnleri vard\u0131r. <\/p>\n\n<p class=\"wp-block-paragraph\">Arkada\u015flarla \u00f6\u011fle yeme\u011fi yemek i\u00e7in her zaman Cuma g\u00fcnlerini beklemek zorunda de\u011filsiniz. Al\u0131\u015fveri\u015fe gitmek i\u00e7in cumartesileri veya t\u00fcm evi derinlemesine temizlemek i\u00e7in pazarlar\u0131 beklemek zorunda de\u011filsiniz. \u0130skandinavya&#8217;da yayg\u0131n olan i\u015f-ya\u015fam dengesi, vatanda\u015flar\u0131n genel olarak sa\u011fl\u0131kl\u0131 bir ya\u015fam tarz\u0131 ya\u015famalar\u0131n\u0131 m\u00fcmk\u00fcn k\u0131l\u0131yor. <\/p>\n\n<p class=\"wp-block-paragraph\">Bu denge, i\u015fg\u00fcc\u00fcnde y\u00fcksek \u00fcretkenlik seviyelerinin korunmas\u0131 i\u00e7in de hayati \u00f6nem ta\u015f\u0131maktad\u0131r. Beyinleri ne kadar rahatsa, eldeki g\u00f6revlere o kadar iyi odaklanabilirler. <\/p>\n\n<h2 class=\"wp-block-heading\">\u0130skandinavya&#8217;da E\u011fitim Olanaklar\u0131<\/h2>\n\n<p class=\"wp-block-paragraph\">Bir ex-pat olarak, kendinizi yersiz bulmayacaks\u0131n\u0131z. \u0130skandinav e\u011fitim sistemi, \u00f6\u011frencilere becerilerini geli\u015ftirme ve kariyerlerini geli\u015ftirme konusunda m\u00fckemmel bir \u015fans sunar. Mesleki e\u011fitim, m\u00fchendislik, t\u0131bbi uygulama, muhasebe, bankac\u0131l\u0131k, hukuk, mimarl\u0131k, tasar\u0131m vb. \u0130skandinav b\u00f6lgesinde ya\u015farken okuyabilece\u011finiz \u00e7ok \u00e7e\u015fitli disiplinlerden baz\u0131lar\u0131d\u0131r. <\/p>\n\n<h2 class=\"wp-block-heading\">Finans Destek Sistemi<\/h2>\n\n<p class=\"wp-block-paragraph\">\u0130skandinav \u00fclkeleri, t\u00fcm d\u00fcnyadaki en y\u00fcksek vergi oranlar\u0131ndan baz\u0131lar\u0131na sahiptir. \u0130kamet, ula\u015f\u0131m, gelir ve sat\u0131\u015f vergileri b\u00fct\u00e7enizden b\u00fcy\u00fck bir pay al\u0131r. Ekonomik a\u00e7\u0131dan, \u0130skandinav halk\u0131, d\u00fcnyan\u0131n geri kalan\u0131na hakim olan kat\u0131ks\u0131z kapitalist modele k\u0131yasla daha sosyalist bir model izliyor. <\/p>\n\n<p class=\"wp-block-paragraph\">Ancak \u00f6dedi\u011finiz verginin bir kar\u015f\u0131l\u0131\u011f\u0131 var. <a href=\"http:\/\/scandinavia.life\/tr\/isvec-saglik-sistemi\/\">\u0130skandinavya&#8217;da sa\u011fl\u0131k hizmetleri<\/a> b\u00fcy\u00fck \u00f6l\u00e7\u00fcde kamu fonlar\u0131na ba\u011fl\u0131d\u0131r. \u0130\u015fsizlik geliri de kamu vergileriyle finanse edilmektedir. Ayn\u0131 \u015fey e\u011fitim, altyap\u0131 ve sosyal refahla ilgili di\u011fer alanlar i\u00e7in de ge\u00e7erlidir. <\/p>\n\n<p class=\"wp-block-paragraph\">Baz\u0131 insanlar bu sisteme \u015f\u00fcpheyle yakla\u015f\u0131yor ve bir dereceye kadar adaletsiz oldu\u011funu d\u00fc\u015f\u00fcn\u00fcyor. Bununla birlikte, \u0130skandinav \u00fclkeleri d\u00fcnyan\u0131n \u00e7o\u011funlu\u011fundan \u00e7ok daha iyi ya\u015fam standartlar\u0131na sahiptir. D\u00fcnya kapitalizmle y\u00fcr\u00fcyebiliyorsa, biraz sosyalizm serpmekte ger\u00e7ekten bir zarar yok, de\u011fil mi? <\/p>\n\n<h2 class=\"wp-block-heading\">\u0130skandinavya&#8217;n\u0131n Ya\u015fam Beklentisi Y\u00fcksek<\/h2>\n\n<p class=\"wp-block-paragraph\">Ba\u015far\u0131l\u0131 teknolojik ilerlemenin bir ba\u015fka \u00f6rne\u011fi, \u0130skandinavya&#8217;n\u0131n n\u00fcfus y\u00f6netiminin ileri bir a\u015famas\u0131nda olmas\u0131d\u0131r. \u0130skandinav halk\u0131 ortalama 89 y\u0131la kadar ya\u015f\u0131yor. Bu da m\u00fckemmel sa\u011fl\u0131k ve hijyen i\u00e7inde. <\/p>\n\n<figure class=\"wp-block-image size-large\"><img loading=\"lazy\" decoding=\"async\" width=\"1024\" height=\"683\" src=\"http:\/\/scandinavia.life\/wp-content\/uploads\/2020\/11\/ravi-patel-VMGAbeeJTKo-unsplash-1024x683.jpg\" alt=\"\" class=\"wp-image-2888\" srcset=\"https:\/\/www.scandinavia.life\/wp-content\/uploads\/2020\/11\/ravi-patel-VMGAbeeJTKo-unsplash-1024x683.jpg 1024w, https:\/\/www.scandinavia.life\/wp-content\/uploads\/2020\/11\/ravi-patel-VMGAbeeJTKo-unsplash-300x200.jpg 300w, https:\/\/www.scandinavia.life\/wp-content\/uploads\/2020\/11\/ravi-patel-VMGAbeeJTKo-unsplash-768x512.jpg 768w, https:\/\/www.scandinavia.life\/wp-content\/uploads\/2020\/11\/ravi-patel-VMGAbeeJTKo-unsplash-1536x1024.jpg 1536w, https:\/\/www.scandinavia.life\/wp-content\/uploads\/2020\/11\/ravi-patel-VMGAbeeJTKo-unsplash-2048x1365.jpg 2048w\" sizes=\"auto, (max-width: 1024px) 100vw, 1024px\" \/><\/figure>\n\n<p class=\"wp-block-paragraph\">Ya\u015fl\u0131 vatanda\u015flar bol oldu\u011fu i\u00e7in, sa\u011fl\u0131k b\u00fct\u00e7elerinin b\u00fcy\u00fck bir y\u00fczdesi onlar\u0131n refah\u0131na gidiyor. Ya\u015fl\u0131l\u0131k evleri arazi genelinde yayg\u0131nd\u0131r ve sakinlerine hayatlar\u0131n\u0131n son g\u00fcnlerinde huzurlu bir ev sunar. \u0130skandinavya&#8217;ya yerle\u015fmeyi planl\u0131yorsan\u0131z, emekli olduktan sonra ne yapaca\u011f\u0131n\u0131z konusunda kendinizi yorman\u0131za gerek yok. <\/p>\n\n<h2 class=\"wp-block-heading\">\u00c7\u00f6z\u00fcm<\/h2>\n\n<p class=\"wp-block-paragraph\">\u0130skandinavya, bar\u0131\u015f\u00e7\u0131l toplum imaj\u0131n\u0131za uyuyorsa, g\u00f6\u00e7 i\u00e7in de ba\u015fvurabilirsiniz. Y\u00fcksek okuryazarl\u0131k oran\u0131, ekonomisi ve toplumsal de\u011ferleri nedeniyle b\u00f6lge ba\u015fl\u0131 ba\u015f\u0131na ba\u015far\u0131l\u0131 bir sosyalist demokrasi modelidir. \u0130nsanlar i\u015fbirlik\u00e7i ve misafirperver, h\u00fck\u00fcmetler adil davran\u0131yor ve hayatta m\u00fckemmelle\u015fmek i\u00e7in t\u00fcm \u015fans\u0131n\u0131z\u0131 elde edeceksiniz.<\/p>\n\n<h2 class=\"wp-block-heading\">Referanslar<\/h2>\n\n<p class=\"wp-block-paragraph\"><a href=\"https:\/\/www.google.com\/amp\/s\/api.nationalgeographic.com\/distribution\/public\/amp\/news\/2015\/2\/150225-scandinavia-finland-norway-sweden-denmark-culture-ngbooktalk\">https:\/\/www.google.com\/amp\/s\/api.nationalgeographic.com\/distribution\/public\/amp\/news\/2015\/2\/150225-scandinavia-finland-norway-sweden-denmark-culture-ngbooktalk<\/a><\/p>\n\n<p class=\"wp-block-paragraph\"><a href=\"https:\/\/www.google.com\/amp\/s\/theculturetrip.com\/europe\/norway\/articles\/11-things-only-a-scandinavian-would-do\/%3famp=1\">https:\/\/www.google.com\/amp\/s\/theculturetrip.com\/europe\/norway\/articles\/11-things-only-a-scandinavian-would-do\/%3famp=1<\/a><\/p>\n\n<p class=\"wp-block-paragraph\"><a href=\"https:\/\/www.google.com\/amp\/s\/www.forbes.com\/sites\/davidnikel\/2019\/11\/18\/nordic-countries-are-the-worlds-safest-new-report-reveals\/amp\/\">https:\/\/www.google.com\/amp\/s\/www.forbes.com\/sites\/davidnikel\/2019\/11\/18\/nordic-countries-are-the-worlds-safest-new-report-reveals\/amp\/<\/a><\/p>\n","protected":false},"excerpt":{"rendered":"<p>G\u00f6r\u00fcn\u00fc\u015fte \u0130skandinavya, g\u00f6\u00e7 etmeye de\u011fer bir b\u00f6lge hakk\u0131ndaki tipik fikirlerimizle uyu\u015fmuyor. Her zaman k\u00fcresel man\u015fetlere \u00e7\u0131km\u0131yor, k\u00fc\u00e7\u00fck bir n\u00fcfusu var ve a\u00e7\u0131k\u00e7as\u0131 \u00e7o\u011fumuz yer hakk\u0131nda ger\u00e7ekten fazla bir \u015fey bilmiyoruz. G\u00f6\u00e7\u00fc d\u00fc\u015f\u00fcnd\u00fc\u011f\u00fcm\u00fczde, \u00e7o\u011fu insan otomatik olarak Amerika Birle\u015fik Devletleri&#8217;ne ve onun Amerikan R\u00fcyas\u0131 vaadine y\u00f6neliyor. Bu soruyu soruyor, ger\u00e7ekten \u0130skandinavya&#8217;ya ta\u015f\u0131nmal\u0131 m\u0131s\u0131n\u0131z? D\u00fcr\u00fcst olmak gerekirse,<\/p>\n","protected":false},"author":1,"featured_media":64095,"comment_status":"closed","ping_status":"closed","sticky":false,"template":"","format":"standard","meta":{"footnotes":""},"categories":[34263,31430,33617,33704,34084,33447,33934,31355,31516,33972],"tags":[34473,33620],"class_list":["post-69645","post","type-post","status-publish","format-standard","has-post-thumbnail","hentry","category-ders-calisiyor","category-esin","category-hareketli","category-is","category-iskandinav","category-saglik","category-sosyal-guvenlik","category-uncategorized-tr","category-yasamak","category-yolculuk","tag-iskandinavyada-yasam","tag-yasam-kalitesi"],"_links":{"self":[{"href":"https:\/\/www.scandinavia.life\/tr\/wp-json\/wp\/v2\/posts\/69645","targetHints":{"allow":["GET"]}}],"collection":[{"href":"https:\/\/www.scandinavia.life\/tr\/wp-json\/wp\/v2\/posts"}],"about":[{"href":"https:\/\/www.scandinavia.life\/tr\/wp-json\/wp\/v2\/types\/post"}],"author":[{"embeddable":true,"href":"https:\/\/www.scandinavia.life\/tr\/wp-json\/wp\/v2\/users\/1"}],"replies":[{"embeddable":true,"href":"https:\/\/www.scandinavia.life\/tr\/wp-json\/wp\/v2\/comments?post=69645"}],"version-history":[{"count":0,"href":"https:\/\/www.scandinavia.life\/tr\/wp-json\/wp\/v2\/posts\/69645\/revisions"}],"wp:featuredmedia":[{"embeddable":true,"href":"https:\/\/www.scandinavia.life\/tr\/wp-json\/wp\/v2\/media\/64095"}],"wp:attachment":[{"href":"https:\/\/www.scandinavia.life\/tr\/wp-json\/wp\/v2\/media?parent=69645"}],"wp:term":[{"taxonomy":"category","embeddable":true,"href":"https:\/\/www.scandinavia.life\/tr\/wp-json\/wp\/v2\/categories?post=69645"},{"taxonomy":"post_tag","embeddable":true,"href":"https:\/\/www.scandinavia.life\/tr\/wp-json\/wp\/v2\/tags?post=69645"}],"curies":[{"name":"wp","href":"https:\/\/api.w.org\/{rel}","templated":true}]}}