{"id":95969,"date":"2021-09-20T12:00:45","date_gmt":"2021-09-20T12:00:45","guid":{"rendered":"http:\/\/scandinavia.life\/iskandinav-savas-tanrisi\/"},"modified":"2025-07-01T16:52:51","modified_gmt":"2025-07-01T16:52:51","slug":"iskandinav-savas-tanrisi","status":"publish","type":"post","link":"https:\/\/www.scandinavia.life\/tr\/iskandinav-savas-tanrisi\/","title":{"rendered":"\u0130skandinav Sava\u015f Tanr\u0131s\u0131"},"content":{"rendered":"\n<p class=\"wp-block-paragraph\">\u0130skandinav sava\u015f tanr\u0131s\u0131, zengin \u0130skandinav mitolojisinin bir par\u00e7as\u0131d\u0131r. \u0130skandinav <a href=\"http:\/\/scandinavia.life\/tr\/norvece-kucuk-bir-giris\/\">mitolojisinde <\/a>, \u0130skandinav b\u00f6lgesi efsanelerindeki yeri olduk\u00e7a sayg\u0131n olan on iki kadar \u00f6nemli Tanr\u0131 vard\u0131r. Sava\u015f Tanr\u0131s\u0131 Tyr&#8217;in yan\u0131 s\u0131ra di\u011fer on bir \u0130skandinav Tanr\u0131s\u0131 aras\u0131nda Odin, Thor, Balder, Vidar, Vale, Brage, Heimdall, Njord, Froy, Ull, Forseti ve Frigg bulunmaktad\u0131r.  &nbsp;<\/p>\n\n\n\n<h2 class=\"wp-block-heading\">\u0130skandinav Tanr\u0131lar\u0131 nedir?<\/h2>\n\n\n\n<p class=\"wp-block-paragraph\">\u0130skandinav Tanr\u0131lar\u0131n\u0131 daha iyi anlamak i\u00e7in, mitolojideki yerlerini nas\u0131l kazand\u0131klar\u0131na dair k\u00fc\u00e7\u00fck bir tarih\u00e7e daha iyi bir ba\u015flang\u0131\u00e7 noktas\u0131d\u0131r. Tanr\u0131lar\u0131n izi MS 9. y\u00fczy\u0131la kadar Kuzey Cermen kabilelerine kadar s\u00fcr\u00fclebilir.<\/p>\n\n\n\n<p class=\"wp-block-paragraph\">\u0130skandinav Tanr\u0131lar\u0131 hakk\u0131ndaki hikayeler, 11. y\u00fczy\u0131l ile 18. y\u00fczy\u0131l aras\u0131nda yaz\u0131ya d\u00f6k\u00fclene kadar \u015fiir formunda nesiller boyunca pop\u00fclerlik kazanm\u0131\u015ft\u0131r. \u0130skandinav mitolojisi, \u0130skandinavya halk\u0131n\u0131n mitlerini ve H\u0131ristiyanl\u0131k \u00f6ncesi inan\u00e7lar\u0131n\u0131 i\u00e7erir.<\/p>\n\n\n\n<h2 class=\"wp-block-heading\">\u0130skandinav Mitolojisi<\/h2>\n\n\n\n<p class=\"wp-block-paragraph\">\u0130skandinavya&#8217;n\u0131n <a href=\"http:\/\/scandinavia.life\/tr\/unlu-vikingler\/\">Viking \u00e7a\u011f\u0131<\/a> boyunca s\u00fcrd\u00fcr\u00fclen mitolojik \u00e7er\u00e7evesidir. \u0130skandinav mitolojisi, paganizm d\u00f6neminden \u00f6nce ve sonra \u00e7e\u015fitli kaynaklardan gelen farkl\u0131 kahramanlar\u0131n, varl\u0131klar\u0131n ve tanr\u0131lar\u0131n hikayelerini i\u00e7erir. Ayr\u0131ca, her t\u00fcrl\u00fc mitolojik varl\u0131\u011f\u0131 ve \u00e7e\u015fitli d\u00fcnyalar\u0131 i\u00e7erir.<\/p>\n\n\n\n<h2 class=\"wp-block-heading\">\u0130skandinav Tanr\u0131lar\u0131n\u0131n Ana Kaynaklar\u0131<\/h2>\n\n\n\n<p class=\"wp-block-paragraph\">\u0130nan\u00e7lar\u0131n ve mitlerin net ve ayr\u0131nt\u0131l\u0131 bir resmini elde etmek i\u00e7in tarihin katmanlar\u0131n\u0131n geriye do\u011fru soyulmas\u0131 gerekmektedir. Bu nedenle, \u0130skandinav tanr\u0131lar\u0131 s\u00f6z konusu oldu\u011funda, onlar hakk\u0131nda \u00e7ok az bilgi vard\u0131r \u00e7\u00fcnk\u00fc bilgiler yaz\u0131ya ge\u00e7 d\u00f6k\u00fclm\u00fc\u015ft\u00fcr. \u0130skandinav mitolojisi esas olarak Eski \u0130skandinav leh\u00e7elerinde yer almaktad\u0131r.  <a href=\"https:\/\/oldnorse.org\">oldnorse.org<\/a> adresinde Eski Nors\u00e7a hakk\u0131nda daha fazla bilgi edinin 1150&#8217;den 1350&#8217;ye kadar kullan\u0131lan klasik bir Kuzey Cermen diliydi.  <\/p>\n\n\n\n<figure class=\"wp-block-gallery columns-1 is-cropped wp-block-gallery-1 is-layout-flex wp-block-gallery-is-layout-flex\"><ul class=\"blocks-gallery-grid\"><li class=\"blocks-gallery-item\"><figure><img loading=\"lazy\" decoding=\"async\" width=\"895\" height=\"1024\" src=\"https:\/\/scandinavia.life\/wp-content\/uploads\/2021\/09\/norse-895x1024.png\" alt=\"\" data-id=\"19408\" data-full-url=\"http:\/\/scandinavia.life\/wp-content\/uploads\/2021\/09\/norse.png\" data-link=\"http:\/\/scandinavia.life\/?attachment_id=19408#main\" class=\"wp-image-19408\" srcset=\"https:\/\/www.scandinavia.life\/wp-content\/uploads\/2021\/09\/norse-895x1024.png 895w, https:\/\/www.scandinavia.life\/wp-content\/uploads\/2021\/09\/norse-262x300.png 262w, https:\/\/www.scandinavia.life\/wp-content\/uploads\/2021\/09\/norse-768x878.png 768w, https:\/\/www.scandinavia.life\/wp-content\/uploads\/2021\/09\/norse.png 1119w\" sizes=\"auto, (max-width: 895px) 100vw, 895px\" \/><\/figure><\/li><\/ul><\/figure>\n\n\n\n<h2 class=\"wp-block-heading\">Ana \u0130skandinav Sava\u015f Tanr\u0131s\u0131<\/h2>\n\n\n\n<p class=\"wp-block-paragraph\">\u0130skandinav tanr\u0131lar\u0131 esas olarak Vanir ve \u00c6sir olmak \u00fczere iki klana aitti. \u00c6sir&#8217;in temsilcileri Tyr, Heimdall, Hod, Balder, Odin, Thor ve Loki&#8217;dir ve \u00f6nde gelen tanr\u0131lar olarak kabul edilirler. \u0130kinci klana gelince, kayda de\u011fer \u00fcyeler Freyja, Freyr ve Njord&#8217;dur. Aralar\u0131ndaki anla\u015fmazl\u0131\u011fa ra\u011fmen, iki aile ideallerini ve g\u00fc\u00e7lerini birle\u015ftirerek ba\u015far\u0131l\u0131 oldular.<\/p>\n\n\n\n<h3 class=\"wp-block-heading\">Tyr; sava\u015f tanr\u0131s\u0131<\/h3>\n\n\n\n<p class=\"wp-block-paragraph\">Tyr en cesur sava\u015f\u00e7\u0131 ve \u0130skandinav sava\u015f tanr\u0131s\u0131yd\u0131. Ayr\u0131ca, Aesir kabilesinin bir \u00fcyesiydi ve adalet ve d\u00fczeni savunuyordu. Kan d\u00f6k\u00fclmesini ve sava\u015f\u0131 temsil etmesine ra\u011fmen, insanlara d\u00fczen ve adalet getirdi\u011fi biliniyordu. \u00c7eli\u015fkili bir do\u011fas\u0131 vard\u0131, bu da insanlar\u0131n onun hakk\u0131nda bilgi sahibi olmamas\u0131ndan ya da daha do\u011frusu onunla ilgili net ve derinlemesine bilgi sahibi olmamas\u0131ndan kaynaklan\u0131yordu.<\/p>\n\n\n\n<p class=\"wp-block-paragraph\">Tyr, canavar taz\u0131 olarak da bilinen Fenrir ile g\u00fcre\u015fmesiyle \u00fcnl\u00fcd\u00fcr ve bu s\u00fcre\u00e7te kolunu kaybetmi\u015ftir. Bir <a href=\"https:\/\/www.google.com\/url?sa=t&amp;rct=j&amp;q=&amp;esrc=s&amp;source=web&amp;cd=&amp;cad=rja&amp;uact=8&amp;ved=2ahUKEwji0OK6uv7yAhWwQEEAHViYA4kQFnoECB8QAQ&amp;url=https%3A%2F%2Fwww.britannica.com%2Ftopic%2FThor-Germanic-deity&amp;usg=AOvVaw2hBZ3HUMVCXXgEHj6KsCoS\">Cermen tanr\u0131s\u0131<\/a> k\u00f6keni de Ortak \u00c7a\u011f&#8217;\u0131n ilk y\u00fczy\u0131llar\u0131ndaki \u0130skandinav mitolojisiyle ba\u011flant\u0131l\u0131d\u0131r. Germen dininde g\u00fc\u00e7l\u00fc ve \u00fcnl\u00fc bir fig\u00fcr olmas\u0131na ra\u011fmen \u00f6nemi azalm\u0131\u015ft\u0131r. Ayr\u0131ca, &#8220;T&#8221; harfini kullanmas\u0131 ve Sal\u0131 g\u00fcn\u00fcn\u00fcn Tyr&#8217;s day anlam\u0131na gelmesi nedeniyle \u00fcnlenmi\u015ftir.<\/p>\n\n\n\n<p class=\"wp-block-paragraph\">Cermenler i\u00e7in Tyr&#8217;in en eski tanr\u0131lardan biri ve ayn\u0131 zamanda esrarengiz bir fig\u00fcr oldu\u011funa inan\u0131l\u0131r. O, ba\u015fta antla\u015fmalar olmak \u00fczere sava\u015f formaliteleriyle ilgilenen ve adaletten sorumlu olan tanr\u0131d\u0131r. Yeminlerin koruyucusu ve s\u00f6zle\u015fmelerin garant\u00f6r\u00fc olarak, onunla ilgili \u00fcnl\u00fc efsane, bir tuzak tasarlarken ve kurt i\u00e7in bir spor gibi davran\u0131rken ellerini canavar kurt Fenrir&#8217;in elleri aras\u0131na yerle\u015ftirmesiydi.<\/p>\n\n\n\n<h3 class=\"wp-block-heading\">\u0130skandinav Sava\u015f Tanr\u0131s\u0131 Tyr&#8217;in anlam\u0131 ve k\u00f6keni<\/h3>\n\n\n\n<p class=\"wp-block-paragraph\">Tyr&#8217;in ad\u0131 &#8220;tanr\u0131&#8221; anlam\u0131na gelir ve Proto Hint Avrupa kelimesi olan &#8220;dyeus &#8220;tan t\u00fcretilmi\u015ftir. Bu kelime \u00e7o\u011funlukla en g\u00fc\u00e7l\u00fc tanr\u0131lar i\u00e7in kullan\u0131l\u0131rd\u0131 ve bu da Tyr&#8217;\u0131n b\u00f6yle bir konumda olabilece\u011fi anlam\u0131na geliyor. Ne yaz\u0131k ki, ilk Nors\u00e7a kaydedilirken Tyr&#8217;\u0131n \u00f6nemi azalm\u0131\u015ft\u0131r.<\/p>\n\n\n\n<p class=\"wp-block-paragraph\">Cesur bir sava\u015f\u00e7\u0131 olmas\u0131n\u0131n yan\u0131 s\u0131ra, Tyr bir adalet savunucusu ve bilgelik kayna\u011f\u0131yd\u0131. Tyr&#8217;\u0131n ayr\u0131nt\u0131l\u0131 tan\u0131m\u0131 Prose Edda&#8217;n\u0131n Gylfaginning ba\u015fl\u0131\u011f\u0131 alt\u0131ndaki kitab\u0131ndan al\u0131nm\u0131\u015ft\u0131r. D\u00fczyaz\u0131 Edda onu cesur, y\u00fcrekli ve bir sava\u015fta kazanma konusunda \u00e7ok fazla yetkiye sahip biri olarak tan\u0131mlam\u0131\u015ft\u0131r. O da di\u011fer insanlar\u0131 ge\u00e7ti ve en bilge adamd\u0131r ve ona Tyr sa\u011fduyulu da denir. Onunla ilgili en iyi bilinen \u00f6zellik kay\u0131p elidir.<\/p>\n\n\n\n<figure class=\"wp-block-image size-full\"><img loading=\"lazy\" decoding=\"async\" width=\"754\" height=\"531\" src=\"https:\/\/scandinavia.life\/wp-content\/uploads\/2021\/09\/norse-1.png\" alt=\"\" class=\"wp-image-19425\" srcset=\"https:\/\/www.scandinavia.life\/wp-content\/uploads\/2021\/09\/norse-1.png 754w, https:\/\/www.scandinavia.life\/wp-content\/uploads\/2021\/09\/norse-1-300x211.png 300w\" sizes=\"auto, (max-width: 754px) 100vw, 754px\" \/><\/figure>\n\n\n\n<h3 class=\"wp-block-heading\">Tyr Ailesi<\/h3>\n\n\n\n<p class=\"wp-block-paragraph\">Tyr&#8217;\u0131n babas\u0131 bilinmiyor; bir dev olan Hymir&#8217;in ya da tanr\u0131lar\u0131n kral\u0131 Odin&#8217;in o\u011flu olabilir. Annesinden bahsedilmemesine ra\u011fmen, b\u00fcy\u00fckannesi yakla\u015f\u0131k dokuz y\u00fcz ba\u015fl\u0131 bir kad\u0131n olarak tan\u0131mlanmaktad\u0131r. Bunlara ra\u011fmen, \u00e7o\u011fu akademisyen Snorri Sturluson&#8217;un Sk\u00e1ldskaparm\u00e1l&#8217;daki diyalo\u011funun da kan\u0131tlad\u0131\u011f\u0131 gibi Odin&#8217;in Tyr&#8217;in ger\u00e7ek babas\u0131 oldu\u011funu savunmaktad\u0131r.<\/p>\n\n\n\n<h2 class=\"wp-block-heading\">Tyr mitolojisinin \u0130skandinavlar \u00fczerindeki etkisi<\/h2>\n\n\n\n<p class=\"wp-block-paragraph\">Tyr, \u0130skandinavlar ve modern erkekler i\u00e7in fedak\u00e2rl\u0131\u011f\u0131n \u00f6nemi konusunda bir ders verir. Tyr taraf\u0131ndan ger\u00e7ekle\u015ftirilen eylem bir cesaret \u00f6rne\u011fidir. \u00c7o\u011fu durumda, insanlar\u0131n yanl\u0131\u015f davran\u0131\u015flar\u0131 i\u00e7in, uyu\u015fturucu kullanmaktan cesaret almak ve \u00f6\u011fretmenleri azarlamak gibi bahaneleri vard\u0131r. A\u015fa\u011f\u0131da \u0130skandinavlar\u0131n sava\u015f tanr\u0131s\u0131 Tyr&#8217;den \u00f6\u011frenebilecekleri \u015feyler s\u0131ralanm\u0131\u015ft\u0131r:<\/p>\n\n\n\n<h3 class=\"wp-block-heading\">Cesaretini topla<\/h3>\n\n\n\n<p class=\"wp-block-paragraph\">Cesur insanlar neye benzer? \u0130skandinav mitolojisinde Tyr, dev kurt Fenrir&#8217;i beslemeye g\u00f6n\u00fcll\u00fc olan tek tanr\u0131 oldu\u011fu i\u00e7in cesaretin sembol\u00fc olarak kabul edilir. Ba\u015flang\u0131\u00e7ta, tanr\u0131lar Fenrir&#8217;i yeti\u015ftirme karar\u0131 ald\u0131klar\u0131nda, farkl\u0131 zorluklarla kar\u015f\u0131la\u015ft\u0131lar ve Fenrir&#8217;in onlar\u0131 yutmas\u0131ndan korktular. Bu nedenle kimse kurdu besleyemez ya da ona yakla\u015famazd\u0131, ancak Tyr bunu yapacak kadar cesurdu.<\/p>\n\n\n\n<figure class=\"wp-block-gallery columns-1 is-cropped wp-block-gallery-2 is-layout-flex wp-block-gallery-is-layout-flex\"><ul class=\"blocks-gallery-grid\"><li class=\"blocks-gallery-item\"><figure><img loading=\"lazy\" decoding=\"async\" width=\"793\" height=\"529\" src=\"https:\/\/scandinavia.life\/wp-content\/uploads\/2021\/09\/norse-2.png\" alt=\"\" data-id=\"19442\" data-full-url=\"https:\/\/scandinavia.life\/wp-content\/uploads\/2021\/09\/norse-2.png\" data-link=\"http:\/\/scandinavia.life\/?attachment_id=19442#main\" class=\"wp-image-19442\" srcset=\"https:\/\/www.scandinavia.life\/wp-content\/uploads\/2021\/09\/norse-2.png 793w, https:\/\/www.scandinavia.life\/wp-content\/uploads\/2021\/09\/norse-2-300x200.png 300w, https:\/\/www.scandinavia.life\/wp-content\/uploads\/2021\/09\/norse-2-768x512.png 768w\" sizes=\"auto, (max-width: 793px) 100vw, 793px\" \/><\/figure><\/li><\/ul><\/figure>\n\n\n\n<h3 class=\"wp-block-heading\">S\u00f6zlerinizi saklay\u0131n<\/h3>\n\n\n\n<p class=\"wp-block-paragraph\">Tyr&#8217;\u0131n eylemlerinden, \u0130skandinavlar onur ve adalet niteliklerini temsil etmek i\u00e7in s\u00f6zlerinin insanlar\u0131 olmay\u0131 \u00f6\u011frenebilirler. Tyr s\u00f6z\u00fcn\u00fcn eri bir adamd\u0131 \u00e7\u00fcnk\u00fc tanr\u0131lar kurdu b\u00fcy\u00fcl\u00fc zincirlerle ba\u011flamaya \u00e7al\u0131\u015ft\u0131klar\u0131nda kurt, tanr\u0131lar\u0131n kurdu kand\u0131rmamalar\u0131 i\u00e7in yemin etmeleri gerekti\u011fini iddia etti. Ellerini Fenrir&#8217;in a\u011fz\u0131na koymaya g\u00f6n\u00fcll\u00fc olan tek tanr\u0131 Tyr&#8217;d\u0131.<\/p>\n\n\n\n<p class=\"wp-block-paragraph\">Tyr daha \u00f6nce ellerini a\u011fz\u0131ndan \u00e7ekme \u015fans\u0131na sahip olmas\u0131na ra\u011fmen bunu yapmad\u0131. Bunun yerine, ellerinden birini kaybetmeyi kabul etti. Baz\u0131 \u015feyleri d\u00fczeltmek i\u00e7in bir kurban sundu ve bu bir yemin yerine ge\u00e7ti. Bu nedenle \u0130skandinavlar kendilerini geli\u015ftirmek i\u00e7in fedak\u00e2rl\u0131k yapman\u0131n \u00f6nemini \u00f6\u011frenebilirler.<\/p>\n","protected":false},"excerpt":{"rendered":"<p>\u0130skandinav sava\u015f tanr\u0131s\u0131, zengin \u0130skandinav mitolojisinin bir par\u00e7as\u0131d\u0131r. \u0130skandinav mitolojisinde , \u0130skandinav b\u00f6lgesi efsanelerindeki yeri olduk\u00e7a sayg\u0131n olan on iki kadar \u00f6nemli Tanr\u0131 vard\u0131r. Sava\u015f Tanr\u0131s\u0131 Tyr&#8217;in yan\u0131 s\u0131ra di\u011fer on bir \u0130skandinav Tanr\u0131s\u0131 aras\u0131nda Odin, Thor, Balder, Vidar, Vale, Brage, Heimdall, Njord, Froy, Ull, Forseti ve Frigg bulunmaktad\u0131r. &nbsp; \u0130skandinav Tanr\u0131lar\u0131 nedir? \u0130skandinav Tanr\u0131lar\u0131n\u0131<\/p>\n","protected":false},"author":1,"featured_media":66095,"comment_status":"closed","ping_status":"closed","sticky":false,"template":"","format":"standard","meta":{"footnotes":""},"categories":[40082],"tags":[31384,40116,40118,31385],"class_list":["post-95969","post","type-post","status-publish","format-standard","has-post-thumbnail","hentry","category-norsk-tr","tag-iskandinavya","tag-norsk-mitolojisi","tag-norsk-tanrilari","tag-vikingler"],"_links":{"self":[{"href":"https:\/\/www.scandinavia.life\/tr\/wp-json\/wp\/v2\/posts\/95969","targetHints":{"allow":["GET"]}}],"collection":[{"href":"https:\/\/www.scandinavia.life\/tr\/wp-json\/wp\/v2\/posts"}],"about":[{"href":"https:\/\/www.scandinavia.life\/tr\/wp-json\/wp\/v2\/types\/post"}],"author":[{"embeddable":true,"href":"https:\/\/www.scandinavia.life\/tr\/wp-json\/wp\/v2\/users\/1"}],"replies":[{"embeddable":true,"href":"https:\/\/www.scandinavia.life\/tr\/wp-json\/wp\/v2\/comments?post=95969"}],"version-history":[{"count":1,"href":"https:\/\/www.scandinavia.life\/tr\/wp-json\/wp\/v2\/posts\/95969\/revisions"}],"predecessor-version":[{"id":154194,"href":"https:\/\/www.scandinavia.life\/tr\/wp-json\/wp\/v2\/posts\/95969\/revisions\/154194"}],"wp:featuredmedia":[{"embeddable":true,"href":"https:\/\/www.scandinavia.life\/tr\/wp-json\/wp\/v2\/media\/66095"}],"wp:attachment":[{"href":"https:\/\/www.scandinavia.life\/tr\/wp-json\/wp\/v2\/media?parent=95969"}],"wp:term":[{"taxonomy":"category","embeddable":true,"href":"https:\/\/www.scandinavia.life\/tr\/wp-json\/wp\/v2\/categories?post=95969"},{"taxonomy":"post_tag","embeddable":true,"href":"https:\/\/www.scandinavia.life\/tr\/wp-json\/wp\/v2\/tags?post=95969"}],"curies":[{"name":"wp","href":"https:\/\/api.w.org\/{rel}","templated":true}]}}