{"id":96196,"date":"2022-09-08T12:07:12","date_gmt":"2022-09-08T12:07:12","guid":{"rendered":"http:\/\/scandinavia.life\/danimarka-isgucu-piyasasindan-ayrilan-bir-yabanci-olarak-emeklilik-yardimi-talebi-2\/"},"modified":"2024-03-10T20:15:39","modified_gmt":"2024-03-10T20:15:39","slug":"danimarka-isgucu-piyasasindan-ayrilan-bir-yabanci-olarak-emeklilik-yardimi-talebi-2","status":"publish","type":"post","link":"https:\/\/www.scandinavia.life\/tr\/danimarka-isgucu-piyasasindan-ayrilan-bir-yabanci-olarak-emeklilik-yardimi-talebi-2\/","title":{"rendered":"Danimarka \u0130\u015fg\u00fcc\u00fc Piyasas\u0131ndan Ayr\u0131lan Bir Yabanc\u0131 Olarak Emeklilik Yard\u0131m\u0131 Talebi"},"content":{"rendered":"\n<p class=\"wp-block-paragraph\">Her y\u0131l \u00e7ok say\u0131da profesyonel ve y\u00fcksek nitelikli \u00e7al\u0131\u015fan Danimarka i\u015fg\u00fcc\u00fc piyasas\u0131na kat\u0131lmaktad\u0131r. Danimarka&#8217;da \u00e7al\u0131\u015fanlar i\u00e7in adil korumalar, kariyer geli\u015fimi i\u00e7in alan, i\u015f g\u00fcvenli\u011fi, cazip maa\u015flar ve daha fazlas\u0131 dahil olmak \u00fczere b\u00fcy\u00fck f\u0131rsatlar, uluslararas\u0131 \u00e7al\u0131\u015fanlar\u0131 \u00fclkeye \u00e7eken bir\u00e7ok \u015fey aras\u0131nda say\u0131lmaktad\u0131r. Yine, <a href=\"http:\/\/scandinavia.life\/tr\/positive-listin-izniyle-danimarkada-gurbetci-profesyoneller-veya-vasifli-calisanlar-icin-is-firsatlari-2\/\">Danimarka&#8217;daki Pozitif listede listelenen \u00e7e\u015fitli i\u015flerin<\/a> varl\u0131\u011f\u0131, d\u00fcnyan\u0131n d\u00f6rt bir yan\u0131ndaki gurbet\u00e7ilerin e\u015fle\u015fen i\u015f f\u0131rsatlar\u0131na eri\u015fmesini m\u00fcmk\u00fcn k\u0131lmaktad\u0131r.  <\/p>\n\n<p class=\"wp-block-paragraph\">Gurbet\u00e7i i\u015f\u00e7iler Danimarka&#8217;da \u00e7al\u0131\u015fmak i\u00e7in s\u0131n\u0131rlar\u0131 ge\u00e7meye devam etseler bile, i\u015f\u00e7ilerin \u00e7o\u011fu i\u015ften ayr\u0131l\u0131rken yap\u0131lmas\u0131 gerekenler hakk\u0131nda d\u00fc\u015f\u00fcnm\u00fcyor. Koruyucu ve heyecan verici \u00e7al\u0131\u015fma ortam\u0131yla, her zaman sonsuza kadar \u00fclkede ya\u015fanaca\u011f\u0131 izlenimi vard\u0131r. Danimarka&#8217;da i\u015f\u00e7i olarak daha uzun s\u00fcre ya\u015famak ve hatta <a href=\"http:\/\/scandinavia.life\/tr\/danimarkada-gocmen-olarak-danimarka-vatandasligi-edinme\/\">Danimarka vatanda\u015fl\u0131\u011f\u0131 almak<\/a> bir olas\u0131l\u0131k olsa da, durumlar aksini gerektirebilir. Bir s\u00fcre \u00e7al\u0131\u015ft\u0131ktan sonra Danimarka&#8217;dan ayr\u0131ld\u0131\u011f\u0131n\u0131z bu t\u00fcr anlarda, size \u00f6denmesi gereken her \u015feyi d\u00fczg\u00fcn bir \u015fekilde i\u015flemeniz iyi olur. Dikkatle takip edilmesi gereken bu \u00f6nemli hususlardan biri de emeklilik tasarruflar\u0131d\u0131r.  <\/p>\n\n<p class=\"wp-block-paragraph\">Bilindi\u011fi \u00fczere, Danimarka&#8217;daki her i\u015fveren emeklilik kesintilerini se\u00e7ilen emeklilik fonu y\u00f6neticisine g\u00f6ndermekle y\u00fck\u00fcml\u00fcd\u00fcr ve \u00e7al\u0131\u015fan olarak siz de bu kesintilere belirtilen \u015fartlara g\u00f6re eri\u015febilirsiniz. Normalde, emeklilik kesintilerinin \u015fartlar\u0131 her zaman<a href=\"http:\/\/scandinavia.life\/tr\/danimarkada-calismak\/\"> Danimarka&#8217;da bir i\u015fe<\/a> girerken i\u015f s\u00f6zle\u015fmesinde belirtilir.  <\/p>\n\n<h2 class=\"wp-block-heading\">Danimarka&#8217;da gurbet\u00e7i olarak \u00e7al\u0131\u015fmak<\/h2>\n\n<p class=\"wp-block-paragraph\">Bir g\u00f6\u00e7men olarak Danimarka&#8217;da bir i\u015f f\u0131rsat\u0131 yakalamak kadar heyecan verici bir \u015fey yoktur. Demek istedi\u011fim \u015fu ki Danimarka e\u011fitim, ekonomik istikrar ve b\u00fcy\u00fcme a\u00e7\u0131s\u0131ndan harika bir \u00fclke. Danimarka&#8217;daki i\u015f\u00e7iler, i\u015fverenlerin verdi\u011fi dolgun maa\u015flar ve di\u011fer tamamlay\u0131c\u0131 faydalar g\u00f6z \u00f6n\u00fcne al\u0131nd\u0131\u011f\u0131nda mutlu bir topluluktur. K\u0131sacas\u0131, i\u015fverenlerin \u00e7al\u0131\u015fanlar\u0131 ortaklar\u0131 olarak g\u00f6rd\u00fc\u011f\u00fc ve en iyi ihtimalle \u00e7al\u0131\u015fma ortam\u0131n\u0131 insanile\u015ftirmeye \u00e7al\u0131\u015ft\u0131\u011f\u0131 bir yer varsa, o da Danimarka&#8217;d\u0131r.  <\/p>\n\n<p class=\"wp-block-paragraph\">Anl\u0131yorum, tamamen yeni bir \u015feye ba\u015flamak i\u00e7in farkl\u0131 bir \u00fclkeye ta\u015f\u0131nmak \u00e7ok karma\u015f\u0131k ve ayn\u0131 zamanda zor. \u00c7o\u011fu insan i\u00e7in bunun ne kadar zor olabilece\u011finin fark\u0131na varmak ger\u00e7ek bir ikilemdir ve bu nedenle <a href=\"http:\/\/scandinavia.life\/tr\/iskandinavyada-nasil-gocmen-olunur\/\">ta\u015f\u0131nmak i\u00e7in her zaman bir nedeniniz olmal\u0131d\u0131r<\/a>. \u00c7o\u011fu gurbet\u00e7i i\u00e7in her zaman i\u015f, tutku, macera ve Danimarka&#8217;daki bir i\u015fverenin sundu\u011fu istihdam avantajlar\u0131ndan yararlanmakt\u0131r.<\/p>\n\n<p class=\"wp-block-paragraph\">Danimarka&#8217;ya g\u00f6\u00e7men olarak geldiyseniz, bir plan\u0131n\u0131z veya ger\u00e7ekle\u015ftirmeyi d\u00f6rt g\u00f6zle bekledi\u011finiz baz\u0131 temel hedefleriniz vard\u0131r. Hedeflerinize ula\u015ft\u0131\u011f\u0131n\u0131zda, s\u00fcreniz doldu\u011funda ve g\u00f6revinizi tamamlad\u0131\u011f\u0131n\u0131zda, ayr\u0131l\u0131p evinize d\u00f6nmek isteyebilirsiniz. Bir\u00e7ok gurbet\u00e7i y\u00fcksek vas\u0131fl\u0131 profesyonellerdir ve b\u00fcy\u00fck olas\u0131l\u0131kla i\u015f i\u00e7in bir sonraki var\u0131\u015f noktalar\u0131na gideceklerdir. Peki, emeklilik paran\u0131z\u0131 nas\u0131l talep edersiniz?  <\/p>\n\n<h2 class=\"wp-block-heading\">Danimarka&#8217;da Emeklilik T\u00fcrleri  <\/h2>\n\n<p class=\"wp-block-paragraph\"><a href=\"https:\/\/english.ida.dk\/pension\">Danimarka<\/a> h\u00fck\u00fcmetinin <a href=\"https:\/\/english.ida.dk\/pension\">sundu\u011fu farkl\u0131 emeklilik planlar\u0131 vard\u0131r<\/a>. Ancak bu, \u00f6rne\u011fin istihdam ko\u015fullar\u0131n\u0131z gibi bir dizi fakt\u00f6re ba\u011fl\u0131d\u0131r. Ayr\u0131ca, bu t\u00fcr fakt\u00f6rler Danimarka&#8217;da \u00e7al\u0131\u015fmay\u0131 ve ya\u015famay\u0131 d\u00fc\u015f\u00fcnd\u00fc\u011f\u00fcn\u00fcz y\u0131l say\u0131s\u0131na da ba\u011fl\u0131 olabilir. Ayr\u0131ca, kamu sekt\u00f6r\u00fcnde mi yoksa \u00f6zel sekt\u00f6rde mi \u00e7al\u0131\u015ft\u0131\u011f\u0131n\u0131z da \u00f6nemlidir.  <\/p>\n\n<p class=\"wp-block-paragraph\">Genel olarak, Danimarka h\u00fck\u00fcmetinde a\u015fa\u011f\u0131daki emeklilik planlar\u0131 mevcuttur:<\/p>\n\n<ul class=\"wp-block-list\"><li>\u0130\u015fg\u00fcc\u00fc piyasas\u0131 emeklilik maa\u015f\u0131<\/li><li>Bireysel emeklilik<\/li><li>Devlet emeklilik maa\u015f\u0131<\/li><li>Yabanc\u0131 emeklilik<\/li><\/ul>\n\n<p class=\"wp-block-paragraph\">Dikkat edilmesi gereken bir kriter, Danimarka&#8217;da emeklilik plan\u0131n\u0131n benimsedi\u011fi ortak bir kural olmas\u0131d\u0131r. Devlet ve i\u0122g\u00fcc\u00fc piyasas\u0131 emeklilik planlar\u0131 zorunlu iken di\u011fer ikisi daha esnektir. Esneklikleri i\u015fvereninizle yak\u0131ndan ili\u015fkilidir. \u0130\u015fyerinizdeki maa\u015f paketinizin veya \u00f6zel emeklilik plan\u0131n\u0131z\u0131n bir par\u00e7as\u0131 olabilir.<\/p>\n\n<h2 class=\"wp-block-heading\">Gurbet\u00e7ilerin Danimarka Emekli Maa\u015f\u0131 Alma Hakk\u0131 Var m\u0131?<\/h2>\n\n<p class=\"wp-block-paragraph\">Danimarka&#8217;da ya\u015fad\u0131\u011f\u0131n\u0131zda ve \u00e7al\u0131\u015ft\u0131\u011f\u0131n\u0131zda, Danimarka emeklilik maa\u015f\u0131 alma hakk\u0131na sahip olman\u0131z genel bir kurald\u0131r. Udbetaling Danimarka&#8217;daki uluslararas\u0131 sosyal g\u00fcvenlik ofisi bu t\u00fcr sorunlarda size yard\u0131mc\u0131 olacakt\u0131r.  <\/p>\n\n<p class=\"wp-block-paragraph\">Genel olarak, bir g\u00f6\u00e7men olarak Danimarka&#8217;dan emeklilik paras\u0131 alma hakk\u0131n\u0131z Danimarka&#8217;da \u00e7al\u0131\u015ft\u0131\u011f\u0131n\u0131z y\u0131l say\u0131s\u0131na ba\u011fl\u0131d\u0131r. Baz\u0131 durumlarda, ya\u015fl\u0131l\u0131k ayl\u0131\u011f\u0131 veya maluliyet ayl\u0131\u011f\u0131 al\u0131p almad\u0131\u011f\u0131n\u0131za ba\u011fl\u0131 olacakt\u0131r. Bununla birlikte, \u00e7al\u0131\u015fma s\u00fcreniz boyunca 40 y\u0131l boyunca Danimarka&#8217;da ikamet ettiyseniz, tam emeklilik maa\u015f\u0131 almaya hak kazan\u0131rs\u0131n\u0131z. B\u00f6yle bir durum s\u00f6z konusu de\u011filse, genellikle &#8220;k\u0131smi&#8221; emeklilik maa\u015f\u0131 olarak adland\u0131r\u0131lan k\u0131smi bir emeklilik maa\u015f\u0131 alma hakk\u0131n\u0131z vard\u0131r. K\u0131smi emeklilik <a href=\"https:\/\/www.norden.org\/en\/info-norden\/danish-retirement-pension\">maa\u015f\u0131<\/a>, Danimarka&#8217;da g\u00f6\u00e7men olarak ya\u015fad\u0131\u011f\u0131n\u0131z ve \u00e7al\u0131\u015ft\u0131\u011f\u0131n\u0131z s\u00fcreye g\u00f6re hesaplan\u0131r.<\/p>\n\n<p class=\"wp-block-paragraph\">Ancak, Danimarka&#8217;da bulundu\u011funuz s\u0131rada ba\u015fka bir devletin sosyal g\u00fcvenlik sistemi kapsam\u0131nda kald\u0131\u011f\u0131n\u0131z di\u011fer s\u00fcreler hari\u00e7 tutulmaktad\u0131r. Danimarka&#8217;da bir y\u0131ldan daha az bir s\u00fcre ge\u00e7irdiyseniz, hi\u00e7bir \u015fekilde Danimarka emeklilik maa\u015f\u0131 almaya hakk\u0131n\u0131z yoktur.<\/p>\n\n<h2 class=\"wp-block-heading\">Ne Zaman Talep Edilmeli<\/h2>\n\n<p class=\"wp-block-paragraph\">Danimarka h\u00fck\u00fcmeti emeklilik maa\u015f\u0131n\u0131z\u0131 resmi emeklilik ya\u015f\u0131n\u0131zdan 1-3 y\u0131l \u00f6nce alman\u0131za izin verebilir. Ancak, bu sadece gerekli baz\u0131 ko\u015fullar\u0131 yerine getirmeniz halinde m\u00fcmk\u00fcn olabilir.  <\/p>\n\n<p class=\"wp-block-paragraph\">Danimarka&#8217;da kamusal ya\u015fl\u0131l\u0131k emeklilik maa\u015f\u0131n\u0131z\u0131 alman\u0131z ancak kamusal emeklilik ya\u015f\u0131n\u0131za ula\u015ft\u0131\u011f\u0131n\u0131zda m\u00fcmk\u00fcnd\u00fcr. Tabii ki, gerekli e\u015fi\u011fi kar\u015f\u0131l\u0131yorsan\u0131z bu da \u00e7ok m\u00fcmk\u00fcnd\u00fcr. Burada ya\u015f, do\u011fum tarihinize ba\u011fl\u0131 olacakt\u0131r.<\/p>\n\n<p class=\"wp-block-paragraph\">Danimarka&#8217;da ATP Ya\u015fam Boyu Emeklilik diye bir \u015fey var. <a href=\"https:\/\/ec.europa.eu\/social\/main.jsp?catId=1107&amp;intPageId=4494&amp;langId=en\">Danimarkal\u0131lar\u0131n \u00e7o\u011funlu\u011fu taraf\u0131ndan kamu ya\u015fl\u0131l\u0131k ayl\u0131\u011f\u0131na ek olarak al\u0131nan yasal<\/a> emeklilik maa\u015f\u0131n\u0131 ifade eder. ATP \u00d6m\u00fcr boyu emeklilik ayl\u0131\u011f\u0131n\u0131z\u0131, sizin i\u00e7in prim \u00f6dendi\u011finde ve kamu emeklilik ya\u015f\u0131na ula\u015ft\u0131\u011f\u0131n\u0131zda al\u0131rs\u0131n\u0131z.  <\/p>\n\n<p class=\"wp-block-paragraph\">E\u015finizin veya birlikte ya\u015fad\u0131\u011f\u0131n\u0131z partnerinizin \u00f6l\u00fcm\u00fc halinde, her ikiniz de ya\u015fl\u0131l\u0131k ayl\u0131\u011f\u0131 alma hakk\u0131na sahip olursunuz. Bu durumda, vefatlar\u0131ndan sonraki 3 ay boyunca ya\u015fl\u0131l\u0131k ayl\u0131\u011f\u0131 almaya hak kazan\u0131rs\u0131n\u0131z. Buna \u00f6l\u00fcm ayl\u0131\u011f\u0131 denmektedir, ancak baz\u0131 durumlarda \u00f6l\u00fcm yard\u0131m\u0131 olarak da adland\u0131r\u0131lmaktad\u0131r.<\/p>\n\n<h2 class=\"wp-block-heading\">Kar\u015f\u0131lanmas\u0131 Gereken Ko\u015fullar<\/h2>\n\n<p class=\"wp-block-paragraph\">\u0130stihdam faydalar\u0131 emeklilik plan\u0131n\u0131 veya sistemini i\u00e7erir. Danimarka emeklilik plan\u0131n\u0131n Danimarka&#8217;da \u00e7al\u0131\u015fan yabanc\u0131lar ve gurbet\u00e7iler i\u00e7in \u00e7ok karma\u015f\u0131k olabilece\u011fi bir ger\u00e7ektir. Gurbet\u00e7iler i\u00e7in Danimarka emeklilik plan\u0131na dahil olan bir dizi kural ve d\u00fczenleme vard\u0131r.  <\/p>\n\n<p class=\"wp-block-paragraph\"><a href=\"https:\/\/www.oresunddirekt.se\/en\/working-in-denmark\/pensions\/danish-old-age-pension-and-supplements\">Danimarka devlet emeklilik paran\u0131z\u0131 talep etmek i\u00e7in ortak \u015fart<\/a> AB\/AEA vatanda\u015f\u0131 olman\u0131zd\u0131r. Bu da, \u00f6zel bir durum olmad\u0131k\u00e7a, AB veya AEA d\u0131\u015f\u0131ndan gelen bir yabanc\u0131n\u0131n devlet emeklilik maa\u015f\u0131 alamayaca\u011f\u0131 anlam\u0131na gelmektedir. \u0130svi\u00e7re veya Birle\u015fik Krall\u0131k&#8217;tan gelip Danimarka&#8217;da \u00e7al\u0131\u015fanlar Ticaret ve \u0130\u015fbirli\u011fi Anla\u015fmas\u0131 kapsam\u0131nda olmal\u0131d\u0131r.  <\/p>\n\n<p class=\"wp-block-paragraph\">Ayr\u0131ca, toplamda en az 3 y\u0131l emeklili\u011fe hak kazanm\u0131\u015f olman\u0131z gerekmektedir. Tabii ki, \u00fc\u00e7 y\u0131ldan biri Danimarka&#8217;da kazan\u0131lan y\u0131l olmal\u0131d\u0131r. \u0130yi bir not olarak, ATP Ya\u015fam Boyu Emeklilik Danimarka yasalar\u0131na g\u00f6re zorunludur. Ancak bu, kamu veya \u00f6zel i\u015fg\u00fcc\u00fc piyasas\u0131nda istihdam edilen vatanda\u015flar i\u00e7in ge\u00e7erlidir.<\/p>\n\n<h2 class=\"wp-block-heading\">Hakk\u0131n\u0131z Olanlar<\/h2>\n\n<p class=\"wp-block-paragraph\">Erken emeklilik maa\u015f\u0131, kendisine ba\u011fl\u0131 temel bir tutar\u0131 olan ge\u00e7ici bir yard\u0131md\u0131r. Bu miktar bekarlar ve birlikte ya\u015fayanlar i\u00e7in ayn\u0131d\u0131r. Bu miktar ayl\u0131k ortalama 13.550 DKK&#8217;d\u0131r.  <\/p>\n\n<p class=\"wp-block-paragraph\">Ancak, gelir d\u00fczeyiniz y\u0131ll\u0131k 24.000 DKK&#8217;n\u0131n \u00fczerindeyse bu miktar daralt\u0131l\u0131r. Bu, bireysel emeklilik birikiminizin 2 milyon DKK&#8217;dan fazla olmas\u0131 durumunda da m\u00fcmk\u00fcnd\u00fcr.<\/p>\n\n<p class=\"wp-block-paragraph\">\u00d6te yandan, kamusal ya\u0122l\u0131l\u0131k ayl\u0131\u011f\u0131 \u00f6m\u00fcr boyu s\u00fcren bir yard\u0131md\u0131r. Temel miktar ve bir takviyeden olu\u015fur. Temel \u00fccret hem bekar hem de birlikte ya\u015fayan ki\u015filer i\u00e7in ayn\u0131d\u0131r. Ancak, ek \u00f6demenin miktar\u0131 medeni durumunuza ba\u011fl\u0131d\u0131r.<\/p>\n","protected":false},"excerpt":{"rendered":"<p>Her y\u0131l \u00e7ok say\u0131da profesyonel ve y\u00fcksek nitelikli \u00e7al\u0131\u015fan Danimarka i\u015fg\u00fcc\u00fc piyasas\u0131na kat\u0131lmaktad\u0131r. Danimarka&#8217;da \u00e7al\u0131\u015fanlar i\u00e7in adil korumalar, kariyer geli\u015fimi i\u00e7in alan, i\u015f g\u00fcvenli\u011fi, cazip maa\u015flar ve daha fazlas\u0131 dahil olmak \u00fczere b\u00fcy\u00fck f\u0131rsatlar, uluslararas\u0131 \u00e7al\u0131\u015fanlar\u0131 \u00fclkeye \u00e7eken bir\u00e7ok \u015fey aras\u0131nda say\u0131lmaktad\u0131r. Yine, Danimarka&#8217;daki Pozitif listede listelenen \u00e7e\u015fitli i\u015flerin varl\u0131\u011f\u0131, d\u00fcnyan\u0131n d\u00f6rt bir yan\u0131ndaki gurbet\u00e7ilerin<\/p>\n","protected":false},"author":1,"featured_media":74861,"comment_status":"closed","ping_status":"closed","sticky":false,"template":"","format":"standard","meta":{"footnotes":""},"categories":[31515],"tags":[40309,37004,40326,40322],"class_list":["post-96196","post","type-post","status-publish","format-standard","has-post-thumbnail","hentry","category-danimarka","tag-bireysel-emeklilik","tag-danimarkada-emeklilik","tag-devlet-emeklilik-maasi","tag-isgucu-piyasasi-emeklilik-maasi"],"_links":{"self":[{"href":"https:\/\/www.scandinavia.life\/tr\/wp-json\/wp\/v2\/posts\/96196","targetHints":{"allow":["GET"]}}],"collection":[{"href":"https:\/\/www.scandinavia.life\/tr\/wp-json\/wp\/v2\/posts"}],"about":[{"href":"https:\/\/www.scandinavia.life\/tr\/wp-json\/wp\/v2\/types\/post"}],"author":[{"embeddable":true,"href":"https:\/\/www.scandinavia.life\/tr\/wp-json\/wp\/v2\/users\/1"}],"replies":[{"embeddable":true,"href":"https:\/\/www.scandinavia.life\/tr\/wp-json\/wp\/v2\/comments?post=96196"}],"version-history":[{"count":2,"href":"https:\/\/www.scandinavia.life\/tr\/wp-json\/wp\/v2\/posts\/96196\/revisions"}],"predecessor-version":[{"id":132199,"href":"https:\/\/www.scandinavia.life\/tr\/wp-json\/wp\/v2\/posts\/96196\/revisions\/132199"}],"wp:featuredmedia":[{"embeddable":true,"href":"https:\/\/www.scandinavia.life\/tr\/wp-json\/wp\/v2\/media\/74861"}],"wp:attachment":[{"href":"https:\/\/www.scandinavia.life\/tr\/wp-json\/wp\/v2\/media?parent=96196"}],"wp:term":[{"taxonomy":"category","embeddable":true,"href":"https:\/\/www.scandinavia.life\/tr\/wp-json\/wp\/v2\/categories?post=96196"},{"taxonomy":"post_tag","embeddable":true,"href":"https:\/\/www.scandinavia.life\/tr\/wp-json\/wp\/v2\/tags?post=96196"}],"curies":[{"name":"wp","href":"https:\/\/api.w.org\/{rel}","templated":true}]}}