{"id":97039,"date":"2022-09-26T06:32:51","date_gmt":"2022-09-26T06:32:51","guid":{"rendered":"http:\/\/scandinavia.life\/danimarka-kralicesi-margrethe-ii\/"},"modified":"2024-03-10T22:17:05","modified_gmt":"2024-03-10T22:17:05","slug":"danimarka-kralicesi-margrethe-ii","status":"publish","type":"post","link":"https:\/\/www.scandinavia.life\/tr\/danimarka-kralicesi-margrethe-ii\/","title":{"rendered":"Danimarka Krali\u00e7esi Margrethe II"},"content":{"rendered":"\n<p class=\"wp-block-paragraph\">Birle\u015fik Krall\u0131k <a href=\"https:\/\/www.bbc.com\/news\/uk-61585886\">Krali\u00e7esi 2. Elizabeth<\/a> &#8216;in k\u0131sa s\u00fcre \u00f6nce <a href=\"https:\/\/www.bbc.com\/news\/uk-61585886\">\u00f6l\u00fcm\u00fc<\/a> man\u015fetlere ta\u015f\u0131nd\u0131 ve d\u00fcnyan\u0131n dikkatini cenazesine \u00e7ekti. Krali\u00e7e, se\u00e7ilmi\u015f h\u00fck\u00fcmetle yan yana i\u015fleyen Birle\u015fik Krall\u0131k Monar\u015fisi&#8217;nin en \u00f6nde gelen fig\u00fcrlerinden biriydi. Monar\u015fi ve demokrasiden olu\u015fan bu melez sistem, Danimarka&#8217;n\u0131n da aralar\u0131nda bulundu\u011fu d\u00fcnyan\u0131n di\u011fer \u00fclkelerinde halen uygulanmaktad\u0131r. Sade bir ya\u015fam s\u00fcren Danimarka Krali\u00e7esi, \u00fclkeyi kendi y\u00f6ntemleriyle etkiliyor. Belki de kal\u0131c\u0131 <a href=\"https:\/\/www.kongehuset.dk\/en\/the-monarchy-in-denmark\/history\/\">Danimarka Monar\u015fisini<\/a> incelemenin tam zaman\u0131d\u0131r.  <\/p>\n\n<p class=\"wp-block-paragraph\">Danimarka monar\u015fisi d\u00fcnyan\u0131n en eski monar\u015fileri aras\u0131nda yer almaktad\u0131r. \u015eu anda krall\u0131k <a href=\"https:\/\/tyrkiet.um.dk\/en\/about-denmark\/the-royal-family\/hm-queen-margrethe-ll\">Krali\u00e7e Margrethe II<\/a> taraf\u0131ndan y\u00f6netilmektedir. \u0130deal olarak, soyu bin y\u0131ldan fazla bir s\u00fcre \u00f6ncesine, 900 y\u0131l\u0131 civar\u0131nda ya\u015fad\u0131\u011f\u0131 s\u00f6ylenen Kral&#8217;a kadar takip edilebilir. Danimarka monar\u015fisi bug\u00fcne kadar Danimarka k\u00fclt\u00fcr\u00fcn\u00fcn, geleneklerinin ve siyasi tarihinin sembol\u00fc olmaya devam etmi\u015ftir. Hem yurt i\u00e7inde hem de yurt d\u0131\u015f\u0131nda sembolik bir rol oynamaktad\u0131r. Danimarka&#8217;da monar\u015fi, iyi ama\u00e7lar\u0131 kar\u015f\u0131lama ve y\u00fcksek profilli devlet yemeklerinde yabanc\u0131 liderleri a\u011f\u0131rlama sorumlulu\u011funa sahiptir. Ayr\u0131ca Danimarka Krall\u0131\u011f\u0131&#8217;n\u0131n ayr\u0131lmaz bir par\u00e7as\u0131n\u0131 olu\u015fturan Faroe Adalar\u0131 ve Gr\u00f6nland&#8217;a da d\u00fczenli ziyaretler ger\u00e7ekle\u015ftirmektedirler.<\/p>\n\n<p class=\"wp-block-paragraph\">Danimarkal\u0131lar\u0131n \u00e7o\u011funlu\u011fu kraliyet ailesine hayranl\u0131k duymaktad\u0131r ve bu durum medya arac\u0131l\u0131\u011f\u0131yla g\u00f6zlemlenen geni\u015f takip\u00e7i kitlesinden de anla\u015f\u0131lmaktad\u0131r. \u00dclke s\u0131n\u0131rlar\u0131 d\u0131\u015f\u0131nda, Krali\u00e7e Margrethe II liderli\u011findeki monar\u015fi, hem Danimarka \u00fcr\u00fcnlerini hem de i\u015fletmelerini yurtd\u0131\u015f\u0131nda tan\u0131tan delegasyonlara ba\u015fkanl\u0131k etmektedir. Krali\u00e7e bu t\u00fcr i\u015flevleri te\u015fvik etme sorumlulu\u011funa sahip olsa da, onun hakk\u0131nda bilinen \u00e7ok az \u015fey vard\u0131r. Bu yaz\u0131da Danimarka Krali\u00e7esi hakk\u0131nda baz\u0131 ilgin\u00e7 bilgiler verece\u011fim.<\/p>\n\n<h2 class=\"wp-block-heading\">Krali\u00e7e Margrethe II&#8217;nin Lakab\u0131 Daisy<\/h2>\n\n<p class=\"wp-block-paragraph\">\u0130nsanlar kraliyet kurumu hakk\u0131nda ne s\u00f6ylerse s\u00f6ylesin, neredeyse t\u00fcm Danimarkal\u0131lar\u0131n <a href=\"https:\/\/www.hellomagazine.com\/royalty\/2014041618240\/queen-margrethe-denmark-10-facts\/\">Krali\u00e7e Margrethe II<\/a>&#8216;ye b\u00fcy\u00fck sayg\u0131 duydu\u011fu a\u00e7\u0131kt\u0131r. 2022 y\u0131l\u0131, krali\u00e7enin tahta ilk \u00e7\u0131k\u0131\u015f\u0131ndan bu yana ge\u00e7en 50 y\u0131la i\u015faret ediyor. \u00c7o\u011fu insan onu, Frans\u0131zcas\u0131 Marguerite olan ve Daisy anlam\u0131na gelen Margrethe ismiyle tan\u0131r. Asl\u0131nda, \u00fc\u00e7\u00fcnc\u00fc kuzeni \u0130ngiltere Krali\u00e7esi Elizabeth onu bu isimle \u00e7a\u011f\u0131r\u0131rd\u0131. Her Yeni Y\u0131l arifesinde Daisy televizyondan Danimarkal\u0131lara seslenirken Danimarka&#8217;n\u0131n bir\u00e7ok soka\u011f\u0131 sessizli\u011fe b\u00fcr\u00fcn\u00fcr. Bu t\u00fcr toplant\u0131lar\u0131 s\u0131k s\u0131k dinleyen biriyseniz, konu\u015fmalar\u0131n\u0131n nezaket, \u00e7evre duyarl\u0131l\u0131\u011f\u0131 ve hay\u0131rseverlik s\u00f6zleriyle dolu oldu\u011funu fark edeceksiniz.<\/p>\n\n<h2 class=\"wp-block-heading\">Krali\u00e7e Margrethe II Kendi K\u0131yafetlerini Tasarl\u0131yor<\/h2>\n\n<p class=\"wp-block-paragraph\">Krali\u00e7e hakk\u0131ndaki en e\u011flenceli ger\u00e7eklerden biri de kendi tasar\u0131mc\u0131s\u0131 olmas\u0131. Asl\u0131nda, Krali\u00e7e&#8217;nin Danimarka&#8217;ya \u00f6zg\u00fc parlak renklere olan d\u00fc\u015fk\u00fcnl\u00fc\u011f\u00fc e\u015fsizdir. Ayr\u0131ca, konu\u015fmak i\u00e7in Teleprompter&#8217;\u0131 da sevmiyor. Zaman zaman not k\u00e2\u011f\u0131tlar\u0131n\u0131n da\u011f\u0131n\u0131k oldu\u011funu g\u00f6r\u00fcrs\u00fcn\u00fcz ve bu nedenle konu\u015fmas\u0131n\u0131n ortas\u0131nda bile onlar\u0131 s\u0131ralamaya \u00e7al\u0131\u015f\u0131r. \u0130lgin\u00e7 bir \u015fekilde, asistanlar\u0131 son zamanlarda onu en az\u0131ndan daha kolay okunmas\u0131 i\u00e7in bir arada tutmak amac\u0131yla z\u0131mba kullanmaya ikna ettiler.  <\/p>\n\n<h2 class=\"wp-block-heading\">E\u015fsiz Sanatsal \u0130lgi Alanlar\u0131<\/h2>\n\n<p class=\"wp-block-paragraph\">Krali\u00e7e Margrethe II, devlet ba\u015fkanl\u0131\u011f\u0131n\u0131n yan\u0131 s\u0131ra Danimarka kilisesinin de ba\u015f\u0131 olmas\u0131n\u0131n yan\u0131 s\u0131ra bir sanat\u00e7\u0131d\u0131r. Gen\u00e7 bir kad\u0131n olarak ilk g\u00fcnlerinde resim, \u00e7izim gibi \u00e7e\u015fitli faaliyetlerle u\u011fra\u015fm\u0131\u015f ve Kraliyet Balesi i\u00e7in sahne dekorlar\u0131 tasarlam\u0131\u015ft\u0131r. \u0130deal olarak, sanatsal \u00e7al\u0131\u015fmalar\u0131n\u0131n bir k\u0131sm\u0131 hem Danimarka&#8217;da hem de yurtd\u0131\u015f\u0131nda m\u00fczede tutulmaktad\u0131r. Manzaralar\u0131na yak\u0131ndan bak\u0131ld\u0131\u011f\u0131nda narin ve minimalist olduklar\u0131 g\u00f6r\u00fclecektir. Ayn\u0131 \u015fekilde, soyut resimlerin yan\u0131 s\u0131ra g\u00f6steri\u015fli kolajlar da tasarlayabiliyor. Sanat\u00e7\u0131n\u0131n baz\u0131 eserleri on y\u0131l \u00f6nce Kopenhag&#8217;daki \u00fcnl\u00fc Arken M\u00fczesi&#8217;nde sergilenmi\u015ftir.<\/p>\n\n<h2 class=\"wp-block-heading\">Krali\u00e7e Margrethe II, Danimarka&#8217;n\u0131n gelmi\u015f ge\u00e7mi\u015f en haval\u0131 krali\u00e7esi<\/h2>\n\n<p class=\"wp-block-paragraph\">Krali\u00e7e Margrethe II, k\u0131ta Avrupa&#8217;s\u0131ndaki en haval\u0131 liderlerden biri olarak tan\u0131mlan\u0131yor. Margrethe II, ki\u015fisel d\u00fczeyde geleneklerle pek ilgili de\u011fildir. Pop\u00fclist bir h\u00fck\u00fcmdar olman\u0131n sunumunu yap\u0131yor. Gard\u0131rop koleksiyonu her zaman resmi ge\u00e7it t\u00f6renleri s\u0131ras\u0131nda g\u00f6r\u00fcl\u00fcyor ve burada kendisini geni\u015f c\u00fcppelerle sarmalamay\u0131 seviyor. Bu nedenle <a href=\"https:\/\/www.dw.com\/en\/worlds-coolest-queen-margrethe-of-denmark\/a-18384661\">Krali\u00e7e&#8217;nin g\u00fczellik anlay\u0131\u015f\u0131n\u0131n iyi tan\u0131mlanm\u0131\u015f<\/a> oldu\u011fu a\u00e7\u0131kt\u0131r. Krali\u00e7e, gen\u00e7 ya\u015flar\u0131nda arkeoloji ve resme olan derin ilgisini s\u00fcrd\u00fcrd\u00fc. Gen\u00e7 bir kad\u0131n olarak sahip oldu\u011fu muazzam i\u00e7sel aray\u0131\u015f duygusu onu sanat, bale ve felsefe alanlar\u0131ndaki tutkusunun pe\u015finden gitmeye itti.<\/p>\n\n<h2 class=\"wp-block-heading\">Krali\u00e7e Margrethe II en az 5 dil konu\u015fuyor<\/h2>\n\n<p class=\"wp-block-paragraph\">Krali\u00e7e, <a href=\"https:\/\/www.arctic-council.org\/about\/states\/denmark\/\">Danimarka Krall\u0131\u011f\u0131<\/a>&#8216;ndaki en iyi hatipler aras\u0131nda yer almaktad\u0131r. Bu becerilerini devlet t\u00f6renlerinde yapt\u0131\u011f\u0131 resmi konu\u015fmalar\u0131n yan\u0131 s\u0131ra her yeni y\u0131l arifesinde de sergilemeyi ba\u015farm\u0131\u015ft\u0131r. Ak\u0131c\u0131 bir \u015fekilde \u0130ngilizce, Danca, Almanca, Norve\u00e7\u00e7e ve \u0130sve\u00e7\u00e7e bilmektedir.<\/p>\n\n<h2 class=\"wp-block-heading\">Alt sat\u0131r<\/h2>\n\n<p class=\"wp-block-paragraph\">Krali\u00e7e Margrethe II, anayasal bir h\u00fck\u00fcmdar olarak rol\u00fcn\u00fcn yan\u0131 s\u0131ra, hem yurti\u00e7inde hem de yurtd\u0131\u015f\u0131nda <a href=\"https:\/\/www.howtoliveindenmark.com\/stories-about-life-in-denmark\/queen-margrethe-denmark-popular\/\">Danimarka k\u00fclt\u00fcr\u00fcn\u00fcn bir sembol\u00fcd\u00fcr<\/a>. Krali\u00e7enin sanata olan sevgisi g\u00f6z \u00f6n\u00fcne al\u0131nd\u0131\u011f\u0131nda, kendine \u00f6zg\u00fc giyim anlay\u0131\u015f\u0131yla da \u00fcnl\u00fc olmas\u0131na \u015fa\u015f\u0131rmay\u0131n. Danimarka&#8217;n\u0131n gelmi\u015f ge\u00e7mi\u015f en iyi liderlerinden biri olmaya devam ediyor. Onun liderli\u011fi bize hayatta nezaket, \u00e7evre y\u00f6netimi ve hay\u0131rseverlik gibi \u00f6nemli erdemleri \u00f6\u011fretti. \u0130nsanl\u0131\u011f\u0131n krali\u00e7enin \u00f6\u011fretisini benimsemesi gerekmektedir.  <\/p>\n","protected":false},"excerpt":{"rendered":"<p>Birle\u015fik Krall\u0131k Krali\u00e7esi 2. Elizabeth &#8216;in k\u0131sa s\u00fcre \u00f6nce \u00f6l\u00fcm\u00fc man\u015fetlere ta\u015f\u0131nd\u0131 ve d\u00fcnyan\u0131n dikkatini cenazesine \u00e7ekti. Krali\u00e7e, se\u00e7ilmi\u015f h\u00fck\u00fcmetle yan yana i\u015fleyen Birle\u015fik Krall\u0131k Monar\u015fisi&#8217;nin en \u00f6nde gelen fig\u00fcrlerinden biriydi. Monar\u015fi ve demokrasiden olu\u015fan bu melez sistem, Danimarka&#8217;n\u0131n da aralar\u0131nda bulundu\u011fu d\u00fcnyan\u0131n di\u011fer \u00fclkelerinde halen uygulanmaktad\u0131r. Sade bir ya\u015fam s\u00fcren Danimarka Krali\u00e7esi, \u00fclkeyi kendi<\/p>\n","protected":false},"author":1,"featured_media":97032,"comment_status":"closed","ping_status":"closed","sticky":false,"template":"","format":"standard","meta":{"footnotes":""},"categories":[31515],"tags":[40993,40998,40989,40985],"class_list":["post-97039","post","type-post","status-publish","format-standard","has-post-thumbnail","hentry","category-danimarka","tag-danimarka-kraliyet-ailesi","tag-danimarka-kralligi","tag-danimarka-monarsisi","tag-kralice-margrethe-ii"],"_links":{"self":[{"href":"https:\/\/www.scandinavia.life\/tr\/wp-json\/wp\/v2\/posts\/97039","targetHints":{"allow":["GET"]}}],"collection":[{"href":"https:\/\/www.scandinavia.life\/tr\/wp-json\/wp\/v2\/posts"}],"about":[{"href":"https:\/\/www.scandinavia.life\/tr\/wp-json\/wp\/v2\/types\/post"}],"author":[{"embeddable":true,"href":"https:\/\/www.scandinavia.life\/tr\/wp-json\/wp\/v2\/users\/1"}],"replies":[{"embeddable":true,"href":"https:\/\/www.scandinavia.life\/tr\/wp-json\/wp\/v2\/comments?post=97039"}],"version-history":[{"count":2,"href":"https:\/\/www.scandinavia.life\/tr\/wp-json\/wp\/v2\/posts\/97039\/revisions"}],"predecessor-version":[{"id":137217,"href":"https:\/\/www.scandinavia.life\/tr\/wp-json\/wp\/v2\/posts\/97039\/revisions\/137217"}],"wp:featuredmedia":[{"embeddable":true,"href":"https:\/\/www.scandinavia.life\/tr\/wp-json\/wp\/v2\/media\/97032"}],"wp:attachment":[{"href":"https:\/\/www.scandinavia.life\/tr\/wp-json\/wp\/v2\/media?parent=97039"}],"wp:term":[{"taxonomy":"category","embeddable":true,"href":"https:\/\/www.scandinavia.life\/tr\/wp-json\/wp\/v2\/categories?post=97039"},{"taxonomy":"post_tag","embeddable":true,"href":"https:\/\/www.scandinavia.life\/tr\/wp-json\/wp\/v2\/tags?post=97039"}],"curies":[{"name":"wp","href":"https:\/\/api.w.org\/{rel}","templated":true}]}}