{"id":50756,"date":"2020-07-21T14:48:35","date_gmt":"2020-07-21T14:48:35","guid":{"rendered":"http:\/\/scandinavia.life\/cong-vien-giai-tri-o-scandinavia\/"},"modified":"2024-03-10T19:48:04","modified_gmt":"2024-03-10T19:48:04","slug":"cong-vien-giai-tri-o-scandinavia","status":"publish","type":"post","link":"https:\/\/www.scandinavia.life\/vi\/cong-vien-giai-tri-o-scandinavia\/","title":{"rendered":"C\u00f4ng vi\u00ean gi\u1ea3i tr\u00ed \u1edf Scandinavia"},"content":{"rendered":"\n<p class=\"wp-block-paragraph\">M\u1ecdi ng\u01b0\u1eddi \u0111\u1ec1u th\u00edch m\u1ed9t chuy\u1ebfn vi\u1ebfng th\u0103m m\u1ed9t c\u00f4ng vi\u00ean gi\u1ea3i tr\u00ed th\u00fa v\u1ecb. Kh\u00f4ng th\u1ec3 ph\u1ee7 nh\u1eadn \u0111\u01b0\u1ee3c, n\u00f3 \u0111\u01a1n gi\u1ea3n l\u00e0 nh\u01b0 v\u1eady. May m\u1eafn thay, n\u1ebfu b\u1ea1n quy\u1ebft \u0111\u1ecbnh tr\u1edf th\u00e0nh <a href=\"http:\/\/scandinavia.life\/vi\/lam-the-nao-de-tro-thanh-mot-nguoi-nuoc-ngoai-o-scandinavia\/\">ng\u01b0\u1eddi n\u01b0\u1edbc ngo\u00e0i \u1edf Scandinavia<\/a> , b\u1ea1n s\u1ebd c\u00f3 r\u1ea5t nhi\u1ec1u c\u00f4ng vi\u00ean gi\u1ea3i tr\u00ed \u0111\u1ec3 l\u1ef1a ch\u1ecdn. Trong b\u00e0i vi\u1ebft n\u00e0y, ch\u00fang ta s\u1ebd \u0111i\u1ec3m qua c\u00e1c c\u00f4ng vi\u00ean gi\u1ea3i tr\u00ed kh\u00e1c nhau v\u00e0 th\u1ea3o lu\u1eadn \u0111i\u1ec1u g\u00ec khi\u1ebfn ch\u00fang tr\u1edf n\u00ean tuy\u1ec7t v\u1eddi nh\u01b0 v\u1eady.  <\/p>\n\n<h2 class=\"wp-block-heading\"><strong>Liseberg<\/strong><\/h2>\n\n<figure class=\"wp-block-image size-large\"><img loading=\"lazy\" decoding=\"async\" width=\"639\" height=\"426\" src=\"http:\/\/scandinavia.life\/wp-content\/uploads\/2020\/07\/liseberg-1415608-639x426-1.jpg\" alt=\"Ni&#x1EC1;m vui &#x1EDF; Liseberg\" class=\"wp-image-2149\" srcset=\"https:\/\/www.scandinavia.life\/wp-content\/uploads\/2020\/07\/liseberg-1415608-639x426-1.jpg 639w, https:\/\/www.scandinavia.life\/wp-content\/uploads\/2020\/07\/liseberg-1415608-639x426-1-300x200.jpg 300w\" sizes=\"auto, (max-width: 639px) 100vw, 639px\" \/><\/figure>\n\n<p class=\"wp-block-paragraph\">T\u1ea1i th\u00e0nh ph\u1ed1 <a href=\"http:\/\/scandinavia.life\/vi\/thanh-pho-gothenburg\/\">Gothenburg<\/a> , b\u1ea1n s\u1ebd t\u00ecm th\u1ea5y c\u00f4ng vi\u00ean gi\u1ea3i tr\u00ed l\u1edbn nh\u1ea5t Scandinavia. \u0110\u00e2y c\u0169ng l\u00e0 n\u01a1i b\u1ea1n s\u1ebd t\u00ecm th\u1ea5y m\u1ed9t s\u1ed1 chuy\u1ebfn \u0111i th\u00fa v\u1ecb nh\u1ea5t. L\u1ea5y Valkyria l\u00e0m v\u00ed d\u1ee5. N\u00f3 l\u00e0 m\u1ed9t t\u00e0u l\u01b0\u1ee3n si\u00eau t\u1ed1c c\u00f3 t\u00ednh n\u0103ng th\u1ea3 th\u1eb3ng \u0111\u1ee9ng. Ngh\u0129a l\u00e0 th\u1eb3ng xu\u1ed1ng, 90 \u0111\u1ed9. H\u1ecd c\u0169ng c\u00f3 nhi\u1ec1u chi\u1ebfc \u0111\u1ebf l\u00f3t ly l\u1edbn kh\u00e1c nh\u01b0 Helix v\u00e0 chi\u1ebfc \u0111\u1ebf l\u00f3t ly b\u1eb1ng g\u1ed7 Balder. C\u1ea3 hai \u0111\u1ec1u \u0111\u01b0\u1ee3c nh\u1eefng ng\u01b0\u1eddi h\u00e2m m\u1ed9 t\u00e0u l\u01b0\u1ee3n si\u00eau t\u1ed1c tr\u00ean to\u00e0n th\u1ebf gi\u1edbi khen ng\u1ee3i n\u00ean ch\u1eafc ch\u1eafn r\u1ea5t \u0111\u00e1ng \u0111\u1ec3 b\u1ea1n d\u00e0nh th\u1eddi gian. N\u1ebfu b\u1ea1n \u0111\u00e3 t\u1eebng \u0111\u1ebfn Gothenburg v\u00e0 y\u00eau th\u00edch t\u00e0u l\u01b0\u1ee3n si\u00eau t\u1ed1c th\u00ec Liseberg l\u00e0 \u0111\u1ecba \u0111i\u1ec3m kh\u00f4ng th\u1ec3 b\u1ecf qua.  <\/p>\n\n<p class=\"wp-block-paragraph\">V\u00e0o trang web: <a href=\"https:\/\/www.liseberg.se\/en\">https:\/\/www.liseberg.se\/en<\/a><\/p>\n\n<h2 class=\"wp-block-heading\"><strong>Gr\u00f6na lund<\/strong><\/h2>\n\n<figure class=\"wp-block-image size-large\"><img loading=\"lazy\" decoding=\"async\" width=\"640\" height=\"427\" src=\"http:\/\/scandinavia.life\/wp-content\/uploads\/2020\/07\/33A8375.jpg\" alt=\"C&#xF4;ng vi&#xEA;n gi&#x1EA3;i tr&#xED; Grona Lund\" class=\"wp-image-2150\" srcset=\"https:\/\/www.scandinavia.life\/wp-content\/uploads\/2020\/07\/33A8375.jpg 640w, https:\/\/www.scandinavia.life\/wp-content\/uploads\/2020\/07\/33A8375-300x200.jpg 300w\" sizes=\"auto, (max-width: 640px) 100vw, 640px\" \/><\/figure>\n\n<p class=\"wp-block-paragraph\">B\u00e2y gi\u1edd ch\u00fang ta s\u1ebd \u0111\u1ebfn th\u1ee7 \u0111\u00f4 c\u1ee7a Th\u1ee5y \u0110i\u1ec3n, <a href=\"http:\/\/scandinavia.life\/vi\/thanh-pho-stockholm\/\">Stockholm<\/a> . Gr\u00f6na lund n\u1eb1m tr\u00ean m\u1ed9t h\u00f2n \u0111\u1ea3o, ngay c\u1ea1nh m\u1eb7t n\u01b0\u1edbc. Tr\u00ean th\u1ef1c t\u1ebf, b\u1ea1n c\u00f3 th\u1ec3 \u0111\u1ebfn \u0111\u00e2y b\u1eb1ng thuy\u1ec1n v\u00ec h\u1ecd c\u00f3 b\u1ebfn \u0111\u1ed7 ri\u00eang v\u1edbi l\u1ed1i v\u00e0o c\u00f4ng vi\u00ean ri\u00eang. V\u00ec v\u1ecb tr\u00ed \u0111\u1ecba l\u00fd n\u00ean Gr\u00f6na lund \u0111ang b\u1ecb thi\u1ebfu kh\u00f4ng gian. K\u1ebft qu\u1ea3 l\u00e0 ch\u00fang c\u00f3 ba bi\u1ebfn th\u1ec3 r\u01a1i t\u1ef1 do kh\u00e1c nhau, t\u1ea5t c\u1ea3 \u0111\u1ec1u nh\u1eb1m t\u1ed1i \u0111a h\u00f3a kh\u00f4ng gian. \u0110i\u1ec1u \u0111\u00f3 kh\u00f4ng c\u00f3 ngh\u0129a l\u00e0 h\u1ecd Gr\u00f6na Lund x\u1ea5u. Ho\u00e0n to\u00e0n ng\u01b0\u1ee3c l\u1ea1i l\u00e0 \u0111\u00fang. Gr\u00f6na Lund \u0111\u01b0\u1ee3c nhi\u1ec1u ng\u01b0\u1eddi tr\u00ean kh\u1eafp Scandinavia \u0111\u00e1nh gi\u00e1 cao.<\/p>\n\n<p class=\"wp-block-paragraph\">Truy c\u1eadp trang web: <a href=\"https:\/\/www.gronalund.com\/en\">https:\/\/www.gronalund.com\/en<\/a> <\/p>\n\n<h2 class=\"wp-block-heading\"><strong>Tivoli<\/strong><\/h2>\n\n<figure class=\"wp-block-image size-large\"><img loading=\"lazy\" decoding=\"async\" width=\"640\" height=\"480\" src=\"http:\/\/scandinavia.life\/wp-content\/uploads\/2020\/07\/tivoli-1452314-640x480-1.jpg\" alt=\"Tivoli v&#x1EC1; &#x111;&#xEA;m\" class=\"wp-image-2151\" srcset=\"https:\/\/www.scandinavia.life\/wp-content\/uploads\/2020\/07\/tivoli-1452314-640x480-1.jpg 640w, https:\/\/www.scandinavia.life\/wp-content\/uploads\/2020\/07\/tivoli-1452314-640x480-1-300x225.jpg 300w\" sizes=\"auto, (max-width: 640px) 100vw, 640px\" \/><\/figure>\n\n<p class=\"wp-block-paragraph\">Ch\u00fang t\u00f4i bi\u1ebft di chuy\u1ec3n ra ngo\u00e0i Th\u1ee5y \u0110i\u1ec3n v\u00e0 \u0111\u1ebfn \u0110an M\u1ea1ch. Ngay b\u00ean kia c\u1ea7u, \u1edf <a href=\"http:\/\/scandinavia.life\/vi\/copenhagen-thanh-pho-xanh\/\">Copenhagen<\/a> , c\u00f3 Tivoli. \u0110\u00e2y l\u00e0 c\u00f4ng vi\u00ean gi\u1ea3i tr\u00ed ch\u00ednh \u1edf \u0110an M\u1ea1ch v\u00e0 l\u00e0 n\u01a1i c\u00f3 nhi\u1ec1u tr\u00f2 ch\u01a1i kh\u00e1c nhau. N\u00f3 c\u00f3 th\u1ec3 kh\u00f4ng l\u1edbn b\u1eb1ng Liseberg nh\u01b0ng \u0111i\u1ec1u \u0111\u00f3 kh\u00f4ng c\u00f3 ngh\u0129a l\u00e0 n\u00f3 t\u1ec7. N\u00f3 kh\u00e1 ph\u1ed5 bi\u1ebfn, thu h\u00fat h\u00e0ng ngh\u00ecn ng\u01b0\u1eddi m\u1ed7i m\u00f9a. R\u1ea5t \u0111\u00e1ng \u0111\u1ec3 gh\u00e9 th\u0103m n\u1ebfu b\u1ea1n quy\u1ebft \u0111\u1ecbnh tr\u1edf th\u00e0nh ng\u01b0\u1eddi n\u01b0\u1edbc ngo\u00e0i \u1edf \u0110an M\u1ea1ch ho\u1eb7c ch\u1ec9 t\u00ecm th\u1ea5y ch\u00ednh m\u00ecnh \u1edf Copenhagen.<\/p>\n\n<p class=\"wp-block-paragraph\">V\u00e0o trang web: <a href=\"https:\/\/www.tivoli.dk\/en\/\">https:\/\/www.tivoli.dk\/en\/<\/a> <\/p>\n\n<h2 class=\"wp-block-heading\"><strong>tusenfryd<\/strong><\/h2>\n\n<figure class=\"wp-block-image size-large\"><img loading=\"lazy\" decoding=\"async\" width=\"1024\" height=\"684\" src=\"http:\/\/scandinavia.life\/wp-content\/uploads\/2020\/07\/tore-odiin-qhJwkgRl9Hg-unsplash-1024x684.jpg\" alt=\"Th&#x1EED; th&#xE1;ch Tusenfryd\" class=\"wp-image-2152\" srcset=\"https:\/\/www.scandinavia.life\/wp-content\/uploads\/2020\/07\/tore-odiin-qhJwkgRl9Hg-unsplash-1024x684.jpg 1024w, https:\/\/www.scandinavia.life\/wp-content\/uploads\/2020\/07\/tore-odiin-qhJwkgRl9Hg-unsplash-300x200.jpg 300w, https:\/\/www.scandinavia.life\/wp-content\/uploads\/2020\/07\/tore-odiin-qhJwkgRl9Hg-unsplash-768x513.jpg 768w, https:\/\/www.scandinavia.life\/wp-content\/uploads\/2020\/07\/tore-odiin-qhJwkgRl9Hg-unsplash-1536x1026.jpg 1536w, https:\/\/www.scandinavia.life\/wp-content\/uploads\/2020\/07\/tore-odiin-qhJwkgRl9Hg-unsplash-2048x1368.jpg 2048w\" sizes=\"auto, (max-width: 1024px) 100vw, 1024px\" \/><\/figure>\n\n<p class=\"wp-block-paragraph\">Ch\u00fang t\u00f4i s\u1ebd m\u1ed9t l\u1ea7n n\u1eefa di chuy\u1ec3n c\u00e1c qu\u1ed1c gia, l\u1ea7n n\u00e0y l\u00e0 Na Uy. \u1ede \u0111\u00e2y b\u1ea1n s\u1ebd t\u00ecm th\u1ea5y Tusenfryd, n\u1eb1m ngay b\u00ean ngo\u00e0i th\u1ee7 \u0111\u00f4 <a href=\"http:\/\/scandinavia.life\/vi\/oslo-thanh-pho-cua-nghe-thuat\/\">Oslo<\/a> . \u0110\u00e2y l\u00e0 c\u00f4ng vi\u00ean c\u1ea1nh tranh v\u1edbi Liseberg \u0111\u1ec3 gi\u00e0nh v\u1ecb tr\u00ed c\u00f4ng vi\u00ean gi\u1ea3i tr\u00ed l\u1edbn nh\u1ea5t \u1edf Scandinavia, n\u01a1i c\u00f3 h\u01a1n 30 \u0111i\u1ec3m tham quan kh\u00e1c nhau. H\u1ecd th\u1eadm ch\u00ed c\u00f2n c\u00f3 t\u00e0u l\u01b0\u1ee3n si\u00eau t\u1ed1c s\u1eed d\u1ee5ng c\u00f4ng ngh\u1ec7 VR \u0111\u1ec3 mang l\u1ea1i tr\u1ea3i nghi\u1ec7m tuy\u1ec7t v\u1eddi h\u01a1n n\u1eefa. Tusenfryd ch\u1eafc ch\u1eafn \u0111\u00e1ng \u0111\u1ec3 gh\u00e9 th\u0103m n\u1ebfu b\u1ea1n quy\u1ebft \u0111\u1ecbnh \u0111\u1ebfn th\u0103m Na Uy.  <\/p>\n\n<p class=\"wp-block-paragraph\">Truy c\u1eadp trang web: <a href=\"https:\/\/www.tusenfryd.no\/en\">https:\/\/www.tusenfryd.no\/en<\/a><\/p>\n\n<h2 class=\"wp-block-heading\"><strong>F\u00e5rup<\/strong><\/h2>\n\n<figure class=\"wp-block-image size-large\"><img loading=\"lazy\" decoding=\"async\" width=\"550\" height=\"366\" src=\"http:\/\/scandinavia.life\/wp-content\/uploads\/2020\/07\/farup-sommerland.jpg\" alt=\"M&#xF9;a h&#xE8; &#x1EDF; &#x110;an M&#x1EA1;ch\" class=\"wp-image-2154\" srcset=\"https:\/\/www.scandinavia.life\/wp-content\/uploads\/2020\/07\/farup-sommerland.jpg 550w, https:\/\/www.scandinavia.life\/wp-content\/uploads\/2020\/07\/farup-sommerland-300x200.jpg 300w\" sizes=\"auto, (max-width: 550px) 100vw, 550px\" \/><\/figure>\n\n<p class=\"wp-block-paragraph\">\u0110\u00e3 \u0111\u1ebfn l\u00fac quay tr\u1edf l\u1ea1i \u0110an M\u1ea1ch v\u1edbi m\u1ee5c ti\u1ebfp theo trong danh s\u00e1ch c\u1ee7a ch\u00fang t\u00f4i. F\u00e5rup l\u00e0 m\u1ed9t c\u00f4ng vi\u00ean gi\u1ea3i tr\u00ed n\u1eb1m s\u00e2u h\u01a1n trong n\u01b0\u1edbc. V\u00ec Tivoli n\u1eb1m ngay t\u1ea1i Copenhagen n\u00ean c\u00f3 kh\u00f4ng gian h\u1ea1n ch\u1ebf. \u0110\u00e2y kh\u00f4ng ph\u1ea3i l\u00e0 v\u1ea5n \u0111\u1ec1 v\u1edbi F\u00e5rup, \u0111\u00f3 l\u00e0 l\u00fd do t\u1ea1i sao c\u00f4ng vi\u00ean gi\u1ea3i tr\u00ed n\u00e0y th\u1eadm ch\u00ed c\u00f2n l\u1edbn h\u01a1n v\u00e0 t\u1ed1t h\u01a1n. H\u1ecd c\u00f3 nhi\u1ec1u t\u00e0u l\u01b0\u1ee3n si\u00eau t\u1ed1c ch\u1eafc ch\u1eafn s\u1ebd t\u1ea1o ra m\u1ed9t v\u00e0i ti\u1ebfng h\u00e9t v\u00e0 nhi\u1ec1u tr\u00f2 ch\u01a1i b\u1eb1ng ph\u1eb3ng kh\u00e1c \u0111\u1ec3 b\u1ea1n t\u1eadn h\u01b0\u1edfng trong chuy\u1ebfn th\u0103m c\u1ee7a m\u00ecnh. M\u1ed9t n\u01a1i tuy\u1ec7t v\u1eddi \u0111\u1ec3 gh\u00e9 th\u0103m khi th\u1eddi ti\u1ebft \u1ea5m \u00e1p v\u00ec n\u00f3 c\u0169ng c\u00f3 m\u1ed9t c\u00f4ng vi\u00ean n\u01b0\u1edbc tuy\u1ec7t \u0111\u1eb9p. V\u1ec1 c\u01a1 b\u1ea3n, F\u00e5rup l\u00e0 m\u1ed9t c\u00f4ng vi\u00ean tuy\u1ec7t v\u1eddi v\u00e0 ch\u1ec9 ri\u00eang n\u00f3 th\u00f4i \u0111\u00e3 l\u00e0 l\u00fd do tuy\u1ec7t v\u1eddi \u0111\u1ec3 gh\u00e9 th\u0103m \u0110an M\u1ea1ch trong t\u01b0\u01a1ng lai.  <\/p>\n\n<p class=\"wp-block-paragraph\">\u0110\u1ecdc th\u00eam t\u1ea1i website: <a href=\"https:\/\/www.faarupsommerland.dk\/en\/\">https:\/\/www.faarupsommerland.dk\/en\/<\/a><\/p>\n\n<h2 class=\"wp-block-heading\"><strong>Leksand sommarland<\/strong><\/h2>\n\n<figure class=\"wp-block-image size-large\"><img loading=\"lazy\" decoding=\"async\" width=\"1024\" height=\"768\" src=\"http:\/\/scandinavia.life\/wp-content\/uploads\/2020\/07\/sweden-85148_1280-1024x768.jpg\" alt=\"Leksand xinh &#x111;&#x1EB9;p\" class=\"wp-image-2155\" srcset=\"https:\/\/www.scandinavia.life\/wp-content\/uploads\/2020\/07\/sweden-85148_1280-1024x768.jpg 1024w, https:\/\/www.scandinavia.life\/wp-content\/uploads\/2020\/07\/sweden-85148_1280-300x225.jpg 300w, https:\/\/www.scandinavia.life\/wp-content\/uploads\/2020\/07\/sweden-85148_1280-768x576.jpg 768w, https:\/\/www.scandinavia.life\/wp-content\/uploads\/2020\/07\/sweden-85148_1280.jpg 1280w\" sizes=\"auto, (max-width: 1024px) 100vw, 1024px\" \/><\/figure>\n\n<p class=\"wp-block-paragraph\">Th\u1ee5y \u0110i\u1ec3n c\u0169ng c\u00f3 c\u00f4ng vi\u00ean gi\u1ea3i tr\u00ed k\u1ebft h\u1ee3p c\u1ea3 \u0111\u01b0\u1eddng tr\u01b0\u1ee3t b\u1eb1ng ph\u1eb3ng v\u00e0 c\u00f4ng vi\u00ean n\u01b0\u1edbc cho nh\u1eefng ng\u00e0y h\u00e8 \u1ea5m \u00e1p. T\u1ea1i Leksand sommarland, b\u1ea1n s\u1ebd t\u00ecm th\u1ea5y th\u1ee9 g\u00ec \u0111\u00f3 d\u00e0nh cho c\u1ea3 gia \u0111\u00ecnh, b\u1ea5t k\u1ec3 tu\u1ed5i t\u00e1c c\u1ee7a h\u1ecd. T\u1ea1i \u0111\u00e2y, b\u1ea1n c\u0169ng s\u1ebd t\u00ecm th\u1ea5y b\u1ee9c t\u01b0\u1eddng leo n\u00fai d\u00e0nh cho nh\u1eefng ai \u0111ang t\u00ecm ki\u1ebfm th\u1eed th\u00e1ch. Ch\u00fang t\u00f4i kh\u00f4ng th\u1ec3 gi\u1edbi thi\u1ec7u \u0111\u1ee7 c\u00f4ng vi\u00ean n\u00e0y khi th\u1eddi ti\u1ebft <a href=\"http:\/\/scandinavia.life\/vi\/tai-sao-thuy-dien-danh-cho-nguoi-nuoc-ngoai\/\">m\u00f9a h\u00e8 \u1edf Th\u1ee5y \u0110i\u1ec3n<\/a> \u0111\u1eb9p. K\u1ebft h\u1ee3p v\u1edbi c\u00f4ng vi\u00ean l\u00e0 n\u01a1i c\u1eafm tr\u1ea1i n\u01a1i b\u1ea1n c\u00f3 th\u1ec3 sinh s\u1ed1ng. H\u00e0ng ng\u00e0y, m\u1ed9t chuy\u1ebfn t\u00e0u s\u1ebd \u0111\u01b0a b\u1ea1n \u0111\u1ebfn c\u00f4ng vi\u00ean ngay t\u1eeb \u0111\u1ecba \u0111i\u1ec3m c\u1eafm tr\u1ea1i.  <\/p>\n\n<p class=\"wp-block-paragraph\">\u0110\u1ecdc th\u00eam: <a href=\"https:\/\/www.leksandresort.se\/sommarland\/#\">https:\/\/www.leksandresort.se\/sommarland\/#<\/a> (b\u1ea1n c\u00f3 th\u1ec3 ch\u1ecdn ng\u00f4n ng\u1eef tr\u00ean trang web).<\/p>\n","protected":false},"excerpt":{"rendered":"<p>M\u1ecdi ng\u01b0\u1eddi \u0111\u1ec1u th\u00edch m\u1ed9t chuy\u1ebfn vi\u1ebfng th\u0103m m\u1ed9t c\u00f4ng vi\u00ean gi\u1ea3i tr\u00ed th\u00fa v\u1ecb. Kh\u00f4ng th\u1ec3 ph\u1ee7 nh\u1eadn \u0111\u01b0\u1ee3c, n\u00f3 \u0111\u01a1n gi\u1ea3n l\u00e0 nh\u01b0 v\u1eady. May m\u1eafn thay, n\u1ebfu b\u1ea1n quy\u1ebft \u0111\u1ecbnh tr\u1edf th\u00e0nh ng\u01b0\u1eddi n\u01b0\u1edbc ngo\u00e0i \u1edf Scandinavia , b\u1ea1n s\u1ebd c\u00f3 r\u1ea5t nhi\u1ec1u c\u00f4ng vi\u00ean gi\u1ea3i tr\u00ed \u0111\u1ec3 l\u1ef1a ch\u1ecdn. Trong b\u00e0i<\/p>\n","protected":false},"author":1,"featured_media":36056,"comment_status":"closed","ping_status":"closed","sticky":false,"template":"","format":"standard","meta":{"footnotes":""},"categories":[24357,24642,24259],"tags":[27356,27346,27342,27372,25530,27365],"class_list":["post-50756","post","type-post","status-publish","format-standard","has-post-thumbnail","hentry","category-cac-diem-du-lich-o-scandinavia","category-du-lich","category-nguon-cam-hung","tag-cong-vien-giai-tri-farup","tag-cong-vien-giai-tri-leksand","tag-cong-vien-giai-tri-liseberg","tag-grona-lund-vi","tag-tivoli-copenhagen-vi","tag-tusenfryd-vi"],"_links":{"self":[{"href":"https:\/\/www.scandinavia.life\/vi\/wp-json\/wp\/v2\/posts\/50756","targetHints":{"allow":["GET"]}}],"collection":[{"href":"https:\/\/www.scandinavia.life\/vi\/wp-json\/wp\/v2\/posts"}],"about":[{"href":"https:\/\/www.scandinavia.life\/vi\/wp-json\/wp\/v2\/types\/post"}],"author":[{"embeddable":true,"href":"https:\/\/www.scandinavia.life\/vi\/wp-json\/wp\/v2\/users\/1"}],"replies":[{"embeddable":true,"href":"https:\/\/www.scandinavia.life\/vi\/wp-json\/wp\/v2\/comments?post=50756"}],"version-history":[{"count":2,"href":"https:\/\/www.scandinavia.life\/vi\/wp-json\/wp\/v2\/posts\/50756\/revisions"}],"predecessor-version":[{"id":130084,"href":"https:\/\/www.scandinavia.life\/vi\/wp-json\/wp\/v2\/posts\/50756\/revisions\/130084"}],"wp:featuredmedia":[{"embeddable":true,"href":"https:\/\/www.scandinavia.life\/vi\/wp-json\/wp\/v2\/media\/36056"}],"wp:attachment":[{"href":"https:\/\/www.scandinavia.life\/vi\/wp-json\/wp\/v2\/media?parent=50756"}],"wp:term":[{"taxonomy":"category","embeddable":true,"href":"https:\/\/www.scandinavia.life\/vi\/wp-json\/wp\/v2\/categories?post=50756"},{"taxonomy":"post_tag","embeddable":true,"href":"https:\/\/www.scandinavia.life\/vi\/wp-json\/wp\/v2\/tags?post=50756"}],"curies":[{"name":"wp","href":"https:\/\/api.w.org\/{rel}","templated":true}]}}