{"id":50885,"date":"2015-08-20T23:35:25","date_gmt":"2015-08-20T23:35:25","guid":{"rendered":"http:\/\/scandinavia.life\/7-di-san-the-gioi-o-na-uy\/"},"modified":"2024-08-03T09:55:17","modified_gmt":"2024-08-03T09:55:17","slug":"7-di-san-the-gioi-o-na-uy","status":"publish","type":"post","link":"https:\/\/www.scandinavia.life\/vi\/7-di-san-the-gioi-o-na-uy\/","title":{"rendered":"7 di s\u1ea3n th\u1ebf gi\u1edbi \u1edf Na Uy"},"content":{"rendered":"<h2 style=\"text-align: center;\">7 di s\u1ea3n th\u1ebf gi\u1edbi \u1edf Na Uy n\u00ean gh\u00e9 th\u0103m<\/h2>\n<p>Kh\u00e1m ph\u00e1 di s\u1ea3n th\u1ebf gi\u1edbi \u1edf Na Uy. C\u00e1c ti\u00eau ch\u00ed \u0111\u1ec3 \u0111\u01b0\u1ee3c \u0111\u01b0a v\u00e0o danh s\u00e1ch Di s\u1ea3n Th\u1ebf gi\u1edbi c\u1ee7a UNESCO r\u1ea5t nghi\u00eam ng\u1eb7t; \u201cKi\u1ec7t t\u00e1c do con ng\u01b0\u1eddi t\u1ea1o ra\u201d l\u00e0 m\u1ed9t trong nh\u1eefng ti\u00eau ch\u00ed nh\u01b0 v\u1eady. M\u1ed9t \u0111\u1ecba \u0111i\u1ec3m kh\u00e1c c\u00f3 th\u1ec3 l\u00e0 nh\u1eefng \u0111\u1ecba \u0111i\u1ec3m ghi l\u1ea1i s\u1ef1 trao \u0111\u1ed5i gi\u1eefa c\u00e1c n\u1ec1n v\u0103n h\u00f3a ho\u1eb7c nh\u1eefng \u0111\u1ecba \u0111i\u1ec3m l\u00e0 b\u1eb1ng ch\u1ee9ng v\u1ec1 nh\u1eefng n\u1ec1n v\u0103n minh c\u00f2n s\u1ed1ng ho\u1eb7c \u0111\u00e3 m\u1ea5t.<\/p>\n<p>N\u0103m \u0111\u01b0\u1ee3c ghi v\u00e0o danh s\u00e1ch c\u1ee7a UNESCO \u0111\u01b0\u1ee3c \u0111\u1ec3 trong ngo\u1eb7c<\/p>\n<h2 style=\"text-align: center;\">V\u1ecbnh h\u1eb9p T\u00e2y Na Uy &#8211; Geirangerfi h\u1ea1n v\u00e0 N\u00e6r\u00f8yfjord (2005)<\/h2>\n<p>Th\u00e1c n\u01b0\u1edbc mang l\u1ea1i s\u1ef1 chuy\u1ec3n \u0111\u1ed9ng cho c\u00e1c v\u1ecbnh h\u1eb9p, l\u00e0n n\u01b0\u1edbc trong xanh v\u00e0 kh\u00f4ng kh\u00ed trong l\u00e0nh l\u00e0m d\u1ecbu \u0111i, c\u00f2n nh\u1eefng ng\u1ecdn n\u00fai ph\u1ee7 tuy\u1ebft mang \u0111\u1ebfn g\u00f3c nh\u00ecn v\u00e0 k\u1ecbch t\u00ednh cho v\u1ecbnh h\u1eb9p. \u0110\u00e2y l\u00e0 b\u1ea3n ch\u1ea5t t\u1ed1t nh\u1ea5t c\u1ee7a n\u00f3, v\u1eeba m\u1ec1m m\u1ea1i v\u1eeba c\u1ee9ng r\u1eafn.<\/p>\n<p><a href=\"http:\/\/www.fjords.com\/\" target=\"_blank\" rel=\"noopener noreferrer\">C\u00e1c v\u1ecbnh h\u1eb9p \u1edf Na Uy<\/a> l\u00e0 m\u1ed9t c\u1ea3nh t\u01b0\u1ee3ng m\u00e0 b\u1ea1n s\u1ebd lu\u00f4n nh\u1edb m\u00e3i<\/p>\n<p>Di s\u1ea3n th\u1ebf gi\u1edbi Naroyfjorden \u1edf Na Uy<\/p>\n<h2 style=\"text-align: center;\">Th\u1ecb tr\u1ea5n khai th\u00e1c m\u1ecf Roros v\u00e0 chu vi (1980)<\/h2>\n<p>C\u00e1c t\u00f2a nh\u00e0 b\u1eb1ng g\u1ed7 trong v\u00e0 xung quanh trung t\u00e2m th\u00e0nh ph\u1ed1 Roros (R\u00f8ros) n\u1eb1m trong Danh s\u00e1ch Di s\u1ea3n Th\u1ebf gi\u1edbi. &#8220;Bergstaden&#8221; \u0111\u00e3 b\u1ea3o t\u1ed3n \u0111\u01b0\u1ee3c ph\u1ea7n l\u1edbn tr\u1ea1ng th\u00e1i ban \u0111\u1ea7u v\u1edbi nh\u1eefng con ph\u1ed1 \u0111\u01b0\u1ee3c x\u00e2y d\u1ef1ng t\u1eeb \u0111\u1ea7u th\u1ebf k\u1ef7 17 v\u00e0 nh\u1eefng ng\u00f4i nh\u00e0 g\u1ed7 t\u1eeb th\u1ebf k\u1ef7 18 v\u00e0 19<\/p>\n<p>H\u00e3y th\u1ef1c hi\u1ec7n m\u1ed9t chuy\u1ebfn \u0111i \u0111\u1ebfn m\u1ecf Olav, c\u00e1ch th\u00e0nh ph\u1ed1 m\u01b0\u1eddi l\u0103m ph\u00fat l\u00e1i xe. \u1ede ngo\u00e0i ng\u1ecdn n\u00fai tr\u1ecdc n\u00e0y, b\u1ea1n s\u1ebd th\u1ea5y v\u00f4 s\u1ed1 d\u1ea5u v\u1ebft t\u1eeb 300 n\u0103m khai th\u00e1c m\u1ecf, trong s\u1ed1 \u0111\u00f3 c\u00f3 m\u1ed9t tuy\u1ebfn c\u00e1p treo \u0111\u00e3 \u0111\u01b0\u1ee3c ph\u1ee5c h\u1ed3i. B\u1ea3o t\u00e0ng Roros tham quan c\u00e1c m\u1ecf xung quanh khu v\u1ef1c xung quanh v\u1edbi c\u00e1c chuy\u1ebfn tham quan c\u00f3 h\u01b0\u1edbng d\u1eabn vi\u00ean nhi\u1ec1u l\u1ea7n trong ng\u00e0y v\u00e0o m\u00f9a h\u00e8.<\/p>\n<p style=\"text-align: center;\"><a href=\"http:\/\/scandinavia.life\/vi\/roros-a-phai-den-diem-den\/\" target=\"_blank\" rel=\"noopener noreferrer\">\u0111\u1ecdc th\u00eam<\/a><\/p>\n<h2 style=\"text-align: center;\">Nh\u00e0 th\u1edd g\u1ed7 Urnes (1979)<\/h2>\n<p>B\u00ean ngo\u00e0i th\u1ecb tr\u1ea5n, Urnes l\u00e0 m\u1ed9t Nh\u00e0 th\u1edd Stave tr\u00e1ng l\u1ec7 v\u00e0 \u0111\u01b0\u1ee3c b\u1ea3o t\u1ed3n t\u1ed1t t\u1eeb th\u1eddi Trung c\u1ed5<\/p>\n<p style=\"text-align: center;\"><a href=\"http:\/\/scandinavia.life\/vi\/nha-tho-urnes-stave\/\" target=\"_blank\" rel=\"noopener noreferrer\">\u0110\u1ecdc th\u00eam&#8230;<\/a><\/p>\n<figure id=\"attachment_35152\" aria-describedby=\"caption-attachment-35152\" style=\"width: 200px\" class=\"wp-caption alignright\"><a href=\"https:\/\/scandinavia.life\/wp-content\/uploads\/2015\/08\/Visiting-the-Olav-s-Mine-112013-99-0157_2200-200x300.jpg\"><img loading=\"lazy\" decoding=\"async\" class=\"size-medium wp-image-766\" src=\"https:\/\/scandinavia.life\/wp-content\/uploads\/2015\/08\/Visiting-the-Olav-s-Mine-112013-99-0157_2200-200x300.jpg\" alt=\"Olavs-M\u1ecf Roros\" width=\"200\" height=\"300\"><\/a><figcaption id=\"caption-attachment-35152\" class=\"wp-caption-text\">Tham quan M\u1ecf Olavs<\/figcaption><\/figure>\n<h2 style=\"text-align: center;\">  Di s\u1ea3n C\u00f4ng nghi\u1ec7p Rjukan\u2013Notodden (2015)<\/h2>\n<p>S\u1ef1 b\u1ed5 sung m\u1edbi nh\u1ea5t v\u00e0o danh s\u00e1ch di s\u1ea3n th\u1ebf gi\u1edbi \u1edf Na Uy l\u00e0 Khu c\u00f4ng nghi\u1ec7p Notodden. C\u00e1i n\u00f4i c\u00f4ng nghi\u1ec7p c\u1ee7a Na Uy l\u00e0 m\u1ed9t ph\u1ea7n c\u1ee7a Danh s\u00e1ch Di s\u1ea3n Th\u1ebf gi\u1edbi. Nh\u1eefng n\u01a1i n\u00e0y th\u1ec3 hi\u1ec7n s\u1ef1 chuy\u1ec3n \u0111\u1ed5i t\u1eeb m\u1ed9t n\u01b0\u1edbc ngh\u00e8o th\u00e0nh m\u1ed9t trong nh\u1eefng n\u01b0\u1edbc gi\u00e0u nh\u1ea5t. H\u1ecd l\u00e0 nh\u1eefng l\u00e0ng n\u00f4ng nghi\u1ec7p r\u1ea3i r\u00e1c \u0111\u00e3 tr\u1edf th\u00e0nh m\u1ed9t x\u00e3 h\u1ed9i c\u00f4ng nghi\u1ec7p l\u1edbn. C\u00e1c \u0111\u1ecba \u0111i\u1ec3m n\u00e0y th\u1ec3 hi\u1ec7n l\u1ecbch s\u1eed \u0111\u1ed9c \u0111\u00e1o c\u1ee7a th\u1ee7y \u0111i\u1ec7n, \u0111\u01b0\u1ee3c chuy\u1ec3n \u0111\u1ed5i th\u00e0nh s\u1eaft l\u1ecfng v\u00e0 ph\u00e2n b\u00f3n<\/p>\n<p>C\u01a1 s\u1edf v\u1eadt ch\u1ea5t t\u1ea1i Rjukan v\u00e0 Notodden l\u00e0 m\u1ed9t ph\u1ea7n quan tr\u1ecdng trong <a href=\"http:\/\/www.riksantikvaren.no\/en\/\" target=\"_blank\" rel=\"noopener noreferrer\">di s\u1ea3n g\u1ea7n \u0111\u00e2y c\u1ee7a Na Uy<\/a><\/p>\n<p>Traena Nordland<\/p>\n<h2 style=\"text-align: center;\">Vega\u00f8yan &#8211; Qu\u1ea7n \u0111\u1ea3o Vega (2004)<\/h2>\n<p>B\u1edd bi\u1ec3n Vega Helgeland l\u00e0 m\u1ed9t qu\u1ea7n \u0111\u1ea3o c\u00f3 nhi\u1ec1u v\u00f9ng n\u01b0\u1edbc n\u00f4ng. N\u1ed5i ti\u1ebfng nh\u1ea5t v\u1edbi eiders ( <a href=\"https:\/\/en.wikipedia.org\/wiki\/Eider\" target=\"_blank\" rel=\"noopener noreferrer\">\u0111\u1ecdc v\u1ec1 eiders<\/a> ) v\u00e0 truy\u1ec1n th\u1ed1ng s\u1ea3n xu\u1ea5t eiderdown. B\u1ea3o t\u00e0ng Eider l\u00e0 m\u1ed9t n\u01a1i th\u00fa v\u1ecb \u0111\u1ec3 ti\u1ebfp thu ki\u1ebfn \u200b\u200bth\u1ee9c. \u0110\u1ed3 \u0103n \u1edf \u0111\u1eb3ng c\u1ea5p d\u00e0nh cho ng\u01b0\u1eddi s\u00e0nh \u0103n v\u00e0 m\u00f4i tr\u01b0\u1eddng xung quanh d\u1ec5 ch\u1ecbu m\u00e0 b\u1ea1n c\u00f3 th\u1ec3 t\u00ecm th\u1ea5y t\u1ea1i Vega Coastal Hotel.<\/p>\n<p>B\u00ean ngo\u00e0i Bronnoysund (Br\u00f8nn\u00f8ysund) l\u00e0 m\u1ed9t ng\u1ecdn n\u00fai c\u00f3 nh\u1eefng c\u00e1i h\u1ed1 tuy\u1ec7t v\u1eddi, <a href=\"https:\/\/en.wikipedia.org\/wiki\/Torghatten\" target=\"_blank\" rel=\"noopener noreferrer\">Torghatten<\/a> , r\u1ea5t \u0111\u00e1ng \u0111\u1ec3 gh\u00e9 th\u0103m.<\/p>\n<figure id=\"attachment_35156\" aria-describedby=\"caption-attachment-35156\" style=\"width: 300px\" class=\"wp-caption alignleft\"><a href=\"https:\/\/scandinavia.life\/wp-content\/uploads\/2015\/08\/Bryggen-the-old-wharf-of-Bergen-062014-99-0100_2200-300x199.jpg\"><img loading=\"lazy\" decoding=\"async\" class=\"size-medium wp-image-768\" src=\"https:\/\/scandinavia.life\/wp-content\/uploads\/2015\/08\/Bryggen-the-old-wharf-of-Bergen-062014-99-0100_2200-300x199.jpg\" alt=\"Bryggen b\u1ebfn c\u1ea3ng c\u0169 c\u1ee7a Bergen\" width=\"300\" height=\"199\"><\/a><figcaption id=\"caption-attachment-35156\" class=\"wp-caption-text\">Bryggen b\u1ebfn c\u1ea3ng c\u0169 c\u1ee7a Bergen<\/figcaption><\/figure>\n<h2 style=\"text-align: center;\">Bryggen (1979)<\/h2>\n<p>61 t\u00f2a nh\u00e0 b\u1eb1ng g\u1ed7 \u0111\u01b0\u1ee3c b\u1ea3o t\u1ed3n l\u00e0 m\u1ed9t c\u1ea3nh \u0111\u1eb9p t\u1ea1i V\u00e5gen \u1edf Bergen. Ch\u00fang ta \u0111\u00e3 bi\u1ebft \u0111\u1ebfn Bryggen t\u1eeb nh\u1eefng n\u0103m 1100 v\u00e0 t\u1eeb 1350 \u0111\u1ebfn 1764; n\u00f3 l\u00e0 n\u01a1i \u1edf c\u1ee7a c\u00e1c th\u01b0\u01a1ng gia Hanseatic trong c\u00e1c t\u00f2a nh\u00e0 b\u1eb1ng g\u1ed7. N\u0103m 1702 Bryggen b\u1ecb thi\u00eau r\u1ee5i nh\u01b0ng c\u00e1c t\u00f2a nh\u00e0 b\u1eb1ng g\u1ed7 v\u1eabn \u0111\u01b0\u1ee3c x\u00e2y d\u1ef1ng l\u1ea1i. Ngo\u00e0i ra, v\u00e0o n\u0103m 1955 m\u1ed9t ph\u1ea7n c\u1ee7a Bryggen b\u1ecb ch\u00e1y v\u00e0 khu v\u1ef1c ch\u00e1y l\u00e0 B\u1ea3o t\u00e0ng Bryggens ng\u00e0y nay. T\u1eeb \u0111\u00f3, c\u00e1c chuy\u1ebfn \u0111i b\u1ed9 c\u00f3 h\u01b0\u1edbng d\u1eabn vi\u00ean h\u00e0ng ng\u00e0y b\u1eaft \u0111\u1ea7u v\u00e0o m\u00f9a h\u00e8.<\/p>\n<p style=\"text-align: center;\"><a href=\"http:\/\/scandinavia.life\/vi\/bergen-thanh-pho-cau-vong\/\" target=\"_blank\" rel=\"noopener noreferrer\">\u0111\u1ecdc th\u00eam v\u1ec1 Bergen t\u1ea1i \u0111\u00e2y<\/a><\/p>\n<p>Rock-art-in-Lofoten<\/p>\n<h2 style=\"text-align: center;\">Ngh\u1ec7 thu\u1eadt tr\u00ean \u0111\u00e1 c\u1ee7a Alta (1985)<\/h2>\n<p>Alta l\u00e0 n\u01a1i t\u1eadp trung ngh\u1ec7 thu\u1eadt tr\u00ean \u0111\u00e1 l\u1edbn nh\u1ea5t B\u1eafc \u00c2u do th\u1ee3 s\u0103n v\u00e0 ng\u01b0\u1eddi c\u00e2u c\u00e1 t\u1ea1o ra. \u0110\u00e2y l\u00e0 <a href=\"http:\/\/whc.unesco.org\/en\/statesparties\/no\" target=\"_blank\" rel=\"noopener noreferrer\">Di s\u1ea3n Th\u1ebf gi\u1edbi \u0111\u01b0\u1ee3c UNESCO c\u00f4ng nh\u1eadn<\/a> . T\u1ea1i B\u1ea3o t\u00e0ng Alta \u1edf Hjemmeluft, b\u1ea1n t\u00ecm th\u1ea5y h\u01a1n 3.000 b\u1ee9c tranh kh\u1eafc \u0111\u00e1 v\u00e0 h\u01a1n 85 t\u1ea5m \u0111\u01b0\u1ee3c tr\u01b0ng b\u00e0y, t\u1ea5t c\u1ea3 \u0111\u1ec1u c\u00f3 ni\u00ean \u0111\u1ea1i t\u1eeb 7000 \u0111\u1ebfn 2000 n\u0103m tu\u1ed5i. Tri\u1ec3n l\u00e3m v\u1ec1 Qu\u00e2n \u0111\u1ed9i v\u00e0 chi\u1ebfn d\u1ecbch s\u00f4ng Alta trong Th\u1ebf chi\u1ebfn th\u1ee9 2. Cu\u1ed9c h\u00e0nh h\u01b0\u01a1ng Petroglyph ph\u00f9 h\u1ee3p cho ng\u01b0\u1eddi khuy\u1ebft t\u1eadt v\u1edbi m\u1ed9t \u0111o\u1ea1n \u0111\u01b0\u1eddng l\u0103n \u0111\u1eb7c bi\u1ec7t quanh khu v\u1ef1c kh\u1eafc \u0111\u00e1. V\u00e0o th\u00e1ng 7, n\u00f3 \u0111i tham quan v\u1edbi h\u01b0\u1edbng d\u1eabn vi\u00ean.<\/p>\n<p>\u0110i b\u1ed9 \u0111\u01b0\u1eddng d\u00e0i Romsdalseggen<\/p>\n<h2 style=\"text-align: center;\">V\u00f2ng cung tr\u1eafc \u0111\u1ecba Struve (2005)<\/h2>\n<p>Friedrich Georg Wilhelm Struve \u0111\u00e3 \u0111o kho\u1ea3ng c\u00e1ch t\u1eeb Bi\u1ec3n \u0110en \u0111\u1ebfn Hammerfest &#8211; V\u00f2ng cung tr\u1eafc \u0111\u1ecba Struve &#8211; \u0111\u1ec3 t\u00ecm hi\u1ec3u xem tr\u00e1i \u0111\u1ea5t b\u1ecb san ph\u1eb3ng nh\u01b0 th\u1ebf n\u00e0o \u1edf g\u1ea7n c\u00e1c c\u1ef1c. C\u00f4ng vi\u1ec7c c\u1ee7a \u00f4ng k\u00e9o d\u00e0i t\u1eeb 1845-1855, v\u1edbi s\u1ef1 gi\u00fap \u0111\u1ee1 c\u1ee7a c\u00e1c c\u1ed9ng s\u1ef1. D\u1eef li\u1ec7u t\u1eeb V\u00f2ng cung tr\u1eafc \u0111\u1ecba Struve, c\u00f9ng v\u1edbi d\u1eef li\u1ec7u t\u1eeb c\u00e1c cung kinh tuy\u1ebfn kh\u00e1c \u0111\u00e3 t\u1ea1o th\u00e0nh c\u01a1 s\u1edf cho vi\u1ec7c l\u1eadp b\u1ea3n \u0111\u1ed3 v\u00e0 kh\u1ea3o s\u00e1t \u1edf h\u1ea7u h\u1ebft c\u00e1c qu\u1ed1c gia \u1edf T\u00e2y \u00c2u cho \u0111\u1ebfn khi c\u00f4ng ngh\u1ec7 v\u1ec7 tinh ti\u1ebfp qu\u1ea3n v\u00e0o n\u0103m 1970.<\/p>\n<h2 style=\"text-align: center;\">Nh\u1eadn th\u00eam c\u1ea3m h\u1ee9ng \u1edf \u0111\u00e2y<\/h2>\n","protected":false},"excerpt":{"rendered":"<p>7 di s\u1ea3n th\u1ebf gi\u1edbi \u1edf Na Uy n\u00ean gh\u00e9 th\u0103m Kh\u00e1m ph\u00e1 di s\u1ea3n th\u1ebf gi\u1edbi \u1edf Na Uy. C\u00e1c ti\u00eau ch\u00ed \u0111\u1ec3 \u0111\u01b0\u1ee3c \u0111\u01b0a v\u00e0o danh s\u00e1ch Di s\u1ea3n Th\u1ebf gi\u1edbi c\u1ee7a UNESCO r\u1ea5t nghi\u00eam ng\u1eb7t; \u201cKi\u1ec7t t\u00e1c do con ng\u01b0\u1eddi t\u1ea1o ra\u201d l\u00e0 m\u1ed9t trong nh\u1eefng ti\u00eau ch\u00ed nh\u01b0 v\u1eady. M\u1ed9t \u0111\u1ecba<\/p>\n","protected":false},"author":1,"featured_media":40643,"comment_status":"closed","ping_status":"closed","sticky":false,"template":"","format":"standard","meta":{"footnotes":""},"categories":[24256,24259],"tags":[25386,25393,25396,25526,27441,27453,27447,27464],"class_list":["post-50885","post","type-post","status-publish","format-standard","has-post-thumbnail","hentry","category-na-uy","category-nguon-cam-hung","tag-bryggen-vi","tag-bryggen-bergen-vi","tag-bryggen-unesco-vi","tag-cac-vinh-hep-tay-na-uy","tag-di-san-the-gioi-rjukan","tag-nha-tho-urnes","tag-struve-vi","tag-vegaoyan-duoc-unesco-cong-nhan"],"_links":{"self":[{"href":"https:\/\/www.scandinavia.life\/vi\/wp-json\/wp\/v2\/posts\/50885","targetHints":{"allow":["GET"]}}],"collection":[{"href":"https:\/\/www.scandinavia.life\/vi\/wp-json\/wp\/v2\/posts"}],"about":[{"href":"https:\/\/www.scandinavia.life\/vi\/wp-json\/wp\/v2\/types\/post"}],"author":[{"embeddable":true,"href":"https:\/\/www.scandinavia.life\/vi\/wp-json\/wp\/v2\/users\/1"}],"replies":[{"embeddable":true,"href":"https:\/\/www.scandinavia.life\/vi\/wp-json\/wp\/v2\/comments?post=50885"}],"version-history":[{"count":3,"href":"https:\/\/www.scandinavia.life\/vi\/wp-json\/wp\/v2\/posts\/50885\/revisions"}],"predecessor-version":[{"id":148616,"href":"https:\/\/www.scandinavia.life\/vi\/wp-json\/wp\/v2\/posts\/50885\/revisions\/148616"}],"wp:featuredmedia":[{"embeddable":true,"href":"https:\/\/www.scandinavia.life\/vi\/wp-json\/wp\/v2\/media\/40643"}],"wp:attachment":[{"href":"https:\/\/www.scandinavia.life\/vi\/wp-json\/wp\/v2\/media?parent=50885"}],"wp:term":[{"taxonomy":"category","embeddable":true,"href":"https:\/\/www.scandinavia.life\/vi\/wp-json\/wp\/v2\/categories?post=50885"},{"taxonomy":"post_tag","embeddable":true,"href":"https:\/\/www.scandinavia.life\/vi\/wp-json\/wp\/v2\/tags?post=50885"}],"curies":[{"name":"wp","href":"https:\/\/api.w.org\/{rel}","templated":true}]}}